{"id":44678,"date":"2023-05-27T12:00:29","date_gmt":"2023-05-27T15:00:29","guid":{"rendered":"https:\/\/www.tvnovelas.com.br\/tvnews\/?p=44678"},"modified":"2023-05-27T14:06:46","modified_gmt":"2023-05-27T17:06:46","slug":"o-que-acontece-em-terra-e-paixao-na-semana-29-5-a-03-de-junho","status":"publish","type":"post","link":"https:\/\/www.tvnovelas.com.br\/tvnews\/o-que-acontece-em-terra-e-paixao-na-semana-29-5-a-03-de-junho\/","title":{"rendered":"O que acontece em Terra e Paix\u00e3o na semana 29\/5 a 03 de junho"},"content":{"rendered":"<p><em>Resumos de Terra e Paix\u00e3o na semana 29\/5 a 03 de junho<\/em><br \/>\n<img data-recalc-dims=\"1\" decoding=\"async\" class=\"alignnone wp-image-44706 size-full\" title=\"(Foto: Reprodu\u00e7\u00e3o\/TV Globo\/Terra e Paix\u00e3o)\" src=\"https:\/\/i0.wp.com\/www.tvnovelas.com.br\/tvnews\/wp-content\/uploads\/2023\/05\/38051b.jpg?resize=728%2C410&#038;ssl=1\" alt=\"Foto em Terra e Paix\u00e3o na semana 29\/5 a 03 de junho\" width=\"728\" height=\"410\" srcset=\"https:\/\/i0.wp.com\/www.tvnovelas.com.br\/tvnews\/wp-content\/uploads\/2023\/05\/38051b.jpg?w=728&amp;ssl=1 728w, https:\/\/i0.wp.com\/www.tvnovelas.com.br\/tvnews\/wp-content\/uploads\/2023\/05\/38051b.jpg?resize=678%2C381&amp;ssl=1 678w\" sizes=\"(max-width: 728px) 100vw, 728px\" \/><\/p>\n<blockquote><p>Aline \u00e9 acusada de ter matado sua irm\u00e3; Ant\u00f4nio arranja prova contra Aline; Aline \u00e9 presa; Daniel estranha que a barriga de Gra\u00e7a n\u00e3o apare\u00e7a; Marino avisa a Ant\u00f4nio que n\u00e3o tem medo dele; Caio amea\u00e7a Marino; Aline diz a Daniel que \u00e9 melhor eles se separarem&#8230;<\/p><\/blockquote>\n<p><strong>Resumo de segunda-feira, 29 de maio<\/strong><br \/>\nAnt\u00f4nio n\u00e3o admite estar roubando \u00e1gua das terras de Aline. Marino insinua a Aline que a professora \u00e9 suspeita da morte de Isabel. Caio aconselha Aline a ir \u00e0 delegacia acompanhada de Rodrigo. Caio diz a Ant\u00f4nio que sabe que o pai \u00e9 o respons\u00e1vel pela morte de Isabel. Breno acusa Aline de ter matado sua irm\u00e3. Kelvin e Luana escutam a conversa de C\u00e2ndida com Ademir. C\u00e2ndida pede a Ademir que seja testemunha do testamento que far\u00e1. Caio diz a Ant\u00f4nio que est\u00e1 disposto a testemunhar contra o pai. Ant\u00f4nio afirma a Irene que usar\u00e1 o crime para atingir Aline.<\/p>\n<p><strong>Resumo de ter\u00e7a-feira, 30 de maio<\/strong><br \/>\nAnt\u00f4nio revela a Irene que tem interesse na \u00e1gua das terras de Aline. Gra\u00e7a aconselha Tadeu a presentear Gladys com uma joia. Enzo sugere que Tadeu ofere\u00e7a uma visita t\u00e9cnica na pousada de Lucinda. Andrade avisa a Anely que o t\u00e9cnico ir\u00e1 avaliar os computadores da pousada. Ant\u00f4nio manda Ruan dizer ao delegado que viu Aline amea\u00e7ando Isabel. Lucinda combina com Odilon de fazer um jantar especial para ele pedir Anely em casamento. Tadeu consegue emprego para Luigi na cooperativa. C\u00e2ndida entrega uma caixa para Caio usar contra Irene. Gra\u00e7a diz a Irene que tem certeza que Daniel gosta de outra. Ruan diz a Marino que ouviu Aline amea\u00e7ar Isabel de morte.<br \/>\n<img data-recalc-dims=\"1\" decoding=\"async\" class=\"alignnone wp-image-44707 size-full\" title=\"(Foto: reprodu\u00e7\u00e3o\/TV Globo\/Terra e Paix\u00e3o)\" src=\"https:\/\/i0.wp.com\/www.tvnovelas.com.br\/tvnews\/wp-content\/uploads\/2023\/05\/38051.jpg?resize=728%2C410&#038;ssl=1\" alt=\"Foto em Terra e Paix\u00e3o na semana 29\/5 a 03 de junho\" width=\"728\" height=\"410\" srcset=\"https:\/\/i0.wp.com\/www.tvnovelas.com.br\/tvnews\/wp-content\/uploads\/2023\/05\/38051.jpg?w=728&amp;ssl=1 728w, https:\/\/i0.wp.com\/www.tvnovelas.com.br\/tvnews\/wp-content\/uploads\/2023\/05\/38051.jpg?resize=678%2C381&amp;ssl=1 678w\" sizes=\"(max-width: 728px) 100vw, 728px\" \/><\/p>\n<p><strong>Resumo de quarta-feira, 31 de maio<\/strong><br \/>\nMarino avisa a Ant\u00f4nio que n\u00e3o tem medo do fazendeiro e o amea\u00e7a. Ramiro sugere que Kelvin desapare\u00e7a com os pap\u00e9is deixados por C\u00e2ndida. Mara reclama do marido com Menah. Daniel garante a Irene que n\u00e3o se casar\u00e1 com Gra\u00e7a. Marino d\u00e1 voz de pris\u00e3o a Aline. Daniel estranha que a barriga de Gra\u00e7a n\u00e3o esteja crescendo. Silv\u00e9rio garante a Ant\u00f4nio que o Juiz prometeu protelar o pedido de habeas corpus para Aline. Menah leva Jussara e Jo\u00e3o para sua casa. Caio amea\u00e7a Marino, caso o delegado n\u00e3o solte Aline.<\/p>\n<p><strong>Resumo de quinta-feira, 1\u00ba de junho<\/strong><br \/>\nMarino expulsa Caio da delegacia. Tadeu pede a Enzo que descubra um meio de ter acesso ao laptop de Anely. Tadeu tranca a escola para Gladys, sem saber que Luigi est\u00e1 escondido na sala da esposa. Angelina d\u00e1 not\u00edcias de C\u00e2ndida a Berenice. Durante consulta de Caio com Jurec\u00ea, o Xam\u00e3 tem a vis\u00e3o do rosto de Lucinda e orienta Caio a como tirar Aline da cadeia. Gra\u00e7a desconfia da rea\u00e7\u00e3o de Daniel ao saber da pris\u00e3o de Aline e confirma com Irene que o rapaz \u00e9 apaixonado por ela. Daniel visita Aline na cadeia. Lucinda diz a seu padrinho Juiz que precisa de ajuda.<br \/>\n<img data-recalc-dims=\"1\" decoding=\"async\" class=\"alignnone wp-image-44708 size-full\" title=\"(Foto: TV Globo\/Terra e Paix\u00e3o)\" src=\"https:\/\/i0.wp.com\/www.tvnovelas.com.br\/tvnews\/wp-content\/uploads\/2023\/05\/38051a.jpg?resize=728%2C410&#038;ssl=1\" alt=\"Foto em Terra e Paix\u00e3o na semana 29\/5 a 03 de junho\" width=\"728\" height=\"410\" srcset=\"https:\/\/i0.wp.com\/www.tvnovelas.com.br\/tvnews\/wp-content\/uploads\/2023\/05\/38051a.jpg?w=728&amp;ssl=1 728w, https:\/\/i0.wp.com\/www.tvnovelas.com.br\/tvnews\/wp-content\/uploads\/2023\/05\/38051a.jpg?resize=678%2C381&amp;ssl=1 678w\" sizes=\"(max-width: 728px) 100vw, 728px\" \/><\/p>\n<p><strong>Resumo de sexta-feira, 02 de junho<\/strong><br \/>\nO Juiz assina o habeas corpus e a ordem de soltura de Aline. Daniel comenta com Irene que acha precipitado o casamento de Petra com Luigi. Ant\u00f4nio n\u00e3o gosta de ver Caio abra\u00e7ado a Aline. Rodrigo afirma a Ant\u00f4nio que o texto escrito por C\u00e2ndida sobre seus desejos tem validade. Kelvin diz a Luana que n\u00e3o viu o texto de C\u00e2ndida. Berenice se apropria dos neg\u00f3cios de C\u00e2ndida. Aline diz a Caio que n\u00e3o o ama. Tadeu amea\u00e7a despedir Luigi se o italiano n\u00e3o pegar o laptop de Anely. Ruan confessa a Aline que mentiu em seu depoimento a mando de Ant\u00f4nio.<\/p>\n<p><strong>Resumo de s\u00e1bado, 03 de junho<\/strong><br \/>\nAline manda Ruan dizer ao irm\u00e3o de Isabel que mentiu no depoimento. Luigi sugere que Anely retire de seu laptop tudo o que possa compromet\u00ea-la. Aline pede para Ruan investigar o motivo do interesse de Ant\u00f4nio por sua \u00e1gua. Angelina conta a Daniel que talvez Gra\u00e7a n\u00e3o esteja gr\u00e1vida. Jonatas aceita o convite de Nina para sair. Daniel n\u00e3o revela a Caio o nome da mulher por quem est\u00e1 apaixonado. Aline avisa a Daniel que Petra sumiu. Gra\u00e7a tenta convencer Aline de que o relacionamento dela com Daniel pode prejudicar a vida do noivo. Tadeu pede a Gladys para usar o colar que deu \u00e0 mulher no jantar de noivado de Petra. Kelvin d\u00e1 a Ramiro os pap\u00e9is escritos por C\u00e2ndida para o capanga de Ant\u00f4nio guardar. Aline diz a Daniel que \u00e9 melhor eles se separarem.<br \/>\n<a href=\"https:\/\/www.tvnovelas.com.br\/novelas\/resumos-de-terra-e-paixao-2\/\">Confira os resumos da semana 05 a 10 de junho de &#8216;Terra e Paix\u00e3o&#8217;<\/a><br \/>\n<strong style=\"font-size: 120%;\">\u00daltimas not\u00edcias de Terra e Paix\u00e3o:<\/strong><br \/>\n<div class=\"pt-cv-wrapper\"><div class=\"pt-cv-view pt-cv-grid pt-cv-colsys\" id=\"pt-cv-view-9bbc6490w2\"><div data-id=\"pt-cv-page-1\" class=\"pt-cv-page\" data-cvc=\"1\"><div class=\"col-md-12 col-sm-6 col-xs-12 pt-cv-content-item pt-cv-1-col\" ><div class='pt-cv-ifield'><h4 class=\"pt-cv-title\"><a href=\"https:\/\/www.tvnovelas.com.br\/tvnews\/terra-e-paixao-vinicius-choca-aline-com-relatorio-sobre-diamantes-em-suas-terras\/\" class=\"_blank\" target=\"_blank\" >Terra e Paix\u00e3o: Vin\u00edcius choca Aline com relat\u00f3rio sobre diamantes em suas terras<\/a><\/h4><\/div><\/div>\n<div class=\"col-md-12 col-sm-6 col-xs-12 pt-cv-content-item pt-cv-1-col\" ><div class='pt-cv-ifield'><h4 class=\"pt-cv-title\"><a href=\"https:\/\/www.tvnovelas.com.br\/tvnews\/terra-e-paixao-fuga-de-antonio-tem-mortes-e-disfarce\/\" class=\"_blank\" target=\"_blank\" >Terra e Paix\u00e3o: Fuga de Ant\u00f4nio tem mortes e disfarce<\/a><\/h4><\/div><\/div>\n<div class=\"col-md-12 col-sm-6 col-xs-12 pt-cv-content-item pt-cv-1-col\" ><div class='pt-cv-ifield'><h4 class=\"pt-cv-title\"><a href=\"https:\/\/www.tvnovelas.com.br\/tvnews\/terra-e-paixao-antonio-invade-casamento-para-matar-aline-no-altar\/\" class=\"_blank\" target=\"_blank\" >Terra e Paix\u00e3o: Ant\u00f4nio invade casamento para matar Aline no altar<\/a><\/h4><\/div><\/div>\n<div class=\"col-md-12 col-sm-6 col-xs-12 pt-cv-content-item pt-cv-1-col\" ><div class='pt-cv-ifield'><h4 class=\"pt-cv-title\"><a href=\"https:\/\/www.tvnovelas.com.br\/tvnews\/terra-e-paixao-graca-se-junta-a-policia-para-salvar-danielzinho\/\" class=\"_blank\" target=\"_blank\" >Terra e Paix\u00e3o: Gra\u00e7a se junta \u00e0 Pol\u00edcia para salvar Danielzinho<\/a><\/h4><\/div><\/div>\n<div class=\"col-md-12 col-sm-6 col-xs-12 pt-cv-content-item pt-cv-1-col\" ><div class='pt-cv-ifield'><h4 class=\"pt-cv-title\"><a href=\"https:\/\/www.tvnovelas.com.br\/tvnews\/terra-e-paixao-marino-da-voz-de-prisao-a-irene\/\" class=\"_blank\" target=\"_blank\" >Terra e Paix\u00e3o: Marino d\u00e1 voz de pris\u00e3o a Irene<\/a><\/h4><\/div><\/div>\n<div class=\"col-md-12 col-sm-6 col-xs-12 pt-cv-content-item pt-cv-1-col\" ><div class='pt-cv-ifield'><h4 class=\"pt-cv-title\"><a href=\"https:\/\/www.tvnovelas.com.br\/tvnews\/terra-e-paixao-irene-sequestra-danielzinho-e-foge-com-vinicius\/\" class=\"_blank\" target=\"_blank\" >Terra e Paix\u00e3o: Irene sequestra Danielzinho e foge com Vin\u00edcius<\/a><\/h4><\/div><\/div><\/div><\/div><\/div><br \/>\n<strong style=\"font-size: 120%;\">\u00daltimas not\u00edcias deste canal:<\/strong><br \/>\n<div class=\"pt-cv-wrapper\"><div class=\"pt-cv-view pt-cv-grid pt-cv-colsys\" id=\"pt-cv-view-90991035b3\"><div data-id=\"pt-cv-page-1\" class=\"pt-cv-page\" data-cvc=\"1\"><div class=\"col-md-12 col-sm-12 col-xs-12 pt-cv-content-item pt-cv-1-col\" ><div class='pt-cv-ifield'><h4 class=\"pt-cv-title\"><a href=\"https:\/\/www.tvnovelas.com.br\/tvnews\/coracao-de-mae-irmak-inicia-jogo-arriscado-contra-adnan\/\" class=\"_self\" target=\"_self\" >Cora\u00e7\u00e3o de M\u00e3e: Irmak inicia jogo arriscado contra Adnan<\/a><\/h4><\/div><\/div>\n<div class=\"col-md-12 col-sm-12 col-xs-12 pt-cv-content-item pt-cv-1-col\" ><div class='pt-cv-ifield'><h4 class=\"pt-cv-title\"><a href=\"https:\/\/www.tvnovelas.com.br\/tvnews\/guerra-das-rosas-omer-chama-gulru-vestida-de-noiva-para-fugir\/\" class=\"_self\" target=\"_self\" >Guerra das Rosas: Omer chama Gulru vestida de noiva para fugir<\/a><\/h4><\/div><\/div>\n<div class=\"col-md-12 col-sm-12 col-xs-12 pt-cv-content-item pt-cv-1-col\" ><div class='pt-cv-ifield'><h4 class=\"pt-cv-title\"><a href=\"https:\/\/www.tvnovelas.com.br\/tvnews\/coracao-de-mae-reha-sai-para-jantar-com-selvi\/\" class=\"_self\" target=\"_self\" >Cora\u00e7\u00e3o de M\u00e3e: Reha sai para jantar com Selvi<\/a><\/h4><\/div><\/div>\n<div class=\"col-md-12 col-sm-12 col-xs-12 pt-cv-content-item pt-cv-1-col\" ><div class='pt-cv-ifield'><h4 class=\"pt-cv-title\"><a href=\"https:\/\/www.tvnovelas.com.br\/tvnews\/coracao-acelerado-zila-se-preocupa-com-sua-situacao-apos-separacao\/\" class=\"_self\" target=\"_self\" >Cora\u00e7\u00e3o Acelerado: Zil\u00e1 se preocupa com sua situa\u00e7\u00e3o ap\u00f3s separa\u00e7\u00e3o<\/a><\/h4><\/div><\/div>\n<div class=\"col-md-12 col-sm-12 col-xs-12 pt-cv-content-item pt-cv-1-col\" ><div class='pt-cv-ifield'><h4 class=\"pt-cv-title\"><a href=\"https:\/\/www.tvnovelas.com.br\/tvnews\/a-nobreza-do-amor-tonho-nao-se-curva-diante-de-mirinho\/\" class=\"_self\" target=\"_self\" >A Nobreza do Amor: Tonho n\u00e3o se curva diante de Mirinho<\/a><\/h4><\/div><\/div>\n<div class=\"col-md-12 col-sm-12 col-xs-12 pt-cv-content-item pt-cv-1-col\" ><div class='pt-cv-ifield'><h4 class=\"pt-cv-title\"><a href=\"https:\/\/www.tvnovelas.com.br\/tvnews\/tres-gracas-arminda-surta-ao-confirmar-que-ferette-e-pai-de-raul\/\" class=\"_self\" target=\"_self\" >Tr\u00eas Gra\u00e7as:  Arminda surta ao confirmar que Ferette \u00e9 pai de Raul<\/a><\/h4><\/div><\/div>\n<div class=\"col-md-12 col-sm-12 col-xs-12 pt-cv-content-item pt-cv-1-col\" ><div class='pt-cv-ifield'><h4 class=\"pt-cv-title\"><a href=\"https:\/\/www.tvnovelas.com.br\/tvnews\/coracao-de-mae-atilla-confronta-hasan-e-exige-o-divorcio-de-lale\/\" class=\"_self\" target=\"_self\" >Cora\u00e7\u00e3o de M\u00e3e: Atilla confronta Hasan e exige o div\u00f3rcio de Lale<\/a><\/h4><\/div><\/div>\n<div class=\"col-md-12 col-sm-12 col-xs-12 pt-cv-content-item pt-cv-1-col\" ><div class='pt-cv-ifield'><h4 class=\"pt-cv-title\"><a href=\"https:\/\/www.tvnovelas.com.br\/tvnews\/guerra-das-rosas-gulfem-coloca-gulru-contra-a-parede\/\" class=\"_self\" target=\"_self\" >Guerra das Rosas: Gulfem coloca Gulru contra a parede<\/a><\/h4><\/div><\/div>\n<div class=\"col-md-12 col-sm-12 col-xs-12 pt-cv-content-item pt-cv-1-col\" ><div class='pt-cv-ifield'><h4 class=\"pt-cv-title\"><a href=\"https:\/\/www.tvnovelas.com.br\/tvnews\/coracao-de-mae-atilla-diz-a-lale-que-quer-o-divorcio\/\" class=\"_self\" target=\"_self\" >Cora\u00e7\u00e3o de M\u00e3e: Atilla diz a Lale que quer o div\u00f3rcio<\/a><\/h4><\/div><\/div>\n<div class=\"col-md-12 col-sm-12 col-xs-12 pt-cv-content-item pt-cv-1-col\" ><div class='pt-cv-ifield'><h4 class=\"pt-cv-title\"><a href=\"https:\/\/www.tvnovelas.com.br\/tvnews\/a-nobreza-do-amor-mirinho-garante-noivado-com-virginia-para-atrair-sogro-a-negocio\/\" class=\"_self\" target=\"_self\" >A Nobreza do Amor: Mirinho garante noivado com Virg\u00ednia para atrair sogro a neg\u00f3cio<\/a><\/h4><\/div><\/div><\/div><\/div><\/div><br \/>\n<a href=\"https:\/\/www.tvnovelas.com.br\/novelas\/\"><strong>Confira os resumos da semana de todas novelas<\/strong><\/a><\/p>\n<h3>Confira tamb\u00e9m<\/h3>\n<p><a href=\"https:\/\/www.tvnovelas.com.br\/filmes\/\" target=\"_blank\" rel=\"noopener noreferrer\"><strong>Programa\u00e7\u00e3o de filmes na TV aberta<\/strong><\/a><br \/>\n<a href=\"https:\/\/caetenews.com.br\/semana\/filmes-da-globo-na-sessao-da-tarde-desta-semana\/\" target=\"_blank\" rel=\"noopener\"><strong>Confira os filmes da semana na Sess\u00e3o da Tarde<\/strong><\/a><br \/>\n<a href=\"https:\/\/www.tvnovelas.com.br\/novelas\/\" target=\"_blank\" rel=\"noopener noreferrer\"><strong>Resumos de novelas<\/strong><\/a><\/p>\n","protected":false},"excerpt":{"rendered":"<p>\ud835\udc00\ud835\udc25\ud835\udc22\ud835\udc27\ud835\udc1e \u00e9 \ud835\udc1a\ud835\udc1c\ud835\udc2e\ud835\udc2c\ud835\udc1a\ud835\udc1d\ud835\udc1a \ud835\udc1d\ud835\udc1e \ud835\udc2d\ud835\udc1e\ud835\udc2b \ud835\udc26\ud835\udc1a\ud835\udc2d\ud835\udc1a\ud835\udc1d\ud835\udc28 \ud835\udc2c\ud835\udc2e\ud835\udc1a \ud835\udc22\ud835\udc2b\ud835\udc26\u00e3; Ant\u00f4nio arranja prova contra Aline; \ud835\udc00\ud835\udc25\ud835\udc22\ud835\udc27\ud835\udc1e \u00e9 \ud835\udc29\ud835\udc2b\ud835\udc1e\ud835\udc2c\ud835\udc1a; Daniel estranha que a barriga de Gra\u00e7a n\u00e3o apare\u00e7a; Marino avisa a Ant\u00f4nio que n\u00e3o tem medo dele; Caio amea\u00e7a Marino; \ud835\udc00\ud835\udc25\ud835\udc22\ud835\udc27\ud835\udc1e \ud835\udc1d\ud835\udc22\ud835\udc33 \ud835\udc1a \ud835\udc03\ud835\udc1a\ud835\udc27\ud835\udc22\ud835\udc1e\ud835\udc25 \ud835\udc2a\ud835\udc2e\ud835\udc1e \u00e9 \ud835\udc26\ud835\udc1e\ud835\udc25\ud835\udc21\ud835\udc28\ud835\udc2b \ud835\udc1e\ud835\udc25\ud835\udc1e\ud835\udc2c \ud835\udc2c\ud835\udc1e \ud835\udc2c\ud835\udc1e\ud835\udc29\ud835\udc1a\ud835\udc2b\ud835\udc1a\ud835\udc2b\ud835\udc1e\ud835\udc26&#8230;<\/p>\n","protected":false},"author":1,"featured_media":44706,"comment_status":"closed","ping_status":"closed","sticky":false,"template":"","format":"standard","meta":{"_uf_show_specific_survey":0,"_uf_disable_surveys":false,"_jetpack_memberships_contains_paid_content":false,"footnotes":"","_wp_rev_ctl_limit":""},"categories":[1,382],"tags":[5,64,383],"class_list":["post-44678","post","type-post","status-publish","format-standard","has-post-thumbnail","hentry","category-outra","category-terra-e-paixao","tag-globo","tag-novelas","tag-terra-e-paixao","wpcat-1-id","wpcat-382-id"],"aioseo_notices":[],"jetpack_featured_media_url":"https:\/\/i0.wp.com\/www.tvnovelas.com.br\/tvnews\/wp-content\/uploads\/2023\/05\/38051b.jpg?fit=728%2C410&ssl=1","jetpack_shortlink":"https:\/\/wp.me\/pdP2BO-bCC","jetpack_sharing_enabled":true,"_links":{"self":[{"href":"https:\/\/www.tvnovelas.com.br\/tvnews\/wp-json\/wp\/v2\/posts\/44678","targetHints":{"allow":["GET"]}}],"collection":[{"href":"https:\/\/www.tvnovelas.com.br\/tvnews\/wp-json\/wp\/v2\/posts"}],"about":[{"href":"https:\/\/www.tvnovelas.com.br\/tvnews\/wp-json\/wp\/v2\/types\/post"}],"author":[{"embeddable":true,"href":"https:\/\/www.tvnovelas.com.br\/tvnews\/wp-json\/wp\/v2\/users\/1"}],"replies":[{"embeddable":true,"href":"https:\/\/www.tvnovelas.com.br\/tvnews\/wp-json\/wp\/v2\/comments?post=44678"}],"version-history":[{"count":5,"href":"https:\/\/www.tvnovelas.com.br\/tvnews\/wp-json\/wp\/v2\/posts\/44678\/revisions"}],"predecessor-version":[{"id":44710,"href":"https:\/\/www.tvnovelas.com.br\/tvnews\/wp-json\/wp\/v2\/posts\/44678\/revisions\/44710"}],"wp:featuredmedia":[{"embeddable":true,"href":"https:\/\/www.tvnovelas.com.br\/tvnews\/wp-json\/wp\/v2\/media\/44706"}],"wp:attachment":[{"href":"https:\/\/www.tvnovelas.com.br\/tvnews\/wp-json\/wp\/v2\/media?parent=44678"}],"wp:term":[{"taxonomy":"category","embeddable":true,"href":"https:\/\/www.tvnovelas.com.br\/tvnews\/wp-json\/wp\/v2\/categories?post=44678"},{"taxonomy":"post_tag","embeddable":true,"href":"https:\/\/www.tvnovelas.com.br\/tvnews\/wp-json\/wp\/v2\/tags?post=44678"}],"curies":[{"name":"wp","href":"https:\/\/api.w.org\/{rel}","templated":true}]}}