{"id":44712,"date":"2023-05-27T12:00:37","date_gmt":"2023-05-27T15:00:37","guid":{"rendered":"https:\/\/www.tvnovelas.com.br\/tvnews\/?p=44712"},"modified":"2023-05-27T11:13:13","modified_gmt":"2023-05-27T14:13:13","slug":"o-que-rola-em-vai-na-fe-na-semana-29-05-a-03-de-junho","status":"publish","type":"post","link":"https:\/\/www.tvnovelas.com.br\/tvnews\/o-que-rola-em-vai-na-fe-na-semana-29-05-a-03-de-junho\/","title":{"rendered":"O que rola em Vai na F\u00e9 na semana 29\/05 a 03 de junho"},"content":{"rendered":"<p><em>Resumos de Vai na F\u00e9 na semana 29\/05 a 03 de junho<\/em><br \/>\n<img data-recalc-dims=\"1\" decoding=\"async\" class=\"alignnone wp-image-44713 size-full\" title=\"(Foto: Reprodu\u00e7\u00e3o\/TV Globo\/Vai na F\u00e9)\" src=\"https:\/\/i0.wp.com\/www.tvnovelas.com.br\/tvnews\/wp-content\/uploads\/2023\/05\/38052.jpg?resize=728%2C410&#038;ssl=1\" alt=\"Foto em ai na F\u00e9 na semana 29\/05 a 03 de junho\" width=\"728\" height=\"410\" srcset=\"https:\/\/i0.wp.com\/www.tvnovelas.com.br\/tvnews\/wp-content\/uploads\/2023\/05\/38052.jpg?w=728&amp;ssl=1 728w, https:\/\/i0.wp.com\/www.tvnovelas.com.br\/tvnews\/wp-content\/uploads\/2023\/05\/38052.jpg?resize=678%2C381&amp;ssl=1 678w\" sizes=\"(max-width: 728px) 100vw, 728px\" \/><\/p>\n<blockquote><p>Duda tenta arrumar um encontro entre Ben e Sol; Ben se declara para Sol; Orfeu manda Hugo impedir Jana\u00edna de denunciar Theo; Jenifer \u00e9 hostil com Hugo e Orfeu; Ben e Sol discutem com Theo; Theo se interessa por uma mulher parecida com Sol mais jovem&#8230;<\/p><\/blockquote>\n<p><strong>Resumo de segunda-feira, 29 de maio<\/strong><br \/>\nRenata questiona F\u00e1bio sobre a paternidade de Lui. Jenifer se oferece para ajudar Hugo com o seu trabalho. Dora conversa com Wilma. Hugo tenta seduzir Jenifer, que se enfurece. Dora exige que o reality termine, Lui decide ficar no Ref\u00fagio. Wilma se despede do filho. Jenifer desabafa com Kate. Sol fica desconcertada na presen\u00e7a de Ben. Vitinho decide ficar com Wilma na mans\u00e3o. Theo d\u00e1 um carro de presente para Jenifer. Yuri encontra os perfis de algumas poss\u00edveis v\u00edtimas de Theo, e Jenifer fica animada. Duda tenta arrumar um encontro entre Ben e Sol. Jenifer fica furiosa com o presente de Theo e decide devolv\u00ea-lo.<\/p>\n<p><strong>Resumo de ter\u00e7a-feira, 30 de maio<\/strong><br \/>\nCom a ajuda de Ben e Sol, Jenifer devolve o carro para Theo. Hugo tenta conversar com Kate sobre Jenifer. Rafa fotografa Theo. Guiga pede a ajuda de Yuri. Ben cozinha para Duda, Marlene, Jenifer e Sol. Clara gosta de ver Rafa tirar fotos de Theo. Ben se declara para Sol. Clara fica impactada com as fotos que Rafa faz de Theo. Jenifer comemora com Ben que Jana\u00edna resolveu mudar de ideia sobre a den\u00fancia contra Theo. Hugo presta aten\u00e7\u00e3o quando Kate fala de Jana\u00edna com Jenifer. Yuri exp\u00f5e Guiga no ICAES. Val\u00e9ria vai atr\u00e1s de Ben no escrit\u00f3rio, e Lumiar disfar\u00e7a os ci\u00fames. Orfeu manda Hugo impedir Jana\u00edna de denunciar Theo. Jenifer e Ben conversam com Jana\u00edna. Hugo amea\u00e7a Jana\u00edna.<br \/>\n<img data-recalc-dims=\"1\" decoding=\"async\" class=\"alignnone wp-image-44714 size-full\" title=\"(Foto: Reprodu\u00e7\u00e3o\/TV Globo\/Vai na F\u00e9)\" src=\"https:\/\/i0.wp.com\/www.tvnovelas.com.br\/tvnews\/wp-content\/uploads\/2023\/05\/38052a.jpg?resize=728%2C410&#038;ssl=1\" alt=\"Foto em ai na F\u00e9 na semana 29\/05 a 03 de junho\" width=\"728\" height=\"410\" srcset=\"https:\/\/i0.wp.com\/www.tvnovelas.com.br\/tvnews\/wp-content\/uploads\/2023\/05\/38052a.jpg?w=728&amp;ssl=1 728w, https:\/\/i0.wp.com\/www.tvnovelas.com.br\/tvnews\/wp-content\/uploads\/2023\/05\/38052a.jpg?resize=678%2C381&amp;ssl=1 678w\" sizes=\"(max-width: 728px) 100vw, 728px\" \/><\/p>\n<p><strong>Resumo de quarta-feira, 31 de maio<\/strong><br \/>\nJana\u00edna desliga o telefone desesperada, enquanto Hugo a observa. Ben conversa com Jenifer sobre a den\u00fancia que far\u00e3o ao Minist\u00e9rio P\u00fablico. Sol se preocupa quando Jenifer avisa que ela ser\u00e1 testemunha no caso contra Theo. Clara recebe um convite para um encontro com antigas modelos e pede para Helena ir com ela. Lumiar v\u00ea Clara e Helena juntas. Ben encontra Theo e Lumiar no bar e teme pela ex-mulher. Theo tenta conter a raiva quando Lumiar n\u00e3o deixa ele ficar em sua casa. Kate comenta com Jenifer sobre Orfeu. Sol decide ir com Marlene e Bruna vender quentinhas. Orfeu avisa a Hugo que sua d\u00edvida com ele n\u00e3o acabar\u00e1. Sol v\u00ea Ben e Val\u00e9ria juntos. Clara confessa a Theo sobre sua rela\u00e7\u00e3o com Helena.<\/p>\n<p><strong>Resumo de quinta-feira, 1\u00b0 de junho<\/strong><br \/>\nClara se espanta com a rea\u00e7\u00e3o de Theo. Bruna e Marlene cobram explica\u00e7\u00e3o de Ben. Ben avisa a Sol e Bruna que ir\u00e1 procurar Orfeu. Meire pede para Sol dar aula de dan\u00e7a na pra\u00e7a. Bruna conta para Ben a rea\u00e7\u00e3o de Sol ao v\u00ea-lo com Val\u00e9ria. Hugo e Kate tentam convencer Jenifer a desistir da ideia de procurar Orfeu. Sheila diz a Theo que ele n\u00e3o conseguir\u00e1 se separar de Clara. Helena insiste para Clara se separar de Theo. Alice pede que Lumiar defenda Talita, uma amiga presa injustamente. Kate estranha quando v\u00ea Jenifer sair apressada do ICAES. Vitinho leva Anthony para assistir \u00e0 aula de Sol. Ben observa Sol, encantado. Jenifer encontra Hugo no bar de Orfeu.<br \/>\n<img data-recalc-dims=\"1\" decoding=\"async\" class=\"alignnone wp-image-44715 size-full\" title=\"(Foto: Reprodu\u00e7\u00e3o\/TV Globo\/Vai na F\u00e9)\" src=\"https:\/\/i0.wp.com\/www.tvnovelas.com.br\/tvnews\/wp-content\/uploads\/2023\/05\/38052d.jpg?resize=728%2C410&#038;ssl=1\" alt=\"Foto em ai na F\u00e9 na semana 29\/05 a 03 de junho\" width=\"728\" height=\"410\" srcset=\"https:\/\/i0.wp.com\/www.tvnovelas.com.br\/tvnews\/wp-content\/uploads\/2023\/05\/38052d.jpg?w=728&amp;ssl=1 728w, https:\/\/i0.wp.com\/www.tvnovelas.com.br\/tvnews\/wp-content\/uploads\/2023\/05\/38052d.jpg?resize=678%2C381&amp;ssl=1 678w\" sizes=\"(max-width: 728px) 100vw, 728px\" \/><\/p>\n<p><strong>Resumo de sexta-feira, 02 de junho<\/strong><br \/>\nJenifer \u00e9 hostil com Hugo e Orfeu. Todos se divertem na pra\u00e7a durante a aula de Sol. Sol e Ben dan\u00e7am juntos e relembram do passado. Anthony fala bem da aula de Sol na internet. Theo se preocupa com a amea\u00e7a que Orfeu faz para Jenifer. Lumiar consegue a liberdade provis\u00f3ria para Talita. Theo aparece na casa de Sol, e Kate se desespera. Ben e Sol discutem com Theo. Jenifer conta para Marlene o que Theo fez com Sol e ela o expulsa de sua casa. Hugo se aconselha com o Pastor Miguel. Grazi pede para Orfeu as imagens da c\u00e2mera de seguran\u00e7a do dia que esteve no bar e ele fica preocupado. Ben e Sol repreendem Jenifer por procurar Orfeu. Orfeu convoca Hugo para mais uma miss\u00e3o.<\/p>\n<p><strong>Resumo de s\u00e1bado, 03 de junho<\/strong><br \/>\nBia flagra Simas e B\u00e1rbara juntos e arma um esc\u00e2ndalo. Tat\u00e1 filma Yuri e Vini juntos sem que eles percebam. Guiga e Lumiar chegam ao Ref\u00fagio. Sol conforta Jenifer. F\u00e1bio revela a Lumiar sobre a rela\u00e7\u00e3o com Lui. Hugo tenta falar com Jenifer, que o repele. Kate discute com Bruna por insistir em manter o jantar com Clara em sua casa. Jenifer tem not\u00edcias de Eduardo. Ben apresenta Val\u00e9ria para Sol. Kate e Rafa implicam com suas m\u00e3es durante o jantar. Theo se interessa por uma mulher parecida com Sol mais jovem, que aparece no Bar de Orfeu. Kate teme que Clara mostre para Theo a foto que Rafa tirou do jantar deles. Hugo fala de Grazi para Kate.<br \/>\n<a href=\"https:\/\/www.tvnovelas.com.br\/novelas\/resumos-de-vai-na-fe-2\/\">Confira os resumos de Vai na F\u00e9 da semana 05 a 10 de junho<\/a><br \/>\n<strong style=\"font-size: 120%;\">\u00daltimas not\u00edcias de Vai na F\u00e9:<\/strong><br \/>\n<div class=\"pt-cv-wrapper\"><div class=\"pt-cv-view pt-cv-grid pt-cv-colsys\" id=\"pt-cv-view-8080477fv3\"><div data-id=\"pt-cv-page-1\" class=\"pt-cv-page\" data-cvc=\"1\"><div class=\"col-md-12 col-sm-12 col-xs-12 pt-cv-content-item pt-cv-1-col\" ><div class='pt-cv-ifield'><h4 class=\"pt-cv-title\"><a href=\"https:\/\/www.tvnovelas.com.br\/tvnews\/vai-na-fe-sol-enfrenta-empresario-e-abre-show-de-lui\/\" class=\"_blank\" target=\"_blank\" >Vai na F\u00e9: Sol enfrenta empres\u00e1rio e abre show de Lui<\/a><\/h4><\/div><\/div>\n<div class=\"col-md-12 col-sm-12 col-xs-12 pt-cv-content-item pt-cv-1-col\" ><div class='pt-cv-ifield'><h4 class=\"pt-cv-title\"><a href=\"https:\/\/www.tvnovelas.com.br\/tvnews\/vai-na-fe-theo-muda-visual-e-mata-orfeu\/\" class=\"_blank\" target=\"_blank\" >Vai na F\u00e9: Theo muda visual e mata Orfeu<\/a><\/h4><\/div><\/div>\n<div class=\"col-md-12 col-sm-12 col-xs-12 pt-cv-content-item pt-cv-1-col\" ><div class='pt-cv-ifield'><h4 class=\"pt-cv-title\"><a href=\"https:\/\/www.tvnovelas.com.br\/tvnews\/vai-na-fe-sol-e-impedida-de-abrir-show-de-lui-lorenzo\/\" class=\"_blank\" target=\"_blank\" >Vai na F\u00e9: Sol \u00e9 impedida de abrir show de Lui Lorenzo<\/a><\/h4><\/div><\/div>\n<div class=\"col-md-12 col-sm-12 col-xs-12 pt-cv-content-item pt-cv-1-col\" ><div class='pt-cv-ifield'><h4 class=\"pt-cv-title\"><a href=\"https:\/\/www.tvnovelas.com.br\/tvnews\/vai-na-fe-ben-descobre-envolvimento-de-theo-na-morte-de-carlao\/\" class=\"_blank\" target=\"_blank\" >Vai na F\u00e9: Ben descobre envolvimento de Theo na morte de Carl\u00e3o<\/a><\/h4><\/div><\/div>\n<div class=\"col-md-12 col-sm-12 col-xs-12 pt-cv-content-item pt-cv-1-col\" ><div class='pt-cv-ifield'><h4 class=\"pt-cv-title\"><a href=\"https:\/\/www.tvnovelas.com.br\/tvnews\/vai-na-fe-orfeu-erra-o-tiro-e-theo-atropela-o-ex-socio\/\" class=\"_blank\" target=\"_blank\" >Vai na F\u00e9: Orfeu erra o tiro e Theo atropela o ex-s\u00f3cio<\/a><\/h4><\/div><\/div>\n<div class=\"col-md-12 col-sm-12 col-xs-12 pt-cv-content-item pt-cv-1-col\" ><div class='pt-cv-ifield'><h4 class=\"pt-cv-title\"><a href=\"https:\/\/www.tvnovelas.com.br\/tvnews\/vai-na-fe-orfeu-traido-por-theo-promete-vinganca\/\" class=\"_blank\" target=\"_blank\" >Vai na F\u00e9: Orfeu tra\u00eddo por Theo promete vingan\u00e7a<\/a><\/h4><\/div><\/div><\/div><\/div><\/div><br \/>\n<strong style=\"font-size: 120%;\">\u00daltimas not\u00edcias deste canal:<\/strong><br \/>\n<div class=\"pt-cv-wrapper\"><div class=\"pt-cv-view pt-cv-grid pt-cv-colsys\" id=\"pt-cv-view-90991035b3\"><div data-id=\"pt-cv-page-1\" class=\"pt-cv-page\" data-cvc=\"1\"><div class=\"col-md-12 col-sm-12 col-xs-12 pt-cv-content-item pt-cv-1-col\" ><div class='pt-cv-ifield'><h4 class=\"pt-cv-title\"><a href=\"https:\/\/www.tvnovelas.com.br\/tvnews\/coracao-de-mae-irmak-inicia-jogo-arriscado-contra-adnan\/\" class=\"_self\" target=\"_self\" >Cora\u00e7\u00e3o de M\u00e3e: Irmak inicia jogo arriscado contra Adnan<\/a><\/h4><\/div><\/div>\n<div class=\"col-md-12 col-sm-12 col-xs-12 pt-cv-content-item pt-cv-1-col\" ><div class='pt-cv-ifield'><h4 class=\"pt-cv-title\"><a href=\"https:\/\/www.tvnovelas.com.br\/tvnews\/guerra-das-rosas-omer-chama-gulru-vestida-de-noiva-para-fugir\/\" class=\"_self\" target=\"_self\" >Guerra das Rosas: Omer chama Gulru vestida de noiva para fugir<\/a><\/h4><\/div><\/div>\n<div class=\"col-md-12 col-sm-12 col-xs-12 pt-cv-content-item pt-cv-1-col\" ><div class='pt-cv-ifield'><h4 class=\"pt-cv-title\"><a href=\"https:\/\/www.tvnovelas.com.br\/tvnews\/coracao-de-mae-reha-sai-para-jantar-com-selvi\/\" class=\"_self\" target=\"_self\" >Cora\u00e7\u00e3o de M\u00e3e: Reha sai para jantar com Selvi<\/a><\/h4><\/div><\/div>\n<div class=\"col-md-12 col-sm-12 col-xs-12 pt-cv-content-item pt-cv-1-col\" ><div class='pt-cv-ifield'><h4 class=\"pt-cv-title\"><a href=\"https:\/\/www.tvnovelas.com.br\/tvnews\/coracao-acelerado-zila-se-preocupa-com-sua-situacao-apos-separacao\/\" class=\"_self\" target=\"_self\" >Cora\u00e7\u00e3o Acelerado: Zil\u00e1 se preocupa com sua situa\u00e7\u00e3o ap\u00f3s separa\u00e7\u00e3o<\/a><\/h4><\/div><\/div>\n<div class=\"col-md-12 col-sm-12 col-xs-12 pt-cv-content-item pt-cv-1-col\" ><div class='pt-cv-ifield'><h4 class=\"pt-cv-title\"><a href=\"https:\/\/www.tvnovelas.com.br\/tvnews\/a-nobreza-do-amor-tonho-nao-se-curva-diante-de-mirinho\/\" class=\"_self\" target=\"_self\" >A Nobreza do Amor: Tonho n\u00e3o se curva diante de Mirinho<\/a><\/h4><\/div><\/div>\n<div class=\"col-md-12 col-sm-12 col-xs-12 pt-cv-content-item pt-cv-1-col\" ><div class='pt-cv-ifield'><h4 class=\"pt-cv-title\"><a href=\"https:\/\/www.tvnovelas.com.br\/tvnews\/tres-gracas-arminda-surta-ao-confirmar-que-ferette-e-pai-de-raul\/\" class=\"_self\" target=\"_self\" >Tr\u00eas Gra\u00e7as:  Arminda surta ao confirmar que Ferette \u00e9 pai de Raul<\/a><\/h4><\/div><\/div>\n<div class=\"col-md-12 col-sm-12 col-xs-12 pt-cv-content-item pt-cv-1-col\" ><div class='pt-cv-ifield'><h4 class=\"pt-cv-title\"><a href=\"https:\/\/www.tvnovelas.com.br\/tvnews\/coracao-de-mae-atilla-confronta-hasan-e-exige-o-divorcio-de-lale\/\" class=\"_self\" target=\"_self\" >Cora\u00e7\u00e3o de M\u00e3e: Atilla confronta Hasan e exige o div\u00f3rcio de Lale<\/a><\/h4><\/div><\/div>\n<div class=\"col-md-12 col-sm-12 col-xs-12 pt-cv-content-item pt-cv-1-col\" ><div class='pt-cv-ifield'><h4 class=\"pt-cv-title\"><a href=\"https:\/\/www.tvnovelas.com.br\/tvnews\/guerra-das-rosas-gulfem-coloca-gulru-contra-a-parede\/\" class=\"_self\" target=\"_self\" >Guerra das Rosas: Gulfem coloca Gulru contra a parede<\/a><\/h4><\/div><\/div>\n<div class=\"col-md-12 col-sm-12 col-xs-12 pt-cv-content-item pt-cv-1-col\" ><div class='pt-cv-ifield'><h4 class=\"pt-cv-title\"><a href=\"https:\/\/www.tvnovelas.com.br\/tvnews\/coracao-de-mae-atilla-diz-a-lale-que-quer-o-divorcio\/\" class=\"_self\" target=\"_self\" >Cora\u00e7\u00e3o de M\u00e3e: Atilla diz a Lale que quer o div\u00f3rcio<\/a><\/h4><\/div><\/div>\n<div class=\"col-md-12 col-sm-12 col-xs-12 pt-cv-content-item pt-cv-1-col\" ><div class='pt-cv-ifield'><h4 class=\"pt-cv-title\"><a href=\"https:\/\/www.tvnovelas.com.br\/tvnews\/a-nobreza-do-amor-mirinho-garante-noivado-com-virginia-para-atrair-sogro-a-negocio\/\" class=\"_self\" target=\"_self\" >A Nobreza do Amor: Mirinho garante noivado com Virg\u00ednia para atrair sogro a neg\u00f3cio<\/a><\/h4><\/div><\/div><\/div><\/div><\/div><br \/>\n<a href=\"https:\/\/www.tvnovelas.com.br\/novelas\/\"><strong>Confira os resumos da semana de todas novelas<\/strong><\/a><br \/>\n<a href=\"http:\/\/tvnovelas.com.br\/filmes\" target=\"_blank\" rel=\"noopener\">Veja tamb\u00e9m: Todas as telas: filmes e s\u00e9ries nos streamings<\/a><\/p>\n<h3>Confira tamb\u00e9m<\/h3>\n<p><a href=\"https:\/\/www.tvnovelas.com.br\/filmes\/\" target=\"_blank\" rel=\"noopener noreferrer\"><strong>Programa\u00e7\u00e3o de filmes na TV aberta<\/strong><\/a><br \/>\n<a href=\"https:\/\/caetenews.com.br\/semana\/filmes-da-globo-na-sessao-da-tarde-desta-semana\/\" target=\"_blank\" rel=\"noopener\"><strong>Confira os filmes da semana na Sess\u00e3o da Tarde<\/strong><\/a><br \/>\n<a href=\"https:\/\/www.tvnovelas.com.br\/novelas\/\" target=\"_blank\" rel=\"noopener noreferrer\"><strong>Resumos de novelas<\/strong><\/a><\/p>\n","protected":false},"excerpt":{"rendered":"<p>Duda tenta arrumar um encontro entre Ben e Sol; \ud835\udc01\ud835\udc1e\ud835\udc27 \ud835\udc2c\ud835\udc1e \ud835\udc1d\ud835\udc1e\ud835\udc1c\ud835\udc25\ud835\udc1a\ud835\udc2b\ud835\udc1a \ud835\udc29\ud835\udc1a\ud835\udc2b\ud835\udc1a \ud835\udc12\ud835\udc28\ud835\udc25; Orfeu manda Hugo impedir Jana\u00edna de denunciar Theo; \ud835\udc09\ud835\udc1e\ud835\udc27\ud835\udc22\ud835\udc1f\ud835\udc1e\ud835\udc2b \u00e9 \ud835\udc21\ud835\udc28\ud835\udc2c\ud835\udc2d\ud835\udc22\ud835\udc25 \ud835\udc1c\ud835\udc28\ud835\udc26 \ud835\udc07\ud835\udc2e\ud835\udc20\ud835\udc28 \ud835\udc1e \ud835\udc0e\ud835\udc2b\ud835\udc1f\ud835\udc1e\ud835\udc2e; Theo se interessa por uma mulher parecida com Sol mais jovem; \ud835\udc01\ud835\udc1e\ud835\udc27 \ud835\udc1e \ud835\udc12\ud835\udc28\ud835\udc25 \ud835\udc1d\ud835\udc22\ud835\udc2c\ud835\udc1c\ud835\udc2e\ud835\udc2d\ud835\udc1e\ud835\udc26 \ud835\udc1c\ud835\udc28\ud835\udc26 \ud835\udc13\ud835\udc21\ud835\udc1e\ud835\udc28&#8230;<\/p>\n","protected":false},"author":1,"featured_media":44713,"comment_status":"closed","ping_status":"closed","sticky":false,"template":"","format":"standard","meta":{"_uf_show_specific_survey":0,"_uf_disable_surveys":false,"_jetpack_memberships_contains_paid_content":false,"footnotes":"","_wp_rev_ctl_limit":""},"categories":[358],"tags":[5,64,359],"class_list":["post-44712","post","type-post","status-publish","format-standard","has-post-thumbnail","hentry","category-vai-na-fe","tag-globo","tag-novelas","tag-vai-na-fe","wpcat-358-id"],"aioseo_notices":[],"jetpack_featured_media_url":"https:\/\/i0.wp.com\/www.tvnovelas.com.br\/tvnews\/wp-content\/uploads\/2023\/05\/38052.jpg?fit=728%2C410&ssl=1","jetpack_shortlink":"https:\/\/wp.me\/pdP2BO-bDa","jetpack_sharing_enabled":true,"_links":{"self":[{"href":"https:\/\/www.tvnovelas.com.br\/tvnews\/wp-json\/wp\/v2\/posts\/44712","targetHints":{"allow":["GET"]}}],"collection":[{"href":"https:\/\/www.tvnovelas.com.br\/tvnews\/wp-json\/wp\/v2\/posts"}],"about":[{"href":"https:\/\/www.tvnovelas.com.br\/tvnews\/wp-json\/wp\/v2\/types\/post"}],"author":[{"embeddable":true,"href":"https:\/\/www.tvnovelas.com.br\/tvnews\/wp-json\/wp\/v2\/users\/1"}],"replies":[{"embeddable":true,"href":"https:\/\/www.tvnovelas.com.br\/tvnews\/wp-json\/wp\/v2\/comments?post=44712"}],"version-history":[{"count":3,"href":"https:\/\/www.tvnovelas.com.br\/tvnews\/wp-json\/wp\/v2\/posts\/44712\/revisions"}],"predecessor-version":[{"id":44718,"href":"https:\/\/www.tvnovelas.com.br\/tvnews\/wp-json\/wp\/v2\/posts\/44712\/revisions\/44718"}],"wp:featuredmedia":[{"embeddable":true,"href":"https:\/\/www.tvnovelas.com.br\/tvnews\/wp-json\/wp\/v2\/media\/44713"}],"wp:attachment":[{"href":"https:\/\/www.tvnovelas.com.br\/tvnews\/wp-json\/wp\/v2\/media?parent=44712"}],"wp:term":[{"taxonomy":"category","embeddable":true,"href":"https:\/\/www.tvnovelas.com.br\/tvnews\/wp-json\/wp\/v2\/categories?post=44712"},{"taxonomy":"post_tag","embeddable":true,"href":"https:\/\/www.tvnovelas.com.br\/tvnews\/wp-json\/wp\/v2\/tags?post=44712"}],"curies":[{"name":"wp","href":"https:\/\/api.w.org\/{rel}","templated":true}]}}