{"id":44996,"date":"2023-06-03T13:20:29","date_gmt":"2023-06-03T16:20:29","guid":{"rendered":"https:\/\/www.tvnovelas.com.br\/tvnews\/?p=44996"},"modified":"2023-06-03T13:14:25","modified_gmt":"2023-06-03T16:14:25","slug":"o-que-que-tem-em-terra-e-paixao-na-semana-05-a-10-de-junho","status":"publish","type":"post","link":"https:\/\/www.tvnovelas.com.br\/tvnews\/o-que-que-tem-em-terra-e-paixao-na-semana-05-a-10-de-junho\/","title":{"rendered":"O que que tem em Terra e Paix\u00e3o na semana 05 a 10 de junho"},"content":{"rendered":"<p><em>Em Resumos de Terra e Paix\u00e3o na semana 05 a 10 de junho<\/em><br \/>\n<img data-recalc-dims=\"1\" decoding=\"async\" class=\"alignnone wp-image-45002 size-full\" title=\"(Foto: Reprodu\u00e7\u00e3o\/TV Globo\/Terra e Paix\u00e3o)\" src=\"https:\/\/i0.wp.com\/www.tvnovelas.com.br\/tvnews\/wp-content\/uploads\/2023\/06\/38113.jpg?resize=728%2C410&#038;ssl=1\" alt=\"Foto em Resumos de Terra e Paix\u00e3o na semana 05 a 10\" width=\"728\" height=\"410\" srcset=\"https:\/\/i0.wp.com\/www.tvnovelas.com.br\/tvnews\/wp-content\/uploads\/2023\/06\/38113.jpg?w=728&amp;ssl=1 728w, https:\/\/i0.wp.com\/www.tvnovelas.com.br\/tvnews\/wp-content\/uploads\/2023\/06\/38113.jpg?resize=678%2C381&amp;ssl=1 678w\" sizes=\"(max-width: 728px) 100vw, 728px\" \/><\/p>\n<blockquote><p>Gra\u00e7a planeja engravidar de Marino; Aline imp\u00f5e a Ant\u00f4nio lhe pedir perd\u00e3o de joelhos para negociar a \u00e1gua; Ramiro sequestra o filho de Aline; Caio acusa o pai pelo sequestro; Aline prop\u00f5e a Ant\u00f4nio negociar a soltura de Jo\u00e3o em troca da \u00e1gua&#8230;<\/p><\/blockquote>\n<p><strong>Resumo de segunda-feira, 05 de junho<\/strong><br \/>\nAline afirma a Daniel que est\u00e1 decidida a dar um tempo em sua rela\u00e7\u00e3o. Luigi e Anely socorrem Lucinda. Gladys d\u00e1 dinheiro para Luigi reaver o colar e o italiano resolve us\u00e1-lo para comprar um anel de noivado para Petra. Ant\u00f4nio n\u00e3o aceita pagar pela \u00e1gua das terras de Aline. Lucinda avisa a Odilon que voltar\u00e1 a treinar. Marino aceita as investidas de Gra\u00e7a. Gra\u00e7a confidencia a Gladys que pretende engravidar de Marino. Daniel comunica a Gra\u00e7a que deseja se separar da jovem. Jurec\u00ea prev\u00ea para Aline que ela se envolver\u00e1 com um novo homem.<\/p>\n<p><strong>Resumo de ter\u00e7a-feira, 06 de junho<\/strong><br \/>\nDaniel desiste de se separar de Gra\u00e7a. Tadeu e Gladys revelam a Gra\u00e7a que a fam\u00edlia tem d\u00edvidas e que o casamento da filha com Daniel \u00e9 uma solu\u00e7\u00e3o. Irene diz a Luigi que eles precisam apressar o casamento do italiano com Petra. Caio conversa com Daniel sobre a possibilidade de Ant\u00f4nio indicar Luigi para ser seu sucessor. Petra mostra a Ant\u00f4nio que recebeu uma imagem de sat\u00e9lite identificando uma \u00e1rea seca das terras do pai. Ramiro avisa a Ant\u00f4nio que eles ter\u00e3o que fazer um novo desvio da \u00e1gua das terras de Aline. Ant\u00f4nio afirma a Aline que deseja sua \u00e1gua de volta.<br \/>\n<img data-recalc-dims=\"1\" decoding=\"async\" class=\"alignnone wp-image-45004 size-full\" title=\"(Foto: Reprodu\u00e7\u00e3o\/TV Globo\/Terra e Paix\u00e3o)\" src=\"https:\/\/i0.wp.com\/www.tvnovelas.com.br\/tvnews\/wp-content\/uploads\/2023\/06\/38113c.jpg?resize=728%2C410&#038;ssl=1\" alt=\"Foto em Resumos de Terra e Paix\u00e3o na semana 05 a 10\" width=\"728\" height=\"410\" srcset=\"https:\/\/i0.wp.com\/www.tvnovelas.com.br\/tvnews\/wp-content\/uploads\/2023\/06\/38113c.jpg?w=728&amp;ssl=1 728w, https:\/\/i0.wp.com\/www.tvnovelas.com.br\/tvnews\/wp-content\/uploads\/2023\/06\/38113c.jpg?resize=678%2C381&amp;ssl=1 678w\" sizes=\"(max-width: 728px) 100vw, 728px\" \/><\/p>\n<p><strong>Resumo de quarta-feira, 07 de junho<\/strong><br \/>\nAline se recusa a negociar o uso da \u00e1gua com Ant\u00f4nio. Aline pensa em voltar a dar aula na escola para suprir as necessidades da casa. Franco explica para Ant\u00f4nio que n\u00e3o \u00e9 poss\u00edvel iniciar o processo de leil\u00e3o das terras de Aline. Jurec\u00ea diz a Yandara que ela deve deixar a aldeia. Ant\u00f4nio se emociona ao ver Caio no t\u00famulo de Agatha. Aline imp\u00f5e que Ant\u00f4nio lhe pe\u00e7a perd\u00e3o de joelhos para negociar a \u00e1gua com o produtor.<\/p>\n<p><strong>Resumo de quinta-feira, 08 de junho<\/strong><br \/>\nAnt\u00f4nio se nega a se ajoelhar na frente de Aline e humilha Daniel. Irene comenta com Gladys que Ant\u00f4nio n\u00e3o gostar\u00e1 de saber que Aline voltar\u00e1 a lecionar na escola. Luigi fica sabendo por Cac\u00e1 que Berenice comprou o colar de Gladys. Elias se inscreve na academia de Odilon para treinar. Luigi pede a Kelvin que consiga reaver para ele o colar que est\u00e1 com Berenice. Elias pega o dinheiro de Mara. Gladys n\u00e3o aceita Aline na escola. Irene manda Petra ficar pr\u00f3xima de Caio para conhecer detalhes da produ\u00e7\u00e3o. Franco nega a Aline um prazo maior para pagar o empr\u00e9stimo. Caio encontra Aline.<br \/>\n<img data-recalc-dims=\"1\" decoding=\"async\" class=\"alignnone wp-image-45005 size-full\" title=\"(Foto: Reprodu\u00e7\u00e3o\/TV Globo\/Terra e Paix\u00e3o)\" src=\"https:\/\/i0.wp.com\/www.tvnovelas.com.br\/tvnews\/wp-content\/uploads\/2023\/06\/38113a.jpg?resize=728%2C410&#038;ssl=1\" alt=\"Foto em Resumos de Terra e Paix\u00e3o na semana 05 a 10\" width=\"728\" height=\"410\" srcset=\"https:\/\/i0.wp.com\/www.tvnovelas.com.br\/tvnews\/wp-content\/uploads\/2023\/06\/38113a.jpg?w=728&amp;ssl=1 728w, https:\/\/i0.wp.com\/www.tvnovelas.com.br\/tvnews\/wp-content\/uploads\/2023\/06\/38113a.jpg?resize=678%2C381&amp;ssl=1 678w\" sizes=\"(max-width: 728px) 100vw, 728px\" \/><\/p>\n<p><strong>Resumo de sexta-feira, 09 de junho<\/strong><br \/>\nAline n\u00e3o aceita o dinheiro que Caio oferece \u00e0 professora. Ant\u00f4nio d\u00e1 orienta\u00e7\u00f5es a Ramiro com a inten\u00e7\u00e3o de for\u00e7ar Aline a lhe fornecer \u00e1gua. Gentil convida Mara para morar em sua casa. Gra\u00e7a inventa uma desculpa para justificar a Tadeu por que n\u00e3o est\u00e1 usando o colar que o marido lhe deu. Ramiro e um capanga observam Jo\u00e3o brincar do lado de fora da casa de Aline. Anely flagra Enzo pegando seu laptop. Enzo chantageia Anely. Ramiro sequestra Jo\u00e3o. Caio afirma a Marino que Jo\u00e3o foi raptado.<\/p>\n<p><strong>Resumo de s\u00e1bado, 10 de junho<\/strong><br \/>\nRamiro pede ajuda a Kelvin para ter um \u00e1libi. Caio acusa o pai de estar por tr\u00e1s do sumi\u00e7o do Jo\u00e3o e Irene aproveita a rea\u00e7\u00e3o de Ant\u00f4nio para enaltecer os filhos. Lucinda se tranca no quarto para se proteger de Andrade. Daniel pede a Gra\u00e7a um ultrassom. Marino diz a Aline e Jonatas que n\u00e3o tem como acusar Ant\u00f4nio do sequestro de Jo\u00e3o sem evid\u00eancias. Ant\u00f4nio reage quando Daniel pergunta se o pai est\u00e1 envolvido no sumi\u00e7o de Jo\u00e3o. Ruan avisa a Ramiro que Caio est\u00e1 \u00e0 procura do capanga. Aline pergunta a Ant\u00f4nio se ele quer negociar a soltura de Jo\u00e3o em troca da \u00e1gua.<\/p>\n<blockquote>\n<h2><mark>Morte leva \u00e0 pris\u00e3o de Aline<\/mark><\/h2>\n<p><a href=\"https:\/\/www.tvnovelas.com.br\/tvnews\/terra-e-paixao-antonio-encomenda-morte-e-ramiro-executa\/\" target=\"_blank\" rel=\"noopener\">Ant\u00f4nio encomenda morte e Ramiro executa<\/a><br \/>\n<a href=\"https:\/\/www.tvnovelas.com.br\/tvnews\/terra-e-paixao-caio-encontra-corpo-nas-terras-de-aline\/\" target=\"_blank\" rel=\"noopener\">Terra e Paix\u00e3o: Caio encontra corpo nas terras de Aline<\/a><br \/>\n<a href=\"https:\/\/www.tvnovelas.com.br\/tvnews\/terra-e-paixao-antonio-diz-que-usara-a-morte-de-isabel-contra-aline\/\">Terra e Paix\u00e3o: Ant\u00f4nio diz que usar\u00e1 a morte de Isabel contra Aline<\/a><br \/>\n<a href=\"https:\/\/www.tvnovelas.com.br\/tvnews\/terra-e-paixao-antonio-produz-testemunha-para-incriminar-aline\/\" target=\"_blank\" rel=\"noopener\">Terra e Paix\u00e3o: Ant\u00f4nio produz testemunha para incriminar Aline<\/a><br \/>\n<a href=\"https:\/\/www.tvnovelas.com.br\/tvnews\/terra-e-paixao-ruan-mente-ao-delegado-que-aline-ameacou-isabel-de-morte\/\" target=\"_blank\" rel=\"noopener\">Terra e Paix\u00e3o: Ruan mente ao delegado que Aline amea\u00e7ou Isabel de morte<\/a><br \/>\n<a href=\"https:\/\/www.tvnovelas.com.br\/tvnews\/terra-e-paixao-antonio-arma-e-aline-e-presa-pela-morte-isabel\/\" target=\"_blank\" rel=\"noopener\">Terra e Paix\u00e3o: Ant\u00f4nio arma e Aline \u00e9 presa pela morte Isabel<\/a><br \/>\n<a href=\"https:\/\/www.tvnovelas.com.br\/tvnews\/terra-e-paixao-aline-e-acusada-de-assassinato\/\" target=\"_blank\" rel=\"noopener\">Terra e Paix\u00e3o: Aline \u00e9 acusada de assassinato<\/a><br \/>\n<a href=\"https:\/\/www.tvnovelas.com.br\/tvnews\/terra-e-paixao-marino-da-voz-de-prisao-a-aline\/\" target=\"_blank\" rel=\"noopener\">Terra e Paix\u00e3o: Marino d\u00e1 voz de pris\u00e3o a Aline<\/a><br \/>\n<a href=\"https:\/\/www.tvnovelas.com.br\/tvnews\/terra-e-paixao-daniel-visita-aline-na-cadeia\/\" target=\"_blank\" rel=\"noopener\">Terra e Paix\u00e3o: Daniel visita Aline na cadeia<\/a><\/p><\/blockquote>\n<p><a href=\"https:\/\/www.tvnovelas.com.br\/novelas\/resumos-de-terra-e-paixao-2\/\">Confira os resumos de &#8216;Terra e Paix\u00e3o&#8217; da semana 12 a 17 de junho <\/a><br \/>\n<strong style=\"font-size: 120%;\">\u00daltimas not\u00edcias de Terra e Paix\u00e3o:<br \/>\n<div class=\"pt-cv-wrapper\"><div class=\"pt-cv-view pt-cv-grid pt-cv-colsys\" id=\"pt-cv-view-9bbc6490w2\"><div data-id=\"pt-cv-page-1\" class=\"pt-cv-page\" data-cvc=\"1\"><div class=\"col-md-12 col-sm-6 col-xs-12 pt-cv-content-item pt-cv-1-col\" ><div class='pt-cv-ifield'><h4 class=\"pt-cv-title\"><a href=\"https:\/\/www.tvnovelas.com.br\/tvnews\/terra-e-paixao-vinicius-choca-aline-com-relatorio-sobre-diamantes-em-suas-terras\/\" class=\"_blank\" target=\"_blank\" >Terra e Paix\u00e3o: Vin\u00edcius choca Aline com relat\u00f3rio sobre diamantes em suas terras<\/a><\/h4><\/div><\/div>\n<div class=\"col-md-12 col-sm-6 col-xs-12 pt-cv-content-item pt-cv-1-col\" ><div class='pt-cv-ifield'><h4 class=\"pt-cv-title\"><a href=\"https:\/\/www.tvnovelas.com.br\/tvnews\/terra-e-paixao-fuga-de-antonio-tem-mortes-e-disfarce\/\" class=\"_blank\" target=\"_blank\" >Terra e Paix\u00e3o: Fuga de Ant\u00f4nio tem mortes e disfarce<\/a><\/h4><\/div><\/div>\n<div class=\"col-md-12 col-sm-6 col-xs-12 pt-cv-content-item pt-cv-1-col\" ><div class='pt-cv-ifield'><h4 class=\"pt-cv-title\"><a href=\"https:\/\/www.tvnovelas.com.br\/tvnews\/terra-e-paixao-antonio-invade-casamento-para-matar-aline-no-altar\/\" class=\"_blank\" target=\"_blank\" >Terra e Paix\u00e3o: Ant\u00f4nio invade casamento para matar Aline no altar<\/a><\/h4><\/div><\/div>\n<div class=\"col-md-12 col-sm-6 col-xs-12 pt-cv-content-item pt-cv-1-col\" ><div class='pt-cv-ifield'><h4 class=\"pt-cv-title\"><a href=\"https:\/\/www.tvnovelas.com.br\/tvnews\/terra-e-paixao-graca-se-junta-a-policia-para-salvar-danielzinho\/\" class=\"_blank\" target=\"_blank\" >Terra e Paix\u00e3o: Gra\u00e7a se junta \u00e0 Pol\u00edcia para salvar Danielzinho<\/a><\/h4><\/div><\/div>\n<div class=\"col-md-12 col-sm-6 col-xs-12 pt-cv-content-item pt-cv-1-col\" ><div class='pt-cv-ifield'><h4 class=\"pt-cv-title\"><a href=\"https:\/\/www.tvnovelas.com.br\/tvnews\/terra-e-paixao-marino-da-voz-de-prisao-a-irene\/\" class=\"_blank\" target=\"_blank\" >Terra e Paix\u00e3o: Marino d\u00e1 voz de pris\u00e3o a Irene<\/a><\/h4><\/div><\/div>\n<div class=\"col-md-12 col-sm-6 col-xs-12 pt-cv-content-item pt-cv-1-col\" ><div class='pt-cv-ifield'><h4 class=\"pt-cv-title\"><a href=\"https:\/\/www.tvnovelas.com.br\/tvnews\/terra-e-paixao-irene-sequestra-danielzinho-e-foge-com-vinicius\/\" class=\"_blank\" target=\"_blank\" >Terra e Paix\u00e3o: Irene sequestra Danielzinho e foge com Vin\u00edcius<\/a><\/h4><\/div><\/div><\/div><\/div><\/div><br \/>\n<strong style=\"font-size: 120%;\">\u00daltimas not\u00edcias deste canal:<\/strong><br \/>\n<div class=\"pt-cv-wrapper\"><div class=\"pt-cv-view pt-cv-grid pt-cv-colsys\" id=\"pt-cv-view-90991035b3\"><div data-id=\"pt-cv-page-1\" class=\"pt-cv-page\" data-cvc=\"1\"><div class=\"col-md-12 col-sm-12 col-xs-12 pt-cv-content-item pt-cv-1-col\" ><div class='pt-cv-ifield'><h4 class=\"pt-cv-title\"><a href=\"https:\/\/www.tvnovelas.com.br\/tvnews\/coracao-de-mae-irmak-inicia-jogo-arriscado-contra-adnan\/\" class=\"_self\" target=\"_self\" >Cora\u00e7\u00e3o de M\u00e3e: Irmak inicia jogo arriscado contra Adnan<\/a><\/h4><\/div><\/div>\n<div class=\"col-md-12 col-sm-12 col-xs-12 pt-cv-content-item pt-cv-1-col\" ><div class='pt-cv-ifield'><h4 class=\"pt-cv-title\"><a href=\"https:\/\/www.tvnovelas.com.br\/tvnews\/guerra-das-rosas-omer-chama-gulru-vestida-de-noiva-para-fugir\/\" class=\"_self\" target=\"_self\" >Guerra das Rosas: Omer chama Gulru vestida de noiva para fugir<\/a><\/h4><\/div><\/div>\n<div class=\"col-md-12 col-sm-12 col-xs-12 pt-cv-content-item pt-cv-1-col\" ><div class='pt-cv-ifield'><h4 class=\"pt-cv-title\"><a href=\"https:\/\/www.tvnovelas.com.br\/tvnews\/coracao-de-mae-reha-sai-para-jantar-com-selvi\/\" class=\"_self\" target=\"_self\" >Cora\u00e7\u00e3o de M\u00e3e: Reha sai para jantar com Selvi<\/a><\/h4><\/div><\/div>\n<div class=\"col-md-12 col-sm-12 col-xs-12 pt-cv-content-item pt-cv-1-col\" ><div class='pt-cv-ifield'><h4 class=\"pt-cv-title\"><a href=\"https:\/\/www.tvnovelas.com.br\/tvnews\/coracao-acelerado-zila-se-preocupa-com-sua-situacao-apos-separacao\/\" class=\"_self\" target=\"_self\" >Cora\u00e7\u00e3o Acelerado: Zil\u00e1 se preocupa com sua situa\u00e7\u00e3o ap\u00f3s separa\u00e7\u00e3o<\/a><\/h4><\/div><\/div>\n<div class=\"col-md-12 col-sm-12 col-xs-12 pt-cv-content-item pt-cv-1-col\" ><div class='pt-cv-ifield'><h4 class=\"pt-cv-title\"><a href=\"https:\/\/www.tvnovelas.com.br\/tvnews\/a-nobreza-do-amor-tonho-nao-se-curva-diante-de-mirinho\/\" class=\"_self\" target=\"_self\" >A Nobreza do Amor: Tonho n\u00e3o se curva diante de Mirinho<\/a><\/h4><\/div><\/div>\n<div class=\"col-md-12 col-sm-12 col-xs-12 pt-cv-content-item pt-cv-1-col\" ><div class='pt-cv-ifield'><h4 class=\"pt-cv-title\"><a href=\"https:\/\/www.tvnovelas.com.br\/tvnews\/tres-gracas-arminda-surta-ao-confirmar-que-ferette-e-pai-de-raul\/\" class=\"_self\" target=\"_self\" >Tr\u00eas Gra\u00e7as:  Arminda surta ao confirmar que Ferette \u00e9 pai de Raul<\/a><\/h4><\/div><\/div>\n<div class=\"col-md-12 col-sm-12 col-xs-12 pt-cv-content-item pt-cv-1-col\" ><div class='pt-cv-ifield'><h4 class=\"pt-cv-title\"><a href=\"https:\/\/www.tvnovelas.com.br\/tvnews\/coracao-de-mae-atilla-confronta-hasan-e-exige-o-divorcio-de-lale\/\" class=\"_self\" target=\"_self\" >Cora\u00e7\u00e3o de M\u00e3e: Atilla confronta Hasan e exige o div\u00f3rcio de Lale<\/a><\/h4><\/div><\/div>\n<div class=\"col-md-12 col-sm-12 col-xs-12 pt-cv-content-item pt-cv-1-col\" ><div class='pt-cv-ifield'><h4 class=\"pt-cv-title\"><a href=\"https:\/\/www.tvnovelas.com.br\/tvnews\/guerra-das-rosas-gulfem-coloca-gulru-contra-a-parede\/\" class=\"_self\" target=\"_self\" >Guerra das Rosas: Gulfem coloca Gulru contra a parede<\/a><\/h4><\/div><\/div>\n<div class=\"col-md-12 col-sm-12 col-xs-12 pt-cv-content-item pt-cv-1-col\" ><div class='pt-cv-ifield'><h4 class=\"pt-cv-title\"><a href=\"https:\/\/www.tvnovelas.com.br\/tvnews\/coracao-de-mae-atilla-diz-a-lale-que-quer-o-divorcio\/\" class=\"_self\" target=\"_self\" >Cora\u00e7\u00e3o de M\u00e3e: Atilla diz a Lale que quer o div\u00f3rcio<\/a><\/h4><\/div><\/div>\n<div class=\"col-md-12 col-sm-12 col-xs-12 pt-cv-content-item pt-cv-1-col\" ><div class='pt-cv-ifield'><h4 class=\"pt-cv-title\"><a href=\"https:\/\/www.tvnovelas.com.br\/tvnews\/a-nobreza-do-amor-mirinho-garante-noivado-com-virginia-para-atrair-sogro-a-negocio\/\" class=\"_self\" target=\"_self\" >A Nobreza do Amor: Mirinho garante noivado com Virg\u00ednia para atrair sogro a neg\u00f3cio<\/a><\/h4><\/div><\/div><\/div><\/div><\/div><br \/>\n<a href=\"https:\/\/www.tvnovelas.com.br\/novelas\/\"><strong>Confira os resumos da semana de todas novelas<\/strong><\/a><\/strong><\/p>\n<h3>Confira tamb\u00e9m<\/h3>\n<p><a href=\"https:\/\/www.tvnovelas.com.br\/filmes\/\" target=\"_blank\" rel=\"noopener noreferrer\"><strong>Programa\u00e7\u00e3o de filmes na TV aberta<\/strong><\/a><br \/>\n<a href=\"https:\/\/caetenews.com.br\/semana\/filmes-da-globo-na-sessao-da-tarde-desta-semana\/\" target=\"_blank\" rel=\"noopener\"><strong>Confira os filmes da semana na Sess\u00e3o da Tarde<\/strong><\/a><br \/>\n<a href=\"https:\/\/www.tvnovelas.com.br\/novelas\/\" target=\"_blank\" rel=\"noopener noreferrer\"><strong>Resumos de novelas<\/strong><\/a><\/p>\n","protected":false},"excerpt":{"rendered":"<p>\ud835\udc06\ud835\udc2b\ud835\udc1a\u00e7\ud835\udc1a \ud835\udc29\ud835\udc25\ud835\udc1a\ud835\udc27\ud835\udc1e\ud835\udc23\ud835\udc1a \ud835\udc1e\ud835\udc27\ud835\udc20\ud835\udc2b\ud835\udc1a\ud835\udc2f\ud835\udc22\ud835\udc1d\ud835\udc1a\ud835\udc2b \ud835\udc1d\ud835\udc1e \ud835\udc0c\ud835\udc1a\ud835\udc2b\ud835\udc22\ud835\udc27\ud835\udc28; Aline imp\u00f5e a Ant\u00f4nio lhe pedir perd\u00e3o de joelhos para negociar a \u00e1gua; \ud835\udc11\ud835\udc1a\ud835\udc26\ud835\udc22\ud835\udc2b\ud835\udc28 \ud835\udc2c\ud835\udc1e\ud835\udc2a\ud835\udc2e\ud835\udc1e\ud835\udc2c\ud835\udc2d\ud835\udc2b\ud835\udc1a \ud835\udc28 \ud835\udc1f\ud835\udc22\ud835\udc25\ud835\udc21\ud835\udc28 \ud835\udc1d\ud835\udc1e \ud835\udc00\ud835\udc25\ud835\udc22\ud835\udc27\ud835\udc1e; Caio acusa o pai pelo sequestro; \ud835\udc00\ud835\udc25\ud835\udc22\ud835\udc27\ud835\udc1e \ud835\udc29\ud835\udc2b\ud835\udc28\ud835\udc29\u00f5\ud835\udc1e \ud835\udc1a \ud835\udc00\ud835\udc27\ud835\udc2d\u00f4\ud835\udc27\ud835\udc22\ud835\udc28 \ud835\udc27\ud835\udc1e\ud835\udc20\ud835\udc28\ud835\udc1c\ud835\udc22\ud835\udc1a\ud835\udc2b \ud835\udc1a \ud835\udc2c\ud835\udc28\ud835\udc25\ud835\udc2d\ud835\udc2e\ud835\udc2b\ud835\udc1a \ud835\udc1d\ud835\udc1e \ud835\udc09\ud835\udc28\u00e3\ud835\udc28 \ud835\udc1e\ud835\udc26 \ud835\udc2d\ud835\udc2b\ud835\udc28\ud835\udc1c\ud835\udc1a \ud835\udc1d\ud835\udc1a \u00e1\ud835\udc20\ud835\udc2e\ud835\udc1a&#8230;<\/p>\n","protected":false},"author":1,"featured_media":45002,"comment_status":"closed","ping_status":"closed","sticky":false,"template":"","format":"standard","meta":{"_uf_show_specific_survey":0,"_uf_disable_surveys":false,"_jetpack_memberships_contains_paid_content":false,"footnotes":"","_wp_rev_ctl_limit":""},"categories":[1,382],"tags":[376,5,64],"class_list":["post-44996","post","type-post","status-publish","format-standard","has-post-thumbnail","hentry","category-outra","category-terra-e-paixao","tag-amor-perfeito","tag-globo","tag-novelas","wpcat-1-id","wpcat-382-id"],"aioseo_notices":[],"jetpack_featured_media_url":"https:\/\/i0.wp.com\/www.tvnovelas.com.br\/tvnews\/wp-content\/uploads\/2023\/06\/38113.jpg?fit=728%2C410&ssl=1","jetpack_shortlink":"https:\/\/wp.me\/pdP2BO-bHK","jetpack_sharing_enabled":true,"_links":{"self":[{"href":"https:\/\/www.tvnovelas.com.br\/tvnews\/wp-json\/wp\/v2\/posts\/44996","targetHints":{"allow":["GET"]}}],"collection":[{"href":"https:\/\/www.tvnovelas.com.br\/tvnews\/wp-json\/wp\/v2\/posts"}],"about":[{"href":"https:\/\/www.tvnovelas.com.br\/tvnews\/wp-json\/wp\/v2\/types\/post"}],"author":[{"embeddable":true,"href":"https:\/\/www.tvnovelas.com.br\/tvnews\/wp-json\/wp\/v2\/users\/1"}],"replies":[{"embeddable":true,"href":"https:\/\/www.tvnovelas.com.br\/tvnews\/wp-json\/wp\/v2\/comments?post=44996"}],"version-history":[{"count":4,"href":"https:\/\/www.tvnovelas.com.br\/tvnews\/wp-json\/wp\/v2\/posts\/44996\/revisions"}],"predecessor-version":[{"id":45003,"href":"https:\/\/www.tvnovelas.com.br\/tvnews\/wp-json\/wp\/v2\/posts\/44996\/revisions\/45003"}],"wp:featuredmedia":[{"embeddable":true,"href":"https:\/\/www.tvnovelas.com.br\/tvnews\/wp-json\/wp\/v2\/media\/45002"}],"wp:attachment":[{"href":"https:\/\/www.tvnovelas.com.br\/tvnews\/wp-json\/wp\/v2\/media?parent=44996"}],"wp:term":[{"taxonomy":"category","embeddable":true,"href":"https:\/\/www.tvnovelas.com.br\/tvnews\/wp-json\/wp\/v2\/categories?post=44996"},{"taxonomy":"post_tag","embeddable":true,"href":"https:\/\/www.tvnovelas.com.br\/tvnews\/wp-json\/wp\/v2\/tags?post=44996"}],"curies":[{"name":"wp","href":"https:\/\/api.w.org\/{rel}","templated":true}]}}