{"id":51234,"date":"2023-06-03T13:20:20","date_gmt":"2023-06-03T16:20:20","guid":{"rendered":"https:\/\/www.tvnovelas.com.br\/tvnews\/?p=51234"},"modified":"2023-06-03T13:02:14","modified_gmt":"2023-06-03T16:02:14","slug":"o-que-se-passa-em-vai-na-fe-na-semana-05-a-10-de-junho","status":"publish","type":"post","link":"https:\/\/www.tvnovelas.com.br\/tvnews\/o-que-se-passa-em-vai-na-fe-na-semana-05-a-10-de-junho\/","title":{"rendered":"O que se passa em Vai na F\u00e9 na semana 05 a 10 de junho"},"content":{"rendered":"<p><em>Resumos de Vai na F\u00e9 na semana 05 a 10 de junho<\/em><br \/>\n<img data-recalc-dims=\"1\" decoding=\"async\" class=\"alignnone wp-image-51238 size-full\" title=\"(Foto: Reprodu\u00e7\u00e3o\/TV Gloobo\/Va na F\u00e9)\" src=\"https:\/\/i0.wp.com\/www.tvnovelas.com.br\/tvnews\/wp-content\/uploads\/2023\/06\/38144.jpg?resize=728%2C410&#038;ssl=1\" alt=\"Foto em Vai na F\u00e9 na semana 05 a 10 de junho\" width=\"728\" height=\"410\" srcset=\"https:\/\/i0.wp.com\/www.tvnovelas.com.br\/tvnews\/wp-content\/uploads\/2023\/06\/38144.jpg?w=728&amp;ssl=1 728w, https:\/\/i0.wp.com\/www.tvnovelas.com.br\/tvnews\/wp-content\/uploads\/2023\/06\/38144.jpg?resize=678%2C381&amp;ssl=1 678w\" sizes=\"(max-width: 728px) 100vw, 728px\" \/><\/p>\n<blockquote><p>Val\u00e9ria questiona Ben sobre suas chances com ele; Orfeu obriga Hugo a amea\u00e7ar Grazi; Orfeu manda Pablo acabar com Hugo; Eduardo vai com Kate e Jenifer para o jantar na casa de Theo; Theo intimida Kate; Clara flagra Kate e Theo; Clara manda que Theo saia de casa&#8230;.<\/p><\/blockquote>\n<p><strong>Resumo de segunda-feira, 05 de junho<\/strong><br \/>\nKate n\u00e3o conversa com Hugo. Guiga e Dora reparam em Lui e Lumiar. Jenifer recebe um presente de Hugo. Hugo entrega o cart\u00e3o de Grazi para Kate. Bruna posta o v\u00eddeo de Sol e Ben dan\u00e7ando. Theo v\u00ea o v\u00eddeo que Bruna postou e fica furioso. Clara se encontra com Helena em sua casa. Kate liga para Grazi. Yuri e Vini come\u00e7am a se entender. Lumiar desiste de ir embora do Ref\u00fagio. Jenifer tenta avisar a Kate que Theo se encontrar\u00e1 com ela no ICAES. Kate faz fotos de Rafa. Lui ajuda Lumiar. Val\u00e9ria questiona Ben sobre suas chances com ele. Theo v\u00ea Kate.<\/p>\n<p><strong>Resumo de ter\u00e7a-feira, 06 de junho<\/strong><br \/>\nRafa tenta proteger Kate de Theo. Val\u00e9ria \u00e9 franca com Bem sobre suas inten\u00e7\u00f5es. Jenifer exige que Theo n\u00e3o incomode Kate. Kate sente-se mal por mentir para Rafa. Theo obriga Kate a sair com ele. F\u00e1bio, Lui, Lumiar e Guiga cuidam de Dora. Kate entrega o cart\u00e3o de Grazi para Ben. Orfeu desconfia de que Hugo mentiu para ele. Kate n\u00e3o conta para Jenifer sobre seu encontro com Theo. Hugo observa Jenifer. Val\u00e9ria conversa com Sol sobre Ben. Ben marca de se encontrar com Grazi. Orfeu obriga Hugo a amea\u00e7ar Grazi pessoalmente. Bruna arma para Sol encontrar com Ben. Grazi vai ao escrit\u00f3rio de Ben e conhece Sol.<br \/>\n<img data-recalc-dims=\"1\" decoding=\"async\" class=\"alignnone wp-image-51239 size-full\" title=\"(Foto: Reprodu\u00e7\u00e3o\/TV Gloobo\/Va na F\u00e9)\" src=\"https:\/\/i0.wp.com\/www.tvnovelas.com.br\/tvnews\/wp-content\/uploads\/2023\/06\/38147.jpg?resize=728%2C410&#038;ssl=1\" alt=\"Foto em Vai na F\u00e9 na semana 05 a 10 de junho\" width=\"728\" height=\"410\" srcset=\"https:\/\/i0.wp.com\/www.tvnovelas.com.br\/tvnews\/wp-content\/uploads\/2023\/06\/38147.jpg?w=728&amp;ssl=1 728w, https:\/\/i0.wp.com\/www.tvnovelas.com.br\/tvnews\/wp-content\/uploads\/2023\/06\/38147.jpg?resize=678%2C381&amp;ssl=1 678w\" sizes=\"(max-width: 728px) 100vw, 728px\" \/><\/p>\n<p><strong>Resumo de quarta-feira, 07 de junho<\/strong><br \/>\nBen incentiva Sol e Grazi a conversarem. Hugo e Pablo amea\u00e7am Grazi na rua. Sol confirma para Ben que Grazi denunciar\u00e1 Theo. Orfeu mostra para Theo o v\u00eddeo que Hugo fez de Grazi. Rafa fotografa Clara. Sol avisa a Marlene e Bruna que ir\u00e1 depor contra Theo. Lumiar n\u00e3o acredita quando Ben anuncia que existe outra v\u00edtima de Theo. Clara decide fazer um jantar para Kate, e Theo gosta da ideia. Guiga questiona Alice sobre Yuri. Bruna repara em Ben observando Sol. Lumiar comenta sobre o caso de Grazi com Theo, e ele nega qualquer envolvimento. Ben descobre que Grazi viajou, e compartilha seu estranhamento com Lumiar. Kate fala para Jenifer sobre o jantar a que Theo deseja que elas compare\u00e7am. Ben e Sol aparecem no bar de Orfeu.<\/p>\n<p><strong>Resumo de quinta-feira, 08 de junho<\/strong><br \/>\nOrfeu finge n\u00e3o saber nada sobre Theo, e Ben vai embora com Sol. Jenifer pensa em Hugo. Orfeu se enfurece com Hugo e manda Pablo acabar com ele. Yuri tenta falar com Guiga. Hugo v\u00ea Eduardo abra\u00e7ando Jenifer. Pablo alerta Hugo sobre a amea\u00e7a de Orfeu. Ben explica a Sol que o namorado de Jenifer pode estar em perigo. Theo manda Kate convencer Jenifer de ir ao jantar que deseja fazer com a fam\u00edlia. Hugo se despede de Jenifer. Pablo mente para Orfeu. Kate implora que Jenifer v\u00e1 com ela ao jantar na casa de Theo. Sol procura Jana\u00edna. Eduardo vai com Kate e Jenifer para o jantar na casa de Theo. Jana\u00edna aceita conversar com Sol. Theo intimida Kate.<br \/>\n<img data-recalc-dims=\"1\" decoding=\"async\" class=\"alignnone wp-image-51240 size-full\" title=\"(Foto: Reprodu\u00e7\u00e3o\/TV Globo\/Va na F\u00e9)\" src=\"https:\/\/i0.wp.com\/www.tvnovelas.com.br\/tvnews\/wp-content\/uploads\/2023\/06\/38147a.jpg?resize=728%2C410&#038;ssl=1\" alt=\"Foto em Vai na F\u00e9 na semana 05 a 10 de junho\" width=\"728\" height=\"410\" srcset=\"https:\/\/i0.wp.com\/www.tvnovelas.com.br\/tvnews\/wp-content\/uploads\/2023\/06\/38147a.jpg?w=728&amp;ssl=1 728w, https:\/\/i0.wp.com\/www.tvnovelas.com.br\/tvnews\/wp-content\/uploads\/2023\/06\/38147a.jpg?resize=678%2C381&amp;ssl=1 678w\" sizes=\"(max-width: 728px) 100vw, 728px\" \/><\/p>\n<p><strong>Resumo de sexta-feira, 09 de junho<\/strong><br \/>\nRafa se preocupa com o estado de Kate. Jana\u00edna conta sua hist\u00f3ria para Sol e Ben. Jenifer se irrita quando Theo diz que quer conhecer sua igreja. Rafa fotografa Jenifer e Eduardo juntos. Clara flagra Kate e Theo. Rafa estranha o nervosismo de Kate. Clara discute com Theo. Jenifer consola Kate. Theo passa a noite com Lumiar. Helena critica Clara por defender Theo. Rafa entrega as fotos que fez no jantar para Jenifer. Ivy decide sair da banda. Theo conversa com um advogado sobre sua separa\u00e7\u00e3o. Lucas faz um convite para Wilma. Jenifer vai \u00e0 aula de Eduardo na igreja. Clara descobre que Kate foi amante de Theo. Bruna revela para Clara que Theo abusou de Sol.<\/p>\n<p><strong>Resumo de s\u00e1bado, 10 de junho<\/strong><br \/>\nBruna descobre que Clara sofre em um relacionamento abusivo com Theo. Jenifer fala sobre Hugo com Eduardo. Clara exige que Kate se afaste de Rafa. Bruna consola Kate. Rafa pede para visitar Kate. Wilma chama \u00c9rika para participar do projeto. Kate conversa com Rafa. Jenifer v\u00ea Rafa desorientado na rua e o leva para sua casa. Theo discute com Ben e manipula Lumiar. Sol e Jenifer levam Rafa para casa e conversam com Clara. Rafa sofre por causa de Kate. Clara manda que Theo saia de casa.<br \/>\n<!--FIM--><br \/>\n<a href=\"https:\/\/www.tvnovelas.com.br\/novelas\/resumos-de-vai-na-fe-2\/\">Confira os resumos de Vai na F\u00e9 da semana 12 a 17 de junho<\/a><br \/>\n<strong style=\"font-size: 120%;\">\u00daltimas not\u00edcias de Vai na F\u00e9:<\/strong><br \/>\n<div class=\"pt-cv-wrapper\"><div class=\"pt-cv-view pt-cv-grid pt-cv-colsys\" id=\"pt-cv-view-8080477fv3\"><div data-id=\"pt-cv-page-1\" class=\"pt-cv-page\" data-cvc=\"1\"><div class=\"col-md-12 col-sm-12 col-xs-12 pt-cv-content-item pt-cv-1-col\" ><div class='pt-cv-ifield'><h4 class=\"pt-cv-title\"><a href=\"https:\/\/www.tvnovelas.com.br\/tvnews\/vai-na-fe-sol-enfrenta-empresario-e-abre-show-de-lui\/\" class=\"_blank\" target=\"_blank\" >Vai na F\u00e9: Sol enfrenta empres\u00e1rio e abre show de Lui<\/a><\/h4><\/div><\/div>\n<div class=\"col-md-12 col-sm-12 col-xs-12 pt-cv-content-item pt-cv-1-col\" ><div class='pt-cv-ifield'><h4 class=\"pt-cv-title\"><a href=\"https:\/\/www.tvnovelas.com.br\/tvnews\/vai-na-fe-theo-muda-visual-e-mata-orfeu\/\" class=\"_blank\" target=\"_blank\" >Vai na F\u00e9: Theo muda visual e mata Orfeu<\/a><\/h4><\/div><\/div>\n<div class=\"col-md-12 col-sm-12 col-xs-12 pt-cv-content-item pt-cv-1-col\" ><div class='pt-cv-ifield'><h4 class=\"pt-cv-title\"><a href=\"https:\/\/www.tvnovelas.com.br\/tvnews\/vai-na-fe-sol-e-impedida-de-abrir-show-de-lui-lorenzo\/\" class=\"_blank\" target=\"_blank\" >Vai na F\u00e9: Sol \u00e9 impedida de abrir show de Lui Lorenzo<\/a><\/h4><\/div><\/div>\n<div class=\"col-md-12 col-sm-12 col-xs-12 pt-cv-content-item pt-cv-1-col\" ><div class='pt-cv-ifield'><h4 class=\"pt-cv-title\"><a href=\"https:\/\/www.tvnovelas.com.br\/tvnews\/vai-na-fe-ben-descobre-envolvimento-de-theo-na-morte-de-carlao\/\" class=\"_blank\" target=\"_blank\" >Vai na F\u00e9: Ben descobre envolvimento de Theo na morte de Carl\u00e3o<\/a><\/h4><\/div><\/div>\n<div class=\"col-md-12 col-sm-12 col-xs-12 pt-cv-content-item pt-cv-1-col\" ><div class='pt-cv-ifield'><h4 class=\"pt-cv-title\"><a href=\"https:\/\/www.tvnovelas.com.br\/tvnews\/vai-na-fe-orfeu-erra-o-tiro-e-theo-atropela-o-ex-socio\/\" class=\"_blank\" target=\"_blank\" >Vai na F\u00e9: Orfeu erra o tiro e Theo atropela o ex-s\u00f3cio<\/a><\/h4><\/div><\/div>\n<div class=\"col-md-12 col-sm-12 col-xs-12 pt-cv-content-item pt-cv-1-col\" ><div class='pt-cv-ifield'><h4 class=\"pt-cv-title\"><a href=\"https:\/\/www.tvnovelas.com.br\/tvnews\/vai-na-fe-orfeu-traido-por-theo-promete-vinganca\/\" class=\"_blank\" target=\"_blank\" >Vai na F\u00e9: Orfeu tra\u00eddo por Theo promete vingan\u00e7a<\/a><\/h4><\/div><\/div><\/div><\/div><\/div><br \/>\n<strong style=\"font-size: 120%;\">\u00daltimas not\u00edcias deste canal:<\/strong><br \/>\n<div class=\"pt-cv-wrapper\"><div class=\"pt-cv-view pt-cv-grid pt-cv-colsys\" id=\"pt-cv-view-90991035b3\"><div data-id=\"pt-cv-page-1\" class=\"pt-cv-page\" data-cvc=\"1\"><div class=\"col-md-12 col-sm-12 col-xs-12 pt-cv-content-item pt-cv-1-col\" ><div class='pt-cv-ifield'><h4 class=\"pt-cv-title\"><a href=\"https:\/\/www.tvnovelas.com.br\/tvnews\/coracao-de-mae-irmak-inicia-jogo-arriscado-contra-adnan\/\" class=\"_self\" target=\"_self\" >Cora\u00e7\u00e3o de M\u00e3e: Irmak inicia jogo arriscado contra Adnan<\/a><\/h4><\/div><\/div>\n<div class=\"col-md-12 col-sm-12 col-xs-12 pt-cv-content-item pt-cv-1-col\" ><div class='pt-cv-ifield'><h4 class=\"pt-cv-title\"><a href=\"https:\/\/www.tvnovelas.com.br\/tvnews\/guerra-das-rosas-omer-chama-gulru-vestida-de-noiva-para-fugir\/\" class=\"_self\" target=\"_self\" >Guerra das Rosas: Omer chama Gulru vestida de noiva para fugir<\/a><\/h4><\/div><\/div>\n<div class=\"col-md-12 col-sm-12 col-xs-12 pt-cv-content-item pt-cv-1-col\" ><div class='pt-cv-ifield'><h4 class=\"pt-cv-title\"><a href=\"https:\/\/www.tvnovelas.com.br\/tvnews\/coracao-de-mae-reha-sai-para-jantar-com-selvi\/\" class=\"_self\" target=\"_self\" >Cora\u00e7\u00e3o de M\u00e3e: Reha sai para jantar com Selvi<\/a><\/h4><\/div><\/div>\n<div class=\"col-md-12 col-sm-12 col-xs-12 pt-cv-content-item pt-cv-1-col\" ><div class='pt-cv-ifield'><h4 class=\"pt-cv-title\"><a href=\"https:\/\/www.tvnovelas.com.br\/tvnews\/coracao-acelerado-zila-se-preocupa-com-sua-situacao-apos-separacao\/\" class=\"_self\" target=\"_self\" >Cora\u00e7\u00e3o Acelerado: Zil\u00e1 se preocupa com sua situa\u00e7\u00e3o ap\u00f3s separa\u00e7\u00e3o<\/a><\/h4><\/div><\/div>\n<div class=\"col-md-12 col-sm-12 col-xs-12 pt-cv-content-item pt-cv-1-col\" ><div class='pt-cv-ifield'><h4 class=\"pt-cv-title\"><a href=\"https:\/\/www.tvnovelas.com.br\/tvnews\/a-nobreza-do-amor-tonho-nao-se-curva-diante-de-mirinho\/\" class=\"_self\" target=\"_self\" >A Nobreza do Amor: Tonho n\u00e3o se curva diante de Mirinho<\/a><\/h4><\/div><\/div>\n<div class=\"col-md-12 col-sm-12 col-xs-12 pt-cv-content-item pt-cv-1-col\" ><div class='pt-cv-ifield'><h4 class=\"pt-cv-title\"><a href=\"https:\/\/www.tvnovelas.com.br\/tvnews\/tres-gracas-arminda-surta-ao-confirmar-que-ferette-e-pai-de-raul\/\" class=\"_self\" target=\"_self\" >Tr\u00eas Gra\u00e7as:  Arminda surta ao confirmar que Ferette \u00e9 pai de Raul<\/a><\/h4><\/div><\/div>\n<div class=\"col-md-12 col-sm-12 col-xs-12 pt-cv-content-item pt-cv-1-col\" ><div class='pt-cv-ifield'><h4 class=\"pt-cv-title\"><a href=\"https:\/\/www.tvnovelas.com.br\/tvnews\/coracao-de-mae-atilla-confronta-hasan-e-exige-o-divorcio-de-lale\/\" class=\"_self\" target=\"_self\" >Cora\u00e7\u00e3o de M\u00e3e: Atilla confronta Hasan e exige o div\u00f3rcio de Lale<\/a><\/h4><\/div><\/div>\n<div class=\"col-md-12 col-sm-12 col-xs-12 pt-cv-content-item pt-cv-1-col\" ><div class='pt-cv-ifield'><h4 class=\"pt-cv-title\"><a href=\"https:\/\/www.tvnovelas.com.br\/tvnews\/guerra-das-rosas-gulfem-coloca-gulru-contra-a-parede\/\" class=\"_self\" target=\"_self\" >Guerra das Rosas: Gulfem coloca Gulru contra a parede<\/a><\/h4><\/div><\/div>\n<div class=\"col-md-12 col-sm-12 col-xs-12 pt-cv-content-item pt-cv-1-col\" ><div class='pt-cv-ifield'><h4 class=\"pt-cv-title\"><a href=\"https:\/\/www.tvnovelas.com.br\/tvnews\/coracao-de-mae-atilla-diz-a-lale-que-quer-o-divorcio\/\" class=\"_self\" target=\"_self\" >Cora\u00e7\u00e3o de M\u00e3e: Atilla diz a Lale que quer o div\u00f3rcio<\/a><\/h4><\/div><\/div>\n<div class=\"col-md-12 col-sm-12 col-xs-12 pt-cv-content-item pt-cv-1-col\" ><div class='pt-cv-ifield'><h4 class=\"pt-cv-title\"><a href=\"https:\/\/www.tvnovelas.com.br\/tvnews\/a-nobreza-do-amor-mirinho-garante-noivado-com-virginia-para-atrair-sogro-a-negocio\/\" class=\"_self\" target=\"_self\" >A Nobreza do Amor: Mirinho garante noivado com Virg\u00ednia para atrair sogro a neg\u00f3cio<\/a><\/h4><\/div><\/div><\/div><\/div><\/div><br \/>\n<a href=\"https:\/\/www.tvnovelas.com.br\/novelas\/\"><strong>Confira os resumos da semana de todas novelas<\/strong><\/a><br \/>\n<a href=\"http:\/\/tvnovelas.com.br\/filmes\" target=\"_blank\" rel=\"noopener\">Veja tamb\u00e9m: Todas as telas: filmes e s\u00e9ries nos streamings<\/a><\/p>\n<h3>Confira tamb\u00e9m<\/h3>\n<p><a href=\"https:\/\/www.tvnovelas.com.br\/filmes\/\" target=\"_blank\" rel=\"noopener noreferrer\"><strong>Programa\u00e7\u00e3o de filmes na TV aberta<\/strong><\/a><br \/>\n<a href=\"https:\/\/caetenews.com.br\/semana\/filmes-da-globo-na-sessao-da-tarde-desta-semana\/\" target=\"_blank\" rel=\"noopener\"><strong>Confira os filmes da semana na Sess\u00e3o da Tarde<\/strong><\/a><br \/>\n<a href=\"https:\/\/www.tvnovelas.com.br\/novelas\/\" target=\"_blank\" rel=\"noopener noreferrer\"><strong>Resumos de novelas<\/strong><\/a><\/p>\n","protected":false},"excerpt":{"rendered":"<p>Val\u00e9ria questiona Ben sobre suas chances com ele; Orfeu obriga Hugo a amea\u00e7ar Grazi; \ud835\udc0e\ud835\udc2b\ud835\udc1f\ud835\udc1e\ud835\udc2e \ud835\udc26\ud835\udc1a\ud835\udc27\ud835\udc1d\ud835\udc1a \ud835\udc0f\ud835\udc1a\ud835\udc1b\ud835\udc25\ud835\udc28 \ud835\udc1a\ud835\udc1c\ud835\udc1a\ud835\udc1b\ud835\udc1a\ud835\udc2b \ud835\udc1c\ud835\udc28\ud835\udc26 \ud835\udc07\ud835\udc2e\ud835\udc20\ud835\udc28; Eduardo vai com Kate e Jenifer para o jantar na casa de Theo; \ud835\udc13\ud835\udc21\ud835\udc1e\ud835\udc28 \ud835\udc22\ud835\udc27\ud835\udc2d\ud835\udc22\ud835\udc26\ud835\udc22\ud835\udc1d\ud835\udc1a \ud835\udc0a\ud835\udc1a\ud835\udc2d\ud835\udc1e; Clara flagra Kate e Theo; \ud835\udc02\ud835\udc25\ud835\udc1a\ud835\udc2b\ud835\udc1a \ud835\udc26\ud835\udc1a\ud835\udc27\ud835\udc1d\ud835\udc1a \ud835\udc2a\ud835\udc2e\ud835\udc1e \ud835\udc13\ud835\udc21\ud835\udc1e\ud835\udc28 \ud835\udc2c\ud835\udc1a\ud835\udc22\ud835\udc1a \ud835\udc1d\ud835\udc1e \ud835\udc1c\ud835\udc1a\ud835\udc2c\ud835\udc1a&#8230;.<\/p>\n","protected":false},"author":1,"featured_media":51238,"comment_status":"closed","ping_status":"closed","sticky":false,"template":"","format":"standard","meta":{"_uf_show_specific_survey":0,"_uf_disable_surveys":false,"_jetpack_memberships_contains_paid_content":false,"footnotes":"","_wp_rev_ctl_limit":""},"categories":[358],"tags":[5,64,359],"class_list":["post-51234","post","type-post","status-publish","format-standard","has-post-thumbnail","hentry","category-vai-na-fe","tag-globo","tag-novelas","tag-vai-na-fe","wpcat-358-id"],"aioseo_notices":[],"jetpack_featured_media_url":"https:\/\/i0.wp.com\/www.tvnovelas.com.br\/tvnews\/wp-content\/uploads\/2023\/06\/38144.jpg?fit=728%2C410&ssl=1","jetpack_shortlink":"https:\/\/wp.me\/pdP2BO-dkm","jetpack_sharing_enabled":true,"_links":{"self":[{"href":"https:\/\/www.tvnovelas.com.br\/tvnews\/wp-json\/wp\/v2\/posts\/51234","targetHints":{"allow":["GET"]}}],"collection":[{"href":"https:\/\/www.tvnovelas.com.br\/tvnews\/wp-json\/wp\/v2\/posts"}],"about":[{"href":"https:\/\/www.tvnovelas.com.br\/tvnews\/wp-json\/wp\/v2\/types\/post"}],"author":[{"embeddable":true,"href":"https:\/\/www.tvnovelas.com.br\/tvnews\/wp-json\/wp\/v2\/users\/1"}],"replies":[{"embeddable":true,"href":"https:\/\/www.tvnovelas.com.br\/tvnews\/wp-json\/wp\/v2\/comments?post=51234"}],"version-history":[{"count":4,"href":"https:\/\/www.tvnovelas.com.br\/tvnews\/wp-json\/wp\/v2\/posts\/51234\/revisions"}],"predecessor-version":[{"id":51241,"href":"https:\/\/www.tvnovelas.com.br\/tvnews\/wp-json\/wp\/v2\/posts\/51234\/revisions\/51241"}],"wp:featuredmedia":[{"embeddable":true,"href":"https:\/\/www.tvnovelas.com.br\/tvnews\/wp-json\/wp\/v2\/media\/51238"}],"wp:attachment":[{"href":"https:\/\/www.tvnovelas.com.br\/tvnews\/wp-json\/wp\/v2\/media?parent=51234"}],"wp:term":[{"taxonomy":"category","embeddable":true,"href":"https:\/\/www.tvnovelas.com.br\/tvnews\/wp-json\/wp\/v2\/categories?post=51234"},{"taxonomy":"post_tag","embeddable":true,"href":"https:\/\/www.tvnovelas.com.br\/tvnews\/wp-json\/wp\/v2\/tags?post=51234"}],"curies":[{"name":"wp","href":"https:\/\/api.w.org\/{rel}","templated":true}]}}