{"id":51306,"date":"2023-06-05T08:51:17","date_gmt":"2023-06-05T11:51:17","guid":{"rendered":"https:\/\/www.tvnovelas.com.br\/tvnews\/?p=51306"},"modified":"2023-06-05T08:51:17","modified_gmt":"2023-06-05T11:51:17","slug":"terra-e-paixao-graca-transa-com-marino-para-engravidar-dele","status":"publish","type":"post","link":"https:\/\/www.tvnovelas.com.br\/tvnews\/terra-e-paixao-graca-transa-com-marino-para-engravidar-dele\/","title":{"rendered":"Terra e Paix\u00e3o: Gra\u00e7a transa com Marino para engravidar dele"},"content":{"rendered":"<p><em>Em Terra e Paix\u00e3o: Gra\u00e7a transa com Marino&#8230;<\/em><br \/>\n<img data-recalc-dims=\"1\" decoding=\"async\" class=\"alignnone wp-image-51307 size-full\" title=\"(Foto: TV Globo\/Terra e Paix\u00e3o)\" src=\"https:\/\/i0.wp.com\/www.tvnovelas.com.br\/tvnews\/wp-content\/uploads\/2023\/06\/38163.jpg?resize=728%2C410&#038;ssl=1\" alt=\"\" width=\"728\" height=\"410\" srcset=\"https:\/\/i0.wp.com\/www.tvnovelas.com.br\/tvnews\/wp-content\/uploads\/2023\/06\/38163.jpg?w=728&amp;ssl=1 728w, https:\/\/i0.wp.com\/www.tvnovelas.com.br\/tvnews\/wp-content\/uploads\/2023\/06\/38163.jpg?resize=678%2C381&amp;ssl=1 678w\" sizes=\"(max-width: 728px) 100vw, 728px\" \/><\/p>\n<p>Gra\u00e7a (Agatha Moreira) mentiu sobre a gravidez para poder prender Daniel (Johnny Massaro) na rela\u00e7\u00e3o. Mas l\u00e1 no fundo, ela tinha uma pontada de esperan\u00e7a de estar realmente gr\u00e1vida. Contudo, a loira vai ficar desapontad\u00edssima com a chegada das suas regras. E isso vai fazer com que ela tome uma decis\u00e3o radical.<\/p>\n<p>Na sua butique, Gra\u00e7a come\u00e7ar\u00e1 a pensar sobre o seu problema. E quando estiver sozinha, ela vai telefonar para Marino e colocar um certo plano em pr\u00e1tica:<\/p>\n<p>&#8220;Delegado Marino&#8230; Gra\u00e7a Junqueira&#8230; Eu n\u00e3o sei, mas tive a impress\u00e3o que a porta da minha butique foi for\u00e7ada. Se importa de vir at\u00e9 aqui?&#8221;<\/p>\n<p>Depois que o delegado vai at\u00e9 o local e constata que n\u00e3o houve sinal de arrombamento, Gra\u00e7a oferece uma camisa como forma de agradecimento. Constrangido, Marino aceita o presente e se dirige ao provador da butique. Mas Gra\u00e7a n\u00e3o perde tempo e vai atr\u00e1s, flagrando, propositalmente, o delegado sem camisa.<\/p>\n<p>&#8220;Mas&#8230; que m\u00fasculos voc\u00ea tem&#8221;, diz Gra\u00e7a, passando a m\u00e3o no peito do boy.<\/p>\n<p>&#8220;Faz favor&#8230; eu n\u00e3o sou de ferro&#8230; Pera\u00ed, voc\u00ea tem noivo!&#8221;, reage Marino.<\/p>\n<p>&#8220;Est\u00e1 vendo algum noivo aqui? O que o olho n\u00e3o v\u00ea o cora\u00e7\u00e3o n\u00e3o sente&#8221;, diz Gra\u00e7a.<\/p>\n<p>Os dois se beijam e v\u00e3o para o sof\u00e1 da butique para uma t\u00f3rrida noite.<\/p>\n<p>Quando Gra\u00e7a volta para casa, ela resolve contar para Gladys (Leona Cavalli) que n\u00e3o est\u00e1 gr\u00e1vida. E mais: ela abre o jogo com a m\u00e3e e conta o que estava fazendo:<\/p>\n<p>&#8220;Agora&#8230; eu estava fazendo sexo.&#8221;<\/p>\n<p>&#8220;Com o Daniel?&#8221;, questionar\u00e1 Gladys.<\/p>\n<p>&#8220;N\u00e3o, n\u00e3o com o Daniel. Ele ultimamente nem tem tido interesse em mim&#8230; Eu transei com o Marino&#8221;, contar\u00e1 Gra\u00e7a.<\/p>\n<p>Gladys fica preocupada com o plano da filha, mas Gra\u00e7a mostra que est\u00e1 decidida a gerar um filho do delegado:<\/p>\n<p>&#8221; O Marino&#8230; se eu quiser&#8230; sei que posso encontrar com ele de novo, fazer tudo acontecer novamente. Vou ficar gr\u00e1vida, custe o que custar.&#8221;<\/p>\n<blockquote>\n<h2><mark>Morte leva \u00e0 pris\u00e3o de Aline<\/mark><\/h2>\n<p><a href=\"https:\/\/www.tvnovelas.com.br\/tvnews\/terra-e-paixao-antonio-encomenda-morte-e-ramiro-executa\/\" target=\"_blank\" rel=\"noopener\">Ant\u00f4nio encomenda morte e Ramiro executa<\/a><br \/>\n<a href=\"https:\/\/www.tvnovelas.com.br\/tvnews\/terra-e-paixao-caio-encontra-corpo-nas-terras-de-aline\/\" target=\"_blank\" rel=\"noopener\">Terra e Paix\u00e3o: Caio encontra corpo nas terras de Aline<\/a><br \/>\n<a href=\"https:\/\/www.tvnovelas.com.br\/tvnews\/terra-e-paixao-antonio-diz-que-usara-a-morte-de-isabel-contra-aline\/\">Terra e Paix\u00e3o: Ant\u00f4nio diz que usar\u00e1 a morte de Isabel contra Aline<\/a><br \/>\n<a href=\"https:\/\/www.tvnovelas.com.br\/tvnews\/terra-e-paixao-antonio-produz-testemunha-para-incriminar-aline\/\" target=\"_blank\" rel=\"noopener\">Terra e Paix\u00e3o: Ant\u00f4nio produz testemunha para incriminar Aline<\/a><br \/>\n<a href=\"https:\/\/www.tvnovelas.com.br\/tvnews\/terra-e-paixao-ruan-mente-ao-delegado-que-aline-ameacou-isabel-de-morte\/\" target=\"_blank\" rel=\"noopener\">Terra e Paix\u00e3o: Ruan mente ao delegado que Aline amea\u00e7ou Isabel de morte<\/a><br \/>\n<a href=\"https:\/\/www.tvnovelas.com.br\/tvnews\/terra-e-paixao-antonio-arma-e-aline-e-presa-pela-morte-isabel\/\" target=\"_blank\" rel=\"noopener\">Terra e Paix\u00e3o: Ant\u00f4nio arma e Aline \u00e9 presa pela morte Isabel<\/a><br \/>\n<a href=\"https:\/\/www.tvnovelas.com.br\/tvnews\/terra-e-paixao-aline-e-acusada-de-assassinato\/\" target=\"_blank\" rel=\"noopener\">Terra e Paix\u00e3o: Aline \u00e9 acusada de assassinato<\/a><br \/>\n<a href=\"https:\/\/www.tvnovelas.com.br\/tvnews\/terra-e-paixao-marino-da-voz-de-prisao-a-aline\/\" target=\"_blank\" rel=\"noopener\">Terra e Paix\u00e3o: Marino d\u00e1 voz de pris\u00e3o a Aline<\/a><br \/>\n<a href=\"https:\/\/www.tvnovelas.com.br\/tvnews\/terra-e-paixao-daniel-visita-aline-na-cadeia\/\" target=\"_blank\" rel=\"noopener\">Terra e Paix\u00e3o: Daniel visita Aline na cadeia<\/a><\/p><\/blockquote>\n<p><a href=\"https:\/\/www.tvnovelas.com.br\/tvnews\/terra-e-paixao-caio-descobre-golpe-de-antonio-contra-aline-e-ameaca-o-pai\/\" target=\"_blank\" rel=\"noopener\">Terra e Paix\u00e3o: Caio descobre golpe de Ant\u00f4nio contra Aline e amea\u00e7a o pai<\/a><br \/>\n<!--FIM DO POST--><br \/>\n<a href=\"https:\/\/www.tvnovelas.com.br\/novelas\/resumos-de-terra-e-paixao\/\">Confira os resumos da semana de &#8216;Terra e Paix\u00e3o&#8217;<\/a><br \/>\n<strong style=\"font-size: 120%;\">\u00daltimas not\u00edcias de Terra e Paix\u00e3o:<br \/>\n<div class=\"pt-cv-wrapper\"><div class=\"pt-cv-view pt-cv-grid pt-cv-colsys\" id=\"pt-cv-view-9bbc6490w2\"><div data-id=\"pt-cv-page-1\" class=\"pt-cv-page\" data-cvc=\"1\"><div class=\"col-md-12 col-sm-6 col-xs-12 pt-cv-content-item pt-cv-1-col\" ><div class='pt-cv-ifield'><h4 class=\"pt-cv-title\"><a href=\"https:\/\/www.tvnovelas.com.br\/tvnews\/terra-e-paixao-vinicius-choca-aline-com-relatorio-sobre-diamantes-em-suas-terras\/\" class=\"_blank\" target=\"_blank\" >Terra e Paix\u00e3o: Vin\u00edcius choca Aline com relat\u00f3rio sobre diamantes em suas terras<\/a><\/h4><\/div><\/div>\n<div class=\"col-md-12 col-sm-6 col-xs-12 pt-cv-content-item pt-cv-1-col\" ><div class='pt-cv-ifield'><h4 class=\"pt-cv-title\"><a href=\"https:\/\/www.tvnovelas.com.br\/tvnews\/terra-e-paixao-fuga-de-antonio-tem-mortes-e-disfarce\/\" class=\"_blank\" target=\"_blank\" >Terra e Paix\u00e3o: Fuga de Ant\u00f4nio tem mortes e disfarce<\/a><\/h4><\/div><\/div>\n<div class=\"col-md-12 col-sm-6 col-xs-12 pt-cv-content-item pt-cv-1-col\" ><div class='pt-cv-ifield'><h4 class=\"pt-cv-title\"><a href=\"https:\/\/www.tvnovelas.com.br\/tvnews\/terra-e-paixao-antonio-invade-casamento-para-matar-aline-no-altar\/\" class=\"_blank\" target=\"_blank\" >Terra e Paix\u00e3o: Ant\u00f4nio invade casamento para matar Aline no altar<\/a><\/h4><\/div><\/div>\n<div class=\"col-md-12 col-sm-6 col-xs-12 pt-cv-content-item pt-cv-1-col\" ><div class='pt-cv-ifield'><h4 class=\"pt-cv-title\"><a href=\"https:\/\/www.tvnovelas.com.br\/tvnews\/terra-e-paixao-graca-se-junta-a-policia-para-salvar-danielzinho\/\" class=\"_blank\" target=\"_blank\" >Terra e Paix\u00e3o: Gra\u00e7a se junta \u00e0 Pol\u00edcia para salvar Danielzinho<\/a><\/h4><\/div><\/div>\n<div class=\"col-md-12 col-sm-6 col-xs-12 pt-cv-content-item pt-cv-1-col\" ><div class='pt-cv-ifield'><h4 class=\"pt-cv-title\"><a href=\"https:\/\/www.tvnovelas.com.br\/tvnews\/terra-e-paixao-marino-da-voz-de-prisao-a-irene\/\" class=\"_blank\" target=\"_blank\" >Terra e Paix\u00e3o: Marino d\u00e1 voz de pris\u00e3o a Irene<\/a><\/h4><\/div><\/div>\n<div class=\"col-md-12 col-sm-6 col-xs-12 pt-cv-content-item pt-cv-1-col\" ><div class='pt-cv-ifield'><h4 class=\"pt-cv-title\"><a href=\"https:\/\/www.tvnovelas.com.br\/tvnews\/terra-e-paixao-irene-sequestra-danielzinho-e-foge-com-vinicius\/\" class=\"_blank\" target=\"_blank\" >Terra e Paix\u00e3o: Irene sequestra Danielzinho e foge com Vin\u00edcius<\/a><\/h4><\/div><\/div><\/div><\/div><\/div><br \/>\n<strong style=\"font-size: 120%;\">\u00daltimas not\u00edcias deste canal:<\/strong><br \/>\n<div class=\"pt-cv-wrapper\"><div class=\"pt-cv-view pt-cv-grid pt-cv-colsys\" id=\"pt-cv-view-90991035b3\"><div data-id=\"pt-cv-page-1\" class=\"pt-cv-page\" data-cvc=\"1\"><div class=\"col-md-12 col-sm-12 col-xs-12 pt-cv-content-item pt-cv-1-col\" ><div class='pt-cv-ifield'><h4 class=\"pt-cv-title\"><a href=\"https:\/\/www.tvnovelas.com.br\/tvnews\/em-coracao-de-mae-nos-proximos-capitulos-04-a-08-5\/\" class=\"_self\" target=\"_self\" >Em Cora\u00e7\u00e3o de M\u00e3e nos pr\u00f3ximos cap\u00edtulos (04 a 08\/5)<\/a><\/h4><\/div><\/div>\n<div class=\"col-md-12 col-sm-12 col-xs-12 pt-cv-content-item pt-cv-1-col\" ><div class='pt-cv-ifield'><h4 class=\"pt-cv-title\"><a href=\"https:\/\/www.tvnovelas.com.br\/tvnews\/coracao-de-mae-hasan-e-filiz-em-piquenique-romantico\/\" class=\"_self\" target=\"_self\" >Cora\u00e7\u00e3o de M\u00e3e: Hasan e Filiz em piquenique rom\u00e2ntico<\/a><\/h4><\/div><\/div>\n<div class=\"col-md-12 col-sm-12 col-xs-12 pt-cv-content-item pt-cv-1-col\" ><div class='pt-cv-ifield'><h4 class=\"pt-cv-title\"><a href=\"https:\/\/www.tvnovelas.com.br\/tvnews\/guerra-das-rosas-cihan-vibra-com-desistencia-de-gulru-de-casar-com-mert\/\" class=\"_self\" target=\"_self\" >Guerra das Rosas: Cihan vibra com desist\u00eancia de Gulru de casar com Mert<\/a><\/h4><\/div><\/div>\n<div class=\"col-md-12 col-sm-12 col-xs-12 pt-cv-content-item pt-cv-1-col\" ><div class='pt-cv-ifield'><h4 class=\"pt-cv-title\"><a href=\"https:\/\/www.tvnovelas.com.br\/tvnews\/coracao-de-mae-irmak-denuncia-adnan\/\" class=\"_self\" target=\"_self\" >Cora\u00e7\u00e3o de M\u00e3e: Irmak denuncia Adnan<\/a><\/h4><\/div><\/div>\n<div class=\"col-md-12 col-sm-12 col-xs-12 pt-cv-content-item pt-cv-1-col\" ><div class='pt-cv-ifield'><h4 class=\"pt-cv-title\"><a href=\"https:\/\/www.tvnovelas.com.br\/tvnews\/a-nobreza-do-amor-mirinho-e-obrigado-a-resgatar-tonho\/\" class=\"_self\" target=\"_self\" >A Nobreza do Amor: Mirinho \u00e9 obrigado a resgatar Tonho<\/a><\/h4><\/div><\/div>\n<div class=\"col-md-12 col-sm-12 col-xs-12 pt-cv-content-item pt-cv-1-col\" ><div class='pt-cv-ifield'><h4 class=\"pt-cv-title\"><a href=\"https:\/\/www.tvnovelas.com.br\/tvnews\/tres-gracas-paulinho-e-afastado-da-policia-por-causa-de-gerluce\/\" class=\"_self\" target=\"_self\" >Tr\u00eas Gra\u00e7as: Paulinho \u00e9 afastado da pol\u00edcia por causa de Gerluce<\/a><\/h4><\/div><\/div>\n<div class=\"col-md-12 col-sm-12 col-xs-12 pt-cv-content-item pt-cv-1-col\" ><div class='pt-cv-ifield'><h4 class=\"pt-cv-title\"><a href=\"https:\/\/www.tvnovelas.com.br\/tvnews\/coracao-de-mae-irmak-inicia-jogo-arriscado-contra-adnan\/\" class=\"_self\" target=\"_self\" >Cora\u00e7\u00e3o de M\u00e3e: Irmak inicia jogo arriscado contra Adnan<\/a><\/h4><\/div><\/div>\n<div class=\"col-md-12 col-sm-12 col-xs-12 pt-cv-content-item pt-cv-1-col\" ><div class='pt-cv-ifield'><h4 class=\"pt-cv-title\"><a href=\"https:\/\/www.tvnovelas.com.br\/tvnews\/guerra-das-rosas-omer-chama-gulru-vestida-de-noiva-para-fugir\/\" class=\"_self\" target=\"_self\" >Guerra das Rosas: Omer chama Gulru vestida de noiva para fugir<\/a><\/h4><\/div><\/div>\n<div class=\"col-md-12 col-sm-12 col-xs-12 pt-cv-content-item pt-cv-1-col\" ><div class='pt-cv-ifield'><h4 class=\"pt-cv-title\"><a href=\"https:\/\/www.tvnovelas.com.br\/tvnews\/coracao-de-mae-reha-sai-para-jantar-com-selvi\/\" class=\"_self\" target=\"_self\" >Cora\u00e7\u00e3o de M\u00e3e: Reha sai para jantar com Selvi<\/a><\/h4><\/div><\/div>\n<div class=\"col-md-12 col-sm-12 col-xs-12 pt-cv-content-item pt-cv-1-col\" ><div class='pt-cv-ifield'><h4 class=\"pt-cv-title\"><a href=\"https:\/\/www.tvnovelas.com.br\/tvnews\/coracao-acelerado-zila-se-preocupa-com-sua-situacao-apos-separacao\/\" class=\"_self\" target=\"_self\" >Cora\u00e7\u00e3o Acelerado: Zil\u00e1 se preocupa com sua situa\u00e7\u00e3o ap\u00f3s separa\u00e7\u00e3o<\/a><\/h4><\/div><\/div><\/div><\/div><\/div><br \/>\n<a href=\"https:\/\/www.tvnovelas.com.br\/novelas\/\"><strong>Confira os resumos da semana de todas novelas<\/strong><\/a><\/strong><\/p>\n<h3>Confira tamb\u00e9m<\/h3>\n<p><a href=\"https:\/\/www.tvnovelas.com.br\/filmes\/\" target=\"_blank\" rel=\"noopener noreferrer\"><strong>Programa\u00e7\u00e3o de filmes na TV aberta<\/strong><\/a><br \/>\n<a href=\"https:\/\/caetenews.com.br\/semana\/filmes-da-globo-na-sessao-da-tarde-desta-semana\/\" target=\"_blank\" rel=\"noopener\"><strong>Confira os filmes da semana na Sess\u00e3o da Tarde<\/strong><\/a><br \/>\n<a href=\"https:\/\/www.tvnovelas.com.br\/novelas\/\" target=\"_blank\" rel=\"noopener noreferrer\"><strong>Resumos de novelas<\/strong><\/a><\/p>\n","protected":false},"excerpt":{"rendered":"<p>Gra\u00e7a (Agatha Moreira) mentiu sobre a gravidez para poder prender Daniel (Johnny Massaro) na rela\u00e7\u00e3o. Mas l\u00e1 no fundo, ela tinha uma pontada de esperan\u00e7a de estar&#8230;<\/p>\n","protected":false},"author":1,"featured_media":51307,"comment_status":"closed","ping_status":"closed","sticky":false,"template":"","format":"standard","meta":{"_uf_show_specific_survey":0,"_uf_disable_surveys":false,"_jetpack_memberships_contains_paid_content":false,"footnotes":"","_wp_rev_ctl_limit":""},"categories":[382],"tags":[5,64,383],"class_list":["post-51306","post","type-post","status-publish","format-standard","has-post-thumbnail","hentry","category-terra-e-paixao","tag-globo","tag-novelas","tag-terra-e-paixao","wpcat-382-id"],"aioseo_notices":[],"jetpack_featured_media_url":"https:\/\/i0.wp.com\/www.tvnovelas.com.br\/tvnews\/wp-content\/uploads\/2023\/06\/38163.jpg?fit=728%2C410&ssl=1","jetpack_shortlink":"https:\/\/wp.me\/pdP2BO-dlw","jetpack_sharing_enabled":true,"_links":{"self":[{"href":"https:\/\/www.tvnovelas.com.br\/tvnews\/wp-json\/wp\/v2\/posts\/51306","targetHints":{"allow":["GET"]}}],"collection":[{"href":"https:\/\/www.tvnovelas.com.br\/tvnews\/wp-json\/wp\/v2\/posts"}],"about":[{"href":"https:\/\/www.tvnovelas.com.br\/tvnews\/wp-json\/wp\/v2\/types\/post"}],"author":[{"embeddable":true,"href":"https:\/\/www.tvnovelas.com.br\/tvnews\/wp-json\/wp\/v2\/users\/1"}],"replies":[{"embeddable":true,"href":"https:\/\/www.tvnovelas.com.br\/tvnews\/wp-json\/wp\/v2\/comments?post=51306"}],"version-history":[{"count":1,"href":"https:\/\/www.tvnovelas.com.br\/tvnews\/wp-json\/wp\/v2\/posts\/51306\/revisions"}],"predecessor-version":[{"id":51308,"href":"https:\/\/www.tvnovelas.com.br\/tvnews\/wp-json\/wp\/v2\/posts\/51306\/revisions\/51308"}],"wp:featuredmedia":[{"embeddable":true,"href":"https:\/\/www.tvnovelas.com.br\/tvnews\/wp-json\/wp\/v2\/media\/51307"}],"wp:attachment":[{"href":"https:\/\/www.tvnovelas.com.br\/tvnews\/wp-json\/wp\/v2\/media?parent=51306"}],"wp:term":[{"taxonomy":"category","embeddable":true,"href":"https:\/\/www.tvnovelas.com.br\/tvnews\/wp-json\/wp\/v2\/categories?post=51306"},{"taxonomy":"post_tag","embeddable":true,"href":"https:\/\/www.tvnovelas.com.br\/tvnews\/wp-json\/wp\/v2\/tags?post=51306"}],"curies":[{"name":"wp","href":"https:\/\/api.w.org\/{rel}","templated":true}]}}