{"id":51543,"date":"2023-06-10T14:00:03","date_gmt":"2023-06-10T17:00:03","guid":{"rendered":"https:\/\/www.tvnovelas.com.br\/tvnews\/?p=51543"},"modified":"2023-06-08T15:46:42","modified_gmt":"2023-06-08T18:46:42","slug":"o-que-que-tem-em-vai-na-fe-na-semana-12-a-17-de-junho","status":"publish","type":"post","link":"https:\/\/www.tvnovelas.com.br\/tvnews\/o-que-que-tem-em-vai-na-fe-na-semana-12-a-17-de-junho\/","title":{"rendered":"O que que tem em Vai na F\u00e9 na semana 12 a 17 de junho"},"content":{"rendered":"<p><em>Resumos de Vai na F\u00e9 na semana 12 a 17 de junho<\/em><br \/>\n<img data-recalc-dims=\"1\" decoding=\"async\" class=\"alignnone wp-image-51546 size-full\" title=\"(Foto: Reprodu\u00e7\u00e3o\/TV Globo\/Vai na F\u00e9)\" src=\"https:\/\/i0.wp.com\/www.tvnovelas.com.br\/tvnews\/wp-content\/uploads\/2023\/06\/38216.jpg?resize=728%2C410&#038;ssl=1\" alt=\"Foto em Vai na F\u00e9 na semana 12 a 17 de junho\" width=\"728\" height=\"410\" srcset=\"https:\/\/i0.wp.com\/www.tvnovelas.com.br\/tvnews\/wp-content\/uploads\/2023\/06\/38216.jpg?w=728&amp;ssl=1 728w, https:\/\/i0.wp.com\/www.tvnovelas.com.br\/tvnews\/wp-content\/uploads\/2023\/06\/38216.jpg?resize=678%2C381&amp;ssl=1 678w\" sizes=\"(max-width: 728px) 100vw, 728px\" \/><\/p>\n<blockquote><p>Sol dan\u00e7a com Ben; Kate v\u00ea Theo olhando Sol e Ben com inveja; Theo v\u00ea Lumiar e Lui juntos no palco; Theo e Lui brigam; Sol encontra Ben cozinhando em sua casa; Ben pede para ficar com Sol; Orfeu avisa a Theo que n\u00e3o ir\u00e1 mais ajud\u00e1-lo; Theo recebe uma intima\u00e7\u00e3o&#8230;<\/p><\/blockquote>\n<p><strong>Resumo de segunda-feira, 12 de junho<\/strong><br \/>\nTheo se espanta com a atitude de Clara. Kate implora que Ben esque\u00e7a o que Theo fez com ela. Sol e Jenifer rasgam a foto de fam\u00edlia feita por Rafa. Kate pede para Fred cuidar de Rafa. Vini faz uma surpresa para Yuri no Icaes, e Guiga se entristece. Duda entrega para Eduardo a foto que Rafa fez dele com Jenifer. Guiga engana Yuri. Clara pede para Helena ficar em sua casa. Theo manda Sheila cortar o sal\u00e1rio de Clara. Fred tenta animar Rafa. Lumiar chama Theo para ir com ela para o Ref\u00fagio. Ben e Jenifer levam Kate para a aula de Sol. Tat\u00e1 n\u00e3o gosta de ver Jenifer falando com Eduardo. Sol dan\u00e7a com Ben. Theo chega \u00e0 pra\u00e7a.<\/p>\n<p><strong>Resumo de ter\u00e7a-feira, 13 de junho<\/strong><br \/>\nKate v\u00ea Theo olhando Sol e Ben com inveja. Lumiar chega ao Ref\u00fagio e se incomoda com a recep\u00e7\u00e3o de Lui. Sol v\u00ea Theo falando com Kate e denuncia o empres\u00e1rio. Dora e F\u00e1bio flagram Lui e Lumiar muito pr\u00f3ximos. Kate n\u00e3o deixa Bruna contar para Rafa sobre a importuna\u00e7\u00e3o de Theo. Sol e Ben ficam juntos. Jana\u00edna decide denunciar Theo. Alice critica Guiga por mentir para Yuri. Kate se recusa a depor contra Theo. Vini \u00e9 solid\u00e1rio com Yuri. Jana\u00edna conta sua hist\u00f3ria para Ben. Come\u00e7a o show de inaugura\u00e7\u00e3o do Teatro da Dora, e Lumiar fica emocionada. Sol questiona Ben sobre seus sentimentos. Theo v\u00ea Lumiar e Lui juntos no palco.<br \/>\n<img data-recalc-dims=\"1\" decoding=\"async\" class=\"alignnone wp-image-51547 size-full\" title=\"(Foto: Reprodu\u00e7\u00e3o\/TV Globo\/Vai na F\u00e9)\" src=\"https:\/\/i0.wp.com\/www.tvnovelas.com.br\/tvnews\/wp-content\/uploads\/2023\/06\/38216d.jpg?resize=728%2C410&#038;ssl=1\" alt=\"Foto em Vai na F\u00e9 na semana 12 a 17 de junho\" width=\"728\" height=\"410\" srcset=\"https:\/\/i0.wp.com\/www.tvnovelas.com.br\/tvnews\/wp-content\/uploads\/2023\/06\/38216d.jpg?w=728&amp;ssl=1 728w, https:\/\/i0.wp.com\/www.tvnovelas.com.br\/tvnews\/wp-content\/uploads\/2023\/06\/38216d.jpg?resize=678%2C381&amp;ssl=1 678w\" sizes=\"(max-width: 728px) 100vw, 728px\" \/><\/p>\n<p><strong>Resumo de quarta-feira, 14 de junho<\/strong><br \/>\nTheo tenta conter a raiva quando Lumiar o aborda. Sol pensa em Ben. Lui fala de Theo para Dora e Fabio. Lumiar se incomoda com os ci\u00fames de Theo. Sabrina e Simas se entendem. Theo e Lui brigam, e Dora os repreende. Lumiar \u00e9 hostil com Lui por causa de Theo. Sol se surpreende ao ver Ben cozinhando em sua casa. Jenifer se afasta de Eduardo, ap\u00f3s receber um telefonema de Hugo. Sol ajuda Ben na cozinha. Theo se incomoda ao ver a cumplicidade entre Lui e Lumiar. Vitinho avisa \u00e0 banda que eles far\u00e3o um show para arrecadar fundos para o filme de Wilma. Dora conversa com Lumiar sobre Theo e Lui. Ben pede para ficar com Sol.<\/p>\n<p><strong>Resumo de quinta-feira, 15 de junho<\/strong><br \/>\nTheo discute com Dora, F\u00e1bio e Lui, e Lumiar fica irritada. Bruna revela para Sol que Ben falsificou o exame de DNA. Lumiar pede para Theo n\u00e3o ir embora do Ref\u00fagio. Sol confronta Ben. Dora passa mal, e Theo a leva para o hospital. Sol conversa com Marlene sobre Ben. Lumiar e F\u00e1bio procuram por Theo e Dora no Ref\u00fagio. Bruna convence Ben a surpreender Sol. Sol se emociona com a atitude de Ben. Kate descobre sobre a falsifica\u00e7\u00e3o do exame de DNA e conta para Jenifer. Sol convence Wilma a falar com Lui sobre o show. Ben faz a den\u00fancia contra Theo. Vini se preocupa quando Yuri fala com ele sobre os pais. Rafael passa mal ao ver Kate. Clara descobre que n\u00e3o receber\u00e1 sal\u00e1rio de Theo. Lumiar enfrenta Ben para defender Theo. Kate vai falar com Rafa, mas sente-se mal ao ver Theo.<br \/>\n<img data-recalc-dims=\"1\" decoding=\"async\" class=\"alignnone wp-image-51548 size-full\" title=\"(Foto: Reprodu\u00e7\u00e3o\/TV Globo\/Vai na F\u00e9)\" src=\"https:\/\/i0.wp.com\/www.tvnovelas.com.br\/tvnews\/wp-content\/uploads\/2023\/06\/38216a.jpg?resize=728%2C410&#038;ssl=1\" alt=\"Foto em Vai na F\u00e9 na semana 12 a 17 de junho\" width=\"728\" height=\"410\" srcset=\"https:\/\/i0.wp.com\/www.tvnovelas.com.br\/tvnews\/wp-content\/uploads\/2023\/06\/38216a.jpg?w=728&amp;ssl=1 728w, https:\/\/i0.wp.com\/www.tvnovelas.com.br\/tvnews\/wp-content\/uploads\/2023\/06\/38216a.jpg?resize=678%2C381&amp;ssl=1 678w\" sizes=\"(max-width: 728px) 100vw, 728px\" \/><\/p>\n<p><strong>Resumo de sexta-feira, 16 de junho<\/strong><br \/>\nTheo se aproxima de Rafa, e Kate foge antes que o empres\u00e1rio fale com ela. Clara pede ajuda financeira a sua madrinha. Lumiar intimida Fabr\u00edcio. Helena motiva Clara a enfrentar Theo. Theo obriga Kate a encontrar com ele. Ben acha uma carta que Sol, mais jovem, escreveu para ele. Lumiar comenta com Theo sua desconfian\u00e7a com o processo que Ben est\u00e1 movendo. Orfeu avisa a Theo que n\u00e3o ir\u00e1 mais ajud\u00e1-lo. Wilma implora que Lui fa\u00e7a o show em benef\u00edcio do filme de Lucas. Vini avisa a Yuri que vai embora do Brasil. Lumiar tenta confirmar com Heitor a den\u00fancia feita por Ben. Lui anuncia o fim da banda. Theo recebe uma intima\u00e7\u00e3o.<\/p>\n<p><strong>Resumo de s\u00e1bado, 17 de junho<\/strong><br \/>\nJana\u00edna mostra para Ben a intima\u00e7\u00e3o que recebeu. Kate est\u00e1 com Theo no apart quando Lumiar aparece. Orfeu recebe uma intima\u00e7\u00e3o e exige a presen\u00e7a do s\u00f3cio em seu bar. Kate ouve a conversa entre Lumiar e Theo e amea\u00e7a o empres\u00e1rio. Lui se incomoda ao ver Sol e Ben abra\u00e7ados. Lumiar desconfia das declara\u00e7\u00f5es de Orfeu. Kate conta para Jenifer que Theo e Lumiar est\u00e3o juntos. Clara fala para Helena que n\u00e3o denunciar\u00e1 Theo. Lumiar questiona Theo sobre Jana\u00edna. Come\u00e7a o show de Lui e sua banda. Sabrina e Simas ficam juntos. Yuri se despede de Vini. Lui canta a m\u00fasica que fez para Sol e \u00e9 ovacionado. Lumiar garante a Theo que ficar\u00e1 a seu lado durante todo o processo. Wilma tenta conter a raiva quando Lucas homenageia \u00c9rika e F\u00e1bio, ao final do show de Lui.<br \/>\n<a href=\"https:\/\/www.tvnovelas.com.br\/novelas\/resumos-de-vai-na-fe-2\/\">Confira os resumos de Vai na F\u00e9 da semana 19 a 24 de junho<\/a><br \/>\n<strong style=\"font-size: 120%;\">\u00daltimas not\u00edcias de Vai na F\u00e9:<\/strong><br \/>\n<div class=\"pt-cv-wrapper\"><div class=\"pt-cv-view pt-cv-grid pt-cv-colsys\" id=\"pt-cv-view-8080477fv3\"><div data-id=\"pt-cv-page-1\" class=\"pt-cv-page\" data-cvc=\"1\"><div class=\"col-md-12 col-sm-12 col-xs-12 pt-cv-content-item pt-cv-1-col\" ><div class='pt-cv-ifield'><h4 class=\"pt-cv-title\"><a href=\"https:\/\/www.tvnovelas.com.br\/tvnews\/vai-na-fe-sol-enfrenta-empresario-e-abre-show-de-lui\/\" class=\"_blank\" target=\"_blank\" >Vai na F\u00e9: Sol enfrenta empres\u00e1rio e abre show de Lui<\/a><\/h4><\/div><\/div>\n<div class=\"col-md-12 col-sm-12 col-xs-12 pt-cv-content-item pt-cv-1-col\" ><div class='pt-cv-ifield'><h4 class=\"pt-cv-title\"><a href=\"https:\/\/www.tvnovelas.com.br\/tvnews\/vai-na-fe-theo-muda-visual-e-mata-orfeu\/\" class=\"_blank\" target=\"_blank\" >Vai na F\u00e9: Theo muda visual e mata Orfeu<\/a><\/h4><\/div><\/div>\n<div class=\"col-md-12 col-sm-12 col-xs-12 pt-cv-content-item pt-cv-1-col\" ><div class='pt-cv-ifield'><h4 class=\"pt-cv-title\"><a href=\"https:\/\/www.tvnovelas.com.br\/tvnews\/vai-na-fe-sol-e-impedida-de-abrir-show-de-lui-lorenzo\/\" class=\"_blank\" target=\"_blank\" >Vai na F\u00e9: Sol \u00e9 impedida de abrir show de Lui Lorenzo<\/a><\/h4><\/div><\/div>\n<div class=\"col-md-12 col-sm-12 col-xs-12 pt-cv-content-item pt-cv-1-col\" ><div class='pt-cv-ifield'><h4 class=\"pt-cv-title\"><a href=\"https:\/\/www.tvnovelas.com.br\/tvnews\/vai-na-fe-ben-descobre-envolvimento-de-theo-na-morte-de-carlao\/\" class=\"_blank\" target=\"_blank\" >Vai na F\u00e9: Ben descobre envolvimento de Theo na morte de Carl\u00e3o<\/a><\/h4><\/div><\/div>\n<div class=\"col-md-12 col-sm-12 col-xs-12 pt-cv-content-item pt-cv-1-col\" ><div class='pt-cv-ifield'><h4 class=\"pt-cv-title\"><a href=\"https:\/\/www.tvnovelas.com.br\/tvnews\/vai-na-fe-orfeu-erra-o-tiro-e-theo-atropela-o-ex-socio\/\" class=\"_blank\" target=\"_blank\" >Vai na F\u00e9: Orfeu erra o tiro e Theo atropela o ex-s\u00f3cio<\/a><\/h4><\/div><\/div>\n<div class=\"col-md-12 col-sm-12 col-xs-12 pt-cv-content-item pt-cv-1-col\" ><div class='pt-cv-ifield'><h4 class=\"pt-cv-title\"><a href=\"https:\/\/www.tvnovelas.com.br\/tvnews\/vai-na-fe-orfeu-traido-por-theo-promete-vinganca\/\" class=\"_blank\" target=\"_blank\" >Vai na F\u00e9: Orfeu tra\u00eddo por Theo promete vingan\u00e7a<\/a><\/h4><\/div><\/div><\/div><\/div><\/div><br \/>\n<strong style=\"font-size: 120%;\">\u00daltimas not\u00edcias deste canal:<\/strong><br \/>\n<div class=\"pt-cv-wrapper\"><div class=\"pt-cv-view pt-cv-grid pt-cv-colsys\" id=\"pt-cv-view-90991035b3\"><div data-id=\"pt-cv-page-1\" class=\"pt-cv-page\" data-cvc=\"1\"><div class=\"col-md-12 col-sm-12 col-xs-12 pt-cv-content-item pt-cv-1-col\" ><div class='pt-cv-ifield'><h4 class=\"pt-cv-title\"><a href=\"https:\/\/www.tvnovelas.com.br\/tvnews\/em-coracao-de-mae-nos-proximos-capitulos-04-a-08-5\/\" class=\"_self\" target=\"_self\" >Em Cora\u00e7\u00e3o de M\u00e3e nos pr\u00f3ximos cap\u00edtulos (04 a 08\/5)<\/a><\/h4><\/div><\/div>\n<div class=\"col-md-12 col-sm-12 col-xs-12 pt-cv-content-item pt-cv-1-col\" ><div class='pt-cv-ifield'><h4 class=\"pt-cv-title\"><a href=\"https:\/\/www.tvnovelas.com.br\/tvnews\/coracao-de-mae-hasan-e-filiz-em-piquenique-romantico\/\" class=\"_self\" target=\"_self\" >Cora\u00e7\u00e3o de M\u00e3e: Hasan e Filiz em piquenique rom\u00e2ntico<\/a><\/h4><\/div><\/div>\n<div class=\"col-md-12 col-sm-12 col-xs-12 pt-cv-content-item pt-cv-1-col\" ><div class='pt-cv-ifield'><h4 class=\"pt-cv-title\"><a href=\"https:\/\/www.tvnovelas.com.br\/tvnews\/guerra-das-rosas-cihan-vibra-com-desistencia-de-gulru-de-casar-com-mert\/\" class=\"_self\" target=\"_self\" >Guerra das Rosas: Cihan vibra com desist\u00eancia de Gulru de casar com Mert<\/a><\/h4><\/div><\/div>\n<div class=\"col-md-12 col-sm-12 col-xs-12 pt-cv-content-item pt-cv-1-col\" ><div class='pt-cv-ifield'><h4 class=\"pt-cv-title\"><a href=\"https:\/\/www.tvnovelas.com.br\/tvnews\/coracao-de-mae-irmak-denuncia-adnan\/\" class=\"_self\" target=\"_self\" >Cora\u00e7\u00e3o de M\u00e3e: Irmak denuncia Adnan<\/a><\/h4><\/div><\/div>\n<div class=\"col-md-12 col-sm-12 col-xs-12 pt-cv-content-item pt-cv-1-col\" ><div class='pt-cv-ifield'><h4 class=\"pt-cv-title\"><a href=\"https:\/\/www.tvnovelas.com.br\/tvnews\/a-nobreza-do-amor-mirinho-e-obrigado-a-resgatar-tonho\/\" class=\"_self\" target=\"_self\" >A Nobreza do Amor: Mirinho \u00e9 obrigado a resgatar Tonho<\/a><\/h4><\/div><\/div>\n<div class=\"col-md-12 col-sm-12 col-xs-12 pt-cv-content-item pt-cv-1-col\" ><div class='pt-cv-ifield'><h4 class=\"pt-cv-title\"><a href=\"https:\/\/www.tvnovelas.com.br\/tvnews\/tres-gracas-paulinho-e-afastado-da-policia-por-causa-de-gerluce\/\" class=\"_self\" target=\"_self\" >Tr\u00eas Gra\u00e7as: Paulinho \u00e9 afastado da pol\u00edcia por causa de Gerluce<\/a><\/h4><\/div><\/div>\n<div class=\"col-md-12 col-sm-12 col-xs-12 pt-cv-content-item pt-cv-1-col\" ><div class='pt-cv-ifield'><h4 class=\"pt-cv-title\"><a href=\"https:\/\/www.tvnovelas.com.br\/tvnews\/coracao-de-mae-irmak-inicia-jogo-arriscado-contra-adnan\/\" class=\"_self\" target=\"_self\" >Cora\u00e7\u00e3o de M\u00e3e: Irmak inicia jogo arriscado contra Adnan<\/a><\/h4><\/div><\/div>\n<div class=\"col-md-12 col-sm-12 col-xs-12 pt-cv-content-item pt-cv-1-col\" ><div class='pt-cv-ifield'><h4 class=\"pt-cv-title\"><a href=\"https:\/\/www.tvnovelas.com.br\/tvnews\/guerra-das-rosas-omer-chama-gulru-vestida-de-noiva-para-fugir\/\" class=\"_self\" target=\"_self\" >Guerra das Rosas: Omer chama Gulru vestida de noiva para fugir<\/a><\/h4><\/div><\/div>\n<div class=\"col-md-12 col-sm-12 col-xs-12 pt-cv-content-item pt-cv-1-col\" ><div class='pt-cv-ifield'><h4 class=\"pt-cv-title\"><a href=\"https:\/\/www.tvnovelas.com.br\/tvnews\/coracao-de-mae-reha-sai-para-jantar-com-selvi\/\" class=\"_self\" target=\"_self\" >Cora\u00e7\u00e3o de M\u00e3e: Reha sai para jantar com Selvi<\/a><\/h4><\/div><\/div>\n<div class=\"col-md-12 col-sm-12 col-xs-12 pt-cv-content-item pt-cv-1-col\" ><div class='pt-cv-ifield'><h4 class=\"pt-cv-title\"><a href=\"https:\/\/www.tvnovelas.com.br\/tvnews\/coracao-acelerado-zila-se-preocupa-com-sua-situacao-apos-separacao\/\" class=\"_self\" target=\"_self\" >Cora\u00e7\u00e3o Acelerado: Zil\u00e1 se preocupa com sua situa\u00e7\u00e3o ap\u00f3s separa\u00e7\u00e3o<\/a><\/h4><\/div><\/div><\/div><\/div><\/div><br \/>\n<a href=\"https:\/\/www.tvnovelas.com.br\/novelas\/\"><strong>Confira os resumos da semana de todas novelas<\/strong><\/a><br \/>\n<a href=\"http:\/\/tvnovelas.com.br\/filmes\" target=\"_blank\" rel=\"noopener\">Veja tamb\u00e9m: Todas as telas: filmes e s\u00e9ries nos streamings<\/a><\/p>\n<h3>Confira tamb\u00e9m<\/h3>\n<p><a href=\"https:\/\/www.tvnovelas.com.br\/filmes\/\" target=\"_blank\" rel=\"noopener noreferrer\"><strong>Programa\u00e7\u00e3o de filmes na TV aberta<\/strong><\/a><br \/>\n<a href=\"https:\/\/caetenews.com.br\/semana\/filmes-da-globo-na-sessao-da-tarde-desta-semana\/\" target=\"_blank\" rel=\"noopener\"><strong>Confira os filmes da semana na Sess\u00e3o da Tarde<\/strong><\/a><br \/>\n<a href=\"https:\/\/www.tvnovelas.com.br\/novelas\/\" target=\"_blank\" rel=\"noopener noreferrer\"><strong>Resumos de novelas<\/strong><\/a><\/p>\n","protected":false},"excerpt":{"rendered":"<p>Sol dan\u00e7a com Ben; \ud835\udc0a\ud835\udc1a\ud835\udc2d\ud835\udc1e \ud835\udc2f\u00ea \ud835\udc13\ud835\udc21\ud835\udc1e\ud835\udc28 \ud835\udc28\ud835\udc25\ud835\udc21\ud835\udc1a\ud835\udc27\ud835\udc1d\ud835\udc28 \ud835\udc12\ud835\udc28\ud835\udc25 \ud835\udc1e \ud835\udc01\ud835\udc1e\ud835\udc27 \ud835\udc1c\ud835\udc28\ud835\udc26 \ud835\udc22\ud835\udc27\ud835\udc2f\ud835\udc1e\ud835\udc23\ud835\udc1a; Theo v\u00ea Lumiar e Lui juntos no palco; \ud835\udc13\ud835\udc21\ud835\udc1e\ud835\udc28 \ud835\udc1e \ud835\udc0b\ud835\udc2e\ud835\udc22 \ud835\udc1b\ud835\udc2b\ud835\udc22\ud835\udc20\ud835\udc1a\ud835\udc26; Sol encontra Ben cozinhando em sua casa; \ud835\udc01\ud835\udc1e\ud835\udc27 \ud835\udc29\ud835\udc1e\ud835\udc1d\ud835\udc1e \ud835\udc29\ud835\udc1a\ud835\udc2b\ud835\udc1a \ud835\udc1f\ud835\udc22\ud835\udc1c\ud835\udc1a\ud835\udc2b \ud835\udc1c\ud835\udc28\ud835\udc26 \ud835\udc12\ud835\udc28\ud835\udc25; Orfeu avisa a Theo que n\u00e3o ir\u00e1 mais ajud\u00e1-lo; \ud835\udc13\ud835\udc21\ud835\udc1e\ud835\udc28 \ud835\udc2b\ud835\udc1e\ud835\udc1c\ud835\udc1e\ud835\udc1b\ud835\udc1e \ud835\udc2e\ud835\udc26\ud835\udc1a \ud835\udc22\ud835\udc27\ud835\udc2d\ud835\udc22\ud835\udc26\ud835\udc1a\u00e7\u00e3\ud835\udc28&#8230;<\/p>\n","protected":false},"author":1,"featured_media":51548,"comment_status":"closed","ping_status":"closed","sticky":false,"template":"","format":"standard","meta":{"_uf_show_specific_survey":0,"_uf_disable_surveys":false,"_jetpack_memberships_contains_paid_content":false,"footnotes":"","_wp_rev_ctl_limit":""},"categories":[358],"tags":[5,64,359],"class_list":["post-51543","post","type-post","status-publish","format-standard","has-post-thumbnail","hentry","category-vai-na-fe","tag-globo","tag-novelas","tag-vai-na-fe","wpcat-358-id"],"aioseo_notices":[],"jetpack_featured_media_url":"https:\/\/i0.wp.com\/www.tvnovelas.com.br\/tvnews\/wp-content\/uploads\/2023\/06\/38216a.jpg?fit=728%2C410&ssl=1","jetpack_shortlink":"https:\/\/wp.me\/pdP2BO-dpl","jetpack_sharing_enabled":true,"_links":{"self":[{"href":"https:\/\/www.tvnovelas.com.br\/tvnews\/wp-json\/wp\/v2\/posts\/51543","targetHints":{"allow":["GET"]}}],"collection":[{"href":"https:\/\/www.tvnovelas.com.br\/tvnews\/wp-json\/wp\/v2\/posts"}],"about":[{"href":"https:\/\/www.tvnovelas.com.br\/tvnews\/wp-json\/wp\/v2\/types\/post"}],"author":[{"embeddable":true,"href":"https:\/\/www.tvnovelas.com.br\/tvnews\/wp-json\/wp\/v2\/users\/1"}],"replies":[{"embeddable":true,"href":"https:\/\/www.tvnovelas.com.br\/tvnews\/wp-json\/wp\/v2\/comments?post=51543"}],"version-history":[{"count":3,"href":"https:\/\/www.tvnovelas.com.br\/tvnews\/wp-json\/wp\/v2\/posts\/51543\/revisions"}],"predecessor-version":[{"id":51549,"href":"https:\/\/www.tvnovelas.com.br\/tvnews\/wp-json\/wp\/v2\/posts\/51543\/revisions\/51549"}],"wp:featuredmedia":[{"embeddable":true,"href":"https:\/\/www.tvnovelas.com.br\/tvnews\/wp-json\/wp\/v2\/media\/51548"}],"wp:attachment":[{"href":"https:\/\/www.tvnovelas.com.br\/tvnews\/wp-json\/wp\/v2\/media?parent=51543"}],"wp:term":[{"taxonomy":"category","embeddable":true,"href":"https:\/\/www.tvnovelas.com.br\/tvnews\/wp-json\/wp\/v2\/categories?post=51543"},{"taxonomy":"post_tag","embeddable":true,"href":"https:\/\/www.tvnovelas.com.br\/tvnews\/wp-json\/wp\/v2\/tags?post=51543"}],"curies":[{"name":"wp","href":"https:\/\/api.w.org\/{rel}","templated":true}]}}