{"id":51552,"date":"2023-06-10T14:00:40","date_gmt":"2023-06-10T17:00:40","guid":{"rendered":"https:\/\/www.tvnovelas.com.br\/tvnews\/?p=51552"},"modified":"2023-06-08T16:50:13","modified_gmt":"2023-06-08T19:50:13","slug":"o-que-acontece-em-terra-e-paixao-na-semana-12-a-17-de-junho","status":"publish","type":"post","link":"https:\/\/www.tvnovelas.com.br\/tvnews\/o-que-acontece-em-terra-e-paixao-na-semana-12-a-17-de-junho\/","title":{"rendered":"O que acontece em Terra e Paix\u00e3o na semana 12 a 17 de junho"},"content":{"rendered":"<p><em>Resumos de Terra e Paix\u00e3o na semana 12 a 17 de junho<\/em><br \/>\n<img data-recalc-dims=\"1\" decoding=\"async\" class=\"alignnone wp-image-51553 size-full\" title=\"(Foto: Reprodu\u00e7\u00e3o\/TV Globo\/Terra e Paix\u00e3o)\" src=\"https:\/\/i0.wp.com\/www.tvnovelas.com.br\/tvnews\/wp-content\/uploads\/2023\/06\/38217b.jpg?resize=728%2C410&#038;ssl=1\" alt=\"Foto em Terra e Paix\u00e3o na semana 12 a 17 de junho\" width=\"728\" height=\"410\" srcset=\"https:\/\/i0.wp.com\/www.tvnovelas.com.br\/tvnews\/wp-content\/uploads\/2023\/06\/38217b.jpg?w=728&amp;ssl=1 728w, https:\/\/i0.wp.com\/www.tvnovelas.com.br\/tvnews\/wp-content\/uploads\/2023\/06\/38217b.jpg?resize=678%2C381&amp;ssl=1 678w\" sizes=\"(max-width: 728px) 100vw, 728px\" \/><\/p>\n<blockquote><p>Irene alerta a Ant\u00f4nio sobre o sumi\u00e7o do filho de Aline; \ud835\udc02\ud835\udc1a\ud835\udc22\ud835\udc28 \ud835\udc22\ud835\udc27\ud835\udc2f\ud835\udc1a\ud835\udc1d\ud835\udc1e \ud835\udc28 \ud835\udc25\ud835\udc28\ud835\udc1c\ud835\udc1a\ud835\udc25 \ud835\udc28\ud835\udc27\ud835\udc1d\ud835\udc1e \ud835\udc09\ud835\udc28\u00e3\ud835\udc28 \ud835\udc1e\ud835\udc2c\ud835\udc2d\u00e1 \ud835\udc2b\ud835\udc1e\ud835\udc1f\u00e9\ud835\udc26; Gra\u00e7a comunica a Irene que est\u00e1 gr\u00e1vida; \ud835\udc00\ud835\udc25\ud835\udc22\ud835\udc27\ud835\udc1e \ud835\udc1c\ud835\udc28\ud835\udc27\ud835\udc2f\ud835\udc22\ud835\udc1d\ud835\udc1a \ud835\udc02\ud835\udc1a\ud835\udc22\ud835\udc28 \ud835\udc29\ud835\udc1a\ud835\udc2b\ud835\udc1a \ud835\udc2e\ud835\udc26 \ud835\udc23\ud835\udc1a\ud835\udc27\ud835\udc2d\ud835\udc1a\ud835\udc2b; Ramiro entrega a Irene a carta que Aline escreveu; \ud835\udc02\ud835\udc1a\ud835\udc22\ud835\udc28 \ud835\udc1d\ud835\udc1e\ud835\udc1c\ud835\udc25\ud835\udc1a\ud835\udc2b\ud835\udc1a \ud835\udc2c\ud835\udc1e\ud835\udc2e \ud835\udc1a\ud835\udc26\ud835\udc28\ud835\udc2b \ud835\udc1a \ud835\udc00\ud835\udc25\ud835\udc22\ud835\udc27\ud835\udc1e&#8230;<\/p><\/blockquote>\n<p><strong>Resumo de segunda-feira, 12 de junho<\/strong><br \/>\nAnt\u00f4nio nega que tenha raptado o filho de Aline. Aline pede ajuda a Daniel para encontrar seu filho. Ademir diz a Irene que sabe que ela n\u00e3o lhe quer por perto porque ele conhece o passado da cunhada. Jurec\u00ea oferece prote\u00e7\u00e3o a Yandara. Gra\u00e7a contrata Yandara para ajudar na loja. Irene garante a Daniel que Ant\u00f4nio n\u00e3o tem a ver com o sumi\u00e7o de Jo\u00e3o. Kelvin avisa a Luigi que o italiano ter\u00e1 que roubar o colar de Berenice. Enzo conta a Tadeu que foi amea\u00e7ado por Odilon. Kelvin esconde Ramiro em seu quarto. Caio pergunta a Kelvin onde est\u00e1 o filho de Aline.<\/p>\n<p><strong>Resumo de ter\u00e7a-feira, 13 de junho<\/strong><br \/>\nBerenice esconde Ramiro em seu quarto. Irene alerta a Ant\u00f4nio que o sumi\u00e7o do filho de Aline pode se transformar em um esc\u00e2ndalo. Berenice flagra Kelvin mexendo em sua caixa de joias. Luigi pede ajuda a Anely para reaver o colar de Gladys. Aline avisa a Jonatas que decidiu negociar a \u00e1gua com Ant\u00f4nio, em troca de seu filho, ap\u00f3s conselho de Silv\u00e9rio. Berenice esconde sua caixa de joias. Marino aluga um quarto na pousada para ficar perto de Lucinda. Caio invade o local onde Jo\u00e3o est\u00e1 como ref\u00e9m.<br \/>\n<img data-recalc-dims=\"1\" decoding=\"async\" class=\"alignnone wp-image-51554 size-full\" title=\"(Foto: Reprodu\u00e7\u00e3o\/TV Globo\/Terra e Paix\u00e3o)\" src=\"https:\/\/i0.wp.com\/www.tvnovelas.com.br\/tvnews\/wp-content\/uploads\/2023\/06\/38217.jpg?resize=728%2C410&#038;ssl=1\" alt=\"Foto em Terra e Paix\u00e3o na semana 12 a 17 de junho\" width=\"728\" height=\"410\" srcset=\"https:\/\/i0.wp.com\/www.tvnovelas.com.br\/tvnews\/wp-content\/uploads\/2023\/06\/38217.jpg?w=728&amp;ssl=1 728w, https:\/\/i0.wp.com\/www.tvnovelas.com.br\/tvnews\/wp-content\/uploads\/2023\/06\/38217.jpg?resize=678%2C381&amp;ssl=1 678w\" sizes=\"(max-width: 728px) 100vw, 728px\" \/><\/p>\n<p><strong>Resumo de quarta-feira, 14 de junho<\/strong><br \/>\nCaio leva Jo\u00e3o para casa e pede a Aline para n\u00e3o denunciar seu pai \u00e0 pol\u00edcia. Anely distrai as pessoas do bar enquanto Luigi vai ao quarto de Berenice \u00e0 procura do colar. Berenice flagra Luigi em seu quarto. Kelvin sugere que Ramiro use a carta que est\u00e1 em seu poder para tirar dinheiro de Irene. Gra\u00e7a comunica a Irene que est\u00e1 gr\u00e1vida, fazendo a sogra acreditar que o filho \u00e9 de Daniel. Tadeu exige que Enzo pegue o laptop de Anely. Ramiro diz a Irene que est\u00e1 com a carta que pode obrigar Ant\u00f4nio a fazer o que ela quiser.<\/p>\n<p><strong>Resumo de quinta-feira, 15 de junho<\/strong><br \/>\nIrene pede a Ramiro para ler a carta que Aline escreveu, acusando Ant\u00f4nio de ter matado seu marido. Aline convida Caio para um jantar de agradecimento. Nina avisa a Jonatas que Ant\u00f4nio procurou Lucas, pedindo para o irm\u00e3o quebrar as m\u00e1quinas de Aline. Irene negocia a carta com Ramiro e avisa ao capanga para manter segredo. Anely pega o celular de Enzo ao saber que o t\u00e9cnico gravou sua dan\u00e7a no bar. Luigi consegue capturar a senha de Enzo e apagar todas as fotos e v\u00eddeos. Gladys diz a Gra\u00e7a que ningu\u00e9m pode saber que a fam\u00edlia est\u00e1 ficando sem dinheiro. Ant\u00f4nio comunica a Luigi que o italiano se casar\u00e1 com Petra. Irene diz a Daniel que o filho dever\u00e1 esquecer Aline, em prol da sucess\u00e3o.<br \/>\n<img data-recalc-dims=\"1\" decoding=\"async\" class=\"alignnone wp-image-51555 size-full\" title=\"(Foto: Reprodu\u00e7\u00e3o\/TV Globo\/Terra e Paix\u00e3o)\" src=\"https:\/\/i0.wp.com\/www.tvnovelas.com.br\/tvnews\/wp-content\/uploads\/2023\/06\/38217c.jpg?resize=728%2C410&#038;ssl=1\" alt=\"Foto em Terra e Paix\u00e3o na semana 12 a 17 de junho\" width=\"728\" height=\"410\" srcset=\"https:\/\/i0.wp.com\/www.tvnovelas.com.br\/tvnews\/wp-content\/uploads\/2023\/06\/38217c.jpg?w=728&amp;ssl=1 728w, https:\/\/i0.wp.com\/www.tvnovelas.com.br\/tvnews\/wp-content\/uploads\/2023\/06\/38217c.jpg?resize=678%2C381&amp;ssl=1 678w\" sizes=\"(max-width: 728px) 100vw, 728px\" \/><\/p>\n<p><strong>Resumo de sexta-feira, 16 de junho<\/strong><br \/>\nCaio declara seu amor a Aline. Ajudados por Luana, Luigi e Anely convencem Zezinho a sabotar um bolo para Berenice dormir. Ant\u00f4nio obriga Luigi a assinar um pr\u00e9-contrato de casamento com Petra. Mara resolve voltar para casa e resgatar seu casamento. Yandara aceita o convite de Franco para sair. Berenice come o bolo e adormece. Luigi consegue resgatar o colar de Gladys. Kelvin avisa a Luigi que sabe que ele pegou o colar no quarto de Berenice. Ant\u00f4nio pergunta a Irene o que ela deseja em troca das provas contra ele.<\/p>\n<p><strong>Resumo de s\u00e1bado, 17 de junho<\/strong><br \/>\nLuigi devolve o colar para Gladys. Enzo avisa a Tadeu que colocou uma c\u00e2mera escondida no quarto de Anely. Ant\u00f4nio manda Ramiro sumir com Breno. Aline e Daniel encontram um corpo no rio. Berenice faz uma reuni\u00e3o com os funcion\u00e1rios do bar para saber quem roubou seu colar. Marino comunica a Aline e Jonatas que o corpo achado no rio \u00e9 de Breno. Ant\u00f4nio diz a Daniel que est\u00e1 disposto a escolher o filho como seu sucessor, com a condi\u00e7\u00e3o de que ele esteja casado. Daniel comunica a Ant\u00f4nio que est\u00e1 apaixonado por outra mulher.<\/p>\n<p><a href=\"https:\/\/www.tvnovelas.com.br\/tvnews\/terra-e-paixao-caio-descobre-golpe-de-antonio-contra-aline-e-ameaca-o-pai\/\" target=\"_blank\" rel=\"noopener\">Terra e Paix\u00e3o: Caio descobre golpe de Ant\u00f4nio contra Aline e amea\u00e7a o pai<\/a><br \/>\n<!--FIM DO POST--><br \/>\n<a href=\"https:\/\/www.tvnovelas.com.br\/novelas\/resumos-de-terra-e-paixao-2\/\">Confira os resumos de &#8216;Terra e Paix\u00e3o&#8217; da semana 19 a 24 de junho<\/a><br \/>\n<strong style=\"font-size: 120%;\">\u00daltimas not\u00edcias de Terra e Paix\u00e3o:<br \/>\n<div class=\"pt-cv-wrapper\"><div class=\"pt-cv-view pt-cv-grid pt-cv-colsys\" id=\"pt-cv-view-9bbc6490w2\"><div data-id=\"pt-cv-page-1\" class=\"pt-cv-page\" data-cvc=\"1\"><div class=\"col-md-12 col-sm-6 col-xs-12 pt-cv-content-item pt-cv-1-col\" ><div class='pt-cv-ifield'><h4 class=\"pt-cv-title\"><a href=\"https:\/\/www.tvnovelas.com.br\/tvnews\/terra-e-paixao-vinicius-choca-aline-com-relatorio-sobre-diamantes-em-suas-terras\/\" class=\"_blank\" target=\"_blank\" >Terra e Paix\u00e3o: Vin\u00edcius choca Aline com relat\u00f3rio sobre diamantes em suas terras<\/a><\/h4><\/div><\/div>\n<div class=\"col-md-12 col-sm-6 col-xs-12 pt-cv-content-item pt-cv-1-col\" ><div class='pt-cv-ifield'><h4 class=\"pt-cv-title\"><a href=\"https:\/\/www.tvnovelas.com.br\/tvnews\/terra-e-paixao-fuga-de-antonio-tem-mortes-e-disfarce\/\" class=\"_blank\" target=\"_blank\" >Terra e Paix\u00e3o: Fuga de Ant\u00f4nio tem mortes e disfarce<\/a><\/h4><\/div><\/div>\n<div class=\"col-md-12 col-sm-6 col-xs-12 pt-cv-content-item pt-cv-1-col\" ><div class='pt-cv-ifield'><h4 class=\"pt-cv-title\"><a href=\"https:\/\/www.tvnovelas.com.br\/tvnews\/terra-e-paixao-antonio-invade-casamento-para-matar-aline-no-altar\/\" class=\"_blank\" target=\"_blank\" >Terra e Paix\u00e3o: Ant\u00f4nio invade casamento para matar Aline no altar<\/a><\/h4><\/div><\/div>\n<div class=\"col-md-12 col-sm-6 col-xs-12 pt-cv-content-item pt-cv-1-col\" ><div class='pt-cv-ifield'><h4 class=\"pt-cv-title\"><a href=\"https:\/\/www.tvnovelas.com.br\/tvnews\/terra-e-paixao-graca-se-junta-a-policia-para-salvar-danielzinho\/\" class=\"_blank\" target=\"_blank\" >Terra e Paix\u00e3o: Gra\u00e7a se junta \u00e0 Pol\u00edcia para salvar Danielzinho<\/a><\/h4><\/div><\/div>\n<div class=\"col-md-12 col-sm-6 col-xs-12 pt-cv-content-item pt-cv-1-col\" ><div class='pt-cv-ifield'><h4 class=\"pt-cv-title\"><a href=\"https:\/\/www.tvnovelas.com.br\/tvnews\/terra-e-paixao-marino-da-voz-de-prisao-a-irene\/\" class=\"_blank\" target=\"_blank\" >Terra e Paix\u00e3o: Marino d\u00e1 voz de pris\u00e3o a Irene<\/a><\/h4><\/div><\/div>\n<div class=\"col-md-12 col-sm-6 col-xs-12 pt-cv-content-item pt-cv-1-col\" ><div class='pt-cv-ifield'><h4 class=\"pt-cv-title\"><a href=\"https:\/\/www.tvnovelas.com.br\/tvnews\/terra-e-paixao-irene-sequestra-danielzinho-e-foge-com-vinicius\/\" class=\"_blank\" target=\"_blank\" >Terra e Paix\u00e3o: Irene sequestra Danielzinho e foge com Vin\u00edcius<\/a><\/h4><\/div><\/div><\/div><\/div><\/div><br \/>\n<strong style=\"font-size: 120%;\">\u00daltimas not\u00edcias deste canal:<\/strong><br \/>\n<div class=\"pt-cv-wrapper\"><div class=\"pt-cv-view pt-cv-grid pt-cv-colsys\" id=\"pt-cv-view-90991035b3\"><div data-id=\"pt-cv-page-1\" class=\"pt-cv-page\" data-cvc=\"1\"><div class=\"col-md-12 col-sm-12 col-xs-12 pt-cv-content-item pt-cv-1-col\" ><div class='pt-cv-ifield'><h4 class=\"pt-cv-title\"><a href=\"https:\/\/www.tvnovelas.com.br\/tvnews\/em-coracao-de-mae-nos-proximos-capitulos-04-a-08-5\/\" class=\"_self\" target=\"_self\" >Em Cora\u00e7\u00e3o de M\u00e3e nos pr\u00f3ximos cap\u00edtulos (04 a 08\/5)<\/a><\/h4><\/div><\/div>\n<div class=\"col-md-12 col-sm-12 col-xs-12 pt-cv-content-item pt-cv-1-col\" ><div class='pt-cv-ifield'><h4 class=\"pt-cv-title\"><a href=\"https:\/\/www.tvnovelas.com.br\/tvnews\/coracao-de-mae-hasan-e-filiz-em-piquenique-romantico\/\" class=\"_self\" target=\"_self\" >Cora\u00e7\u00e3o de M\u00e3e: Hasan e Filiz em piquenique rom\u00e2ntico<\/a><\/h4><\/div><\/div>\n<div class=\"col-md-12 col-sm-12 col-xs-12 pt-cv-content-item pt-cv-1-col\" ><div class='pt-cv-ifield'><h4 class=\"pt-cv-title\"><a href=\"https:\/\/www.tvnovelas.com.br\/tvnews\/guerra-das-rosas-cihan-vibra-com-desistencia-de-gulru-de-casar-com-mert\/\" class=\"_self\" target=\"_self\" >Guerra das Rosas: Cihan vibra com desist\u00eancia de Gulru de casar com Mert<\/a><\/h4><\/div><\/div>\n<div class=\"col-md-12 col-sm-12 col-xs-12 pt-cv-content-item pt-cv-1-col\" ><div class='pt-cv-ifield'><h4 class=\"pt-cv-title\"><a href=\"https:\/\/www.tvnovelas.com.br\/tvnews\/coracao-de-mae-irmak-denuncia-adnan\/\" class=\"_self\" target=\"_self\" >Cora\u00e7\u00e3o de M\u00e3e: Irmak denuncia Adnan<\/a><\/h4><\/div><\/div>\n<div class=\"col-md-12 col-sm-12 col-xs-12 pt-cv-content-item pt-cv-1-col\" ><div class='pt-cv-ifield'><h4 class=\"pt-cv-title\"><a href=\"https:\/\/www.tvnovelas.com.br\/tvnews\/a-nobreza-do-amor-mirinho-e-obrigado-a-resgatar-tonho\/\" class=\"_self\" target=\"_self\" >A Nobreza do Amor: Mirinho \u00e9 obrigado a resgatar Tonho<\/a><\/h4><\/div><\/div>\n<div class=\"col-md-12 col-sm-12 col-xs-12 pt-cv-content-item pt-cv-1-col\" ><div class='pt-cv-ifield'><h4 class=\"pt-cv-title\"><a href=\"https:\/\/www.tvnovelas.com.br\/tvnews\/tres-gracas-paulinho-e-afastado-da-policia-por-causa-de-gerluce\/\" class=\"_self\" target=\"_self\" >Tr\u00eas Gra\u00e7as: Paulinho \u00e9 afastado da pol\u00edcia por causa de Gerluce<\/a><\/h4><\/div><\/div>\n<div class=\"col-md-12 col-sm-12 col-xs-12 pt-cv-content-item pt-cv-1-col\" ><div class='pt-cv-ifield'><h4 class=\"pt-cv-title\"><a href=\"https:\/\/www.tvnovelas.com.br\/tvnews\/coracao-de-mae-irmak-inicia-jogo-arriscado-contra-adnan\/\" class=\"_self\" target=\"_self\" >Cora\u00e7\u00e3o de M\u00e3e: Irmak inicia jogo arriscado contra Adnan<\/a><\/h4><\/div><\/div>\n<div class=\"col-md-12 col-sm-12 col-xs-12 pt-cv-content-item pt-cv-1-col\" ><div class='pt-cv-ifield'><h4 class=\"pt-cv-title\"><a href=\"https:\/\/www.tvnovelas.com.br\/tvnews\/guerra-das-rosas-omer-chama-gulru-vestida-de-noiva-para-fugir\/\" class=\"_self\" target=\"_self\" >Guerra das Rosas: Omer chama Gulru vestida de noiva para fugir<\/a><\/h4><\/div><\/div>\n<div class=\"col-md-12 col-sm-12 col-xs-12 pt-cv-content-item pt-cv-1-col\" ><div class='pt-cv-ifield'><h4 class=\"pt-cv-title\"><a href=\"https:\/\/www.tvnovelas.com.br\/tvnews\/coracao-de-mae-reha-sai-para-jantar-com-selvi\/\" class=\"_self\" target=\"_self\" >Cora\u00e7\u00e3o de M\u00e3e: Reha sai para jantar com Selvi<\/a><\/h4><\/div><\/div>\n<div class=\"col-md-12 col-sm-12 col-xs-12 pt-cv-content-item pt-cv-1-col\" ><div class='pt-cv-ifield'><h4 class=\"pt-cv-title\"><a href=\"https:\/\/www.tvnovelas.com.br\/tvnews\/coracao-acelerado-zila-se-preocupa-com-sua-situacao-apos-separacao\/\" class=\"_self\" target=\"_self\" >Cora\u00e7\u00e3o Acelerado: Zil\u00e1 se preocupa com sua situa\u00e7\u00e3o ap\u00f3s separa\u00e7\u00e3o<\/a><\/h4><\/div><\/div><\/div><\/div><\/div><br \/>\n<a href=\"https:\/\/www.tvnovelas.com.br\/novelas\/\"><strong>Confira os resumos da semana de todas novelas<\/strong><\/a><\/strong><\/p>\n<h3>Confira tamb\u00e9m<\/h3>\n<p><a href=\"https:\/\/www.tvnovelas.com.br\/filmes\/\" target=\"_blank\" rel=\"noopener noreferrer\"><strong>Programa\u00e7\u00e3o de filmes na TV aberta<\/strong><\/a><br \/>\n<a href=\"https:\/\/caetenews.com.br\/semana\/filmes-da-globo-na-sessao-da-tarde-desta-semana\/\" target=\"_blank\" rel=\"noopener\"><strong>Confira os filmes da semana na Sess\u00e3o da Tarde<\/strong><\/a><br \/>\n<a href=\"https:\/\/www.tvnovelas.com.br\/novelas\/\" target=\"_blank\" rel=\"noopener noreferrer\"><strong>Resumos de novelas<\/strong><\/a><\/p>\n","protected":false},"excerpt":{"rendered":"<p>Irene alerta a Ant\u00f4nio sobre o sumi\u00e7o do filho de Aline; \ud835\udc02\ud835\udc1a\ud835\udc22\ud835\udc28 \ud835\udc22\ud835\udc27\ud835\udc2f\ud835\udc1a\ud835\udc1d\ud835\udc1e \ud835\udc28 \ud835\udc25\ud835\udc28\ud835\udc1c\ud835\udc1a\ud835\udc25 \ud835\udc28\ud835\udc27\ud835\udc1d\ud835\udc1e \ud835\udc09\ud835\udc28\u00e3\ud835\udc28 \ud835\udc1e\ud835\udc2c\ud835\udc2d\u00e1 \ud835\udc2b\ud835\udc1e\ud835\udc1f\u00e9\ud835\udc26; Gra\u00e7a comunica a Irene que est\u00e1 gr\u00e1vida; \ud835\udc00\ud835\udc25\ud835\udc22\ud835\udc27\ud835\udc1e \ud835\udc1c\ud835\udc28\ud835\udc27\ud835\udc2f\ud835\udc22\ud835\udc1d\ud835\udc1a \ud835\udc02\ud835\udc1a\ud835\udc22\ud835\udc28 \ud835\udc29\ud835\udc1a\ud835\udc2b\ud835\udc1a \ud835\udc2e\ud835\udc26 \ud835\udc23\ud835\udc1a\ud835\udc27\ud835\udc2d\ud835\udc1a\ud835\udc2b; Ramiro entrega a Irene a carta que Aline escreveu; \ud835\udc02\ud835\udc1a\ud835\udc22\ud835\udc28 \ud835\udc1d\ud835\udc1e\ud835\udc1c\ud835\udc25\ud835\udc1a\ud835\udc2b\ud835\udc1a \ud835\udc2c\ud835\udc1e\ud835\udc2e \ud835\udc1a\ud835\udc26\ud835\udc28\ud835\udc2b \ud835\udc1a \ud835\udc00\ud835\udc25\ud835\udc22\ud835\udc27\ud835\udc1e&#8230;<\/p>\n","protected":false},"author":1,"featured_media":51553,"comment_status":"closed","ping_status":"closed","sticky":false,"template":"","format":"standard","meta":{"_uf_show_specific_survey":0,"_uf_disable_surveys":false,"_jetpack_memberships_contains_paid_content":false,"footnotes":"","_wp_rev_ctl_limit":""},"categories":[382],"tags":[5,64,383],"class_list":["post-51552","post","type-post","status-publish","format-standard","has-post-thumbnail","hentry","category-terra-e-paixao","tag-globo","tag-novelas","tag-terra-e-paixao","wpcat-382-id"],"aioseo_notices":[],"jetpack_featured_media_url":"https:\/\/i0.wp.com\/www.tvnovelas.com.br\/tvnews\/wp-content\/uploads\/2023\/06\/38217b.jpg?fit=728%2C410&ssl=1","jetpack_shortlink":"https:\/\/wp.me\/pdP2BO-dpu","jetpack_sharing_enabled":true,"_links":{"self":[{"href":"https:\/\/www.tvnovelas.com.br\/tvnews\/wp-json\/wp\/v2\/posts\/51552","targetHints":{"allow":["GET"]}}],"collection":[{"href":"https:\/\/www.tvnovelas.com.br\/tvnews\/wp-json\/wp\/v2\/posts"}],"about":[{"href":"https:\/\/www.tvnovelas.com.br\/tvnews\/wp-json\/wp\/v2\/types\/post"}],"author":[{"embeddable":true,"href":"https:\/\/www.tvnovelas.com.br\/tvnews\/wp-json\/wp\/v2\/users\/1"}],"replies":[{"embeddable":true,"href":"https:\/\/www.tvnovelas.com.br\/tvnews\/wp-json\/wp\/v2\/comments?post=51552"}],"version-history":[{"count":2,"href":"https:\/\/www.tvnovelas.com.br\/tvnews\/wp-json\/wp\/v2\/posts\/51552\/revisions"}],"predecessor-version":[{"id":51557,"href":"https:\/\/www.tvnovelas.com.br\/tvnews\/wp-json\/wp\/v2\/posts\/51552\/revisions\/51557"}],"wp:featuredmedia":[{"embeddable":true,"href":"https:\/\/www.tvnovelas.com.br\/tvnews\/wp-json\/wp\/v2\/media\/51553"}],"wp:attachment":[{"href":"https:\/\/www.tvnovelas.com.br\/tvnews\/wp-json\/wp\/v2\/media?parent=51552"}],"wp:term":[{"taxonomy":"category","embeddable":true,"href":"https:\/\/www.tvnovelas.com.br\/tvnews\/wp-json\/wp\/v2\/categories?post=51552"},{"taxonomy":"post_tag","embeddable":true,"href":"https:\/\/www.tvnovelas.com.br\/tvnews\/wp-json\/wp\/v2\/tags?post=51552"}],"curies":[{"name":"wp","href":"https:\/\/api.w.org\/{rel}","templated":true}]}}