{"id":51909,"date":"2023-06-17T14:00:52","date_gmt":"2023-06-17T17:00:52","guid":{"rendered":"https:\/\/www.tvnovelas.com.br\/tvnews\/?p=51909"},"modified":"2023-06-17T15:48:45","modified_gmt":"2023-06-17T18:48:45","slug":"o-que-vai-rolar-em-amor-perfeito-na-semana-19-a-24-de-junho","status":"publish","type":"post","link":"https:\/\/www.tvnovelas.com.br\/tvnews\/o-que-vai-rolar-em-amor-perfeito-na-semana-19-a-24-de-junho\/","title":{"rendered":"O que vai rolar em Amor Perfeito na semana 19 a 24 de junho"},"content":{"rendered":"<p><em>Resumos de Amor Perfeito na semana 19 a 24 de junho<\/em><br \/>\n<img data-recalc-dims=\"1\" decoding=\"async\" class=\"alignnone wp-image-51945 size-full\" title=\"(Foto: Reprodu\u00e7\u00e3o\/TV Globo\/Amor Perfeito)\" src=\"https:\/\/i0.wp.com\/www.tvnovelas.com.br\/tvnews\/wp-content\/uploads\/2023\/06\/38302b.jpg?resize=728%2C410&#038;ssl=1\" alt=\"Foto em Amor Perfeito na semana 19 a 24 de junho\" width=\"728\" height=\"410\" srcset=\"https:\/\/i0.wp.com\/www.tvnovelas.com.br\/tvnews\/wp-content\/uploads\/2023\/06\/38302b.jpg?w=728&amp;ssl=1 728w, https:\/\/i0.wp.com\/www.tvnovelas.com.br\/tvnews\/wp-content\/uploads\/2023\/06\/38302b.jpg?resize=678%2C381&amp;ssl=1 678w\" sizes=\"(max-width: 728px) 100vw, 728px\" \/><\/p>\n<blockquote><p>Gilda e todos flagram Mirtes e Gaspar juntos; Gilda cancela o casamento com Gaspar; Luc\u00edlia afirma a Anselmo que acabou&#8230;; Darlene se aproxima de Gaspar; Gilda inicia o processo de tutela de Marcelino; Orlando amea\u00e7a revelar o passado de Gilda..<\/p><\/blockquote>\n<p><strong>Resumo de segunda-feira, 19 de junho<\/strong><br \/>\nGilda despista Mar\u00ea sobre a inten\u00e7\u00e3o de adotar Marcelino. Mar\u00ea comenta com J\u00falio que teme que Gilda consiga afast\u00e1-la de Marcelino. Orlando tem um sonho angustiante com Marcelino e Mar\u00ea. Frei Severo aconselha Ademar. Ver\u00f4nica questiona J\u00falio sobre S\u00f4nia. Luc\u00edlia afirma a Anselmo que n\u00e3o h\u00e1 mais nada entre os dois. Jo\u00e3o confessa a Orlando que Clara \u00e9 sua filha. Luc\u00edlia consulta o advogado P\u00e9ricles para conseguir a heran\u00e7a do tio. Wanda devolve a Mar\u00ea o colar de sua m\u00e3e. A mando de Luc\u00edlia, Galdino furta documentos de Mar\u00ea. Galdino observa o colar de Maria Eug\u00eania.<\/p>\n<p><strong>Resumo de ter\u00e7a-feira, 20 de junho<\/strong><br \/>\nGilda se irrita ao saber que Mar\u00ea est\u00e1 trabalhando como administradora do hospital. Orlando se constrange com as lembran\u00e7as de Mar\u00ea sobre Virg\u00edlio e Maria Eug\u00eania. Ademar \u00e9 carinhoso com Ione. Ver\u00f4nica se assusta ao ver sua casa revirada, e Mar\u00ea descobre que as cartas e o colar de sua m\u00e3e foram roubados. Orlando confronta Luc\u00edlia sobre o roubo dos pertences de Mar\u00ea. Galdino entrega as cartas de Maria Eug\u00eania para Luc\u00edlia, mas fica com o colar. Mirtes chega ao Grande Hotel.<br \/>\n<img data-recalc-dims=\"1\" decoding=\"async\" class=\"alignnone wp-image-51946 size-full\" title=\"(Foto: Reprodu\u00e7\u00e3o\/TV Globo\/Amor Perfeito)\" src=\"https:\/\/i0.wp.com\/www.tvnovelas.com.br\/tvnews\/wp-content\/uploads\/2023\/06\/38302a.jpg?resize=728%2C410&#038;ssl=1\" alt=\"Foto em Amor Perfeito na semana 19 a 24 de junho\" width=\"728\" height=\"410\" srcset=\"https:\/\/i0.wp.com\/www.tvnovelas.com.br\/tvnews\/wp-content\/uploads\/2023\/06\/38302a.jpg?w=728&amp;ssl=1 728w, https:\/\/i0.wp.com\/www.tvnovelas.com.br\/tvnews\/wp-content\/uploads\/2023\/06\/38302a.jpg?resize=678%2C381&amp;ssl=1 678w\" sizes=\"(max-width: 728px) 100vw, 728px\" \/><\/p>\n<p><strong>Resumo de quarta-feira, 21 de junho<\/strong><br \/>\nGaspar se preocupa com a presen\u00e7a de Mirtes. J\u00falio reata com S\u00f4nia. Gilda paga Mirtes por seus servi\u00e7os. Gaspar afirma a Mirtes que se casar\u00e1 com Gilda e a amea\u00e7a. Gilda confessa a Orlando que n\u00e3o ama Gaspar. Clara fica doente, e Jo\u00e3o e Marcelino a visitam. Gilda combina com Luc\u00edlia e Mirtes uma forma de atrapalhar seu casamento com Gaspar. J\u00falio confronta Ademar. Gilda e todos flagram Mirtes e Gaspar juntos.<\/p>\n<p><strong>Resumo de quinta-feira, 22 de junho<\/strong><br \/>\nGilda finge indigna\u00e7\u00e3o e cancela o casamento com Gaspar. Mar\u00ea e Orlando desconfiam da trai\u00e7\u00e3o de Gaspar. Luc\u00edlia ajuda Mirtes a fugir. Gilda afirma a Luc\u00edlia que conseguir\u00e1 adotar Marcelino. Orlando comenta com Frei Jo\u00e3o sua preocupa\u00e7\u00e3o com os pr\u00f3ximos passos de Gilda. Gaspar conclui que foi v\u00edtima de uma arma\u00e7\u00e3o de Gilda. Gaspar confronta Gilda, amea\u00e7ando a mulher. Luc\u00edlia descobre o envolvimento de Gilda com a morte de Leonel.<br \/>\n<img class=\"alignnone wp-image-51947 size-full\" title=\"(Foto: Reprodu\u00e7\u00e3o\/TV Globo\/Amor Perfeito)\" \n\n<strong>Resumo de sexta-feira, 23 de junho<\/strong><br \/>\nLuc\u00edlia se espanta com o car\u00e1ter de Gilda. Mar\u00ea tem a ideia de montar uma ala de maternidade no hospital. Gilda afasta Gaspar da vice-presid\u00eancia do hotel, e amea\u00e7a Anselmo. L\u00edvia tem um novo mal-estar, e Wanda a alerta. Gilda inicia com Edvaldo o processo para conseguir a tutela de Marcelino. P\u00e9ricles engana Luc\u00edlia. \u00cdtalo anuncia a L\u00edvia a possibilidade de ela estar gr\u00e1vida. Gilda paga uma indeniza\u00e7\u00e3o a Gaspar e Anselmo. Darlene se aproxima de Gaspar. Gilda revela a Frei Severo que entrou com um pedido de guarda de Marcelino.<\/p>\n<p><strong>Resumo de s\u00e1bado, 24 de junho<\/strong><br \/>\nFrei Severo se desespera com o an\u00fancio de Gilda e pede assessoria jur\u00eddica a J\u00falio sobre o caso de Marcelino. Albuquerque comemora a poss\u00edvel gravidez de L\u00edvia. Ver\u00f4nica pensa em abrir um neg\u00f3cio ap\u00f3s a inaugura\u00e7\u00e3o do cinema. Mar\u00ea e Orlando descobrem sobre as a\u00e7\u00f5es de Gilda em rela\u00e7\u00e3o a Marcelino. Darlene se espanta com as rea\u00e7\u00f5es de T\u00e2nia e Catarina sobre Gaspar. Orlando amea\u00e7a revelar tudo sobre o passado de Gilda, caso ela insista em adotar Marcelino. Luc\u00edlia apoia Gilda. Marcelino descobre que Gilda deseja adot\u00e1-lo.<br \/>\n<!--FIM DO POST--><br \/>\n<strong style=\"font-size: 120%;\">\u00daltimas not\u00edcias de Amor Perfeito:<\/strong><br \/>\n<div class=\"pt-cv-wrapper\"><div class=\"pt-cv-view pt-cv-grid pt-cv-colsys\" id=\"pt-cv-view-04db883axk\"><div data-id=\"pt-cv-page-1\" class=\"pt-cv-page\" data-cvc=\"1\"><div class=\"col-md-12 col-sm-12 col-xs-12 pt-cv-content-item pt-cv-1-col\" ><div class='pt-cv-ifield'><h4 class=\"pt-cv-title\"><a href=\"https:\/\/www.tvnovelas.com.br\/tvnews\/amor-perfeito-mare-e-orlando-se-casam\/\" class=\"_self\" target=\"_self\" >Amor Perfeito: Mar\u00ea e Orlando se casam<\/a><\/h4><\/div><\/div>\n<div class=\"col-md-12 col-sm-12 col-xs-12 pt-cv-content-item pt-cv-1-col\" ><div class='pt-cv-ifield'><h4 class=\"pt-cv-title\"><a href=\"https:\/\/www.tvnovelas.com.br\/tvnews\/amor-perfeito-gilda-emocionada-abraca-marcelino\/\" class=\"_self\" target=\"_self\" >Amor Perfeito: Gilda emocionada abra\u00e7a Marcelino<\/a><\/h4><\/div><\/div>\n<div class=\"col-md-12 col-sm-12 col-xs-12 pt-cv-content-item pt-cv-1-col\" ><div class='pt-cv-ifield'><h4 class=\"pt-cv-title\"><a href=\"https:\/\/www.tvnovelas.com.br\/tvnews\/amor-perfeito-orlando-descobre-que-lucilia-foi-assassinada-a-mando-de-gilda\/\" class=\"_self\" target=\"_self\" >Amor Perfeito: Orlando descobre que Luc\u00edlia foi assassinada a mando de Gilda<\/a><\/h4><\/div><\/div>\n<div class=\"col-md-12 col-sm-12 col-xs-12 pt-cv-content-item pt-cv-1-col\" ><div class='pt-cv-ifield'><h4 class=\"pt-cv-title\"><a href=\"https:\/\/www.tvnovelas.com.br\/tvnews\/amor-perfeito-gilda-e-descoberta-como-mandante-de-assassinato\/\" class=\"_self\" target=\"_self\" >Amor Perfeito: Gilda \u00e9 descoberta como mandante de assassinato<\/a><\/h4><\/div><\/div>\n<div class=\"col-md-12 col-sm-12 col-xs-12 pt-cv-content-item pt-cv-1-col\" ><div class='pt-cv-ifield'><h4 class=\"pt-cv-title\"><a href=\"https:\/\/www.tvnovelas.com.br\/tvnews\/amor-perfeito-gilda-foge-da-cadeia-com-ajuda-de-gaspar\/\" class=\"_self\" target=\"_self\" >Amor Perfeito: Gilda foge da cadeia com ajuda de Gaspar<\/a><\/h4><\/div><\/div>\n<div class=\"col-md-12 col-sm-12 col-xs-12 pt-cv-content-item pt-cv-1-col\" ><div class='pt-cv-ifield'><h4 class=\"pt-cv-title\"><a href=\"https:\/\/www.tvnovelas.com.br\/tvnews\/amor-perfeito-darlene-e-joao-se-casam\/\" class=\"_self\" target=\"_self\" >Amor Perfeito: Darlene e Jo\u00e3o se casam<\/a><\/h4><\/div><\/div><\/div><\/div><\/div><br \/>\n<strong style=\"font-size: 120%;\">\u00daltimas not\u00edcias deste canal:<\/strong><br \/>\n<div class=\"pt-cv-wrapper\"><div class=\"pt-cv-view pt-cv-grid pt-cv-colsys\" id=\"pt-cv-view-90991035b3\"><div data-id=\"pt-cv-page-1\" class=\"pt-cv-page\" data-cvc=\"1\"><div class=\"col-md-12 col-sm-12 col-xs-12 pt-cv-content-item pt-cv-1-col\" ><div class='pt-cv-ifield'><h4 class=\"pt-cv-title\"><a href=\"https:\/\/www.tvnovelas.com.br\/tvnews\/em-coracao-de-mae-nos-proximos-capitulos-04-a-08-5\/\" class=\"_self\" target=\"_self\" >Em Cora\u00e7\u00e3o de M\u00e3e nos pr\u00f3ximos cap\u00edtulos (04 a 08\/5)<\/a><\/h4><\/div><\/div>\n<div class=\"col-md-12 col-sm-12 col-xs-12 pt-cv-content-item pt-cv-1-col\" ><div class='pt-cv-ifield'><h4 class=\"pt-cv-title\"><a href=\"https:\/\/www.tvnovelas.com.br\/tvnews\/coracao-de-mae-hasan-e-filiz-em-piquenique-romantico\/\" class=\"_self\" target=\"_self\" >Cora\u00e7\u00e3o de M\u00e3e: Hasan e Filiz em piquenique rom\u00e2ntico<\/a><\/h4><\/div><\/div>\n<div class=\"col-md-12 col-sm-12 col-xs-12 pt-cv-content-item pt-cv-1-col\" ><div class='pt-cv-ifield'><h4 class=\"pt-cv-title\"><a href=\"https:\/\/www.tvnovelas.com.br\/tvnews\/guerra-das-rosas-cihan-vibra-com-desistencia-de-gulru-de-casar-com-mert\/\" class=\"_self\" target=\"_self\" >Guerra das Rosas: Cihan vibra com desist\u00eancia de Gulru de casar com Mert<\/a><\/h4><\/div><\/div>\n<div class=\"col-md-12 col-sm-12 col-xs-12 pt-cv-content-item pt-cv-1-col\" ><div class='pt-cv-ifield'><h4 class=\"pt-cv-title\"><a href=\"https:\/\/www.tvnovelas.com.br\/tvnews\/coracao-de-mae-irmak-denuncia-adnan\/\" class=\"_self\" target=\"_self\" >Cora\u00e7\u00e3o de M\u00e3e: Irmak denuncia Adnan<\/a><\/h4><\/div><\/div>\n<div class=\"col-md-12 col-sm-12 col-xs-12 pt-cv-content-item pt-cv-1-col\" ><div class='pt-cv-ifield'><h4 class=\"pt-cv-title\"><a href=\"https:\/\/www.tvnovelas.com.br\/tvnews\/a-nobreza-do-amor-mirinho-e-obrigado-a-resgatar-tonho\/\" class=\"_self\" target=\"_self\" >A Nobreza do Amor: Mirinho \u00e9 obrigado a resgatar Tonho<\/a><\/h4><\/div><\/div>\n<div class=\"col-md-12 col-sm-12 col-xs-12 pt-cv-content-item pt-cv-1-col\" ><div class='pt-cv-ifield'><h4 class=\"pt-cv-title\"><a href=\"https:\/\/www.tvnovelas.com.br\/tvnews\/tres-gracas-paulinho-e-afastado-da-policia-por-causa-de-gerluce\/\" class=\"_self\" target=\"_self\" >Tr\u00eas Gra\u00e7as: Paulinho \u00e9 afastado da pol\u00edcia por causa de Gerluce<\/a><\/h4><\/div><\/div>\n<div class=\"col-md-12 col-sm-12 col-xs-12 pt-cv-content-item pt-cv-1-col\" ><div class='pt-cv-ifield'><h4 class=\"pt-cv-title\"><a href=\"https:\/\/www.tvnovelas.com.br\/tvnews\/coracao-de-mae-irmak-inicia-jogo-arriscado-contra-adnan\/\" class=\"_self\" target=\"_self\" >Cora\u00e7\u00e3o de M\u00e3e: Irmak inicia jogo arriscado contra Adnan<\/a><\/h4><\/div><\/div>\n<div class=\"col-md-12 col-sm-12 col-xs-12 pt-cv-content-item pt-cv-1-col\" ><div class='pt-cv-ifield'><h4 class=\"pt-cv-title\"><a href=\"https:\/\/www.tvnovelas.com.br\/tvnews\/guerra-das-rosas-omer-chama-gulru-vestida-de-noiva-para-fugir\/\" class=\"_self\" target=\"_self\" >Guerra das Rosas: Omer chama Gulru vestida de noiva para fugir<\/a><\/h4><\/div><\/div>\n<div class=\"col-md-12 col-sm-12 col-xs-12 pt-cv-content-item pt-cv-1-col\" ><div class='pt-cv-ifield'><h4 class=\"pt-cv-title\"><a href=\"https:\/\/www.tvnovelas.com.br\/tvnews\/coracao-de-mae-reha-sai-para-jantar-com-selvi\/\" class=\"_self\" target=\"_self\" >Cora\u00e7\u00e3o de M\u00e3e: Reha sai para jantar com Selvi<\/a><\/h4><\/div><\/div>\n<div class=\"col-md-12 col-sm-12 col-xs-12 pt-cv-content-item pt-cv-1-col\" ><div class='pt-cv-ifield'><h4 class=\"pt-cv-title\"><a href=\"https:\/\/www.tvnovelas.com.br\/tvnews\/coracao-acelerado-zila-se-preocupa-com-sua-situacao-apos-separacao\/\" class=\"_self\" target=\"_self\" >Cora\u00e7\u00e3o Acelerado: Zil\u00e1 se preocupa com sua situa\u00e7\u00e3o ap\u00f3s separa\u00e7\u00e3o<\/a><\/h4><\/div><\/div><\/div><\/div><\/div><br \/>\n<a href=\"https:\/\/www.tvnovelas.com.br\/novelas\/\"><strong>Confira os resumos da semana de todas novelas<\/strong><\/a><\/p>\n<h3>Confira tamb\u00e9m<\/h3>\n<p><a href=\"https:\/\/www.tvnovelas.com.br\/filmes\/\" target=\"_blank\" rel=\"noopener noreferrer\"><strong>Programa\u00e7\u00e3o de filmes na TV aberta<\/strong><\/a><br \/>\n<a href=\"https:\/\/caetenews.com.br\/semana\/filmes-da-globo-na-sessao-da-tarde-desta-semana\/\" target=\"_blank\" rel=\"noopener\"><strong>Confira os filmes da semana na Sess\u00e3o da Tarde<\/strong><\/a><br \/>\n<a href=\"https:\/\/www.tvnovelas.com.br\/novelas\/\" target=\"_blank\" rel=\"noopener noreferrer\"><strong>Resumos de novelas<\/strong><\/a><\/p>\n","protected":false},"excerpt":{"rendered":"<p>Gilda e todos flagram Mirtes e Gaspar juntos; \ud835\udc06\ud835\udc22\ud835\udc25\ud835\udc1d\ud835\udc1a \ud835\udc1c\ud835\udc1a\ud835\udc27\ud835\udc1c\ud835\udc1e\ud835\udc25\ud835\udc1a \ud835\udc28 \ud835\udc1c\ud835\udc1a\ud835\udc2c\ud835\udc1a\ud835\udc26\ud835\udc1e\ud835\udc27\ud835\udc2d\ud835\udc28 \ud835\udc1c\ud835\udc28\ud835\udc26 \ud835\udc06\ud835\udc1a\ud835\udc2c\ud835\udc29\ud835\udc1a\ud835\udc2b; Luc\u00edlia afirma a Anselmo que acabou&#8230;; \ud835\udc03\ud835\udc1a\ud835\udc2b\ud835\udc25\ud835\udc1e\ud835\udc27\ud835\udc1e \ud835\udc2c\ud835\udc1e \ud835\udc1a\ud835\udc29\ud835\udc2b\ud835\udc28\ud835\udc31\ud835\udc22\ud835\udc26\ud835\udc1a \ud835\udc1d\ud835\udc1e \ud835\udc06\ud835\udc1a\ud835\udc2c\ud835\udc29\ud835\udc1a\ud835\udc2b; Gilda inicia o processo de tutela de Marcelino; \ud835\udc0e\ud835\udc2b\ud835\udc25\ud835\udc1a\ud835\udc27\ud835\udc1d\ud835\udc28 \ud835\udc1a\ud835\udc26\ud835\udc1e\ud835\udc1a\u00e7\ud835\udc1a \ud835\udc2b\ud835\udc1e\ud835\udc2f\ud835\udc1e\ud835\udc25\ud835\udc1a\ud835\udc2b \ud835\udc28 \ud835\udc29\ud835\udc1a\ud835\udc2c\ud835\udc2c\ud835\udc1a\ud835\udc1d\ud835\udc28 \ud835\udc1d\ud835\udc1e \ud835\udc06\ud835\udc22\ud835\udc25\ud835\udc1d\ud835\udc1a..<\/p>\n","protected":false},"author":1,"featured_media":51945,"comment_status":"closed","ping_status":"closed","sticky":false,"template":"","format":"standard","meta":{"_uf_show_specific_survey":0,"_uf_disable_surveys":false,"_jetpack_memberships_contains_paid_content":false,"footnotes":"","_wp_rev_ctl_limit":""},"categories":[375],"tags":[376,5,64],"class_list":["post-51909","post","type-post","status-publish","format-standard","has-post-thumbnail","hentry","category-amor-perfeito","tag-amor-perfeito","tag-globo","tag-novelas","wpcat-375-id"],"aioseo_notices":[],"jetpack_featured_media_url":"https:\/\/i0.wp.com\/www.tvnovelas.com.br\/tvnews\/wp-content\/uploads\/2023\/06\/38302b.jpg?fit=728%2C410&ssl=1","jetpack_shortlink":"https:\/\/wp.me\/pdP2BO-dvf","jetpack_sharing_enabled":true,"_links":{"self":[{"href":"https:\/\/www.tvnovelas.com.br\/tvnews\/wp-json\/wp\/v2\/posts\/51909","targetHints":{"allow":["GET"]}}],"collection":[{"href":"https:\/\/www.tvnovelas.com.br\/tvnews\/wp-json\/wp\/v2\/posts"}],"about":[{"href":"https:\/\/www.tvnovelas.com.br\/tvnews\/wp-json\/wp\/v2\/types\/post"}],"author":[{"embeddable":true,"href":"https:\/\/www.tvnovelas.com.br\/tvnews\/wp-json\/wp\/v2\/users\/1"}],"replies":[{"embeddable":true,"href":"https:\/\/www.tvnovelas.com.br\/tvnews\/wp-json\/wp\/v2\/comments?post=51909"}],"version-history":[{"count":5,"href":"https:\/\/www.tvnovelas.com.br\/tvnews\/wp-json\/wp\/v2\/posts\/51909\/revisions"}],"predecessor-version":[{"id":52004,"href":"https:\/\/www.tvnovelas.com.br\/tvnews\/wp-json\/wp\/v2\/posts\/51909\/revisions\/52004"}],"wp:featuredmedia":[{"embeddable":true,"href":"https:\/\/www.tvnovelas.com.br\/tvnews\/wp-json\/wp\/v2\/media\/51945"}],"wp:attachment":[{"href":"https:\/\/www.tvnovelas.com.br\/tvnews\/wp-json\/wp\/v2\/media?parent=51909"}],"wp:term":[{"taxonomy":"category","embeddable":true,"href":"https:\/\/www.tvnovelas.com.br\/tvnews\/wp-json\/wp\/v2\/categories?post=51909"},{"taxonomy":"post_tag","embeddable":true,"href":"https:\/\/www.tvnovelas.com.br\/tvnews\/wp-json\/wp\/v2\/tags?post=51909"}],"curies":[{"name":"wp","href":"https:\/\/api.w.org\/{rel}","templated":true}]}}