{"id":51949,"date":"2023-06-17T14:00:15","date_gmt":"2023-06-17T17:00:15","guid":{"rendered":"https:\/\/www.tvnovelas.com.br\/tvnews\/?p=51949"},"modified":"2023-06-17T14:52:43","modified_gmt":"2023-06-17T17:52:43","slug":"o-que-acontece-em-vai-na-fe-na-semana-19-a-24-de-junho","status":"publish","type":"post","link":"https:\/\/www.tvnovelas.com.br\/tvnews\/o-que-acontece-em-vai-na-fe-na-semana-19-a-24-de-junho\/","title":{"rendered":"O que acontece em Vai na F\u00e9 na semana 19 a 24 de junho"},"content":{"rendered":"<p><em>Resumo de Vai na F\u00e9 na semana 19 a 24 de junho<\/em><br \/>\n<img data-recalc-dims=\"1\" decoding=\"async\" class=\"alignnone wp-image-51964 size-full\" title=\"(Foto: Reprodu\u00e7\u00e3o\/TV Globo\/Vai na F\u00e9)\" src=\"https:\/\/i0.wp.com\/www.tvnovelas.com.br\/tvnews\/wp-content\/uploads\/2023\/06\/38303d.jpg?resize=728%2C410&#038;ssl=1\" alt=\"Foto em Vai na F\u00e9 na semana 19 a 24 de junho\" width=\"728\" height=\"410\" srcset=\"https:\/\/i0.wp.com\/www.tvnovelas.com.br\/tvnews\/wp-content\/uploads\/2023\/06\/38303d.jpg?w=728&amp;ssl=1 728w, https:\/\/i0.wp.com\/www.tvnovelas.com.br\/tvnews\/wp-content\/uploads\/2023\/06\/38303d.jpg?resize=678%2C381&amp;ssl=1 678w\" sizes=\"(max-width: 728px) 100vw, 728px\" \/><\/p>\n<blockquote><p>Theo faz um esc\u00e2ndalo na delegacia e n\u00e3o presta depoimento; Ben prepara um jantar para Sol; Ben encontra Theo desmaiado na rua; Theo ataca Lumiar, supostamente dormindo; Kate implora para Clara deixar que ela volte a namorar Rafa; Ben pede Sol em namoro&#8230;<\/p><\/blockquote>\n<p><strong>Resumo de segunda-feira, 19 de junho<\/strong><br \/>\nSol abra\u00e7a Ben, e Lui se entristece. Lumiar tenta tranquilizar Theo. Vitinho se emociona com a nova m\u00fasica de Lui. Jana\u00edna presta seu depoimento. Lucas repreende Wilma e F\u00e1bio. Jenifer chega \u00e0 delegacia para ficar com Sol e se desentende com Lumiar. Todos estranham os m\u00e9todos de Rog\u00e9ria, a preparadora de elenco de Lucas. Clara conta para Rafa sobre o processo contra Theo. Orfeu tenta falar com Clara antes de prestar seu depoimento. Jenifer acolhe Rafa. Lui e Sol conversam como amigos. F\u00e1bio desiste da prepara\u00e7\u00e3o de Rog\u00e9ria. Theo se embriaga no bar de Orfeu. Kate reclama de Clara para Rafa. Theo chega \u00e0 delegacia alcoolizado.<\/p>\n<p><strong>Resumo de ter\u00e7a-feira, 20 de junho<\/strong><br \/>\nTheo faz um esc\u00e2ndalo na delegacia e vai embora sem prestar depoimento. Um paparazzo fotografa Theo discutindo com Ben. F\u00e1bio abandona o filme, e Wilma tenta humilh\u00e1-lo. Ben avisa a Sol sobre a reportagem que saiu na internet. Rafa conta para Clara que discutiu com Kate por sua causa. Lumiar se assusta com o comportamento de Theo. Orfeu avisa a Theo que trar\u00e1 novas mercadorias il\u00edcitas, usando seu cont\u00eainer. Simas e Sabrina evitam que Bia os vejam juntos. Guiga pede para falar com Yuri sobre a gravidez. Clara recebe uma proposta de trabalho. Lumiar avisa a Theo que ele precisa demonstrar seu bom car\u00e1ter diante da sociedade. Theo v\u00ea Jenifer e Eduardo falando sobre uma campanha da Igreja e resolve ajudar.<br \/>\n<img data-recalc-dims=\"1\" decoding=\"async\" class=\"alignnone wp-image-51965 size-full\" title=\"(Foto: TV Globo\/Vai na F\u00e9)\" src=\"https:\/\/i0.wp.com\/www.tvnovelas.com.br\/tvnews\/wp-content\/uploads\/2023\/06\/38303b.jpg?resize=728%2C410&#038;ssl=1\" alt=\"Foto em Vai na F\u00e9 na semana 19 a 24 de junho\" width=\"728\" height=\"410\" srcset=\"https:\/\/i0.wp.com\/www.tvnovelas.com.br\/tvnews\/wp-content\/uploads\/2023\/06\/38303b.jpg?w=728&amp;ssl=1 728w, https:\/\/i0.wp.com\/www.tvnovelas.com.br\/tvnews\/wp-content\/uploads\/2023\/06\/38303b.jpg?resize=678%2C381&amp;ssl=1 678w\" sizes=\"(max-width: 728px) 100vw, 728px\" \/><\/p>\n<p><strong>Resumo de quarta-feira, 21 de junho<\/strong><br \/>\nTheo manda Sheila fazer a doa\u00e7\u00e3o para a Igreja, e Orfeu acha gra\u00e7a. Jenifer troca olhares com Eduardo. Helena vai com Clara at\u00e9 o est\u00fadio fotogr\u00e1fico. Ben prop\u00f5e uma parceria com Anthony Ver\u00e3o. Sol se aconselha com Wilma. Guiga faz uma publica\u00e7\u00e3o com Yuri e se comove. Jenifer confidencia sua rela\u00e7\u00e3o com Eduardo para Kate. Anthony publica em seu site que Theo foi indiciado, e Ben alerta Jana\u00edna e Sol. Bruna sugere que Sol invista nas aulas na pra\u00e7a. Com a ajuda de Jenifer e Kate, Ben prepara um jantar para Sol. O Pastor Miguel anuncia Theo como o grande doador do projeto da Igreja, e Jenifer e Sol ficam perplexas.<\/p>\n<p><strong>Resumo de quinta-feira, 22 de junho<\/strong><br \/>\nSol enfrenta Theo. Ben avisa a Bruna que pretende se mudar. O Pastor Miguel se desculpa com Sol e decide devolver o dinheiro para Theo. Ben encontra Theo desmaiado na rua e o leva para a casa de Lumiar. Ben e Sol se declaram um para o outro. Theo ataca Lumiar, supostamente dormindo. Sol pede para Vitinho escrever uma m\u00fasica para ela. Kate ajuda Rafa com um exerc\u00edcio de fotografia. Theo se enfurece ao saber que o Pastor devolveu o dinheiro de sua doa\u00e7\u00e3o. Kate implica com Eduardo e Jenifer. O Juiz aceita den\u00fancia contra Theo, e Lumiar fica preocupada. Theo tem um surto ao saber que ir\u00e1 a julgamento e vai \u00e0 casa de Sol.<br \/>\n<img data-recalc-dims=\"1\" decoding=\"async\" class=\"alignnone wp-image-51967 size-full\" title=\"(Foto: TV Globo\/Vai na F\u00e9)\" src=\"https:\/\/i0.wp.com\/www.tvnovelas.com.br\/tvnews\/wp-content\/uploads\/2023\/06\/38303.jpg?resize=728%2C410&#038;ssl=1\" alt=\"Foto em \" width=\"728\" height=\"410\" srcset=\"https:\/\/i0.wp.com\/www.tvnovelas.com.br\/tvnews\/wp-content\/uploads\/2023\/06\/38303.jpg?w=728&amp;ssl=1 728w, https:\/\/i0.wp.com\/www.tvnovelas.com.br\/tvnews\/wp-content\/uploads\/2023\/06\/38303.jpg?resize=678%2C381&amp;ssl=1 678w\" sizes=\"(max-width: 728px) 100vw, 728px\" \/><\/p>\n<p><strong>Resumo de sexta-feira, 23 de junho<\/strong><br \/>\nTheo discute com Sol e Ben. Neide se oferece como testemunha para Theo. Yuri se muda para o apart de Guiga. Eduardo n\u00e3o deixa Theo se aproximar de Jenifer. Clara se entristece com o sofrimento de Rafa. Guiga tenta seduzir Yuri. Sol entrega a Vitinho a carta que escreveu para Ben quando era jovem. Stuart Phillips responde ao v\u00eddeo de \u00c9rika, e Vitinho fica desconfiado. Kate surpreende Fred na frente de Rafa e Bela. Clara recebe uma nova proposta de trabalho. Jenifer se irrita com Eduardo por n\u00e3o tomar a iniciativa de beij\u00e1-la. Kate procura Clara.<\/p>\n<p><strong>Resumo de s\u00e1bado, 24 de junho<\/strong><br \/>\nKate implora para Clara deixar que ela volte a namorar Rafa. Guiga sofre por continuar mentindo para Yuri. Helena critica Clara por ofender Kate. Guiga seduz Yuri. Wilma conversa com Stuart. Sol canta a m\u00fasica feita por Vitinho, e Ben fica encantado. Guiga fala para Alice que vai contar a verdade para Yuri e sente um forte enjoo. Simas conta para Bia sobre Sabrina. A aula-show de Sol \u00e9 exibida em um programa de TV. Ben pede Sol em namoro durante a transmiss\u00e3o do programa, e Theo e Lumiar reagem com despeito. Stuart chega \u00e0 mans\u00e3o e todos, menos Vitinho, comemoram. Lumiar prepara Theo para o julgamento. Sol se emociona durante o interrogat\u00f3rio de Ben.<br \/>\n<!--FIM DO POST--><br \/>\n<strong style=\"font-size: 120%;\">\u00daltimas not\u00edcias de Vai na F\u00e9:<\/strong><br \/>\n<div class=\"pt-cv-wrapper\"><div class=\"pt-cv-view pt-cv-grid pt-cv-colsys\" id=\"pt-cv-view-8080477fv3\"><div data-id=\"pt-cv-page-1\" class=\"pt-cv-page\" data-cvc=\"1\"><div class=\"col-md-12 col-sm-12 col-xs-12 pt-cv-content-item pt-cv-1-col\" ><div class='pt-cv-ifield'><h4 class=\"pt-cv-title\"><a href=\"https:\/\/www.tvnovelas.com.br\/tvnews\/vai-na-fe-sol-enfrenta-empresario-e-abre-show-de-lui\/\" class=\"_blank\" target=\"_blank\" >Vai na F\u00e9: Sol enfrenta empres\u00e1rio e abre show de Lui<\/a><\/h4><\/div><\/div>\n<div class=\"col-md-12 col-sm-12 col-xs-12 pt-cv-content-item pt-cv-1-col\" ><div class='pt-cv-ifield'><h4 class=\"pt-cv-title\"><a href=\"https:\/\/www.tvnovelas.com.br\/tvnews\/vai-na-fe-theo-muda-visual-e-mata-orfeu\/\" class=\"_blank\" target=\"_blank\" >Vai na F\u00e9: Theo muda visual e mata Orfeu<\/a><\/h4><\/div><\/div>\n<div class=\"col-md-12 col-sm-12 col-xs-12 pt-cv-content-item pt-cv-1-col\" ><div class='pt-cv-ifield'><h4 class=\"pt-cv-title\"><a href=\"https:\/\/www.tvnovelas.com.br\/tvnews\/vai-na-fe-sol-e-impedida-de-abrir-show-de-lui-lorenzo\/\" class=\"_blank\" target=\"_blank\" >Vai na F\u00e9: Sol \u00e9 impedida de abrir show de Lui Lorenzo<\/a><\/h4><\/div><\/div>\n<div class=\"col-md-12 col-sm-12 col-xs-12 pt-cv-content-item pt-cv-1-col\" ><div class='pt-cv-ifield'><h4 class=\"pt-cv-title\"><a href=\"https:\/\/www.tvnovelas.com.br\/tvnews\/vai-na-fe-ben-descobre-envolvimento-de-theo-na-morte-de-carlao\/\" class=\"_blank\" target=\"_blank\" >Vai na F\u00e9: Ben descobre envolvimento de Theo na morte de Carl\u00e3o<\/a><\/h4><\/div><\/div>\n<div class=\"col-md-12 col-sm-12 col-xs-12 pt-cv-content-item pt-cv-1-col\" ><div class='pt-cv-ifield'><h4 class=\"pt-cv-title\"><a href=\"https:\/\/www.tvnovelas.com.br\/tvnews\/vai-na-fe-orfeu-erra-o-tiro-e-theo-atropela-o-ex-socio\/\" class=\"_blank\" target=\"_blank\" >Vai na F\u00e9: Orfeu erra o tiro e Theo atropela o ex-s\u00f3cio<\/a><\/h4><\/div><\/div>\n<div class=\"col-md-12 col-sm-12 col-xs-12 pt-cv-content-item pt-cv-1-col\" ><div class='pt-cv-ifield'><h4 class=\"pt-cv-title\"><a href=\"https:\/\/www.tvnovelas.com.br\/tvnews\/vai-na-fe-orfeu-traido-por-theo-promete-vinganca\/\" class=\"_blank\" target=\"_blank\" >Vai na F\u00e9: Orfeu tra\u00eddo por Theo promete vingan\u00e7a<\/a><\/h4><\/div><\/div><\/div><\/div><\/div><br \/>\n<strong style=\"font-size: 120%;\">\u00daltimas not\u00edcias deste canal:<\/strong><br \/>\n<div class=\"pt-cv-wrapper\"><div class=\"pt-cv-view pt-cv-grid pt-cv-colsys\" id=\"pt-cv-view-90991035b3\"><div data-id=\"pt-cv-page-1\" class=\"pt-cv-page\" data-cvc=\"1\"><div class=\"col-md-12 col-sm-12 col-xs-12 pt-cv-content-item pt-cv-1-col\" ><div class='pt-cv-ifield'><h4 class=\"pt-cv-title\"><a href=\"https:\/\/www.tvnovelas.com.br\/tvnews\/em-coracao-de-mae-nos-proximos-capitulos-04-a-08-5\/\" class=\"_self\" target=\"_self\" >Em Cora\u00e7\u00e3o de M\u00e3e nos pr\u00f3ximos cap\u00edtulos (04 a 08\/5)<\/a><\/h4><\/div><\/div>\n<div class=\"col-md-12 col-sm-12 col-xs-12 pt-cv-content-item pt-cv-1-col\" ><div class='pt-cv-ifield'><h4 class=\"pt-cv-title\"><a href=\"https:\/\/www.tvnovelas.com.br\/tvnews\/coracao-de-mae-hasan-e-filiz-em-piquenique-romantico\/\" class=\"_self\" target=\"_self\" >Cora\u00e7\u00e3o de M\u00e3e: Hasan e Filiz em piquenique rom\u00e2ntico<\/a><\/h4><\/div><\/div>\n<div class=\"col-md-12 col-sm-12 col-xs-12 pt-cv-content-item pt-cv-1-col\" ><div class='pt-cv-ifield'><h4 class=\"pt-cv-title\"><a href=\"https:\/\/www.tvnovelas.com.br\/tvnews\/guerra-das-rosas-cihan-vibra-com-desistencia-de-gulru-de-casar-com-mert\/\" class=\"_self\" target=\"_self\" >Guerra das Rosas: Cihan vibra com desist\u00eancia de Gulru de casar com Mert<\/a><\/h4><\/div><\/div>\n<div class=\"col-md-12 col-sm-12 col-xs-12 pt-cv-content-item pt-cv-1-col\" ><div class='pt-cv-ifield'><h4 class=\"pt-cv-title\"><a href=\"https:\/\/www.tvnovelas.com.br\/tvnews\/coracao-de-mae-irmak-denuncia-adnan\/\" class=\"_self\" target=\"_self\" >Cora\u00e7\u00e3o de M\u00e3e: Irmak denuncia Adnan<\/a><\/h4><\/div><\/div>\n<div class=\"col-md-12 col-sm-12 col-xs-12 pt-cv-content-item pt-cv-1-col\" ><div class='pt-cv-ifield'><h4 class=\"pt-cv-title\"><a href=\"https:\/\/www.tvnovelas.com.br\/tvnews\/a-nobreza-do-amor-mirinho-e-obrigado-a-resgatar-tonho\/\" class=\"_self\" target=\"_self\" >A Nobreza do Amor: Mirinho \u00e9 obrigado a resgatar Tonho<\/a><\/h4><\/div><\/div>\n<div class=\"col-md-12 col-sm-12 col-xs-12 pt-cv-content-item pt-cv-1-col\" ><div class='pt-cv-ifield'><h4 class=\"pt-cv-title\"><a href=\"https:\/\/www.tvnovelas.com.br\/tvnews\/tres-gracas-paulinho-e-afastado-da-policia-por-causa-de-gerluce\/\" class=\"_self\" target=\"_self\" >Tr\u00eas Gra\u00e7as: Paulinho \u00e9 afastado da pol\u00edcia por causa de Gerluce<\/a><\/h4><\/div><\/div>\n<div class=\"col-md-12 col-sm-12 col-xs-12 pt-cv-content-item pt-cv-1-col\" ><div class='pt-cv-ifield'><h4 class=\"pt-cv-title\"><a href=\"https:\/\/www.tvnovelas.com.br\/tvnews\/coracao-de-mae-irmak-inicia-jogo-arriscado-contra-adnan\/\" class=\"_self\" target=\"_self\" >Cora\u00e7\u00e3o de M\u00e3e: Irmak inicia jogo arriscado contra Adnan<\/a><\/h4><\/div><\/div>\n<div class=\"col-md-12 col-sm-12 col-xs-12 pt-cv-content-item pt-cv-1-col\" ><div class='pt-cv-ifield'><h4 class=\"pt-cv-title\"><a href=\"https:\/\/www.tvnovelas.com.br\/tvnews\/guerra-das-rosas-omer-chama-gulru-vestida-de-noiva-para-fugir\/\" class=\"_self\" target=\"_self\" >Guerra das Rosas: Omer chama Gulru vestida de noiva para fugir<\/a><\/h4><\/div><\/div>\n<div class=\"col-md-12 col-sm-12 col-xs-12 pt-cv-content-item pt-cv-1-col\" ><div class='pt-cv-ifield'><h4 class=\"pt-cv-title\"><a href=\"https:\/\/www.tvnovelas.com.br\/tvnews\/coracao-de-mae-reha-sai-para-jantar-com-selvi\/\" class=\"_self\" target=\"_self\" >Cora\u00e7\u00e3o de M\u00e3e: Reha sai para jantar com Selvi<\/a><\/h4><\/div><\/div>\n<div class=\"col-md-12 col-sm-12 col-xs-12 pt-cv-content-item pt-cv-1-col\" ><div class='pt-cv-ifield'><h4 class=\"pt-cv-title\"><a href=\"https:\/\/www.tvnovelas.com.br\/tvnews\/coracao-acelerado-zila-se-preocupa-com-sua-situacao-apos-separacao\/\" class=\"_self\" target=\"_self\" >Cora\u00e7\u00e3o Acelerado: Zil\u00e1 se preocupa com sua situa\u00e7\u00e3o ap\u00f3s separa\u00e7\u00e3o<\/a><\/h4><\/div><\/div><\/div><\/div><\/div><br \/>\n<a href=\"https:\/\/www.tvnovelas.com.br\/novelas\/\"><strong>Confira os resumos da semana de todas novelas<\/strong><\/a><br \/>\n<a href=\"http:\/\/tvnovelas.com.br\/filmes\" target=\"_blank\" rel=\"noopener\">Veja tamb\u00e9m: Todas as telas: filmes e s\u00e9ries nos streamings<\/a><\/p>\n<h3>Confira tamb\u00e9m<\/h3>\n<p><a href=\"https:\/\/www.tvnovelas.com.br\/filmes\/\" target=\"_blank\" rel=\"noopener noreferrer\"><strong>Programa\u00e7\u00e3o de filmes na TV aberta<\/strong><\/a><br \/>\n<a href=\"https:\/\/caetenews.com.br\/semana\/filmes-da-globo-na-sessao-da-tarde-desta-semana\/\" target=\"_blank\" rel=\"noopener\"><strong>Confira os filmes da semana na Sess\u00e3o da Tarde<\/strong><\/a><br \/>\n<a href=\"https:\/\/www.tvnovelas.com.br\/novelas\/\" target=\"_blank\" rel=\"noopener noreferrer\"><strong>Resumos de novelas<\/strong><\/a><\/p>\n","protected":false},"excerpt":{"rendered":"<p>Theo faz um esc\u00e2ndalo na delegacia e n\u00e3o presta depoimento; \ud835\udc01\ud835\udc1e\ud835\udc27 \ud835\udc29\ud835\udc2b\ud835\udc1e\ud835\udc29\ud835\udc1a\ud835\udc2b\ud835\udc1a \ud835\udc2e\ud835\udc26 \ud835\udc23\ud835\udc1a\ud835\udc27\ud835\udc2d\ud835\udc1a\ud835\udc2b \ud835\udc29\ud835\udc1a\ud835\udc2b\ud835\udc1a \ud835\udc12\ud835\udc28\ud835\udc25; Ben encontra Theo desmaiado na rua; \ud835\udc13\ud835\udc21\ud835\udc1e\ud835\udc28 \ud835\udc1a\ud835\udc2d\ud835\udc1a\ud835\udc1c\ud835\udc1a \ud835\udc0b\ud835\udc2e\ud835\udc26\ud835\udc22\ud835\udc1a\ud835\udc2b, \ud835\udc2c\ud835\udc2e\ud835\udc29\ud835\udc28\ud835\udc2c\ud835\udc2d\ud835\udc1a\ud835\udc26\ud835\udc1e\ud835\udc27\ud835\udc2d\ud835\udc1e \ud835\udc1d\ud835\udc28\ud835\udc2b\ud835\udc26\ud835\udc22\ud835\udc27\ud835\udc1d\ud835\udc28; Kate implora para Clara deixar que ela volte a namorar Rafa; \ud835\udc01\ud835\udc1e\ud835\udc27 \ud835\udc29\ud835\udc1e\ud835\udc1d\ud835\udc1e \ud835\udc12\ud835\udc28\ud835\udc25 \ud835\udc1e\ud835\udc26 \ud835\udc27\ud835\udc1a\ud835\udc26\ud835\udc28\ud835\udc2b\ud835\udc28..<\/p>\n","protected":false},"author":1,"featured_media":51964,"comment_status":"closed","ping_status":"closed","sticky":false,"template":"","format":"standard","meta":{"_uf_show_specific_survey":0,"_uf_disable_surveys":false,"_jetpack_memberships_contains_paid_content":false,"footnotes":"","_wp_rev_ctl_limit":""},"categories":[358],"tags":[64,13,359],"class_list":["post-51949","post","type-post","status-publish","format-standard","has-post-thumbnail","hentry","category-vai-na-fe","tag-novelas","tag-sbt","tag-vai-na-fe","wpcat-358-id"],"aioseo_notices":[],"jetpack_featured_media_url":"https:\/\/i0.wp.com\/www.tvnovelas.com.br\/tvnews\/wp-content\/uploads\/2023\/06\/38303d.jpg?fit=728%2C410&ssl=1","jetpack_shortlink":"https:\/\/wp.me\/pdP2BO-dvT","jetpack_sharing_enabled":true,"_links":{"self":[{"href":"https:\/\/www.tvnovelas.com.br\/tvnews\/wp-json\/wp\/v2\/posts\/51949","targetHints":{"allow":["GET"]}}],"collection":[{"href":"https:\/\/www.tvnovelas.com.br\/tvnews\/wp-json\/wp\/v2\/posts"}],"about":[{"href":"https:\/\/www.tvnovelas.com.br\/tvnews\/wp-json\/wp\/v2\/types\/post"}],"author":[{"embeddable":true,"href":"https:\/\/www.tvnovelas.com.br\/tvnews\/wp-json\/wp\/v2\/users\/1"}],"replies":[{"embeddable":true,"href":"https:\/\/www.tvnovelas.com.br\/tvnews\/wp-json\/wp\/v2\/comments?post=51949"}],"version-history":[{"count":4,"href":"https:\/\/www.tvnovelas.com.br\/tvnews\/wp-json\/wp\/v2\/posts\/51949\/revisions"}],"predecessor-version":[{"id":52002,"href":"https:\/\/www.tvnovelas.com.br\/tvnews\/wp-json\/wp\/v2\/posts\/51949\/revisions\/52002"}],"wp:featuredmedia":[{"embeddable":true,"href":"https:\/\/www.tvnovelas.com.br\/tvnews\/wp-json\/wp\/v2\/media\/51964"}],"wp:attachment":[{"href":"https:\/\/www.tvnovelas.com.br\/tvnews\/wp-json\/wp\/v2\/media?parent=51949"}],"wp:term":[{"taxonomy":"category","embeddable":true,"href":"https:\/\/www.tvnovelas.com.br\/tvnews\/wp-json\/wp\/v2\/categories?post=51949"},{"taxonomy":"post_tag","embeddable":true,"href":"https:\/\/www.tvnovelas.com.br\/tvnews\/wp-json\/wp\/v2\/tags?post=51949"}],"curies":[{"name":"wp","href":"https:\/\/api.w.org\/{rel}","templated":true}]}}