{"id":51996,"date":"2023-06-17T14:00:03","date_gmt":"2023-06-17T17:00:03","guid":{"rendered":"https:\/\/www.tvnovelas.com.br\/tvnews\/?p=51996"},"modified":"2023-06-17T12:20:14","modified_gmt":"2023-06-17T15:20:14","slug":"o-que-vem-em-terra-e-paixao-na-semana-19-a-26-de-junho","status":"publish","type":"post","link":"https:\/\/www.tvnovelas.com.br\/tvnews\/o-que-vem-em-terra-e-paixao-na-semana-19-a-26-de-junho\/","title":{"rendered":"O que vem em Terra e Paix\u00e3o na semana 19 a 26 de junho"},"content":{"rendered":"<p><em>Resumos de Terra e Paix\u00e3o na semana 19 a 26 de junho<\/em><br \/>\n<img data-recalc-dims=\"1\" decoding=\"async\" class=\"alignnone wp-image-51997 size-full\" title=\"(Foto: Reprodu\u00e7\u00e3o\/TV Globo\/Terra e Paix\u00e3o)\" src=\"https:\/\/i0.wp.com\/www.tvnovelas.com.br\/tvnews\/wp-content\/uploads\/2023\/06\/38313c.jpg?resize=728%2C410&#038;ssl=1\" alt=\"Foto em Terra e Paix\u00e3o na semana 19 a 26 de junho\" width=\"728\" height=\"410\" srcset=\"https:\/\/i0.wp.com\/www.tvnovelas.com.br\/tvnews\/wp-content\/uploads\/2023\/06\/38313c.jpg?w=728&amp;ssl=1 728w, https:\/\/i0.wp.com\/www.tvnovelas.com.br\/tvnews\/wp-content\/uploads\/2023\/06\/38313c.jpg?resize=678%2C381&amp;ssl=1 678w\" sizes=\"(max-width: 728px) 100vw, 728px\" \/><\/p>\n<blockquote><p>Luigi pede a Kelvin que rapte Berenice; Ant\u00f4nio amea\u00e7a deserdar Daniel por causa de Aline; Gra\u00e7a planeja comprar um exame de ultrassom para confirmar a gravidez; Luigi contrata uma atriz para fingir ser sua m\u00e3e; Caio chama Daniel de traidor&#8230;<\/p><\/blockquote>\n<p><strong>Resumo de segunda-feira, 19 de junho<\/strong><br \/>\nAnt\u00f4nio n\u00e3o demonstra interesse em conhecer a mo\u00e7a por quem Daniel est\u00e1 apaixonado. Kelvin sugere a Berenice que acabe com o casamento de Luigi com Petra. Marino alerta Aline para a quantidade de crimes que tem ocorrido nas terras da professora. Kelvin e Ramiro planejam arrancar dinheiro de Luigi. Luigi pede a Kelvin que rapte Berenice. Irene pede a Aline que aconselhe Daniel a ter paci\u00eancia para assumir a rela\u00e7\u00e3o com a professora, at\u00e9 que o filho garanta a sucess\u00e3o dos neg\u00f3cios de Ant\u00f4nio. Luigi d\u00e1 a tiara falsa para Petra, dizendo que \u00e9 uma joia de fam\u00edlia. Ant\u00f4nio pergunta a Irene o que a mulher foi fazer na casa de Aline.<\/p>\n<p><strong>Resumo de ter\u00e7a-feira, 20 de junho<\/strong><br \/>\nAnt\u00f4nio afirma a Irene que, caso Daniel esteja apaixonado por Aline, deserdar\u00e1 o filho. Tadeu demite Enzo. Tadeu avisa a Gladys que ter\u00e1 que vender o colar para pagar d\u00edvidas. Gra\u00e7a diz a Irene que comprar\u00e1 um exame de ultrassom para confirmar a gravidez. Jurec\u00ea diz a Yandara que ela viver\u00e1 um grande amor, mas alerta a neta sobre poss\u00edveis sofrimentos. Daniel se emociona ao ver o ultrassom. Ant\u00f4nio comunica a Daniel que o filho ser\u00e1 seu sucessor. Irene convence Daniel a aceitar o casamento com Gra\u00e7a. Caio chama Daniel de traidor ao saber que o irm\u00e3o foi indicado por Ant\u00f4nio para ser o sucessor.<br \/>\n<img data-recalc-dims=\"1\" decoding=\"async\" class=\"alignnone wp-image-51998 size-full\" title=\"(Foto: TV Globo\/Terra e Paix\u00e3o)\" src=\"https:\/\/i0.wp.com\/www.tvnovelas.com.br\/tvnews\/wp-content\/uploads\/2023\/06\/38313a.jpg?resize=728%2C410&#038;ssl=1\" alt=\"Foto em Terra e Paix\u00e3o na semana 19 a 26 de junhoTerra e Paix\u00e3o na semana 19 a 26 de junho\" width=\"728\" height=\"410\" srcset=\"https:\/\/i0.wp.com\/www.tvnovelas.com.br\/tvnews\/wp-content\/uploads\/2023\/06\/38313a.jpg?w=728&amp;ssl=1 728w, https:\/\/i0.wp.com\/www.tvnovelas.com.br\/tvnews\/wp-content\/uploads\/2023\/06\/38313a.jpg?resize=678%2C381&amp;ssl=1 678w\" sizes=\"(max-width: 728px) 100vw, 728px\" \/><\/p>\n<p><strong>Resumo de quarta-feira, 21 de junho<\/strong><br \/>\nCaio acusa Daniel de querer poder. Enzo tenta reaver seu emprego. Andrade chantageia Anely, exigindo uma parte do dinheiro que ela consegue na internet para n\u00e3o contar o que sabe para Enzo. Angelina aconselha Daniel. Petra avisa a Irene que lutar\u00e1 pela sucess\u00e3o. Luigi se oferece para ajudar Anely, caso a amiga consiga as alian\u00e7as de casamento para ele. Caio conta a Aline que Daniel o traiu. Luigi amea\u00e7a Andrade. Caio procura Aline para desabafar. Caio reage \u00e0s ofensas ditas por Ant\u00f4nio. Aline revela a Daniel que sente vergonha dele.<\/p>\n<p><strong>Resumo de quinta-feira, 22 de junho<\/strong><br \/>\nDaniel promete a Aline que usar\u00e1 o poder para construir e pede mais paci\u00eancia para resolver a situa\u00e7\u00e3o do casal. Daniel e Caio fazem as pazes. Irene contrata Zezinho para fazer o buf\u00ea do casamento de Petra. Berenice exige que Zezinho a ajude a se infiltrar no casamento de Luigi e Petra. Kelvin conta a Luigi que Berenice ir\u00e1 disfar\u00e7ada de cozinheira no casamento do italiano. Lucinda impede que Gladys expulse a filha de Flor da escola. Laurita d\u00e1 rem\u00e9dio a Petra. Gladys pede a Tadeu que demita Lucinda. Luigi reage quando Caio lhe diz que eles ter\u00e3o que ficar subordinados \u00e0s decis\u00f5es de Daniel.<br \/>\n<img data-recalc-dims=\"1\" decoding=\"async\" class=\"alignnone wp-image-51999 size-full\" title=\"(Foto: Reprodu\u00e7\u00e3o\/TV Globo\/Terra e Paix\u00e3o)\" src=\"https:\/\/i0.wp.com\/www.tvnovelas.com.br\/tvnews\/wp-content\/uploads\/2023\/06\/38313b.jpg?resize=728%2C410&#038;ssl=1\" alt=\"Foto em Terra e Paix\u00e3o na semana 19 a 26 de junho\" width=\"728\" height=\"410\" srcset=\"https:\/\/i0.wp.com\/www.tvnovelas.com.br\/tvnews\/wp-content\/uploads\/2023\/06\/38313b.jpg?w=728&amp;ssl=1 728w, https:\/\/i0.wp.com\/www.tvnovelas.com.br\/tvnews\/wp-content\/uploads\/2023\/06\/38313b.jpg?resize=678%2C381&amp;ssl=1 678w\" sizes=\"(max-width: 728px) 100vw, 728px\" \/><\/p>\n<p><strong>Resumo de sexta-feira, 23 de junho<\/strong><br \/>\nCaio tem a impress\u00e3o de que Luigi est\u00e1 interessado no dinheiro da fam\u00edlia. Irene diz a Petra e a Luigi que pedir\u00e1 a Ant\u00f4nio que coloque uma cl\u00e1usula no contrato de sucess\u00e3o garantindo os direitos da filha. Franco avisa a Aline que ela perder\u00e1 suas terras se n\u00e3o pagar a parcela do empr\u00e9stimo. Caio discute com Aline porque ela n\u00e3o aceita seu dinheiro para pagar o empr\u00e9stimo. Daniel pede a Silv\u00e9rio que mude alguns detalhes do contrato de sucess\u00e3o. Aline aceita o empr\u00e9stimo de Gentil. Aline e Daniel s\u00e3o surpreendidos por Caio enquanto conversam no Paiol.<\/p>\n<p><strong>Resumo de s\u00e1bado,24 de junho<\/strong><br \/>\nDaniel espera Aline ir para sua casa com Caio, para n\u00e3o ser visto pelo irm\u00e3o. Jussara aconselha Aline a colocar Daniel contra a parede para decidir a situa\u00e7\u00e3o do relacionamento com a filha. Luigi e Anely contratam uma atriz para fingir que \u00e9 m\u00e3e do italiano. Caio aconselha Daniel a ficar com a mulher por quem est\u00e1 apaixonado. Ramiro e outro capanga colocam Berenice em um caixote para ser despachada na transportadora. Daniel pergunta a Aline se Caio est\u00e1 apaixonado por ela e qual o sentimento da professora pelo irm\u00e3o.<br \/>\n<!--FIM DO POST--><br \/>\n<a href=\"https:\/\/www.tvnovelas.com.br\/novelas\/resumos-de-terra-e-paixao-2\/\">Confira os resumos de &#8216;Terra e Paix\u00e3o&#8217; da semana 26\/6 a 1\u00ba de julho<\/a><br \/>\n<strong style=\"font-size: 120%;\">\u00daltimas not\u00edcias de Terra e Paix\u00e3o:<br \/>\n<div class=\"pt-cv-wrapper\"><div class=\"pt-cv-view pt-cv-grid pt-cv-colsys\" id=\"pt-cv-view-9bbc6490w2\"><div data-id=\"pt-cv-page-1\" class=\"pt-cv-page\" data-cvc=\"1\"><div class=\"col-md-12 col-sm-6 col-xs-12 pt-cv-content-item pt-cv-1-col\" ><div class='pt-cv-ifield'><h4 class=\"pt-cv-title\"><a href=\"https:\/\/www.tvnovelas.com.br\/tvnews\/terra-e-paixao-vinicius-choca-aline-com-relatorio-sobre-diamantes-em-suas-terras\/\" class=\"_blank\" target=\"_blank\" >Terra e Paix\u00e3o: Vin\u00edcius choca Aline com relat\u00f3rio sobre diamantes em suas terras<\/a><\/h4><\/div><\/div>\n<div class=\"col-md-12 col-sm-6 col-xs-12 pt-cv-content-item pt-cv-1-col\" ><div class='pt-cv-ifield'><h4 class=\"pt-cv-title\"><a href=\"https:\/\/www.tvnovelas.com.br\/tvnews\/terra-e-paixao-fuga-de-antonio-tem-mortes-e-disfarce\/\" class=\"_blank\" target=\"_blank\" >Terra e Paix\u00e3o: Fuga de Ant\u00f4nio tem mortes e disfarce<\/a><\/h4><\/div><\/div>\n<div class=\"col-md-12 col-sm-6 col-xs-12 pt-cv-content-item pt-cv-1-col\" ><div class='pt-cv-ifield'><h4 class=\"pt-cv-title\"><a href=\"https:\/\/www.tvnovelas.com.br\/tvnews\/terra-e-paixao-antonio-invade-casamento-para-matar-aline-no-altar\/\" class=\"_blank\" target=\"_blank\" >Terra e Paix\u00e3o: Ant\u00f4nio invade casamento para matar Aline no altar<\/a><\/h4><\/div><\/div>\n<div class=\"col-md-12 col-sm-6 col-xs-12 pt-cv-content-item pt-cv-1-col\" ><div class='pt-cv-ifield'><h4 class=\"pt-cv-title\"><a href=\"https:\/\/www.tvnovelas.com.br\/tvnews\/terra-e-paixao-graca-se-junta-a-policia-para-salvar-danielzinho\/\" class=\"_blank\" target=\"_blank\" >Terra e Paix\u00e3o: Gra\u00e7a se junta \u00e0 Pol\u00edcia para salvar Danielzinho<\/a><\/h4><\/div><\/div>\n<div class=\"col-md-12 col-sm-6 col-xs-12 pt-cv-content-item pt-cv-1-col\" ><div class='pt-cv-ifield'><h4 class=\"pt-cv-title\"><a href=\"https:\/\/www.tvnovelas.com.br\/tvnews\/terra-e-paixao-marino-da-voz-de-prisao-a-irene\/\" class=\"_blank\" target=\"_blank\" >Terra e Paix\u00e3o: Marino d\u00e1 voz de pris\u00e3o a Irene<\/a><\/h4><\/div><\/div>\n<div class=\"col-md-12 col-sm-6 col-xs-12 pt-cv-content-item pt-cv-1-col\" ><div class='pt-cv-ifield'><h4 class=\"pt-cv-title\"><a href=\"https:\/\/www.tvnovelas.com.br\/tvnews\/terra-e-paixao-irene-sequestra-danielzinho-e-foge-com-vinicius\/\" class=\"_blank\" target=\"_blank\" >Terra e Paix\u00e3o: Irene sequestra Danielzinho e foge com Vin\u00edcius<\/a><\/h4><\/div><\/div><\/div><\/div><\/div><br \/>\n<strong style=\"font-size: 120%;\">\u00daltimas not\u00edcias deste canal:<\/strong><br \/>\n<div class=\"pt-cv-wrapper\"><div class=\"pt-cv-view pt-cv-grid pt-cv-colsys\" id=\"pt-cv-view-90991035b3\"><div data-id=\"pt-cv-page-1\" class=\"pt-cv-page\" data-cvc=\"1\"><div class=\"col-md-12 col-sm-12 col-xs-12 pt-cv-content-item pt-cv-1-col\" ><div class='pt-cv-ifield'><h4 class=\"pt-cv-title\"><a href=\"https:\/\/www.tvnovelas.com.br\/tvnews\/em-coracao-de-mae-nos-proximos-capitulos-04-a-08-5\/\" class=\"_self\" target=\"_self\" >Em Cora\u00e7\u00e3o de M\u00e3e nos pr\u00f3ximos cap\u00edtulos (04 a 08\/5)<\/a><\/h4><\/div><\/div>\n<div class=\"col-md-12 col-sm-12 col-xs-12 pt-cv-content-item pt-cv-1-col\" ><div class='pt-cv-ifield'><h4 class=\"pt-cv-title\"><a href=\"https:\/\/www.tvnovelas.com.br\/tvnews\/coracao-de-mae-hasan-e-filiz-em-piquenique-romantico\/\" class=\"_self\" target=\"_self\" >Cora\u00e7\u00e3o de M\u00e3e: Hasan e Filiz em piquenique rom\u00e2ntico<\/a><\/h4><\/div><\/div>\n<div class=\"col-md-12 col-sm-12 col-xs-12 pt-cv-content-item pt-cv-1-col\" ><div class='pt-cv-ifield'><h4 class=\"pt-cv-title\"><a href=\"https:\/\/www.tvnovelas.com.br\/tvnews\/guerra-das-rosas-cihan-vibra-com-desistencia-de-gulru-de-casar-com-mert\/\" class=\"_self\" target=\"_self\" >Guerra das Rosas: Cihan vibra com desist\u00eancia de Gulru de casar com Mert<\/a><\/h4><\/div><\/div>\n<div class=\"col-md-12 col-sm-12 col-xs-12 pt-cv-content-item pt-cv-1-col\" ><div class='pt-cv-ifield'><h4 class=\"pt-cv-title\"><a href=\"https:\/\/www.tvnovelas.com.br\/tvnews\/coracao-de-mae-irmak-denuncia-adnan\/\" class=\"_self\" target=\"_self\" >Cora\u00e7\u00e3o de M\u00e3e: Irmak denuncia Adnan<\/a><\/h4><\/div><\/div>\n<div class=\"col-md-12 col-sm-12 col-xs-12 pt-cv-content-item pt-cv-1-col\" ><div class='pt-cv-ifield'><h4 class=\"pt-cv-title\"><a href=\"https:\/\/www.tvnovelas.com.br\/tvnews\/a-nobreza-do-amor-mirinho-e-obrigado-a-resgatar-tonho\/\" class=\"_self\" target=\"_self\" >A Nobreza do Amor: Mirinho \u00e9 obrigado a resgatar Tonho<\/a><\/h4><\/div><\/div>\n<div class=\"col-md-12 col-sm-12 col-xs-12 pt-cv-content-item pt-cv-1-col\" ><div class='pt-cv-ifield'><h4 class=\"pt-cv-title\"><a href=\"https:\/\/www.tvnovelas.com.br\/tvnews\/tres-gracas-paulinho-e-afastado-da-policia-por-causa-de-gerluce\/\" class=\"_self\" target=\"_self\" >Tr\u00eas Gra\u00e7as: Paulinho \u00e9 afastado da pol\u00edcia por causa de Gerluce<\/a><\/h4><\/div><\/div>\n<div class=\"col-md-12 col-sm-12 col-xs-12 pt-cv-content-item pt-cv-1-col\" ><div class='pt-cv-ifield'><h4 class=\"pt-cv-title\"><a href=\"https:\/\/www.tvnovelas.com.br\/tvnews\/coracao-de-mae-irmak-inicia-jogo-arriscado-contra-adnan\/\" class=\"_self\" target=\"_self\" >Cora\u00e7\u00e3o de M\u00e3e: Irmak inicia jogo arriscado contra Adnan<\/a><\/h4><\/div><\/div>\n<div class=\"col-md-12 col-sm-12 col-xs-12 pt-cv-content-item pt-cv-1-col\" ><div class='pt-cv-ifield'><h4 class=\"pt-cv-title\"><a href=\"https:\/\/www.tvnovelas.com.br\/tvnews\/guerra-das-rosas-omer-chama-gulru-vestida-de-noiva-para-fugir\/\" class=\"_self\" target=\"_self\" >Guerra das Rosas: Omer chama Gulru vestida de noiva para fugir<\/a><\/h4><\/div><\/div>\n<div class=\"col-md-12 col-sm-12 col-xs-12 pt-cv-content-item pt-cv-1-col\" ><div class='pt-cv-ifield'><h4 class=\"pt-cv-title\"><a href=\"https:\/\/www.tvnovelas.com.br\/tvnews\/coracao-de-mae-reha-sai-para-jantar-com-selvi\/\" class=\"_self\" target=\"_self\" >Cora\u00e7\u00e3o de M\u00e3e: Reha sai para jantar com Selvi<\/a><\/h4><\/div><\/div>\n<div class=\"col-md-12 col-sm-12 col-xs-12 pt-cv-content-item pt-cv-1-col\" ><div class='pt-cv-ifield'><h4 class=\"pt-cv-title\"><a href=\"https:\/\/www.tvnovelas.com.br\/tvnews\/coracao-acelerado-zila-se-preocupa-com-sua-situacao-apos-separacao\/\" class=\"_self\" target=\"_self\" >Cora\u00e7\u00e3o Acelerado: Zil\u00e1 se preocupa com sua situa\u00e7\u00e3o ap\u00f3s separa\u00e7\u00e3o<\/a><\/h4><\/div><\/div><\/div><\/div><\/div><br \/>\n<a href=\"https:\/\/www.tvnovelas.com.br\/novelas\/\"><strong>Confira os resumos da semana de todas novelas<\/strong><\/a><\/strong><\/p>\n<h3>Confira tamb\u00e9m<\/h3>\n<p><a href=\"https:\/\/www.tvnovelas.com.br\/filmes\/\" target=\"_blank\" rel=\"noopener noreferrer\"><strong>Programa\u00e7\u00e3o de filmes na TV aberta<\/strong><\/a><br \/>\n<a href=\"https:\/\/caetenews.com.br\/semana\/filmes-da-globo-na-sessao-da-tarde-desta-semana\/\" target=\"_blank\" rel=\"noopener\"><strong>Confira os filmes da semana na Sess\u00e3o da Tarde<\/strong><\/a><br \/>\n<a href=\"https:\/\/www.tvnovelas.com.br\/novelas\/\" target=\"_blank\" rel=\"noopener noreferrer\"><strong>Resumos de novelas<\/strong><\/a><\/p>\n","protected":false},"excerpt":{"rendered":"<p>Luigi pede a Kelvin que rapte Berenice; \ud835\udc00\ud835\udc27\ud835\udc2d\u00f4\ud835\udc27\ud835\udc22\ud835\udc28 \ud835\udc1a\ud835\udc26\ud835\udc1e\ud835\udc1a\u00e7\ud835\udc1a \ud835\udc1d\ud835\udc1e\ud835\udc2c\ud835\udc1e\ud835\udc2b\ud835\udc1d\ud835\udc1a\ud835\udc2b \ud835\udc03\ud835\udc1a\ud835\udc27\ud835\udc22\ud835\udc1e\ud835\udc25 \ud835\udc29\ud835\udc28\ud835\udc2b \ud835\udc1c\ud835\udc1a\ud835\udc2e\ud835\udc2c\ud835\udc1a \ud835\udc1d\ud835\udc1e \ud835\udc00\ud835\udc25\ud835\udc22\ud835\udc27\ud835\udc1e; Gra\u00e7a planeja comprar um exame de ultrassom para confirmar a gravidez; \ud835\udc0b\ud835\udc2e\ud835\udc22\ud835\udc20\ud835\udc22 \ud835\udc1c\ud835\udc28\ud835\udc27\ud835\udc2d\ud835\udc2b\ud835\udc1a\ud835\udc2d\ud835\udc1a \ud835\udc2e\ud835\udc26\ud835\udc1a \ud835\udc1a\ud835\udc2d\ud835\udc2b\ud835\udc22\ud835\udc33 \ud835\udc29\ud835\udc1a\ud835\udc2b\ud835\udc1a \ud835\udc1f\ud835\udc22\ud835\udc27\ud835\udc20\ud835\udc22\ud835\udc2b \ud835\udc2c\ud835\udc1e\ud835\udc2b \ud835\udc2c\ud835\udc2e\ud835\udc1a \ud835\udc26\u00e3\ud835\udc1e; Caio chama Daniel de traidor&#8230;<\/p>\n","protected":false},"author":1,"featured_media":51998,"comment_status":"closed","ping_status":"closed","sticky":false,"template":"","format":"standard","meta":{"_uf_show_specific_survey":0,"_uf_disable_surveys":false,"_jetpack_memberships_contains_paid_content":false,"footnotes":"","_wp_rev_ctl_limit":""},"categories":[382],"tags":[5,64,383],"class_list":["post-51996","post","type-post","status-publish","format-standard","has-post-thumbnail","hentry","category-terra-e-paixao","tag-globo","tag-novelas","tag-terra-e-paixao","wpcat-382-id"],"aioseo_notices":[],"jetpack_featured_media_url":"https:\/\/i0.wp.com\/www.tvnovelas.com.br\/tvnews\/wp-content\/uploads\/2023\/06\/38313a.jpg?fit=728%2C410&ssl=1","jetpack_shortlink":"https:\/\/wp.me\/pdP2BO-dwE","jetpack_sharing_enabled":true,"_links":{"self":[{"href":"https:\/\/www.tvnovelas.com.br\/tvnews\/wp-json\/wp\/v2\/posts\/51996","targetHints":{"allow":["GET"]}}],"collection":[{"href":"https:\/\/www.tvnovelas.com.br\/tvnews\/wp-json\/wp\/v2\/posts"}],"about":[{"href":"https:\/\/www.tvnovelas.com.br\/tvnews\/wp-json\/wp\/v2\/types\/post"}],"author":[{"embeddable":true,"href":"https:\/\/www.tvnovelas.com.br\/tvnews\/wp-json\/wp\/v2\/users\/1"}],"replies":[{"embeddable":true,"href":"https:\/\/www.tvnovelas.com.br\/tvnews\/wp-json\/wp\/v2\/comments?post=51996"}],"version-history":[{"count":2,"href":"https:\/\/www.tvnovelas.com.br\/tvnews\/wp-json\/wp\/v2\/posts\/51996\/revisions"}],"predecessor-version":[{"id":52001,"href":"https:\/\/www.tvnovelas.com.br\/tvnews\/wp-json\/wp\/v2\/posts\/51996\/revisions\/52001"}],"wp:featuredmedia":[{"embeddable":true,"href":"https:\/\/www.tvnovelas.com.br\/tvnews\/wp-json\/wp\/v2\/media\/51998"}],"wp:attachment":[{"href":"https:\/\/www.tvnovelas.com.br\/tvnews\/wp-json\/wp\/v2\/media?parent=51996"}],"wp:term":[{"taxonomy":"category","embeddable":true,"href":"https:\/\/www.tvnovelas.com.br\/tvnews\/wp-json\/wp\/v2\/categories?post=51996"},{"taxonomy":"post_tag","embeddable":true,"href":"https:\/\/www.tvnovelas.com.br\/tvnews\/wp-json\/wp\/v2\/tags?post=51996"}],"curies":[{"name":"wp","href":"https:\/\/api.w.org\/{rel}","templated":true}]}}