{"id":52044,"date":"2023-06-19T08:34:53","date_gmt":"2023-06-19T11:34:53","guid":{"rendered":"https:\/\/www.tvnovelas.com.br\/tvnews\/?p=52044"},"modified":"2023-06-19T08:34:53","modified_gmt":"2023-06-19T11:34:53","slug":"amor-perfeito-mare-reage-ao-saber-de-planos-de-gilda","status":"publish","type":"post","link":"https:\/\/www.tvnovelas.com.br\/tvnews\/amor-perfeito-mare-reage-ao-saber-de-planos-de-gilda\/","title":{"rendered":"Amor Perfeito: Mar\u00ea reage ao saber de planos de Gilda"},"content":{"rendered":"<p><em>Em Amor Perfeito: Mar\u00ea reage&#8230;<\/em><br \/>\n<img data-recalc-dims=\"1\" decoding=\"async\" class=\"alignnone wp-image-52045 size-full\" title=\"(Foto: Globo Amor Perfeito)\" src=\"https:\/\/i0.wp.com\/www.tvnovelas.com.br\/tvnews\/wp-content\/uploads\/2023\/06\/38323.jpg?resize=728%2C410&#038;ssl=1\" alt=\"Foto em Amor Perfeito: Mar\u00ea reage...\" width=\"728\" height=\"410\" srcset=\"https:\/\/i0.wp.com\/www.tvnovelas.com.br\/tvnews\/wp-content\/uploads\/2023\/06\/38323.jpg?w=728&amp;ssl=1 728w, https:\/\/i0.wp.com\/www.tvnovelas.com.br\/tvnews\/wp-content\/uploads\/2023\/06\/38323.jpg?resize=678%2C381&amp;ssl=1 678w\" sizes=\"(max-width: 728px) 100vw, 728px\" \/><\/p>\n<p>Gilda (Mariana Ximenes) n\u00e3o poderia ter sido mais direta com Orlando (Diogo Almeida): ela quer se casar com ele, para que adotem Marcelino (Levi Asaf) e formem os tr\u00eas uma fam\u00edlia feliz. S\u00f3 na cabe\u00e7a dela, \u00e9 claro. E, para isso, ela est\u00e1 disposta at\u00e9 a jogar para o alto os planos de casamento com seu parceiro de crimes, Gaspar (Thiago Lacerda), que j\u00e1 est\u00e1 \u00e0s v\u00e9speras de ocorrer.<\/p>\n<p>Mas, mais uma vez, Orlando deixou claro \u00e0 vil\u00e3 que n\u00e3o h\u00e1 chances de isso ocorrer, afinal, ele sempre foi apaixonado por Mar\u00ea (Camila Queiroz) e sabe de tudo que a ruiva j\u00e1 fez para prejudic\u00e1-la. Inclusive, o pr\u00f3prio m\u00e9dico tamb\u00e9m foi uma das v\u00edtimas, afinal, n\u00e3o fosse a arma\u00e7\u00e3o de Gilda, ele e Mar\u00ea poderiam ter criado Marcelino.<\/p>\n<p>E, ap\u00f3s a ruiva ir \u00e0 Irmandade s\u00f3 para presentear o menino, Mar\u00ea ficar\u00e1 com o radar bem atento.<\/p>\n<p>\u201cPrimeiro, foi aquele maldito piquenique! E agora a Gilda vem com esse brinquedo. E o pior \u00e9 que o Marcelino ficou deslumbrado com aquele trenzinho\u201d, comentar\u00e1 ela. \u201cO que me tira do s\u00e9rio n\u00e3o \u00e9 isso! \u00c9 ver a hipocrisia dessa mulher, o esfor\u00e7o dela pra enredar o Marcelino! S\u00f3 n\u00e3o sei o porqu\u00ea! Se ela n\u00e3o estivesse de casamento marcado com o Gaspar, eu ia jurar que ela estava usando o menino pra seduzir voc\u00ea!\u201d, deduzir\u00e1 a hero\u00edna.<\/p>\n<p>\u201c\u00c9 isso mesmo que ela quer, Mar\u00ea\u201d, confessar\u00e1 Orlando, jogando limpo com a amada. \u201cQuando eu estava procurando o frei Tom\u00e9, a Gilda apareceu no p\u00e1tio e me fez uma proposta absurda. Disse que deixaria o Gaspar e adotaria o Marcelino, se eu concordasse em me casar com ela.\u201d<\/p>\n<p>\u201cO qu\u00ea? A Gilda casar com voc\u00ea e adotar o Marcelino?\u201d, questionar\u00e1 Mar\u00ea, sem acreditar no que acabou de ouvir.<\/p>\n<p>\u201cCalma, isso n\u00e3o vai acontecer nunca!\u201d, dir\u00e1 ele, tranquilizando-a. \u201cN\u00e3o tem a menor possibilidade, nunca!\u201d<\/p>\n<p>\u201cCasar com voc\u00ea ela n\u00e3o vai conseguir, espero. Mas sobre adotar o Marcelino&#8230;N\u00e3o sei, n\u00e3o&#8230; A Gilda engana, compra, suborna, inventa mentira e consegue tudo o que quer\u201d, dir\u00e1 ela, receosa com a possibilidade.<\/p>\n<p><strong>Pesadelo<\/strong><br \/>\nE a teoria desta ado\u00e7\u00e3o se concretizando ser\u00e1 algo que vai tirar o sono da hero\u00edna \u2013 literalmente. \u00c0 noite, ela chegar\u00e1 at\u00e9 a sonhar com isso. Ou, melhor dizendo, ter\u00e1 um pesadelo.<\/p>\n<p>\u201cVim te buscar, meu amor&#8230;\u201d, dir\u00e1 ela, sonhando que est\u00e1 na porta da escola do menino.<\/p>\n<p>\u201cN\u00e3o, eu n\u00e3o vou com voc\u00ea! A minha m\u00e3e t\u00e1 me esperando ali, \u00f3!\u201d, responder\u00e1 ele, apontando para Gilda e correndo em dire\u00e7\u00e3o a ela.<\/p>\n<p>O pesadelo faz com que Mar\u00ea acorde num salto, de t\u00e3o angustiada com a possibilidade. Afinal, ela ainda n\u00e3o sabe, mas Marcelino \u00e9, de fato, seu filho com Orlando. Mas, mesmo sem ter ci\u00eancia da maternidade, j\u00e1 o ama como m\u00e3e.<\/p>\n<p>Ent\u00e3o, ela vai at\u00e9 a mans\u00e3o de Gilda, que estar\u00e1 na cama com Gaspar no momento, e vai disparar, logo de cara, na porta da resid\u00eancia:<\/p>\n<p>\u201cQue hist\u00f3ria \u00e9 essa de voc\u00ea querer adotar o Marcelino, Gilda?!\u201d<br \/>\n<!--FIM DO POST--><br \/>\n<a href=\"https:\/\/www.tvnovelas.com.br\/novelas\/resumos-de-amor-erfeito\/\">Confira os resumos da semana de &#8216;Amor Perfeito&#8217;<\/a><br \/>\n<strong style=\"font-size: 120%;\">\u00daltimas not\u00edcias de Amor Perfeito:<\/strong><br \/>\n<div class=\"pt-cv-wrapper\"><div class=\"pt-cv-view pt-cv-grid pt-cv-colsys\" id=\"pt-cv-view-04db883axk\"><div data-id=\"pt-cv-page-1\" class=\"pt-cv-page\" data-cvc=\"1\"><div class=\"col-md-12 col-sm-12 col-xs-12 pt-cv-content-item pt-cv-1-col\" ><div class='pt-cv-ifield'><h4 class=\"pt-cv-title\"><a href=\"https:\/\/www.tvnovelas.com.br\/tvnews\/amor-perfeito-mare-e-orlando-se-casam\/\" class=\"_self\" target=\"_self\" >Amor Perfeito: Mar\u00ea e Orlando se casam<\/a><\/h4><\/div><\/div>\n<div class=\"col-md-12 col-sm-12 col-xs-12 pt-cv-content-item pt-cv-1-col\" ><div class='pt-cv-ifield'><h4 class=\"pt-cv-title\"><a href=\"https:\/\/www.tvnovelas.com.br\/tvnews\/amor-perfeito-gilda-emocionada-abraca-marcelino\/\" class=\"_self\" target=\"_self\" >Amor Perfeito: Gilda emocionada abra\u00e7a Marcelino<\/a><\/h4><\/div><\/div>\n<div class=\"col-md-12 col-sm-12 col-xs-12 pt-cv-content-item pt-cv-1-col\" ><div class='pt-cv-ifield'><h4 class=\"pt-cv-title\"><a href=\"https:\/\/www.tvnovelas.com.br\/tvnews\/amor-perfeito-orlando-descobre-que-lucilia-foi-assassinada-a-mando-de-gilda\/\" class=\"_self\" target=\"_self\" >Amor Perfeito: Orlando descobre que Luc\u00edlia foi assassinada a mando de Gilda<\/a><\/h4><\/div><\/div>\n<div class=\"col-md-12 col-sm-12 col-xs-12 pt-cv-content-item pt-cv-1-col\" ><div class='pt-cv-ifield'><h4 class=\"pt-cv-title\"><a href=\"https:\/\/www.tvnovelas.com.br\/tvnews\/amor-perfeito-gilda-e-descoberta-como-mandante-de-assassinato\/\" class=\"_self\" target=\"_self\" >Amor Perfeito: Gilda \u00e9 descoberta como mandante de assassinato<\/a><\/h4><\/div><\/div>\n<div class=\"col-md-12 col-sm-12 col-xs-12 pt-cv-content-item pt-cv-1-col\" ><div class='pt-cv-ifield'><h4 class=\"pt-cv-title\"><a href=\"https:\/\/www.tvnovelas.com.br\/tvnews\/amor-perfeito-gilda-foge-da-cadeia-com-ajuda-de-gaspar\/\" class=\"_self\" target=\"_self\" >Amor Perfeito: Gilda foge da cadeia com ajuda de Gaspar<\/a><\/h4><\/div><\/div>\n<div class=\"col-md-12 col-sm-12 col-xs-12 pt-cv-content-item pt-cv-1-col\" ><div class='pt-cv-ifield'><h4 class=\"pt-cv-title\"><a href=\"https:\/\/www.tvnovelas.com.br\/tvnews\/amor-perfeito-darlene-e-joao-se-casam\/\" class=\"_self\" target=\"_self\" >Amor Perfeito: Darlene e Jo\u00e3o se casam<\/a><\/h4><\/div><\/div><\/div><\/div><\/div><br \/>\n<strong style=\"font-size: 120%;\">\u00daltimas not\u00edcias deste canal:<\/strong><br \/>\n<div class=\"pt-cv-wrapper\"><div class=\"pt-cv-view pt-cv-grid pt-cv-colsys\" id=\"pt-cv-view-90991035b3\"><div data-id=\"pt-cv-page-1\" class=\"pt-cv-page\" data-cvc=\"1\"><div class=\"col-md-12 col-sm-12 col-xs-12 pt-cv-content-item pt-cv-1-col\" ><div class='pt-cv-ifield'><h4 class=\"pt-cv-title\"><a href=\"https:\/\/www.tvnovelas.com.br\/tvnews\/em-coracao-de-mae-nos-proximos-capitulos-04-a-08-5\/\" class=\"_self\" target=\"_self\" >Em Cora\u00e7\u00e3o de M\u00e3e nos pr\u00f3ximos cap\u00edtulos (04 a 08\/5)<\/a><\/h4><\/div><\/div>\n<div class=\"col-md-12 col-sm-12 col-xs-12 pt-cv-content-item pt-cv-1-col\" ><div class='pt-cv-ifield'><h4 class=\"pt-cv-title\"><a href=\"https:\/\/www.tvnovelas.com.br\/tvnews\/coracao-de-mae-hasan-e-filiz-em-piquenique-romantico\/\" class=\"_self\" target=\"_self\" >Cora\u00e7\u00e3o de M\u00e3e: Hasan e Filiz em piquenique rom\u00e2ntico<\/a><\/h4><\/div><\/div>\n<div class=\"col-md-12 col-sm-12 col-xs-12 pt-cv-content-item pt-cv-1-col\" ><div class='pt-cv-ifield'><h4 class=\"pt-cv-title\"><a href=\"https:\/\/www.tvnovelas.com.br\/tvnews\/guerra-das-rosas-cihan-vibra-com-desistencia-de-gulru-de-casar-com-mert\/\" class=\"_self\" target=\"_self\" >Guerra das Rosas: Cihan vibra com desist\u00eancia de Gulru de casar com Mert<\/a><\/h4><\/div><\/div>\n<div class=\"col-md-12 col-sm-12 col-xs-12 pt-cv-content-item pt-cv-1-col\" ><div class='pt-cv-ifield'><h4 class=\"pt-cv-title\"><a href=\"https:\/\/www.tvnovelas.com.br\/tvnews\/coracao-de-mae-irmak-denuncia-adnan\/\" class=\"_self\" target=\"_self\" >Cora\u00e7\u00e3o de M\u00e3e: Irmak denuncia Adnan<\/a><\/h4><\/div><\/div>\n<div class=\"col-md-12 col-sm-12 col-xs-12 pt-cv-content-item pt-cv-1-col\" ><div class='pt-cv-ifield'><h4 class=\"pt-cv-title\"><a href=\"https:\/\/www.tvnovelas.com.br\/tvnews\/a-nobreza-do-amor-mirinho-e-obrigado-a-resgatar-tonho\/\" class=\"_self\" target=\"_self\" >A Nobreza do Amor: Mirinho \u00e9 obrigado a resgatar Tonho<\/a><\/h4><\/div><\/div>\n<div class=\"col-md-12 col-sm-12 col-xs-12 pt-cv-content-item pt-cv-1-col\" ><div class='pt-cv-ifield'><h4 class=\"pt-cv-title\"><a href=\"https:\/\/www.tvnovelas.com.br\/tvnews\/tres-gracas-paulinho-e-afastado-da-policia-por-causa-de-gerluce\/\" class=\"_self\" target=\"_self\" >Tr\u00eas Gra\u00e7as: Paulinho \u00e9 afastado da pol\u00edcia por causa de Gerluce<\/a><\/h4><\/div><\/div>\n<div class=\"col-md-12 col-sm-12 col-xs-12 pt-cv-content-item pt-cv-1-col\" ><div class='pt-cv-ifield'><h4 class=\"pt-cv-title\"><a href=\"https:\/\/www.tvnovelas.com.br\/tvnews\/coracao-de-mae-irmak-inicia-jogo-arriscado-contra-adnan\/\" class=\"_self\" target=\"_self\" >Cora\u00e7\u00e3o de M\u00e3e: Irmak inicia jogo arriscado contra Adnan<\/a><\/h4><\/div><\/div>\n<div class=\"col-md-12 col-sm-12 col-xs-12 pt-cv-content-item pt-cv-1-col\" ><div class='pt-cv-ifield'><h4 class=\"pt-cv-title\"><a href=\"https:\/\/www.tvnovelas.com.br\/tvnews\/guerra-das-rosas-omer-chama-gulru-vestida-de-noiva-para-fugir\/\" class=\"_self\" target=\"_self\" >Guerra das Rosas: Omer chama Gulru vestida de noiva para fugir<\/a><\/h4><\/div><\/div>\n<div class=\"col-md-12 col-sm-12 col-xs-12 pt-cv-content-item pt-cv-1-col\" ><div class='pt-cv-ifield'><h4 class=\"pt-cv-title\"><a href=\"https:\/\/www.tvnovelas.com.br\/tvnews\/coracao-de-mae-reha-sai-para-jantar-com-selvi\/\" class=\"_self\" target=\"_self\" >Cora\u00e7\u00e3o de M\u00e3e: Reha sai para jantar com Selvi<\/a><\/h4><\/div><\/div>\n<div class=\"col-md-12 col-sm-12 col-xs-12 pt-cv-content-item pt-cv-1-col\" ><div class='pt-cv-ifield'><h4 class=\"pt-cv-title\"><a href=\"https:\/\/www.tvnovelas.com.br\/tvnews\/coracao-acelerado-zila-se-preocupa-com-sua-situacao-apos-separacao\/\" class=\"_self\" target=\"_self\" >Cora\u00e7\u00e3o Acelerado: Zil\u00e1 se preocupa com sua situa\u00e7\u00e3o ap\u00f3s separa\u00e7\u00e3o<\/a><\/h4><\/div><\/div><\/div><\/div><\/div><br \/>\n<a href=\"https:\/\/www.tvnovelas.com.br\/novelas\/\"><strong>Confira os resumos da semana de todas novelas<\/strong><\/a><\/p>\n<h3>Confira tamb\u00e9m<\/h3>\n<p><a href=\"https:\/\/www.tvnovelas.com.br\/filmes\/\" target=\"_blank\" rel=\"noopener noreferrer\"><strong>Programa\u00e7\u00e3o de filmes na TV aberta<\/strong><\/a><br \/>\n<a href=\"https:\/\/caetenews.com.br\/semana\/filmes-da-globo-na-sessao-da-tarde-desta-semana\/\" target=\"_blank\" rel=\"noopener\"><strong>Confira os filmes da semana na Sess\u00e3o da Tarde<\/strong><\/a><br \/>\n<a href=\"https:\/\/www.tvnovelas.com.br\/novelas\/\" target=\"_blank\" rel=\"noopener noreferrer\"><strong>Resumos de novelas<\/strong><\/a><\/p>\n","protected":false},"excerpt":{"rendered":"<p>Gilda (Mariana Ximenes) n\u00e3o poderia ter sido mais direta com Orlando (Diogo Almeida): ela quer se casar com ele, para que adotem Marcelino (Levi Asaf) e formem&#8230;<\/p>\n","protected":false},"author":1,"featured_media":52045,"comment_status":"closed","ping_status":"closed","sticky":false,"template":"","format":"standard","meta":{"_uf_show_specific_survey":0,"_uf_disable_surveys":false,"_jetpack_memberships_contains_paid_content":false,"footnotes":"","_wp_rev_ctl_limit":""},"categories":[375],"tags":[376,5,64],"class_list":["post-52044","post","type-post","status-publish","format-standard","has-post-thumbnail","hentry","category-amor-perfeito","tag-amor-perfeito","tag-globo","tag-novelas","wpcat-375-id"],"aioseo_notices":[],"jetpack_featured_media_url":"https:\/\/i0.wp.com\/www.tvnovelas.com.br\/tvnews\/wp-content\/uploads\/2023\/06\/38323.jpg?fit=728%2C410&ssl=1","jetpack_shortlink":"https:\/\/wp.me\/pdP2BO-dxq","jetpack_sharing_enabled":true,"_links":{"self":[{"href":"https:\/\/www.tvnovelas.com.br\/tvnews\/wp-json\/wp\/v2\/posts\/52044","targetHints":{"allow":["GET"]}}],"collection":[{"href":"https:\/\/www.tvnovelas.com.br\/tvnews\/wp-json\/wp\/v2\/posts"}],"about":[{"href":"https:\/\/www.tvnovelas.com.br\/tvnews\/wp-json\/wp\/v2\/types\/post"}],"author":[{"embeddable":true,"href":"https:\/\/www.tvnovelas.com.br\/tvnews\/wp-json\/wp\/v2\/users\/1"}],"replies":[{"embeddable":true,"href":"https:\/\/www.tvnovelas.com.br\/tvnews\/wp-json\/wp\/v2\/comments?post=52044"}],"version-history":[{"count":1,"href":"https:\/\/www.tvnovelas.com.br\/tvnews\/wp-json\/wp\/v2\/posts\/52044\/revisions"}],"predecessor-version":[{"id":52046,"href":"https:\/\/www.tvnovelas.com.br\/tvnews\/wp-json\/wp\/v2\/posts\/52044\/revisions\/52046"}],"wp:featuredmedia":[{"embeddable":true,"href":"https:\/\/www.tvnovelas.com.br\/tvnews\/wp-json\/wp\/v2\/media\/52045"}],"wp:attachment":[{"href":"https:\/\/www.tvnovelas.com.br\/tvnews\/wp-json\/wp\/v2\/media?parent=52044"}],"wp:term":[{"taxonomy":"category","embeddable":true,"href":"https:\/\/www.tvnovelas.com.br\/tvnews\/wp-json\/wp\/v2\/categories?post=52044"},{"taxonomy":"post_tag","embeddable":true,"href":"https:\/\/www.tvnovelas.com.br\/tvnews\/wp-json\/wp\/v2\/tags?post=52044"}],"curies":[{"name":"wp","href":"https:\/\/api.w.org\/{rel}","templated":true}]}}