{"id":52179,"date":"2023-06-21T14:38:33","date_gmt":"2023-06-21T17:38:33","guid":{"rendered":"https:\/\/www.tvnovelas.com.br\/tvnews\/?p=52179"},"modified":"2023-06-21T14:38:33","modified_gmt":"2023-06-21T17:38:33","slug":"o-sbt-estreia-segunda-26-a-novela-um-refugio-para-o-amor","status":"publish","type":"post","link":"https:\/\/www.tvnovelas.com.br\/tvnews\/o-sbt-estreia-segunda-26-a-novela-um-refugio-para-o-amor\/","title":{"rendered":"O SBT estreia segunda (26) a novela &#8216;Um Ref\u00fagio para o Amor&#8217;"},"content":{"rendered":"<p><em>Novela &#8216;Um Ref\u00fagio para o Amor&#8217;<\/em><br \/>\n<img data-recalc-dims=\"1\" decoding=\"async\" class=\"alignnone wp-image-52180 size-full\" title=\"(Foto: Televisa\/SBT)\" src=\"https:\/\/i0.wp.com\/www.tvnovelas.com.br\/tvnews\/wp-content\/uploads\/2023\/06\/38353.jpg?resize=728%2C400&#038;ssl=1\" alt=\"Foto em novela 'Um Ref\u00fagio para o Amor'\" width=\"728\" height=\"400\" \/><\/p>\n<p>O SBT passa a exibir em suas tardes, a partir da pr\u00f3xima segunda-feira (26), a novela mexicana in\u00e9dita \u201cUm Ref\u00fagio para o Amor\u201d, estrelada por Zuria Vega, Gabriel Soto, Jos\u00e9 Carlos Ruiz e Jessica Coch. Produzida por Ignacio Sada Madero para Televisa e exibida pelo canal Las Estrellas em 2012, a trama ser\u00e1 exibida de segunda a sexta-feira, \u00e0s 18h15, em substitui\u00e7\u00e3o a \u201cTr\u00eas Vezes Ana\u201d.<\/p>\n<p>A telenovela narra a hist\u00f3ria da jovem e bela Luciana Jacinto e de todos os obst\u00e1culos e surpresas que o destino lhe trar\u00e1 na busca de um final feliz para ela e sua fam\u00edlia. A menina chega na capital fugindo do homem mais poderoso de sua cidade natal. Aquiles \u00e9 um homem mal que \u00e9 obcecado por Luciana e nunca perdeu a chance de assedia-la. Por essa raz\u00e3o, ela \u00e9 obrigada a deixar a cidade depois da morte de seu pai, deixando para tr\u00e1s sua m\u00e3e, dona Paz e seu irm\u00e3ozinho Louren\u00e7o.<br \/>\n<img data-recalc-dims=\"1\" decoding=\"async\" class=\"alignnone wp-image-52181 size-full\" title=\"(Foto: Televisa\/SBT)\" src=\"https:\/\/i0.wp.com\/www.tvnovelas.com.br\/tvnews\/wp-content\/uploads\/2023\/06\/38354.jpg?resize=728%2C410&#038;ssl=1\" alt=\"Foto em Um Ref\u00fagio para o Amor\" width=\"728\" height=\"410\" srcset=\"https:\/\/i0.wp.com\/www.tvnovelas.com.br\/tvnews\/wp-content\/uploads\/2023\/06\/38354.jpg?w=728&amp;ssl=1 728w, https:\/\/i0.wp.com\/www.tvnovelas.com.br\/tvnews\/wp-content\/uploads\/2023\/06\/38354.jpg?resize=678%2C381&amp;ssl=1 678w\" sizes=\"(max-width: 728px) 100vw, 728px\" \/><\/p>\n<p>Luciana, depois de um come\u00e7o n\u00e3o muito agrad\u00e1vel na cidade grande, consegue um emprego como dom\u00e9stica na casa de uma fam\u00edlia de milion\u00e1rios, os Torreslanda. L\u00e1 ela conhece Patr\u00edcio, o segundo filho da fam\u00edlia, que ficou tetrapl\u00e9gico depois de sofre um terr\u00edvel acidente ao escalar uma montanha. Patr\u00edcio e Luciana logo se tornam grandes amigos e Hanna, a ca\u00e7ula da fam\u00edlia tamb\u00e9m fica amiga dela. Rodrigo \u00e9 o filho mais velho, um jovem com pinta de gal\u00e3 e com fama de conquistador. Ele est\u00e1 comprometido com Clara, uma jovem fr\u00edvola e ambiciosa. Rodrigo, ao conhecer Luciana sente uma forte atra\u00e7\u00e3o por ela. Mas, nem todos na casa est\u00e3o contentes com a presen\u00e7a da jovem.<\/p>\n<p>Roselena, a m\u00e3e de Patr\u00edcio e Rodrigo n\u00e3o suporta Luciana e Clara tamb\u00e9m n\u00e3o, pois j\u00e1 percebeu que seu namorado se sente atra\u00eddo por ela. Rodrigo assume que est\u00e1 apaixonado por Luciana e termina seu relacionamento com Clara para se casar secretamente com Luciana. Mas, Clara e Roselena n\u00e3o ficar\u00e3o de bra\u00e7os cruzados. Inescrupulosas, elas fazem Rodrigo acreditar que Luciana \u00e9 uma mentirosa e escondeu de todos que existe uma queixa crime contra ela, pois antes de chegar na casa da fam\u00edlia trabalhou numa casa noturna decadente e atacou um dos clientes. Rodrigo acaba acreditando nas mentiras da m\u00e3e e da ex- namorada e, embora Luciana tente se defender, Rodrigo a expulsa da mans\u00e3o e de sua vida.<\/p>\n<p>Desolada e sem ter para onde ir, Luciana conhece o advogado Cl\u00e1udio Linhares que lhe oferece seu apoio. Mas, o v\u00ednculo de amizade que nasce entre eles \u00e9 mais forte do que ambos imaginam, pois na realidade Cl\u00e1udio \u00e9 o pai biol\u00f3gico de Luciana e tem motivos para se vingar dos Torreslanda. M\u00e1ximo, o pai da fam\u00edlia, no passado acusou Cl\u00e1udio e uma fraude que ele nunca cometeu e aproveitou que ele foi condenado a vinte anos de pris\u00e3o para ficar com sua propriedade. Al\u00e9m disso, Roselena entregou Luciana para Paz, a esposa do jardineiro Galdino. Luciana ignora todos esses fatos, mas a verdade mais cedo ou mais tarde vir\u00e1 \u00e0 tona e tamb\u00e9m o encontro inevit\u00e1vel entre Luciana e Rodrigo.<br \/>\n<!--FIM DO POST--><br \/>\n<strong style=\"font-size: 120%;\">\u00daltimas not\u00edcias deste canal:<\/strong><br \/>\n<div class=\"pt-cv-wrapper\"><div class=\"pt-cv-view pt-cv-grid pt-cv-colsys\" id=\"pt-cv-view-90991035b3\"><div data-id=\"pt-cv-page-1\" class=\"pt-cv-page\" data-cvc=\"1\"><div class=\"col-md-12 col-sm-12 col-xs-12 pt-cv-content-item pt-cv-1-col\" ><div class='pt-cv-ifield'><h4 class=\"pt-cv-title\"><a href=\"https:\/\/www.tvnovelas.com.br\/tvnews\/guerra-das-rosas-cihan-vibra-com-desistencia-de-gulru-de-casar-com-mert\/\" class=\"_self\" target=\"_self\" >Guerra das Rosas: Cihan vibra com desist\u00eancia de Gulru de casar com Mert<\/a><\/h4><\/div><\/div>\n<div class=\"col-md-12 col-sm-12 col-xs-12 pt-cv-content-item pt-cv-1-col\" ><div class='pt-cv-ifield'><h4 class=\"pt-cv-title\"><a href=\"https:\/\/www.tvnovelas.com.br\/tvnews\/coracao-de-mae-irmak-denuncia-adnan\/\" class=\"_self\" target=\"_self\" >Cora\u00e7\u00e3o de M\u00e3e: Irmak denuncia Adnan<\/a><\/h4><\/div><\/div>\n<div class=\"col-md-12 col-sm-12 col-xs-12 pt-cv-content-item pt-cv-1-col\" ><div class='pt-cv-ifield'><h4 class=\"pt-cv-title\"><a href=\"https:\/\/www.tvnovelas.com.br\/tvnews\/a-nobreza-do-amor-mirinho-e-obrigado-a-resgatar-tonho\/\" class=\"_self\" target=\"_self\" >A Nobreza do Amor: Mirinho \u00e9 obrigado a resgatar Tonho<\/a><\/h4><\/div><\/div>\n<div class=\"col-md-12 col-sm-12 col-xs-12 pt-cv-content-item pt-cv-1-col\" ><div class='pt-cv-ifield'><h4 class=\"pt-cv-title\"><a href=\"https:\/\/www.tvnovelas.com.br\/tvnews\/tres-gracas-paulinho-e-afastado-da-policia-por-causa-de-gerluce\/\" class=\"_self\" target=\"_self\" >Tr\u00eas Gra\u00e7as: Paulinho \u00e9 afastado da pol\u00edcia por causa de Gerluce<\/a><\/h4><\/div><\/div>\n<div class=\"col-md-12 col-sm-12 col-xs-12 pt-cv-content-item pt-cv-1-col\" ><div class='pt-cv-ifield'><h4 class=\"pt-cv-title\"><a href=\"https:\/\/www.tvnovelas.com.br\/tvnews\/coracao-de-mae-irmak-inicia-jogo-arriscado-contra-adnan\/\" class=\"_self\" target=\"_self\" >Cora\u00e7\u00e3o de M\u00e3e: Irmak inicia jogo arriscado contra Adnan<\/a><\/h4><\/div><\/div>\n<div class=\"col-md-12 col-sm-12 col-xs-12 pt-cv-content-item pt-cv-1-col\" ><div class='pt-cv-ifield'><h4 class=\"pt-cv-title\"><a href=\"https:\/\/www.tvnovelas.com.br\/tvnews\/guerra-das-rosas-omer-chama-gulru-vestida-de-noiva-para-fugir\/\" class=\"_self\" target=\"_self\" >Guerra das Rosas: Omer chama Gulru vestida de noiva para fugir<\/a><\/h4><\/div><\/div>\n<div class=\"col-md-12 col-sm-12 col-xs-12 pt-cv-content-item pt-cv-1-col\" ><div class='pt-cv-ifield'><h4 class=\"pt-cv-title\"><a href=\"https:\/\/www.tvnovelas.com.br\/tvnews\/coracao-de-mae-reha-sai-para-jantar-com-selvi\/\" class=\"_self\" target=\"_self\" >Cora\u00e7\u00e3o de M\u00e3e: Reha sai para jantar com Selvi<\/a><\/h4><\/div><\/div>\n<div class=\"col-md-12 col-sm-12 col-xs-12 pt-cv-content-item pt-cv-1-col\" ><div class='pt-cv-ifield'><h4 class=\"pt-cv-title\"><a href=\"https:\/\/www.tvnovelas.com.br\/tvnews\/coracao-acelerado-zila-se-preocupa-com-sua-situacao-apos-separacao\/\" class=\"_self\" target=\"_self\" >Cora\u00e7\u00e3o Acelerado: Zil\u00e1 se preocupa com sua situa\u00e7\u00e3o ap\u00f3s separa\u00e7\u00e3o<\/a><\/h4><\/div><\/div>\n<div class=\"col-md-12 col-sm-12 col-xs-12 pt-cv-content-item pt-cv-1-col\" ><div class='pt-cv-ifield'><h4 class=\"pt-cv-title\"><a href=\"https:\/\/www.tvnovelas.com.br\/tvnews\/a-nobreza-do-amor-tonho-nao-se-curva-diante-de-mirinho\/\" class=\"_self\" target=\"_self\" >A Nobreza do Amor: Tonho n\u00e3o se curva diante de Mirinho<\/a><\/h4><\/div><\/div>\n<div class=\"col-md-12 col-sm-12 col-xs-12 pt-cv-content-item pt-cv-1-col\" ><div class='pt-cv-ifield'><h4 class=\"pt-cv-title\"><a href=\"https:\/\/www.tvnovelas.com.br\/tvnews\/tres-gracas-arminda-surta-ao-confirmar-que-ferette-e-pai-de-raul\/\" class=\"_self\" target=\"_self\" >Tr\u00eas Gra\u00e7as:  Arminda surta ao confirmar que Ferette \u00e9 pai de Raul<\/a><\/h4><\/div><\/div><\/div><\/div><\/div><\/p>\n<h3>Confira tamb\u00e9m<\/h3>\n<p><a href=\"https:\/\/www.tvnovelas.com.br\/novelas\/\"><strong>Confira os resumos da semana de todas novelas<\/strong><\/a><br \/>\n<a href=\"https:\/\/www.tvnovelas.com.br\/filmes\/\" target=\"_blank\" rel=\"noopener noreferrer\"><strong>Programa\u00e7\u00e3o de filmes na TV aberta<\/strong><\/a><br \/>\n<a href=\"https:\/\/caetenews.com.br\/semana\/filmes-da-globo-na-sessao-da-tarde-desta-semana\/\" target=\"_blank\" rel=\"noopener\"><strong>Confira os filmes da semana na Sess\u00e3o da Tarde<\/strong><\/a><\/p>\n","protected":false},"excerpt":{"rendered":"<p>O SBT passa a exibir em suas tardes, a partir da pr\u00f3xima segunda-feira (26), a novela mexicana in\u00e9dita \u201cUm Ref\u00fagio para o Amor\u201d, estrelada por Zuria Vega&#8230;<\/p>\n","protected":false},"author":1,"featured_media":52180,"comment_status":"closed","ping_status":"closed","sticky":false,"template":"","format":"standard","meta":{"_uf_show_specific_survey":0,"_uf_disable_surveys":false,"_jetpack_memberships_contains_paid_content":false,"footnotes":"","_wp_rev_ctl_limit":""},"categories":[232],"tags":[64,13,392],"class_list":["post-52179","post","type-post","status-publish","format-standard","has-post-thumbnail","hentry","category-sbt","tag-novelas","tag-sbt","tag-um-refugio-para-o-amor","wpcat-232-id"],"aioseo_notices":[],"jetpack_featured_media_url":"https:\/\/i0.wp.com\/www.tvnovelas.com.br\/tvnews\/wp-content\/uploads\/2023\/06\/38353.jpg?fit=728%2C400&ssl=1","jetpack_shortlink":"https:\/\/wp.me\/pdP2BO-dzB","jetpack_sharing_enabled":true,"_links":{"self":[{"href":"https:\/\/www.tvnovelas.com.br\/tvnews\/wp-json\/wp\/v2\/posts\/52179","targetHints":{"allow":["GET"]}}],"collection":[{"href":"https:\/\/www.tvnovelas.com.br\/tvnews\/wp-json\/wp\/v2\/posts"}],"about":[{"href":"https:\/\/www.tvnovelas.com.br\/tvnews\/wp-json\/wp\/v2\/types\/post"}],"author":[{"embeddable":true,"href":"https:\/\/www.tvnovelas.com.br\/tvnews\/wp-json\/wp\/v2\/users\/1"}],"replies":[{"embeddable":true,"href":"https:\/\/www.tvnovelas.com.br\/tvnews\/wp-json\/wp\/v2\/comments?post=52179"}],"version-history":[{"count":1,"href":"https:\/\/www.tvnovelas.com.br\/tvnews\/wp-json\/wp\/v2\/posts\/52179\/revisions"}],"predecessor-version":[{"id":52182,"href":"https:\/\/www.tvnovelas.com.br\/tvnews\/wp-json\/wp\/v2\/posts\/52179\/revisions\/52182"}],"wp:featuredmedia":[{"embeddable":true,"href":"https:\/\/www.tvnovelas.com.br\/tvnews\/wp-json\/wp\/v2\/media\/52180"}],"wp:attachment":[{"href":"https:\/\/www.tvnovelas.com.br\/tvnews\/wp-json\/wp\/v2\/media?parent=52179"}],"wp:term":[{"taxonomy":"category","embeddable":true,"href":"https:\/\/www.tvnovelas.com.br\/tvnews\/wp-json\/wp\/v2\/categories?post=52179"},{"taxonomy":"post_tag","embeddable":true,"href":"https:\/\/www.tvnovelas.com.br\/tvnews\/wp-json\/wp\/v2\/tags?post=52179"}],"curies":[{"name":"wp","href":"https:\/\/api.w.org\/{rel}","templated":true}]}}