{"id":52302,"date":"2023-06-24T14:00:16","date_gmt":"2023-06-24T17:00:16","guid":{"rendered":"https:\/\/www.tvnovelas.com.br\/tvnews\/?p=52302"},"modified":"2023-06-26T11:35:25","modified_gmt":"2023-06-26T14:35:25","slug":"o-que-rola-em-vai-na-fe-na-semana-26-6-a-1o-de-julho","status":"publish","type":"post","link":"https:\/\/www.tvnovelas.com.br\/tvnews\/o-que-rola-em-vai-na-fe-na-semana-26-6-a-1o-de-julho\/","title":{"rendered":"O que rola em Vai na F\u00e9 na semana 26\/6 a 1\u00ba de julho"},"content":{"rendered":"<p><em>Resumos de Vai na F\u00e9 na semana 26\/6 a 1\u00ba de julho<\/em><br \/>\n<img data-recalc-dims=\"1\" decoding=\"async\" class=\"alignnone wp-image-52303 size-full\" title=\"(Foto: Reprodu\u00e7\u00e3o\/TV Globo\/Vai na F\u00e9)\" src=\"https:\/\/i0.wp.com\/www.tvnovelas.com.br\/tvnews\/wp-content\/uploads\/2023\/06\/37385.jpg?resize=728%2C410&#038;ssl=1\" alt=\"Foto em Vai na F\u00e9 na semana 26\/6 a 1\u00ba de julho\" width=\"728\" height=\"410\" srcset=\"https:\/\/i0.wp.com\/www.tvnovelas.com.br\/tvnews\/wp-content\/uploads\/2023\/06\/37385.jpg?w=728&amp;ssl=1 728w, https:\/\/i0.wp.com\/www.tvnovelas.com.br\/tvnews\/wp-content\/uploads\/2023\/06\/37385.jpg?resize=678%2C381&amp;ssl=1 678w\" sizes=\"(max-width: 728px) 100vw, 728px\" \/><\/p>\n<blockquote><p>Chega o dia da audi\u00eancia contra The; Orfeu \u00e9 preso pela PF; Theo se declara para Lumiar; Sol tenta convencer Kate a testemunhar contra Theo; Ben pede para dormir com Sol; Lui testemunha contra Theo; Kate revela seu nome verdadeiro para Rafa&#8230;<\/p><\/blockquote>\n<p><strong>Resumo de segunda-feira, 26 de junho<\/strong><br \/>\nLumiar observa Ben com Sol. Clara se emociona durante a exposi\u00e7\u00e3o de Rafa. Yuri se preocupa com o enjoo de Guiga. Lumiar pede para falar com Clara sobre a audi\u00eancia. Ben se emociona ao ver sua foto com Sol na exposi\u00e7\u00e3o de Rafa. Lumiar sugere que Theo fale com Clara. A Receita Federal faz uma opera\u00e7\u00e3o nos cont\u00eaineres de importa\u00e7\u00e3o, e Theo alerta Orfeu. Guiga conta para Yuri que mentiu sobre o tempo de sua gravidez. Ben tenta amea\u00e7ar Orfeu. Clara discute com Helena por causa de Theo. Lucas se irrita com Stuart. Lumiar pede a Estev\u00e3o a documenta\u00e7\u00e3o que comprova a fraude de Ben no exame de DNA. Yuri rompe com Guiga. Dora mente para Lumiar. Chega o dia da audi\u00eancia contra Theo.<\/p>\n<p><strong>Resumo de ter\u00e7a-feira, 27 de junho<\/strong><br \/>\nJana\u00edna pede para Theo deixar a sala de audi\u00eancia e inicia seu depoimento. Jenifer tenta contatar uma das testemunhas. O m\u00e9dico conversa com F\u00e1bio e Dora sobre o tratamento da doen\u00e7a. Lumiar fica abalada com o depoimento de Jana\u00edna. Lui se entristece com o estado de Dora. Orfeu manda um de seus capangas subornar os funcion\u00e1rios da Receita Federal. Lumiar tenta desqualificar o depoimento de Sol. Ben solicita o adiamento da audi\u00eancia. Marlene e Lucas se emocionam com a interpreta\u00e7\u00e3o de Wilma. Ben pensa em chamar Lui como testemunha. Lui consegue realizar um sonho de Dora. Theo presta esclarecimento \u00e0 Receita Federal. O delegado da Pol\u00edcia Federal chega ao bar de Orfeu.<br \/>\n<img data-recalc-dims=\"1\" decoding=\"async\" class=\"alignnone wp-image-52304 size-full\" title=\"(Foto: TV Globo\/Vai na F\u00e9)\" src=\"https:\/\/i0.wp.com\/www.tvnovelas.com.br\/tvnews\/wp-content\/uploads\/2023\/06\/37385c.jpg?resize=728%2C410&#038;ssl=1\" alt=\"Foto em Vai na F\u00e9 na semana 26\/6 a 1\u00ba de julho\" width=\"728\" height=\"410\" srcset=\"https:\/\/i0.wp.com\/www.tvnovelas.com.br\/tvnews\/wp-content\/uploads\/2023\/06\/37385c.jpg?w=728&amp;ssl=1 728w, https:\/\/i0.wp.com\/www.tvnovelas.com.br\/tvnews\/wp-content\/uploads\/2023\/06\/37385c.jpg?resize=678%2C381&amp;ssl=1 678w\" sizes=\"(max-width: 728px) 100vw, 728px\" \/><\/p>\n<p><strong>Resumo de quarta-feira, 28 de junho<\/strong><br \/>\nOrfeu \u00e9 preso. Clara recebe intima\u00e7\u00e3o para depor sobre a investiga\u00e7\u00e3o de contrabando. Lumiar indica outro advogado para ajudar Theo com o caso da empresa. Stuart questiona Wilma sobre seus pr\u00eamios. Theo se declara para Lumiar. Vitinho atrapalha uma tentativa de romance entre Stuart e Wilma. Lumiar convoca Ricardo para defender Theo e Clara. Guiga e Yuri se esfor\u00e7am para aparecerem bem em uma publica\u00e7\u00e3o. Sol pede a ajuda de Vitinho para fazer uma m\u00fasica nova. Wilma fica com ci\u00fames de Marlene com Stuart. Kate revela seu nome verdadeiro para Rafa. Ricardo vai falar com Orfeu, que amea\u00e7a Theo. Lumiar chega ao Ref\u00fagio e se preocupa com o estado de Dora. Ricardo e Theo conversam sobre Lumiar. Lui revela a Lumiar que testemunhar\u00e1 contra Theo.<\/p>\n<p><strong>Resumo de quinta-feira, 29 de junho<\/strong><br \/>\nLumiar discute com Lui. Sol se impressiona com a quantidade de pessoas inscritas em sua aula-show. Ben questiona Eduardo sobre seu relacionamento com Jenifer. Wilma decide ajudar Stuart a decorar suas falas. Vitinho percebe que a coleira de brilhantes de Lize desapareceu. Ben se preocupa ao saber que Neide testemunhar\u00e1 a favor de Theo. Orfeu manda um de seus capangas encontrar o v\u00eddeo de Hugo amea\u00e7ando Grazi. Dora pede para Lumiar fazer as pazes com Lui. Jenifer e Eduardo cuidam da horta. Sol tem um sonho revelador. Dora pede um show de despedida. Lui ensina Lumiar a tocar viol\u00e3o. Eduardo e Jenifer ficam juntos. Sol encontra a casa para onde Theo a levou quando eram jovens. Lumiar recebe o v\u00eddeo de Hugo amea\u00e7ando Grazi.<br \/>\n<img data-recalc-dims=\"1\" decoding=\"async\" class=\"alignnone wp-image-52305 size-full\" title=\"(Foto: Reprodu\u00e7\u00e3o\/TV Globo\/Vai na F\u00e9)\" src=\"https:\/\/i0.wp.com\/www.tvnovelas.com.br\/tvnews\/wp-content\/uploads\/2023\/06\/37385b.jpg?resize=728%2C410&#038;ssl=1\" alt=\"Foto em Vai na F\u00e9 na semana 26\/6 a 1\u00ba de julho\" width=\"728\" height=\"410\" srcset=\"https:\/\/i0.wp.com\/www.tvnovelas.com.br\/tvnews\/wp-content\/uploads\/2023\/06\/37385b.jpg?w=728&amp;ssl=1 728w, https:\/\/i0.wp.com\/www.tvnovelas.com.br\/tvnews\/wp-content\/uploads\/2023\/06\/37385b.jpg?resize=678%2C381&amp;ssl=1 678w\" sizes=\"(max-width: 728px) 100vw, 728px\" \/><\/p>\n<p><strong>Resumo de sexta-feira, 30 de junho<\/strong><br \/>\nLumiar fica abalada com o v\u00eddeo. Sol n\u00e3o consegue falar com a vizinha da casa, dona Ros\u00e1rio. Lumiar envia o v\u00eddeo para Theo, que se aconselha com Ricardo. Lumiar tenta conversar com Dora sobre Theo. Ben pede para dormir com Sol. Hugo liga para Jenifer. Orfeu amea\u00e7a Theo para Ricardo. Sol e Ben levam Jana\u00edna para falar com Ros\u00e1rio. Lumiar se recusa a receber ajuda de Lui. Ricardo orienta Theo sobre o v\u00eddeo que ele recebeu. Lui d\u00e1 uma entrevista para Anthony. Theo consegue enganar Lumiar. Ben avisa a Lui que ele pode ter prejudicado Sol. Wilma percebe que seu pr\u00eamio mais valioso sumiu e comenta com Stuart. Anthony e \u00c9rica tentam entrevistar Theo. Lui se prepara para dar seu depoimento.<\/p>\n<p><strong>Resumo de s\u00e1bado, 1\u00ba de julho<\/strong><br \/>\nLumiar destr\u00f3i as alega\u00e7\u00f5es de Lui. Sol tenta convencer Kate a testemunhar contra Theo. Orfeu liga para Ricardo. Rafa cuida de Kate. Ricardo gosta de saber que Jenifer est\u00e1 apoiando Ben na audi\u00eancia contra Theo. Ben inicia seu interrogat\u00f3rio com Ros\u00e1rio, mas Lumiar desqualifica o depoimento da senhora. Ben recebe o v\u00eddeo de Grazi. Jenifer reconhece a voz de Hugo no v\u00eddeo. Ben decide mostrar o v\u00eddeo que recebeu para Lumiar. Jenifer afirma a Sol que n\u00e3o perdoar\u00e1 Hugo. Lui reclama de Lumiar para Vitinho. Lumiar amea\u00e7a Ant\u00f4nio. Ben mostra o v\u00eddeo para Lumiar, que se surpreende com a confirma\u00e7\u00e3o da exist\u00eancia de Grazi.<br \/>\n<!--FIM DO POST--><br \/>\n<a href=\"https:\/\/www.tvnovelas.com.br\/novelas\/resumos-de-vai-na-fe-2\/\">Confira os resumos de Vai na F\u00e9 da semana 03 a 10 de julho<\/a><br \/>\n<strong style=\"font-size: 120%;\">\u00daltimas not\u00edcias de Vai na F\u00e9:<\/strong><br \/>\n<div class=\"pt-cv-wrapper\"><div class=\"pt-cv-view pt-cv-grid pt-cv-colsys\" id=\"pt-cv-view-8080477fv3\"><div data-id=\"pt-cv-page-1\" class=\"pt-cv-page\" data-cvc=\"1\"><div class=\"col-md-12 col-sm-12 col-xs-12 pt-cv-content-item pt-cv-1-col\" ><div class='pt-cv-ifield'><h4 class=\"pt-cv-title\"><a href=\"https:\/\/www.tvnovelas.com.br\/tvnews\/vai-na-fe-sol-enfrenta-empresario-e-abre-show-de-lui\/\" class=\"_blank\" target=\"_blank\" >Vai na F\u00e9: Sol enfrenta empres\u00e1rio e abre show de Lui<\/a><\/h4><\/div><\/div>\n<div class=\"col-md-12 col-sm-12 col-xs-12 pt-cv-content-item pt-cv-1-col\" ><div class='pt-cv-ifield'><h4 class=\"pt-cv-title\"><a href=\"https:\/\/www.tvnovelas.com.br\/tvnews\/vai-na-fe-theo-muda-visual-e-mata-orfeu\/\" class=\"_blank\" target=\"_blank\" >Vai na F\u00e9: Theo muda visual e mata Orfeu<\/a><\/h4><\/div><\/div>\n<div class=\"col-md-12 col-sm-12 col-xs-12 pt-cv-content-item pt-cv-1-col\" ><div class='pt-cv-ifield'><h4 class=\"pt-cv-title\"><a href=\"https:\/\/www.tvnovelas.com.br\/tvnews\/vai-na-fe-sol-e-impedida-de-abrir-show-de-lui-lorenzo\/\" class=\"_blank\" target=\"_blank\" >Vai na F\u00e9: Sol \u00e9 impedida de abrir show de Lui Lorenzo<\/a><\/h4><\/div><\/div>\n<div class=\"col-md-12 col-sm-12 col-xs-12 pt-cv-content-item pt-cv-1-col\" ><div class='pt-cv-ifield'><h4 class=\"pt-cv-title\"><a href=\"https:\/\/www.tvnovelas.com.br\/tvnews\/vai-na-fe-ben-descobre-envolvimento-de-theo-na-morte-de-carlao\/\" class=\"_blank\" target=\"_blank\" >Vai na F\u00e9: Ben descobre envolvimento de Theo na morte de Carl\u00e3o<\/a><\/h4><\/div><\/div>\n<div class=\"col-md-12 col-sm-12 col-xs-12 pt-cv-content-item pt-cv-1-col\" ><div class='pt-cv-ifield'><h4 class=\"pt-cv-title\"><a href=\"https:\/\/www.tvnovelas.com.br\/tvnews\/vai-na-fe-orfeu-erra-o-tiro-e-theo-atropela-o-ex-socio\/\" class=\"_blank\" target=\"_blank\" >Vai na F\u00e9: Orfeu erra o tiro e Theo atropela o ex-s\u00f3cio<\/a><\/h4><\/div><\/div>\n<div class=\"col-md-12 col-sm-12 col-xs-12 pt-cv-content-item pt-cv-1-col\" ><div class='pt-cv-ifield'><h4 class=\"pt-cv-title\"><a href=\"https:\/\/www.tvnovelas.com.br\/tvnews\/vai-na-fe-orfeu-traido-por-theo-promete-vinganca\/\" class=\"_blank\" target=\"_blank\" >Vai na F\u00e9: Orfeu tra\u00eddo por Theo promete vingan\u00e7a<\/a><\/h4><\/div><\/div><\/div><\/div><\/div><br \/>\n<strong style=\"font-size: 120%;\">\u00daltimas not\u00edcias deste canal:<\/strong><br \/>\n<div class=\"pt-cv-wrapper\"><div class=\"pt-cv-view pt-cv-grid pt-cv-colsys\" id=\"pt-cv-view-90991035b3\"><div data-id=\"pt-cv-page-1\" class=\"pt-cv-page\" data-cvc=\"1\"><div class=\"col-md-12 col-sm-12 col-xs-12 pt-cv-content-item pt-cv-1-col\" ><div class='pt-cv-ifield'><h4 class=\"pt-cv-title\"><a href=\"https:\/\/www.tvnovelas.com.br\/tvnews\/em-coracao-de-mae-nos-proximos-capitulos-04-a-08-5\/\" class=\"_self\" target=\"_self\" >Em Cora\u00e7\u00e3o de M\u00e3e nos pr\u00f3ximos cap\u00edtulos (04 a 08\/5)<\/a><\/h4><\/div><\/div>\n<div class=\"col-md-12 col-sm-12 col-xs-12 pt-cv-content-item pt-cv-1-col\" ><div class='pt-cv-ifield'><h4 class=\"pt-cv-title\"><a href=\"https:\/\/www.tvnovelas.com.br\/tvnews\/coracao-de-mae-hasan-e-filiz-em-piquenique-romantico\/\" class=\"_self\" target=\"_self\" >Cora\u00e7\u00e3o de M\u00e3e: Hasan e Filiz em piquenique rom\u00e2ntico<\/a><\/h4><\/div><\/div>\n<div class=\"col-md-12 col-sm-12 col-xs-12 pt-cv-content-item pt-cv-1-col\" ><div class='pt-cv-ifield'><h4 class=\"pt-cv-title\"><a href=\"https:\/\/www.tvnovelas.com.br\/tvnews\/guerra-das-rosas-cihan-vibra-com-desistencia-de-gulru-de-casar-com-mert\/\" class=\"_self\" target=\"_self\" >Guerra das Rosas: Cihan vibra com desist\u00eancia de Gulru de casar com Mert<\/a><\/h4><\/div><\/div>\n<div class=\"col-md-12 col-sm-12 col-xs-12 pt-cv-content-item pt-cv-1-col\" ><div class='pt-cv-ifield'><h4 class=\"pt-cv-title\"><a href=\"https:\/\/www.tvnovelas.com.br\/tvnews\/coracao-de-mae-irmak-denuncia-adnan\/\" class=\"_self\" target=\"_self\" >Cora\u00e7\u00e3o de M\u00e3e: Irmak denuncia Adnan<\/a><\/h4><\/div><\/div>\n<div class=\"col-md-12 col-sm-12 col-xs-12 pt-cv-content-item pt-cv-1-col\" ><div class='pt-cv-ifield'><h4 class=\"pt-cv-title\"><a href=\"https:\/\/www.tvnovelas.com.br\/tvnews\/a-nobreza-do-amor-mirinho-e-obrigado-a-resgatar-tonho\/\" class=\"_self\" target=\"_self\" >A Nobreza do Amor: Mirinho \u00e9 obrigado a resgatar Tonho<\/a><\/h4><\/div><\/div>\n<div class=\"col-md-12 col-sm-12 col-xs-12 pt-cv-content-item pt-cv-1-col\" ><div class='pt-cv-ifield'><h4 class=\"pt-cv-title\"><a href=\"https:\/\/www.tvnovelas.com.br\/tvnews\/tres-gracas-paulinho-e-afastado-da-policia-por-causa-de-gerluce\/\" class=\"_self\" target=\"_self\" >Tr\u00eas Gra\u00e7as: Paulinho \u00e9 afastado da pol\u00edcia por causa de Gerluce<\/a><\/h4><\/div><\/div>\n<div class=\"col-md-12 col-sm-12 col-xs-12 pt-cv-content-item pt-cv-1-col\" ><div class='pt-cv-ifield'><h4 class=\"pt-cv-title\"><a href=\"https:\/\/www.tvnovelas.com.br\/tvnews\/coracao-de-mae-irmak-inicia-jogo-arriscado-contra-adnan\/\" class=\"_self\" target=\"_self\" >Cora\u00e7\u00e3o de M\u00e3e: Irmak inicia jogo arriscado contra Adnan<\/a><\/h4><\/div><\/div>\n<div class=\"col-md-12 col-sm-12 col-xs-12 pt-cv-content-item pt-cv-1-col\" ><div class='pt-cv-ifield'><h4 class=\"pt-cv-title\"><a href=\"https:\/\/www.tvnovelas.com.br\/tvnews\/guerra-das-rosas-omer-chama-gulru-vestida-de-noiva-para-fugir\/\" class=\"_self\" target=\"_self\" >Guerra das Rosas: Omer chama Gulru vestida de noiva para fugir<\/a><\/h4><\/div><\/div>\n<div class=\"col-md-12 col-sm-12 col-xs-12 pt-cv-content-item pt-cv-1-col\" ><div class='pt-cv-ifield'><h4 class=\"pt-cv-title\"><a href=\"https:\/\/www.tvnovelas.com.br\/tvnews\/coracao-de-mae-reha-sai-para-jantar-com-selvi\/\" class=\"_self\" target=\"_self\" >Cora\u00e7\u00e3o de M\u00e3e: Reha sai para jantar com Selvi<\/a><\/h4><\/div><\/div>\n<div class=\"col-md-12 col-sm-12 col-xs-12 pt-cv-content-item pt-cv-1-col\" ><div class='pt-cv-ifield'><h4 class=\"pt-cv-title\"><a href=\"https:\/\/www.tvnovelas.com.br\/tvnews\/coracao-acelerado-zila-se-preocupa-com-sua-situacao-apos-separacao\/\" class=\"_self\" target=\"_self\" >Cora\u00e7\u00e3o Acelerado: Zil\u00e1 se preocupa com sua situa\u00e7\u00e3o ap\u00f3s separa\u00e7\u00e3o<\/a><\/h4><\/div><\/div><\/div><\/div><\/div><br \/>\n<a href=\"https:\/\/www.tvnovelas.com.br\/novelas\/\"><strong>Confira os resumos da semana de todas novelas<\/strong><\/a><br \/>\n<a href=\"http:\/\/tvnovelas.com.br\/filmes\" target=\"_blank\" rel=\"noopener\">Veja tamb\u00e9m: Todas as telas: filmes e s\u00e9ries nos streamings<\/a><\/p>\n<h3>Confira tamb\u00e9m<\/h3>\n<p><a href=\"https:\/\/www.tvnovelas.com.br\/filmes\/\" target=\"_blank\" rel=\"noopener noreferrer\"><strong>Programa\u00e7\u00e3o de filmes na TV aberta<\/strong><\/a><br \/>\n<a href=\"https:\/\/caetenews.com.br\/semana\/filmes-da-globo-na-sessao-da-tarde-desta-semana\/\" target=\"_blank\" rel=\"noopener\"><strong>Confira os filmes da semana na Sess\u00e3o da Tarde<\/strong><\/a><br \/>\n<a href=\"https:\/\/www.tvnovelas.com.br\/novelas\/\" target=\"_blank\" rel=\"noopener noreferrer\"><strong>Resumos de novelas<\/strong><\/a><\/p>\n","protected":false},"excerpt":{"rendered":"<p>Chega o dia da audi\u00eancia contra The; Orfeu \u00e9 preso pela PF; Theo se declara para Lumiar; Sol tenta convencer Kate a testemunhar contra Theo; Ben pede para dormir com Sol; Lui testemunha contra Theo; Kate revela seu nome verdadeiro para Rafa&#8230;<\/p>\n","protected":false},"author":1,"featured_media":52303,"comment_status":"closed","ping_status":"closed","sticky":false,"template":"","format":"standard","meta":{"_uf_show_specific_survey":0,"_uf_disable_surveys":false,"_jetpack_memberships_contains_paid_content":false,"footnotes":"","_wp_rev_ctl_limit":""},"categories":[353,358],"tags":[5,64,359],"class_list":["post-52302","post","type-post","status-publish","format-standard","has-post-thumbnail","hentry","category-resumos-de-novelas","category-vai-na-fe","tag-globo","tag-novelas","tag-vai-na-fe","wpcat-353-id","wpcat-358-id"],"aioseo_notices":[],"jetpack_featured_media_url":"https:\/\/i0.wp.com\/www.tvnovelas.com.br\/tvnews\/wp-content\/uploads\/2023\/06\/37385.jpg?fit=728%2C410&ssl=1","jetpack_shortlink":"https:\/\/wp.me\/pdP2BO-dBA","jetpack_sharing_enabled":true,"_links":{"self":[{"href":"https:\/\/www.tvnovelas.com.br\/tvnews\/wp-json\/wp\/v2\/posts\/52302","targetHints":{"allow":["GET"]}}],"collection":[{"href":"https:\/\/www.tvnovelas.com.br\/tvnews\/wp-json\/wp\/v2\/posts"}],"about":[{"href":"https:\/\/www.tvnovelas.com.br\/tvnews\/wp-json\/wp\/v2\/types\/post"}],"author":[{"embeddable":true,"href":"https:\/\/www.tvnovelas.com.br\/tvnews\/wp-json\/wp\/v2\/users\/1"}],"replies":[{"embeddable":true,"href":"https:\/\/www.tvnovelas.com.br\/tvnews\/wp-json\/wp\/v2\/comments?post=52302"}],"version-history":[{"count":1,"href":"https:\/\/www.tvnovelas.com.br\/tvnews\/wp-json\/wp\/v2\/posts\/52302\/revisions"}],"predecessor-version":[{"id":52306,"href":"https:\/\/www.tvnovelas.com.br\/tvnews\/wp-json\/wp\/v2\/posts\/52302\/revisions\/52306"}],"wp:featuredmedia":[{"embeddable":true,"href":"https:\/\/www.tvnovelas.com.br\/tvnews\/wp-json\/wp\/v2\/media\/52303"}],"wp:attachment":[{"href":"https:\/\/www.tvnovelas.com.br\/tvnews\/wp-json\/wp\/v2\/media?parent=52302"}],"wp:term":[{"taxonomy":"category","embeddable":true,"href":"https:\/\/www.tvnovelas.com.br\/tvnews\/wp-json\/wp\/v2\/categories?post=52302"},{"taxonomy":"post_tag","embeddable":true,"href":"https:\/\/www.tvnovelas.com.br\/tvnews\/wp-json\/wp\/v2\/tags?post=52302"}],"curies":[{"name":"wp","href":"https:\/\/api.w.org\/{rel}","templated":true}]}}