{"id":52308,"date":"2023-06-24T14:00:37","date_gmt":"2023-06-24T17:00:37","guid":{"rendered":"https:\/\/www.tvnovelas.com.br\/tvnews\/?p=52308"},"modified":"2023-06-24T13:34:42","modified_gmt":"2023-06-24T16:34:42","slug":"o-que-acontece-em-terra-e-paixao-na-semana-26-6-a-1o-de-julho","status":"publish","type":"post","link":"https:\/\/www.tvnovelas.com.br\/tvnews\/o-que-acontece-em-terra-e-paixao-na-semana-26-6-a-1o-de-julho\/","title":{"rendered":"O que acontece em Terra e Paix\u00e3o na semana 26\/6 a 1\u00ba de julho"},"content":{"rendered":"<p><em>Resumos de Terra e Paix\u00e3o na semana 26\/6 a 1\u00ba de julho<\/em><br \/>\n<img data-recalc-dims=\"1\" decoding=\"async\" class=\"alignnone wp-image-52309 size-full\" title=\"(Foto: Reprodu\u00e7\u00e3o\/TV Globo\/Terra e Paix\u00e3o)\" src=\"https:\/\/i0.wp.com\/www.tvnovelas.com.br\/tvnews\/wp-content\/uploads\/2023\/06\/37386e.jpg?resize=728%2C410&#038;ssl=1\" alt=\"Foto em Terra e Paix\u00e3o na semana 26\/6 a 1\u00ba de julho\" width=\"728\" height=\"410\" srcset=\"https:\/\/i0.wp.com\/www.tvnovelas.com.br\/tvnews\/wp-content\/uploads\/2023\/06\/37386e.jpg?w=728&amp;ssl=1 728w, https:\/\/i0.wp.com\/www.tvnovelas.com.br\/tvnews\/wp-content\/uploads\/2023\/06\/37386e.jpg?resize=678%2C381&amp;ssl=1 678w\" sizes=\"(max-width: 728px) 100vw, 728px\" \/><\/p>\n<blockquote><p>Daniel pede paci\u00eancia a Aline; Irene convence Daniel a dar um golpe em Aline; Caio conta a Daniel que est\u00e1 apaixonado por Aline; Caio se declara para Aline e pede uma chance; Ademir paga parcela da d\u00edvida de Aline para afrontar Ant\u00f4nio; Aline cede \u00e0s investidas de Caio&#8230;<\/p><\/blockquote>\n<p><strong>Resumo de segunda-feira, 26 de junho<\/strong><br \/>\nDaniel pede paci\u00eancia a Aline at\u00e9 que sua situa\u00e7\u00e3o com Caio e Gra\u00e7a seja resolvida. Luigi apresenta a falsa m\u00e3e para Ant\u00f4nio e Irene. Petra toma comprimidos antes do casamento. Caio comenta com Daniel que a m\u00e3e de Luigi parece falsa. Franco termina com Laurita. Luana diz a Kelvin que assumir\u00e1 o bar se Berenice n\u00e3o aparecer. Ant\u00f4nio diz a Irene que n\u00e3o confia em Luigi. Aline fica sabendo por Franco que a primeira parcela do seu empr\u00e9stimo foi paga. Ademir conta a Caio que pagou a parcela do empr\u00e9stimo de Aline para afrontar Ant\u00f4nio. Ant\u00f4nio promete destruir a pessoa que pagou a d\u00edvida de Aline.<\/p>\n<p><strong>Resumo de ter\u00e7a-feira, 27 de junho<\/strong><br \/>\nJussara tenta convencer Aline de que Daniel est\u00e1 enrolando a filha. Luigi conta a Caio que Daniel assinou um documento \u00e0s escondidas oficializando a sucess\u00e3o. Irene convence Daniel a dar um golpe em Aline para conseguir as terras que Ant\u00f4nio deseja. Franco revela a Ant\u00f4nio que foi Luana quem pagou a parcela do empr\u00e9stimo de Aline. Anely lembra a Luigi que ele casou com documento falso. Caio reclama de Daniel com Aline. Rodrigo comunica a Caio que o corpo de Agatha deve ser exumado para comprovar que ele \u00e9 filho dela. Ademir se hospeda na pousada de Lucinda. Daniel prop\u00f5e a Aline que venda as terras e v\u00e1 morar em outro lugar com ele.<br \/>\n<img data-recalc-dims=\"1\" decoding=\"async\" class=\"alignnone wp-image-52310 size-full\" title=\"(Foto: Reprodu\u00e7\u00e3o\/TV Globo\/Terra e Paix\u00e3o)\" src=\"https:\/\/i0.wp.com\/www.tvnovelas.com.br\/tvnews\/wp-content\/uploads\/2023\/06\/37386d.jpg?resize=728%2C410&#038;ssl=1\" alt=\"Foto em Terra e Paix\u00e3o na semana 26\/6 a 1\u00ba de julho\" width=\"728\" height=\"410\" srcset=\"https:\/\/i0.wp.com\/www.tvnovelas.com.br\/tvnews\/wp-content\/uploads\/2023\/06\/37386d.jpg?w=728&amp;ssl=1 728w, https:\/\/i0.wp.com\/www.tvnovelas.com.br\/tvnews\/wp-content\/uploads\/2023\/06\/37386d.jpg?resize=678%2C381&amp;ssl=1 678w\" sizes=\"(max-width: 728px) 100vw, 728px\" \/><\/p>\n<p><strong>Resumo de quarta-feira, 28 de junho<\/strong><br \/>\nAline rejeita a proposta de Daniel. Aline afirma para Jussara que Daniel \u00e9 honesto. Berenice descobre que est\u00e1 no Rio de Janeiro. Gladys questiona Tadeu sobre o extrato da conta banc\u00e1ria. Gladys pede a Enzo que v\u00e1 \u00e0 escola auxili\u00e1-la com seu laptop. Caio n\u00e3o entende por que o m\u00e9dico de Agatha o aconselha a n\u00e3o exumar o corpo da m\u00e3e. Berenice pede a ajuda de Kelvin para voltar \u00e0 Nova Primavera. Luigi e Petra conversam com Irene sobre a sucess\u00e3o. Gentil incentiva Jonatas a declarar seu amor por Aline. Aline comunica a Daniel que n\u00e3o desistir\u00e1 de seu sonho, nem de suas terras. Caio fica surpreso ao ver o caix\u00e3o de Agatha vazio.<\/p>\n<p><strong>Resumo de quinta-feira, 29 de junho<\/strong><br \/>\nAnt\u00f4nio avisa que n\u00e3o medir\u00e1 esfor\u00e7os nem dinheiro para entender o motivo pelo qual o corpo de Agatha n\u00e3o est\u00e1 no caix\u00e3o. Caio exige que Marino descubra o que aconteceu com o atestado de \u00f3bito de Agatha. Jonatas observa Aline com Daniel e comenta com Gentil. Jonatas diz a Aline que est\u00e1 decepcionado com ela. Gra\u00e7a diz a Gladys que est\u00e1 gr\u00e1vida. Ademir elogia Lucinda. Caio conta a Daniel que est\u00e1 apaixonado por Aline. Daniel exige que Aline se afaste de Caio.<br \/>\n<img data-recalc-dims=\"1\" decoding=\"async\" class=\"alignnone wp-image-52311 size-full\" title=\"(Foto: Reprodu\u00e7\u00e3o\/TV Globo\/Terra e Paix\u00e3o)\" src=\"https:\/\/i0.wp.com\/www.tvnovelas.com.br\/tvnews\/wp-content\/uploads\/2023\/06\/37386c.jpg?resize=720%2C410&#038;ssl=1\" alt=\"Foto em Terra e Paix\u00e3o na semana 26\/6 a 1\u00ba de julho\" width=\"720\" height=\"410\" \/><\/p>\n<p><strong>Resumo de sexta-feira, 30 de junho<\/strong><br \/>\nAline diz a Daniel que n\u00e3o deixar\u00e1 de ver Caio. Marino descobre que Agatha se envolveu com um m\u00e9dico desaparecido do hospital. Berenice chega ao bar depois de viajar de carona. Kelvin e Ramiro observam Daniel e Aline se beijando. Kelvin conta a Flor que Daniel e Aline est\u00e3o juntos. Irene revela a Daniel que teve um breve romance com Ademir no passado. Irene alerta Petra para ficar de olho em Luigi. Ademir fica sabendo por Flor e Kelvin que Aline est\u00e1 com Daniel. Berenice pede ajuda a Kelvin para conquistar Ant\u00f4nio. Daniel diz a Gladys que pensa em se casar com Gra\u00e7a em outra cidade. Caio declara seu amor a Aline e pede uma chance para a professora.<\/p>\n<p><strong>Resumo de s\u00e1bado, 1\u00ba de julho<\/strong><br \/>\nAline cede \u00e0s investidas de Caio, mas confessa que o amor que sente por ele \u00e9 de amizade. Ademir alerta Kelvin para ter cuidado com Ramiro. Caio desabafa com Daniel sobre a paix\u00e3o que sente por Aline. Lucinda se oferece para promover um encontro entre Angelina e Marino, a fim de ajudar nas investiga\u00e7\u00f5es sobre o desaparecimento de Agatha. Jurec\u00ea permite que Franco se encontre com Yandara. Angelina revela a Marino que Agatha n\u00e3o era uma mulher confi\u00e1vel, e que a m\u00e3e de Caio pode ter tido um c\u00famplice. Gladys provoca Enzo. Gladys conta a Gra\u00e7a que descobrir\u00e1 se Luigi tem mesmo um castelo na It\u00e1lia. Ademir conta a Caio que Aline est\u00e1 com Daniel.<br \/>\n<!--FIM DO POST--><br \/>\n<a href=\"https:\/\/www.tvnovelas.com.br\/novelas\/resumos-de-terra-e-paixao-2\/\">Confira os resumos de &#8216;Terra e Paix\u00e3o&#8217; da semana 03 a 08 de julho<\/a><br \/>\n<strong style=\"font-size: 120%;\">\u00daltimas not\u00edcias de Terra e Paix\u00e3o:<br \/>\n<div class=\"pt-cv-wrapper\"><div class=\"pt-cv-view pt-cv-grid pt-cv-colsys\" id=\"pt-cv-view-9bbc6490w2\"><div data-id=\"pt-cv-page-1\" class=\"pt-cv-page\" data-cvc=\"1\"><div class=\"col-md-12 col-sm-6 col-xs-12 pt-cv-content-item pt-cv-1-col\" ><div class='pt-cv-ifield'><h4 class=\"pt-cv-title\"><a href=\"https:\/\/www.tvnovelas.com.br\/tvnews\/terra-e-paixao-vinicius-choca-aline-com-relatorio-sobre-diamantes-em-suas-terras\/\" class=\"_blank\" target=\"_blank\" >Terra e Paix\u00e3o: Vin\u00edcius choca Aline com relat\u00f3rio sobre diamantes em suas terras<\/a><\/h4><\/div><\/div>\n<div class=\"col-md-12 col-sm-6 col-xs-12 pt-cv-content-item pt-cv-1-col\" ><div class='pt-cv-ifield'><h4 class=\"pt-cv-title\"><a href=\"https:\/\/www.tvnovelas.com.br\/tvnews\/terra-e-paixao-fuga-de-antonio-tem-mortes-e-disfarce\/\" class=\"_blank\" target=\"_blank\" >Terra e Paix\u00e3o: Fuga de Ant\u00f4nio tem mortes e disfarce<\/a><\/h4><\/div><\/div>\n<div class=\"col-md-12 col-sm-6 col-xs-12 pt-cv-content-item pt-cv-1-col\" ><div class='pt-cv-ifield'><h4 class=\"pt-cv-title\"><a href=\"https:\/\/www.tvnovelas.com.br\/tvnews\/terra-e-paixao-antonio-invade-casamento-para-matar-aline-no-altar\/\" class=\"_blank\" target=\"_blank\" >Terra e Paix\u00e3o: Ant\u00f4nio invade casamento para matar Aline no altar<\/a><\/h4><\/div><\/div>\n<div class=\"col-md-12 col-sm-6 col-xs-12 pt-cv-content-item pt-cv-1-col\" ><div class='pt-cv-ifield'><h4 class=\"pt-cv-title\"><a href=\"https:\/\/www.tvnovelas.com.br\/tvnews\/terra-e-paixao-graca-se-junta-a-policia-para-salvar-danielzinho\/\" class=\"_blank\" target=\"_blank\" >Terra e Paix\u00e3o: Gra\u00e7a se junta \u00e0 Pol\u00edcia para salvar Danielzinho<\/a><\/h4><\/div><\/div>\n<div class=\"col-md-12 col-sm-6 col-xs-12 pt-cv-content-item pt-cv-1-col\" ><div class='pt-cv-ifield'><h4 class=\"pt-cv-title\"><a href=\"https:\/\/www.tvnovelas.com.br\/tvnews\/terra-e-paixao-marino-da-voz-de-prisao-a-irene\/\" class=\"_blank\" target=\"_blank\" >Terra e Paix\u00e3o: Marino d\u00e1 voz de pris\u00e3o a Irene<\/a><\/h4><\/div><\/div>\n<div class=\"col-md-12 col-sm-6 col-xs-12 pt-cv-content-item pt-cv-1-col\" ><div class='pt-cv-ifield'><h4 class=\"pt-cv-title\"><a href=\"https:\/\/www.tvnovelas.com.br\/tvnews\/terra-e-paixao-irene-sequestra-danielzinho-e-foge-com-vinicius\/\" class=\"_blank\" target=\"_blank\" >Terra e Paix\u00e3o: Irene sequestra Danielzinho e foge com Vin\u00edcius<\/a><\/h4><\/div><\/div><\/div><\/div><\/div><br \/>\n<strong style=\"font-size: 120%;\">\u00daltimas not\u00edcias deste canal:<\/strong><br \/>\n<div class=\"pt-cv-wrapper\"><div class=\"pt-cv-view pt-cv-grid pt-cv-colsys\" id=\"pt-cv-view-90991035b3\"><div data-id=\"pt-cv-page-1\" class=\"pt-cv-page\" data-cvc=\"1\"><div class=\"col-md-12 col-sm-12 col-xs-12 pt-cv-content-item pt-cv-1-col\" ><div class='pt-cv-ifield'><h4 class=\"pt-cv-title\"><a href=\"https:\/\/www.tvnovelas.com.br\/tvnews\/em-a-nobreza-do-amor-na-semana-04-a-09-de-maio\/\" class=\"_self\" target=\"_self\" >Em A Nobreza do Amor na semana 04 a 09 de maio<\/a><\/h4><\/div><\/div>\n<div class=\"col-md-12 col-sm-12 col-xs-12 pt-cv-content-item pt-cv-1-col\" ><div class='pt-cv-ifield'><h4 class=\"pt-cv-title\"><a href=\"https:\/\/www.tvnovelas.com.br\/tvnews\/o-que-acontece-em-tres-gracas-na-semana-04-a-09-de-maio\/\" class=\"_self\" target=\"_self\" >O que acontece em Tr\u00eas Gra\u00e7as na semana 04 a 09 de maio<\/a><\/h4><\/div><\/div>\n<div class=\"col-md-12 col-sm-12 col-xs-12 pt-cv-content-item pt-cv-1-col\" ><div class='pt-cv-ifield'><h4 class=\"pt-cv-title\"><a href=\"https:\/\/www.tvnovelas.com.br\/tvnews\/coracao-de-mae-reha-entra-em-panico-com-a-prisao-de-adnan\/\" class=\"_self\" target=\"_self\" >Cora\u00e7\u00e3o de M\u00e3e: Reha entra em p\u00e2nico com a pris\u00e3o de Adnan<\/a><\/h4><\/div><\/div>\n<div class=\"col-md-12 col-sm-12 col-xs-12 pt-cv-content-item pt-cv-1-col\" ><div class='pt-cv-ifield'><h4 class=\"pt-cv-title\"><a href=\"https:\/\/www.tvnovelas.com.br\/tvnews\/guerra-das-rosas-mert-sequestra-gulru\/\" class=\"_self\" target=\"_self\" >Guerra das Rosas: Mert sequestra Gulru<\/a><\/h4><\/div><\/div>\n<div class=\"col-md-12 col-sm-12 col-xs-12 pt-cv-content-item pt-cv-1-col\" ><div class='pt-cv-ifield'><h4 class=\"pt-cv-title\"><a href=\"https:\/\/www.tvnovelas.com.br\/tvnews\/a-nobreza-do-amor-resistencia-sequestra-noivo-de-kenia-e-o-despacha-de-batanga\/\" class=\"_self\" target=\"_self\" >A Nobreza do Amor: Resist\u00eancia sequestra noivo de K\u00eania e o despacha de Batanga<\/a><\/h4><\/div><\/div>\n<div class=\"col-md-12 col-sm-12 col-xs-12 pt-cv-content-item pt-cv-1-col\" ><div class='pt-cv-ifield'><h4 class=\"pt-cv-title\"><a href=\"https:\/\/www.tvnovelas.com.br\/tvnews\/tres-gracas-joelly-e-gerluce-descobrem-que-filha-de-lena-e-a-bebe-roubada\/\" class=\"_self\" target=\"_self\" >Tr\u00eas Gra\u00e7as: Jo\u00e9lly e Gerluce descobrem que filha de Lena \u00e9 a beb\u00ea roubada<\/a><\/h4><\/div><\/div>\n<div class=\"col-md-12 col-sm-12 col-xs-12 pt-cv-content-item pt-cv-1-col\" ><div class='pt-cv-ifield'><h4 class=\"pt-cv-title\"><a href=\"https:\/\/www.tvnovelas.com.br\/tvnews\/em-coracao-de-mae-nos-proximos-capitulos-04-a-08-5\/\" class=\"_self\" target=\"_self\" >Em Cora\u00e7\u00e3o de M\u00e3e nos pr\u00f3ximos cap\u00edtulos (04 a 08\/5)<\/a><\/h4><\/div><\/div>\n<div class=\"col-md-12 col-sm-12 col-xs-12 pt-cv-content-item pt-cv-1-col\" ><div class='pt-cv-ifield'><h4 class=\"pt-cv-title\"><a href=\"https:\/\/www.tvnovelas.com.br\/tvnews\/coracao-de-mae-hasan-e-filiz-em-piquenique-romantico\/\" class=\"_self\" target=\"_self\" >Cora\u00e7\u00e3o de M\u00e3e: Hasan e Filiz em piquenique rom\u00e2ntico<\/a><\/h4><\/div><\/div>\n<div class=\"col-md-12 col-sm-12 col-xs-12 pt-cv-content-item pt-cv-1-col\" ><div class='pt-cv-ifield'><h4 class=\"pt-cv-title\"><a href=\"https:\/\/www.tvnovelas.com.br\/tvnews\/guerra-das-rosas-cihan-vibra-com-desistencia-de-gulru-de-casar-com-mert\/\" class=\"_self\" target=\"_self\" >Guerra das Rosas: Cihan vibra com desist\u00eancia de Gulru de casar com Mert<\/a><\/h4><\/div><\/div>\n<div class=\"col-md-12 col-sm-12 col-xs-12 pt-cv-content-item pt-cv-1-col\" ><div class='pt-cv-ifield'><h4 class=\"pt-cv-title\"><a href=\"https:\/\/www.tvnovelas.com.br\/tvnews\/coracao-de-mae-irmak-denuncia-adnan\/\" class=\"_self\" target=\"_self\" >Cora\u00e7\u00e3o de M\u00e3e: Irmak denuncia Adnan<\/a><\/h4><\/div><\/div><\/div><\/div><\/div><br \/>\n<a href=\"https:\/\/www.tvnovelas.com.br\/novelas\/\"><strong>Confira os resumos da semana de todas novelas<\/strong><\/a><\/strong><\/p>\n<h3>Confira tamb\u00e9m<\/h3>\n<p><a href=\"https:\/\/www.tvnovelas.com.br\/filmes\/\" target=\"_blank\" rel=\"noopener noreferrer\"><strong>Programa\u00e7\u00e3o de filmes na TV aberta<\/strong><\/a><br \/>\n<a href=\"https:\/\/caetenews.com.br\/semana\/filmes-da-globo-na-sessao-da-tarde-desta-semana\/\" target=\"_blank\" rel=\"noopener\"><strong>Confira os filmes da semana na Sess\u00e3o da Tarde<\/strong><\/a><br \/>\n<a href=\"https:\/\/www.tvnovelas.com.br\/novelas\/\" target=\"_blank\" rel=\"noopener noreferrer\"><strong>Resumos de novelas<\/strong><\/a><\/p>\n","protected":false},"excerpt":{"rendered":"<p>Daniel pede paci\u00eancia a Aline; Irene convence Daniel a dar um golpe em Aline; Caio conta a Daniel que est\u00e1 apaixonado por Aline; Caio se declara para Aline e pede uma chance; Ademir paga parcela da d\u00edvida de Aline para afrontar Ant\u00f4nio; Aline cede \u00e0s investidas de Caio&#8230;<\/p>\n","protected":false},"author":1,"featured_media":52309,"comment_status":"closed","ping_status":"closed","sticky":false,"template":"","format":"standard","meta":{"_uf_show_specific_survey":0,"_uf_disable_surveys":false,"_jetpack_memberships_contains_paid_content":false,"footnotes":"","_wp_rev_ctl_limit":""},"categories":[382],"tags":[5,64,383],"class_list":["post-52308","post","type-post","status-publish","format-standard","has-post-thumbnail","hentry","category-terra-e-paixao","tag-globo","tag-novelas","tag-terra-e-paixao","wpcat-382-id"],"aioseo_notices":[],"jetpack_featured_media_url":"https:\/\/i0.wp.com\/www.tvnovelas.com.br\/tvnews\/wp-content\/uploads\/2023\/06\/37386e.jpg?fit=728%2C410&ssl=1","jetpack_shortlink":"https:\/\/wp.me\/pdP2BO-dBG","jetpack_sharing_enabled":true,"_links":{"self":[{"href":"https:\/\/www.tvnovelas.com.br\/tvnews\/wp-json\/wp\/v2\/posts\/52308","targetHints":{"allow":["GET"]}}],"collection":[{"href":"https:\/\/www.tvnovelas.com.br\/tvnews\/wp-json\/wp\/v2\/posts"}],"about":[{"href":"https:\/\/www.tvnovelas.com.br\/tvnews\/wp-json\/wp\/v2\/types\/post"}],"author":[{"embeddable":true,"href":"https:\/\/www.tvnovelas.com.br\/tvnews\/wp-json\/wp\/v2\/users\/1"}],"replies":[{"embeddable":true,"href":"https:\/\/www.tvnovelas.com.br\/tvnews\/wp-json\/wp\/v2\/comments?post=52308"}],"version-history":[{"count":1,"href":"https:\/\/www.tvnovelas.com.br\/tvnews\/wp-json\/wp\/v2\/posts\/52308\/revisions"}],"predecessor-version":[{"id":52312,"href":"https:\/\/www.tvnovelas.com.br\/tvnews\/wp-json\/wp\/v2\/posts\/52308\/revisions\/52312"}],"wp:featuredmedia":[{"embeddable":true,"href":"https:\/\/www.tvnovelas.com.br\/tvnews\/wp-json\/wp\/v2\/media\/52309"}],"wp:attachment":[{"href":"https:\/\/www.tvnovelas.com.br\/tvnews\/wp-json\/wp\/v2\/media?parent=52308"}],"wp:term":[{"taxonomy":"category","embeddable":true,"href":"https:\/\/www.tvnovelas.com.br\/tvnews\/wp-json\/wp\/v2\/categories?post=52308"},{"taxonomy":"post_tag","embeddable":true,"href":"https:\/\/www.tvnovelas.com.br\/tvnews\/wp-json\/wp\/v2\/tags?post=52308"}],"curies":[{"name":"wp","href":"https:\/\/api.w.org\/{rel}","templated":true}]}}