{"id":52346,"date":"2023-06-25T12:00:09","date_gmt":"2023-06-25T15:00:09","guid":{"rendered":"https:\/\/www.tvnovelas.com.br\/tvnews\/?p=52346"},"modified":"2023-06-26T12:13:04","modified_gmt":"2023-06-26T15:13:04","slug":"mulheres-de-areia-retorna-nas-tardes-da-globo-nesta-segunda-26","status":"publish","type":"post","link":"https:\/\/www.tvnovelas.com.br\/tvnews\/mulheres-de-areia-retorna-nas-tardes-da-globo-nesta-segunda-26\/","title":{"rendered":"&#8216;Mulheres de Areia&#8217; retorna nas tardes da Globo nesta segunda, 26"},"content":{"rendered":"<p><em>&#8216;Mulheres de Areia&#8217; retorna&#8230;<\/em><br \/>\n<img data-recalc-dims=\"1\" decoding=\"async\" class=\"alignnone wp-image-52348 size-full\" title=\"(Foto: Reprodu\u00e7\u00e3o\/TV Globo\/Mulheres de Areia)\" src=\"https:\/\/i0.wp.com\/www.tvnovelas.com.br\/tvnews\/wp-content\/uploads\/2023\/06\/37395.jpg?resize=728%2C410&#038;ssl=1\" alt=\"Foto em 'Mulheres de Areia' retorna...\" width=\"728\" height=\"410\" srcset=\"https:\/\/i0.wp.com\/www.tvnovelas.com.br\/tvnews\/wp-content\/uploads\/2023\/06\/37395.jpg?w=728&amp;ssl=1 728w, https:\/\/i0.wp.com\/www.tvnovelas.com.br\/tvnews\/wp-content\/uploads\/2023\/06\/37395.jpg?resize=678%2C381&amp;ssl=1 678w\" sizes=\"(max-width: 728px) 100vw, 728px\" \/><\/p>\n<p>A rivalidade das g\u00eameas Ruth e Raquel, ambas vividas por Gloria Pires est\u00e1 de volta \u00e0s tardes da Globo a partir desta segunda, dia 26 de junho, em Mulheres de Areia, no \u2018Edi\u00e7\u00e3o Especial\u2019. Com um elenco estrelado que inclui nomes como Susana Vieira, Humberto Martins, Andrea Beltr\u00e3o, Nicette Bruno e muitos outros, \u2018Mulheres de Areia\u2019 conta a hist\u00f3ria da disputa entre as duas irm\u00e3s pelo mesmo homem, o bem-sucedido empres\u00e1rio Marcos Assun\u00e7\u00e3o (Guilherme Fontes).<\/p>\n<p>Id\u00eanticas na apar\u00eancia, mas com personalidades totalmente diferentes, Ruth \u00e9 verdadeiramente apaixonada por Marcos, enquanto Raquel s\u00f3 pensa em conquist\u00e1-lo para melhorar de vida. Depois de passar um per\u00edodo dando aulas na escola prim\u00e1ria de uma fazenda, a doce e bondosa Ruth volta a morar com a irm\u00e3 e os pais Isaura (Laura Cardoso) e Floriano (Sebasti\u00e3o Vasconcelos) na fict\u00edcia cidade de Pontal D\u2019Areia, no litoral fluminense. Tamb\u00e9m de volta \u00e0 regi\u00e3o litor\u00e2nea para auxiliar nos neg\u00f3cios da fam\u00edlia, Marcos logo fica encantado ao encontrar a professora, e eles engatam um namoro, mas n\u00e3o imaginam que Raquel, extremamente ambiciosa, planeja se aproveitar da semelhan\u00e7a com a irm\u00e3 para tentar conquistar o rapaz, de olho em sua fortuna.<br \/>\n<img data-recalc-dims=\"1\" decoding=\"async\" class=\"alignnone wp-image-52349 size-full\" title=\"(Foto: Reprodu\u00e7\u00e3o\/TV Globo\/Mulheres de Areia)\" src=\"https:\/\/i0.wp.com\/www.tvnovelas.com.br\/tvnews\/wp-content\/uploads\/2023\/06\/37395a.jpg?resize=728%2C410&#038;ssl=1\" alt=\"Foto em 'Mulheres de Areia' retorna...\" width=\"728\" height=\"410\" srcset=\"https:\/\/i0.wp.com\/www.tvnovelas.com.br\/tvnews\/wp-content\/uploads\/2023\/06\/37395a.jpg?w=728&amp;ssl=1 728w, https:\/\/i0.wp.com\/www.tvnovelas.com.br\/tvnews\/wp-content\/uploads\/2023\/06\/37395a.jpg?resize=678%2C381&amp;ssl=1 678w\" sizes=\"(max-width: 728px) 100vw, 728px\" \/><\/p>\n<p>Para a tristeza de Ruth, Raquel consegue se casar com Marcos. Mas a g\u00eamea m\u00e1, mesmo depois da uni\u00e3o, continua se encontrando com seu amante, Wanderlei (Paulo Betti), dono de um car\u00e1ter t\u00e3o duvidoso quanto o dela. A trai\u00e7\u00e3o \u00e9 descoberta por Tonho da Lua (Marcos Frota), um artista que cria belas esculturas na areia da praia. Ardilosa, Raquel convence Marcos de que o rapaz n\u00e3o \u00e9 uma pessoa confi\u00e1vel e o empres\u00e1rio prefere acreditar na esposa. Apesar de n\u00e3o estar mais sob a amea\u00e7a de Tonho, Raquel n\u00e3o esquece o que ele lhe fez e passa a persegui-lo, acabando com a tranquilidade do escultor. Em meio a tudo isso, Ruth sofre por n\u00e3o conseguir tirar Marcos de seu cora\u00e7\u00e3o e por v\u00ea-lo casado com sua irm\u00e3, enquanto o poderoso Virg\u00edlio Assun\u00e7\u00e3o (Raul Cortez), pai de Marcos, \u00e9 contra o casamento do filho.<\/p>\n<p><img data-recalc-dims=\"1\" decoding=\"async\" class=\"alignnone wp-image-44579 size-full\" title=\"(Foto: TV Globo\/Mulheres de Areia)\" src=\"https:\/\/i0.wp.com\/www.tvnovelas.com.br\/tvnews\/wp-content\/uploads\/2023\/05\/38021.jpg?resize=728%2C410&#038;ssl=1\" alt=\"Foto em 'Mulheres de Areia\u2019 volta em junho\" width=\"728\" height=\"410\" srcset=\"https:\/\/i0.wp.com\/www.tvnovelas.com.br\/tvnews\/wp-content\/uploads\/2023\/05\/38021.jpg?w=728&amp;ssl=1 728w, https:\/\/i0.wp.com\/www.tvnovelas.com.br\/tvnews\/wp-content\/uploads\/2023\/05\/38021.jpg?resize=678%2C381&amp;ssl=1 678w\" sizes=\"(max-width: 728px) 100vw, 728px\" \/><br \/>\nAl\u00e9m da elogiada atua\u00e7\u00e3o de Gloria Pires, o personagem de Marcos Frota tamb\u00e9m se destacou na trama. Tonho da Lua conquistou o p\u00fablico com sua sensibilidade e garantiu momentos emocionantes \u00e0 hist\u00f3ria. Assim como na vers\u00e3o de 1973, as esculturas de areia de Tonho da Lua eram feitas pelo ator Serafim Gonzalez, que, desta vez, contava com o aux\u00edlio do filho, Daniel. Os dois chegavam \u00e0s grava\u00e7\u00f5es tr\u00eas horas antes da equipe e faziam at\u00e9 quatro esculturas por dia.<\/p>\n<p>Escrita por Ivani Ribeiro e com dire\u00e7\u00e3o geral de Wolf Maya, \u2018Mulheres de Areia\u2019 foi baseada em sua vers\u00e3o original, exibida em 1973, e na obra \u2018O Espantalho\u2019. A trama foi lan\u00e7ada na TV Globo em 1993, na faixa das seis horas, e j\u00e1 foi reexibida na emissora em 1996, 2011, e tamb\u00e9m em 2015 no Canal Viva.<br \/>\n<strong style=\"font-size: 120%;\">\u00daltimas not\u00edcias deste canal:<\/strong><br \/>\n<div class=\"pt-cv-wrapper\"><div class=\"pt-cv-view pt-cv-grid pt-cv-colsys\" id=\"pt-cv-view-90991035b3\"><div data-id=\"pt-cv-page-1\" class=\"pt-cv-page\" data-cvc=\"1\"><div class=\"col-md-12 col-sm-12 col-xs-12 pt-cv-content-item pt-cv-1-col\" ><div class='pt-cv-ifield'><h4 class=\"pt-cv-title\"><a href=\"https:\/\/www.tvnovelas.com.br\/tvnews\/coracao-de-mae-irmak-inicia-jogo-arriscado-contra-adnan\/\" class=\"_self\" target=\"_self\" >Cora\u00e7\u00e3o de M\u00e3e: Irmak inicia jogo arriscado contra Adnan<\/a><\/h4><\/div><\/div>\n<div class=\"col-md-12 col-sm-12 col-xs-12 pt-cv-content-item pt-cv-1-col\" ><div class='pt-cv-ifield'><h4 class=\"pt-cv-title\"><a href=\"https:\/\/www.tvnovelas.com.br\/tvnews\/guerra-das-rosas-omer-chama-gulru-vestida-de-noiva-para-fugir\/\" class=\"_self\" target=\"_self\" >Guerra das Rosas: Omer chama Gulru vestida de noiva para fugir<\/a><\/h4><\/div><\/div>\n<div class=\"col-md-12 col-sm-12 col-xs-12 pt-cv-content-item pt-cv-1-col\" ><div class='pt-cv-ifield'><h4 class=\"pt-cv-title\"><a href=\"https:\/\/www.tvnovelas.com.br\/tvnews\/coracao-de-mae-reha-sai-para-jantar-com-selvi\/\" class=\"_self\" target=\"_self\" >Cora\u00e7\u00e3o de M\u00e3e: Reha sai para jantar com Selvi<\/a><\/h4><\/div><\/div>\n<div class=\"col-md-12 col-sm-12 col-xs-12 pt-cv-content-item pt-cv-1-col\" ><div class='pt-cv-ifield'><h4 class=\"pt-cv-title\"><a href=\"https:\/\/www.tvnovelas.com.br\/tvnews\/coracao-acelerado-zila-se-preocupa-com-sua-situacao-apos-separacao\/\" class=\"_self\" target=\"_self\" >Cora\u00e7\u00e3o Acelerado: Zil\u00e1 se preocupa com sua situa\u00e7\u00e3o ap\u00f3s separa\u00e7\u00e3o<\/a><\/h4><\/div><\/div>\n<div class=\"col-md-12 col-sm-12 col-xs-12 pt-cv-content-item pt-cv-1-col\" ><div class='pt-cv-ifield'><h4 class=\"pt-cv-title\"><a href=\"https:\/\/www.tvnovelas.com.br\/tvnews\/a-nobreza-do-amor-tonho-nao-se-curva-diante-de-mirinho\/\" class=\"_self\" target=\"_self\" >A Nobreza do Amor: Tonho n\u00e3o se curva diante de Mirinho<\/a><\/h4><\/div><\/div>\n<div class=\"col-md-12 col-sm-12 col-xs-12 pt-cv-content-item pt-cv-1-col\" ><div class='pt-cv-ifield'><h4 class=\"pt-cv-title\"><a href=\"https:\/\/www.tvnovelas.com.br\/tvnews\/tres-gracas-arminda-surta-ao-confirmar-que-ferette-e-pai-de-raul\/\" class=\"_self\" target=\"_self\" >Tr\u00eas Gra\u00e7as:  Arminda surta ao confirmar que Ferette \u00e9 pai de Raul<\/a><\/h4><\/div><\/div>\n<div class=\"col-md-12 col-sm-12 col-xs-12 pt-cv-content-item pt-cv-1-col\" ><div class='pt-cv-ifield'><h4 class=\"pt-cv-title\"><a href=\"https:\/\/www.tvnovelas.com.br\/tvnews\/coracao-de-mae-atilla-confronta-hasan-e-exige-o-divorcio-de-lale\/\" class=\"_self\" target=\"_self\" >Cora\u00e7\u00e3o de M\u00e3e: Atilla confronta Hasan e exige o div\u00f3rcio de Lale<\/a><\/h4><\/div><\/div>\n<div class=\"col-md-12 col-sm-12 col-xs-12 pt-cv-content-item pt-cv-1-col\" ><div class='pt-cv-ifield'><h4 class=\"pt-cv-title\"><a href=\"https:\/\/www.tvnovelas.com.br\/tvnews\/guerra-das-rosas-gulfem-coloca-gulru-contra-a-parede\/\" class=\"_self\" target=\"_self\" >Guerra das Rosas: Gulfem coloca Gulru contra a parede<\/a><\/h4><\/div><\/div>\n<div class=\"col-md-12 col-sm-12 col-xs-12 pt-cv-content-item pt-cv-1-col\" ><div class='pt-cv-ifield'><h4 class=\"pt-cv-title\"><a href=\"https:\/\/www.tvnovelas.com.br\/tvnews\/coracao-de-mae-atilla-diz-a-lale-que-quer-o-divorcio\/\" class=\"_self\" target=\"_self\" >Cora\u00e7\u00e3o de M\u00e3e: Atilla diz a Lale que quer o div\u00f3rcio<\/a><\/h4><\/div><\/div>\n<div class=\"col-md-12 col-sm-12 col-xs-12 pt-cv-content-item pt-cv-1-col\" ><div class='pt-cv-ifield'><h4 class=\"pt-cv-title\"><a href=\"https:\/\/www.tvnovelas.com.br\/tvnews\/a-nobreza-do-amor-mirinho-garante-noivado-com-virginia-para-atrair-sogro-a-negocio\/\" class=\"_self\" target=\"_self\" >A Nobreza do Amor: Mirinho garante noivado com Virg\u00ednia para atrair sogro a neg\u00f3cio<\/a><\/h4><\/div><\/div><\/div><\/div><\/div><\/p>\n<h3>Confira tamb\u00e9m<\/h3>\n<p><a href=\"https:\/\/www.tvnovelas.com.br\/novelas\/\"><strong>Confira os resumos da semana de todas novelas<\/strong><\/a><br \/>\n<a href=\"https:\/\/www.tvnovelas.com.br\/filmes\/\" target=\"_blank\" rel=\"noopener noreferrer\"><strong>Programa\u00e7\u00e3o de filmes na TV aberta<\/strong><\/a><br \/>\n<a href=\"https:\/\/caetenews.com.br\/semana\/filmes-da-globo-na-sessao-da-tarde-desta-semana\/\" target=\"_blank\" rel=\"noopener\"><strong>Confira os filmes da semana na Sess\u00e3o da Tarde<\/strong><\/a><\/p>\n","protected":false},"excerpt":{"rendered":"<p>A rivalidade das g\u00eameas Ruth e Raquel, ambas vividas por Gloria Pires est\u00e1 de volta \u00e0s tardes da Globo a partir desta segunda, dia 26 de junho, em Mulheres de Areia&#8230;<\/p>\n","protected":false},"author":1,"featured_media":52348,"comment_status":"closed","ping_status":"closed","sticky":false,"template":"","format":"standard","meta":{"_uf_show_specific_survey":0,"_uf_disable_surveys":false,"_jetpack_memberships_contains_paid_content":false,"footnotes":"","_wp_rev_ctl_limit":""},"categories":[236,208],"tags":[5,387,64],"class_list":["post-52346","post","type-post","status-publish","format-standard","has-post-thumbnail","hentry","category-globo","category-vale-a-pena-ver-de-novo","tag-globo","tag-mulheres-de-areia","tag-novelas","wpcat-236-id","wpcat-208-id"],"aioseo_notices":[],"jetpack_featured_media_url":"https:\/\/i0.wp.com\/www.tvnovelas.com.br\/tvnews\/wp-content\/uploads\/2023\/06\/37395.jpg?fit=728%2C410&ssl=1","jetpack_shortlink":"https:\/\/wp.me\/pdP2BO-dCi","jetpack_sharing_enabled":true,"_links":{"self":[{"href":"https:\/\/www.tvnovelas.com.br\/tvnews\/wp-json\/wp\/v2\/posts\/52346","targetHints":{"allow":["GET"]}}],"collection":[{"href":"https:\/\/www.tvnovelas.com.br\/tvnews\/wp-json\/wp\/v2\/posts"}],"about":[{"href":"https:\/\/www.tvnovelas.com.br\/tvnews\/wp-json\/wp\/v2\/types\/post"}],"author":[{"embeddable":true,"href":"https:\/\/www.tvnovelas.com.br\/tvnews\/wp-json\/wp\/v2\/users\/1"}],"replies":[{"embeddable":true,"href":"https:\/\/www.tvnovelas.com.br\/tvnews\/wp-json\/wp\/v2\/comments?post=52346"}],"version-history":[{"count":2,"href":"https:\/\/www.tvnovelas.com.br\/tvnews\/wp-json\/wp\/v2\/posts\/52346\/revisions"}],"predecessor-version":[{"id":52350,"href":"https:\/\/www.tvnovelas.com.br\/tvnews\/wp-json\/wp\/v2\/posts\/52346\/revisions\/52350"}],"wp:featuredmedia":[{"embeddable":true,"href":"https:\/\/www.tvnovelas.com.br\/tvnews\/wp-json\/wp\/v2\/media\/52348"}],"wp:attachment":[{"href":"https:\/\/www.tvnovelas.com.br\/tvnews\/wp-json\/wp\/v2\/media?parent=52346"}],"wp:term":[{"taxonomy":"category","embeddable":true,"href":"https:\/\/www.tvnovelas.com.br\/tvnews\/wp-json\/wp\/v2\/categories?post=52346"},{"taxonomy":"post_tag","embeddable":true,"href":"https:\/\/www.tvnovelas.com.br\/tvnews\/wp-json\/wp\/v2\/tags?post=52346"}],"curies":[{"name":"wp","href":"https:\/\/api.w.org\/{rel}","templated":true}]}}