{"id":52666,"date":"2023-07-01T14:00:55","date_gmt":"2023-07-01T17:00:55","guid":{"rendered":"https:\/\/www.tvnovelas.com.br\/tvnews\/?p=52666"},"modified":"2023-07-01T11:33:41","modified_gmt":"2023-07-01T14:33:41","slug":"o-que-acontece-em-vai-na-fe-na-semana-03-a-08-de-julho","status":"publish","type":"post","link":"https:\/\/www.tvnovelas.com.br\/tvnews\/o-que-acontece-em-vai-na-fe-na-semana-03-a-08-de-julho\/","title":{"rendered":"O que acontece em  Vai na F\u00e9 na semana 03 a 08 de julho"},"content":{"rendered":"<p><em>Resumos de Vai na F\u00e9 na semana 03 a 08 de julho<\/em><br \/>\n<img data-recalc-dims=\"1\" decoding=\"async\" class=\"alignnone wp-image-52667 size-full\" title=\"(Foto: Reprodu\u00e7\u00e3o\/TV Globo\/Vai na F\u00e9)\" src=\"https:\/\/i0.wp.com\/www.tvnovelas.com.br\/tvnews\/wp-content\/uploads\/2023\/07\/37466.jpg?resize=728%2C410&#038;ssl=1\" alt=\"Foto em Vai na F\u00e9 na semana 03 a 08 de julho\" width=\"728\" height=\"410\" srcset=\"https:\/\/i0.wp.com\/www.tvnovelas.com.br\/tvnews\/wp-content\/uploads\/2023\/07\/37466.jpg?w=728&amp;ssl=1 728w, https:\/\/i0.wp.com\/www.tvnovelas.com.br\/tvnews\/wp-content\/uploads\/2023\/07\/37466.jpg?resize=678%2C381&amp;ssl=1 678w\" sizes=\"(max-width: 728px) 100vw, 728px\" \/><\/p>\n<blockquote><p>Ben incentiva Kate a contar a verdade para Rafa; Kate conversa com Rafa sobre Theo; Theo coloca Rafa contra Kate; Sol \u00e9 solid\u00e1ria a Clara; Clara decide se vingar de Theo; Jenifer leva Hugo at\u00e9 sua casa e encontra Eduardo; Ben pede Sol em casamento&#8230;<\/p><\/blockquote>\n<p><strong>Resumo de segunda-feira, 03 de julho<\/strong><br \/>\nLumiar amea\u00e7a convocar Ant\u00f4nio como testemunha se Ben usar o v\u00eddeo de Grazi contra Theo. Vitinho acusa Stuart de roubo. Orfeu sugere que Lumiar questione Kate sobre Theo. Jenifer recebe uma mensagem de Hugo. Clara desconfia ao saber que Lumiar pretende falar com Kate. Lumiar se assusta com o comportamento de Theo. Kate ajuda Sol a divulgar um v\u00eddeo sobre a aula-show. Clara pede para Lumiar n\u00e3o contar para Rafa que Kate foi amante de Theo. Yuri se irrita com a exposi\u00e7\u00e3o que Guiga faz em cima da gravidez. Vitinho decide colocar uma c\u00e2mera de seguran\u00e7a escondida na mans\u00e3o. Lumiar procura Kate.<\/p>\n<p><strong>Resumo de ter\u00e7a-feira, 04 de julho<\/strong><br \/>\nLumiar e Kate conversam sobre Theo. Ben avisa a Sol que a continua\u00e7\u00e3o da audi\u00eancia j\u00e1 foi marcada. Lumiar pede para Ricardo assumir o caso de Theo. Guiga e Yuri pedem para Rafa fotografar o ch\u00e1-revela\u00e7\u00e3o deles. Lumiar entrega para Ben as provas que tem sobre a falsifica\u00e7\u00e3o do exame de DNA. Ricardo anuncia a Theo que cuidar\u00e1 do seu caso. Yuri revela a farsa de Guiga durante a live do ch\u00e1-revela\u00e7\u00e3o. Guiga perde v\u00e1rios contratos, e Yuri tenta se desculpar. Lumiar procura Sol. Clara questiona Rafa sobre seu namoro. Ben incentiva Kate a contar a verdade para Rafa. Clara decide ceder \u00e0 chantagem de Theo, e Helena fica indignada. Kate procura Rafa.<br \/>\n<img data-recalc-dims=\"1\" decoding=\"async\" class=\"alignnone wp-image-52668 size-full\" title=\"(Foto: Reprodu\u00e7\u00e3o\/TV Globo\/Vai na F\u00e9)\" src=\"https:\/\/i0.wp.com\/www.tvnovelas.com.br\/tvnews\/wp-content\/uploads\/2023\/07\/37466b.jpg?resize=728%2C410&#038;ssl=1\" alt=\"Foto em Vai na F\u00e9 na semana 03 a 08 de julho\" width=\"728\" height=\"410\" srcset=\"https:\/\/i0.wp.com\/www.tvnovelas.com.br\/tvnews\/wp-content\/uploads\/2023\/07\/37466b.jpg?w=728&amp;ssl=1 728w, https:\/\/i0.wp.com\/www.tvnovelas.com.br\/tvnews\/wp-content\/uploads\/2023\/07\/37466b.jpg?resize=678%2C381&amp;ssl=1 678w\" sizes=\"(max-width: 728px) 100vw, 728px\" \/><\/p>\n<p><strong>Resumo de quarta-feira, 05 de julho<\/strong><br \/>\nRafa entende errado o que Kate fala e prepara um ensaio fotogr\u00e1fico para ela. Lumiar chega ao Ref\u00fagio e \u00e9 acolhida por F\u00e1bio. F\u00e1bio tenta ajudar Lui a desculpar Lumiar. Clara procura Helena. Kate conversa com Rafa sobre Theo. Vitinho acusa Stuart sobre os roubos de objetos da mans\u00e3o. Rafa discute com Clara. Sol consola Kate. Stuart inventa uma desculpa e todos ficam contra Vitinho. Rafa procura Theo. Dora tenta ajudar Lumiar. Theo leva Rafa ao bar de Orfeu. Sol \u00e9 convidada para cantar em um programa de TV. Lumiar tenta conversar com Lui. Rafa liga embriagado para Kate, \u00e9 manipulado por Theo.<\/p>\n<p><strong>Resumo de quinta-feira, 06 de julho<\/strong><br \/>\nKate chora, e Sol a acolhe. Theo coloca Rafa contra Kate. Ricardo pensa em seguir a estrat\u00e9gia de Lumiar na audi\u00eancia. Kate decide testemunhar contra Theo. Yuri afirma que recuperar\u00e1 todo o dinheiro que Guiga perdeu por sua causa. Marlene e Duda descobrem o conte\u00fado da caixa de Carl\u00e3o que ficou com a menina. Clara se preocupa com Rafa. Yuri arruma um novo patrocinador, e Guiga fica interessada. Vitinho e Wilma sugerem que a segunda parte do filme de Lucas seja feita no Ref\u00fagio. Kate fica abalada ao ver Rafa com Theo. Guiga descobre que o patrocinador que Yuri conseguiu \u00e9 uma fraude. Lui se recusa a falar com Lumiar. Kate inicia seu depoimento. Stuart insiste em ir \u00e0 casa de Marlene. Rafa tem uma crise de ansiedade, e Kate tenta ajud\u00e1-lo.<br \/>\n<img data-recalc-dims=\"1\" decoding=\"async\" class=\"alignnone wp-image-52669 size-full\" title=\"(Foto: Reprodu\u00e7\u00e3o\/TV Globo\/Vai na F\u00e9)\" src=\"https:\/\/i0.wp.com\/www.tvnovelas.com.br\/tvnews\/wp-content\/uploads\/2023\/07\/37466c.jpg?resize=728%2C410&#038;ssl=1\" alt=\"Foto em Vai na F\u00e9 na semana 03 a 08 de julho\" width=\"728\" height=\"410\" srcset=\"https:\/\/i0.wp.com\/www.tvnovelas.com.br\/tvnews\/wp-content\/uploads\/2023\/07\/37466c.jpg?w=728&amp;ssl=1 728w, https:\/\/i0.wp.com\/www.tvnovelas.com.br\/tvnews\/wp-content\/uploads\/2023\/07\/37466c.jpg?resize=678%2C381&amp;ssl=1 678w\" sizes=\"(max-width: 728px) 100vw, 728px\" \/><\/p>\n<p><strong>Resumo de sexta-feira, 07 de julho<\/strong><br \/>\nTheo n\u00e3o deixa Kate ajudar Rafa. Ricardo vence um embate contra Ben diante do Juiz. Clara discute com Theo. Bruna cuida de Kate. Marlene prepara o jantar para Stuart. Jenifer tenta ajudar Rafa. Sol \u00e9 solid\u00e1ria a Clara. Wilma fica com ci\u00fames de Stuart. Theo leva Ricardo ao bar de Orfeu. Dora repreende Lui por destratar Lumiar. Clara decide se vingar de Theo. Ben conforta Bruna. Sol flagra Stuart pegando a pintura de Duda. Eduardo cuida de Jenifer. Stuart descobre que a casa de Sol ficar\u00e1 vazia no fim de semana e fica interessado. Guiga reclama de Yuri ter dado seu endere\u00e7o durante a live. Um misterioso desenho aparece pintado na parede da casa de Neide, e Jenifer desconfia de Hugo. Policiais civis chegam \u00e0 casa de Guiga. Jenifer encontra Hugo.<\/p>\n<p><strong>Resumo de s\u00e1bado, 08 de julho<\/strong><br \/>\nHugo tenta se explicar para Jenifer. Guiga fala com os policiais, e Yuri se apavora. Jenifer sugere que Hugo compare\u00e7a \u00e0 audi\u00eancia. Clara conversa com Rafa sobre Kate. Ben esclarece Guiga e Yuri detalhes sobre o caso deles com a empresa farsante. Hugo desabafa com o Pastor Miguel. \u00c9rika presencia uma discuss\u00e3o entre Theo e Sol e posta em seu blog. Lui evita Lumiar. Yuri e Guiga fazem uma live de retrata\u00e7\u00e3o. Lumiar fica tensa na presen\u00e7a de Lui. Hugo aparece na audi\u00eancia e Jenifer fala com Ben, que tenta inclu\u00ed-lo como testemunha. Marlene leva Eduardo para esperar por Jenifer em sua casa. Ricardo pensa em usar Vanessa para ajudar na defesa de Theo. Jenifer leva Hugo at\u00e9 sua casa e encontra Eduardo. Theo invade a casa de Lumiar. Lui e Lumiar fazem as pazes. Ben pede Sol em casamento.<br \/>\n<!--FIM DO POST--><br \/>\n<a href=\"https:\/\/www.tvnovelas.com.br\/novelas\/resumos-de-vai-na-fe-2\/\">Confira os resumos de Vai na F\u00e9 da semana 10 a 15<\/a><br \/>\n<strong style=\"font-size: 120%;\">\u00daltimas not\u00edcias de Vai na F\u00e9:<\/strong><br \/>\n<div class=\"pt-cv-wrapper\"><div class=\"pt-cv-view pt-cv-grid pt-cv-colsys\" id=\"pt-cv-view-8080477fv3\"><div data-id=\"pt-cv-page-1\" class=\"pt-cv-page\" data-cvc=\"1\"><div class=\"col-md-12 col-sm-12 col-xs-12 pt-cv-content-item pt-cv-1-col\" ><div class='pt-cv-ifield'><h4 class=\"pt-cv-title\"><a href=\"https:\/\/www.tvnovelas.com.br\/tvnews\/vai-na-fe-sol-enfrenta-empresario-e-abre-show-de-lui\/\" class=\"_blank\" target=\"_blank\" >Vai na F\u00e9: Sol enfrenta empres\u00e1rio e abre show de Lui<\/a><\/h4><\/div><\/div>\n<div class=\"col-md-12 col-sm-12 col-xs-12 pt-cv-content-item pt-cv-1-col\" ><div class='pt-cv-ifield'><h4 class=\"pt-cv-title\"><a href=\"https:\/\/www.tvnovelas.com.br\/tvnews\/vai-na-fe-theo-muda-visual-e-mata-orfeu\/\" class=\"_blank\" target=\"_blank\" >Vai na F\u00e9: Theo muda visual e mata Orfeu<\/a><\/h4><\/div><\/div>\n<div class=\"col-md-12 col-sm-12 col-xs-12 pt-cv-content-item pt-cv-1-col\" ><div class='pt-cv-ifield'><h4 class=\"pt-cv-title\"><a href=\"https:\/\/www.tvnovelas.com.br\/tvnews\/vai-na-fe-sol-e-impedida-de-abrir-show-de-lui-lorenzo\/\" class=\"_blank\" target=\"_blank\" >Vai na F\u00e9: Sol \u00e9 impedida de abrir show de Lui Lorenzo<\/a><\/h4><\/div><\/div>\n<div class=\"col-md-12 col-sm-12 col-xs-12 pt-cv-content-item pt-cv-1-col\" ><div class='pt-cv-ifield'><h4 class=\"pt-cv-title\"><a href=\"https:\/\/www.tvnovelas.com.br\/tvnews\/vai-na-fe-ben-descobre-envolvimento-de-theo-na-morte-de-carlao\/\" class=\"_blank\" target=\"_blank\" >Vai na F\u00e9: Ben descobre envolvimento de Theo na morte de Carl\u00e3o<\/a><\/h4><\/div><\/div>\n<div class=\"col-md-12 col-sm-12 col-xs-12 pt-cv-content-item pt-cv-1-col\" ><div class='pt-cv-ifield'><h4 class=\"pt-cv-title\"><a href=\"https:\/\/www.tvnovelas.com.br\/tvnews\/vai-na-fe-orfeu-erra-o-tiro-e-theo-atropela-o-ex-socio\/\" class=\"_blank\" target=\"_blank\" >Vai na F\u00e9: Orfeu erra o tiro e Theo atropela o ex-s\u00f3cio<\/a><\/h4><\/div><\/div>\n<div class=\"col-md-12 col-sm-12 col-xs-12 pt-cv-content-item pt-cv-1-col\" ><div class='pt-cv-ifield'><h4 class=\"pt-cv-title\"><a href=\"https:\/\/www.tvnovelas.com.br\/tvnews\/vai-na-fe-orfeu-traido-por-theo-promete-vinganca\/\" class=\"_blank\" target=\"_blank\" >Vai na F\u00e9: Orfeu tra\u00eddo por Theo promete vingan\u00e7a<\/a><\/h4><\/div><\/div><\/div><\/div><\/div><br \/>\n<strong style=\"font-size: 120%;\">\u00daltimas not\u00edcias deste canal:<\/strong><br \/>\n<div class=\"pt-cv-wrapper\"><div class=\"pt-cv-view pt-cv-grid pt-cv-colsys\" id=\"pt-cv-view-90991035b3\"><div data-id=\"pt-cv-page-1\" class=\"pt-cv-page\" data-cvc=\"1\"><div class=\"col-md-12 col-sm-12 col-xs-12 pt-cv-content-item pt-cv-1-col\" ><div class='pt-cv-ifield'><h4 class=\"pt-cv-title\"><a href=\"https:\/\/www.tvnovelas.com.br\/tvnews\/guerra-das-rosas-omer-chama-gulru-vestida-de-noiva-para-fugir\/\" class=\"_self\" target=\"_self\" >Guerra das Rosas: Omer chama Gulru vestida de noiva para fugir<\/a><\/h4><\/div><\/div>\n<div class=\"col-md-12 col-sm-12 col-xs-12 pt-cv-content-item pt-cv-1-col\" ><div class='pt-cv-ifield'><h4 class=\"pt-cv-title\"><a href=\"https:\/\/www.tvnovelas.com.br\/tvnews\/coracao-de-mae-reha-sai-para-jantar-com-selvi\/\" class=\"_self\" target=\"_self\" >Cora\u00e7\u00e3o de M\u00e3e: Reha sai para jantar com Selvi<\/a><\/h4><\/div><\/div>\n<div class=\"col-md-12 col-sm-12 col-xs-12 pt-cv-content-item pt-cv-1-col\" ><div class='pt-cv-ifield'><h4 class=\"pt-cv-title\"><a href=\"https:\/\/www.tvnovelas.com.br\/tvnews\/coracao-acelerado-zila-se-preocupa-com-sua-situacao-apos-separacao\/\" class=\"_self\" target=\"_self\" >Cora\u00e7\u00e3o Acelerado: Zil\u00e1 se preocupa com sua situa\u00e7\u00e3o ap\u00f3s separa\u00e7\u00e3o<\/a><\/h4><\/div><\/div>\n<div class=\"col-md-12 col-sm-12 col-xs-12 pt-cv-content-item pt-cv-1-col\" ><div class='pt-cv-ifield'><h4 class=\"pt-cv-title\"><a href=\"https:\/\/www.tvnovelas.com.br\/tvnews\/a-nobreza-do-amor-tonho-nao-se-curva-diante-de-mirinho\/\" class=\"_self\" target=\"_self\" >A Nobreza do Amor: Tonho n\u00e3o se curva diante de Mirinho<\/a><\/h4><\/div><\/div>\n<div class=\"col-md-12 col-sm-12 col-xs-12 pt-cv-content-item pt-cv-1-col\" ><div class='pt-cv-ifield'><h4 class=\"pt-cv-title\"><a href=\"https:\/\/www.tvnovelas.com.br\/tvnews\/tres-gracas-arminda-surta-ao-confirmar-que-ferette-e-pai-de-raul\/\" class=\"_self\" target=\"_self\" >Tr\u00eas Gra\u00e7as:  Arminda surta ao confirmar que Ferette \u00e9 pai de Raul<\/a><\/h4><\/div><\/div>\n<div class=\"col-md-12 col-sm-12 col-xs-12 pt-cv-content-item pt-cv-1-col\" ><div class='pt-cv-ifield'><h4 class=\"pt-cv-title\"><a href=\"https:\/\/www.tvnovelas.com.br\/tvnews\/coracao-de-mae-atilla-confronta-hasan-e-exige-o-divorcio-de-lale\/\" class=\"_self\" target=\"_self\" >Cora\u00e7\u00e3o de M\u00e3e: Atilla confronta Hasan e exige o div\u00f3rcio de Lale<\/a><\/h4><\/div><\/div>\n<div class=\"col-md-12 col-sm-12 col-xs-12 pt-cv-content-item pt-cv-1-col\" ><div class='pt-cv-ifield'><h4 class=\"pt-cv-title\"><a href=\"https:\/\/www.tvnovelas.com.br\/tvnews\/guerra-das-rosas-gulfem-coloca-gulru-contra-a-parede\/\" class=\"_self\" target=\"_self\" >Guerra das Rosas: Gulfem coloca Gulru contra a parede<\/a><\/h4><\/div><\/div>\n<div class=\"col-md-12 col-sm-12 col-xs-12 pt-cv-content-item pt-cv-1-col\" ><div class='pt-cv-ifield'><h4 class=\"pt-cv-title\"><a href=\"https:\/\/www.tvnovelas.com.br\/tvnews\/coracao-de-mae-atilla-diz-a-lale-que-quer-o-divorcio\/\" class=\"_self\" target=\"_self\" >Cora\u00e7\u00e3o de M\u00e3e: Atilla diz a Lale que quer o div\u00f3rcio<\/a><\/h4><\/div><\/div>\n<div class=\"col-md-12 col-sm-12 col-xs-12 pt-cv-content-item pt-cv-1-col\" ><div class='pt-cv-ifield'><h4 class=\"pt-cv-title\"><a href=\"https:\/\/www.tvnovelas.com.br\/tvnews\/a-nobreza-do-amor-mirinho-garante-noivado-com-virginia-para-atrair-sogro-a-negocio\/\" class=\"_self\" target=\"_self\" >A Nobreza do Amor: Mirinho garante noivado com Virg\u00ednia para atrair sogro a neg\u00f3cio<\/a><\/h4><\/div><\/div>\n<div class=\"col-md-12 col-sm-12 col-xs-12 pt-cv-content-item pt-cv-1-col\" ><div class='pt-cv-ifield'><h4 class=\"pt-cv-title\"><a href=\"https:\/\/www.tvnovelas.com.br\/tvnews\/tres-gracas-joaquim-propoe-fuga-a-arminda-com-o-dinheiro-das-tres-gracas\/\" class=\"_self\" target=\"_self\" >Tr\u00eas Gra\u00e7as:  Joaquim prop\u00f5e fuga a Arminda com o dinheiro das Tr\u00eas Gra\u00e7as<\/a><\/h4><\/div><\/div><\/div><\/div><\/div><br \/>\n<a href=\"https:\/\/www.tvnovelas.com.br\/novelas\/\"><strong>Confira os resumos da semana de todas novelas<\/strong><\/a><br \/>\n<a href=\"http:\/\/tvnovelas.com.br\/filmes\" target=\"_blank\" rel=\"noopener\">Veja tamb\u00e9m: Todas as telas: filmes e s\u00e9ries nos streamings<\/a><\/p>\n<h3>Confira tamb\u00e9m<\/h3>\n<p><a href=\"https:\/\/www.tvnovelas.com.br\/filmes\/\" target=\"_blank\" rel=\"noopener noreferrer\"><strong>Programa\u00e7\u00e3o de filmes na TV aberta<\/strong><\/a><br \/>\n<a href=\"https:\/\/caetenews.com.br\/semana\/filmes-da-globo-na-sessao-da-tarde-desta-semana\/\" target=\"_blank\" rel=\"noopener\"><strong>Confira os filmes da semana na Sess\u00e3o da Tarde<\/strong><\/a><br \/>\n<a href=\"https:\/\/www.tvnovelas.com.br\/novelas\/\" target=\"_blank\" rel=\"noopener noreferrer\"><strong>Resumos de novelas<\/strong><\/a><\/p>\n","protected":false},"excerpt":{"rendered":"<p>Ben incentiva Kate a contar a verdade para Rafa; \ud835\udc0a\ud835\udc1a\ud835\udc2d\ud835\udc1e \ud835\udc1c\ud835\udc28\ud835\udc27\ud835\udc2f\ud835\udc1e\ud835\udc2b\ud835\udc2c\ud835\udc1a \ud835\udc1c\ud835\udc28\ud835\udc26 \ud835\udc11\ud835\udc1a\ud835\udc1f\ud835\udc1a \ud835\udc2c\ud835\udc28\ud835\udc1b\ud835\udc2b\ud835\udc1e \ud835\udc13\ud835\udc21\ud835\udc1e\ud835\udc28; Theo coloca Rafa contra Kate; Sol \u00e9 solid\u00e1ria a Clara; \ud835\udc02\ud835\udc25\ud835\udc1a\ud835\udc2b\ud835\udc1a \ud835\udc1d\ud835\udc1e\ud835\udc1c\ud835\udc22\ud835\udc1d\ud835\udc1e \ud835\udc2c\ud835\udc1e \ud835\udc2f\ud835\udc22\ud835\udc27\ud835\udc20\ud835\udc1a\ud835\udc2b \ud835\udc1d\ud835\udc1e \ud835\udc13\ud835\udc21\ud835\udc1e\ud835\udc28; Jenifer leva Hugo at\u00e9 sua casa e encontra Eduardo; \ud835\udc01\ud835\udc1e\ud835\udc27 \ud835\udc29\ud835\udc1e\ud835\udc1d\ud835\udc1e \ud835\udc12\ud835\udc28\ud835\udc25 \ud835\udc1e\ud835\udc26 \ud835\udc1c\ud835\udc1a\ud835\udc2c\ud835\udc1a\ud835\udc26\ud835\udc1e\ud835\udc27\ud835\udc2d\ud835\udc28&#8230;<\/p>\n","protected":false},"author":1,"featured_media":52669,"comment_status":"closed","ping_status":"closed","sticky":false,"template":"","format":"standard","meta":{"_uf_show_specific_survey":0,"_uf_disable_surveys":false,"_jetpack_memberships_contains_paid_content":false,"footnotes":"","_wp_rev_ctl_limit":""},"categories":[358],"tags":[5,64,359],"class_list":["post-52666","post","type-post","status-publish","format-standard","has-post-thumbnail","hentry","category-vai-na-fe","tag-globo","tag-novelas","tag-vai-na-fe","wpcat-358-id"],"aioseo_notices":[],"jetpack_featured_media_url":"https:\/\/i0.wp.com\/www.tvnovelas.com.br\/tvnews\/wp-content\/uploads\/2023\/07\/37466c.jpg?fit=728%2C410&ssl=1","jetpack_shortlink":"https:\/\/wp.me\/pdP2BO-dHs","jetpack_sharing_enabled":true,"_links":{"self":[{"href":"https:\/\/www.tvnovelas.com.br\/tvnews\/wp-json\/wp\/v2\/posts\/52666","targetHints":{"allow":["GET"]}}],"collection":[{"href":"https:\/\/www.tvnovelas.com.br\/tvnews\/wp-json\/wp\/v2\/posts"}],"about":[{"href":"https:\/\/www.tvnovelas.com.br\/tvnews\/wp-json\/wp\/v2\/types\/post"}],"author":[{"embeddable":true,"href":"https:\/\/www.tvnovelas.com.br\/tvnews\/wp-json\/wp\/v2\/users\/1"}],"replies":[{"embeddable":true,"href":"https:\/\/www.tvnovelas.com.br\/tvnews\/wp-json\/wp\/v2\/comments?post=52666"}],"version-history":[{"count":1,"href":"https:\/\/www.tvnovelas.com.br\/tvnews\/wp-json\/wp\/v2\/posts\/52666\/revisions"}],"predecessor-version":[{"id":52670,"href":"https:\/\/www.tvnovelas.com.br\/tvnews\/wp-json\/wp\/v2\/posts\/52666\/revisions\/52670"}],"wp:featuredmedia":[{"embeddable":true,"href":"https:\/\/www.tvnovelas.com.br\/tvnews\/wp-json\/wp\/v2\/media\/52669"}],"wp:attachment":[{"href":"https:\/\/www.tvnovelas.com.br\/tvnews\/wp-json\/wp\/v2\/media?parent=52666"}],"wp:term":[{"taxonomy":"category","embeddable":true,"href":"https:\/\/www.tvnovelas.com.br\/tvnews\/wp-json\/wp\/v2\/categories?post=52666"},{"taxonomy":"post_tag","embeddable":true,"href":"https:\/\/www.tvnovelas.com.br\/tvnews\/wp-json\/wp\/v2\/tags?post=52666"}],"curies":[{"name":"wp","href":"https:\/\/api.w.org\/{rel}","templated":true}]}}