{"id":52960,"date":"2023-07-08T14:00:33","date_gmt":"2023-07-08T17:00:33","guid":{"rendered":"https:\/\/www.tvnovelas.com.br\/tvnews\/?p=52960"},"modified":"2023-07-08T11:27:07","modified_gmt":"2023-07-08T14:27:07","slug":"o-que-rola-em-vai-na-fe-na-semana-10-a-15-de-julho","status":"publish","type":"post","link":"https:\/\/www.tvnovelas.com.br\/tvnews\/o-que-rola-em-vai-na-fe-na-semana-10-a-15-de-julho\/","title":{"rendered":"O que rola em Vai na F\u00e9 na semana 10 a 15 de julho"},"content":{"rendered":"<p><em>Resumos de Vai na F\u00e9 na semana 10 a 15 de julho<\/em><br \/>\n<img data-recalc-dims=\"1\" decoding=\"async\" class=\"alignnone wp-image-52961 size-full\" title=\"(Foto: Reprodu\u00e7\u00e3o\/TV Globo\/Vai na F\u00e9)\" src=\"https:\/\/i0.wp.com\/www.tvnovelas.com.br\/tvnews\/wp-content\/uploads\/2023\/07\/37530a.jpg?resize=728%2C410&#038;ssl=1\" alt=\"Foto em Vai na F\u00e9 na semana 10 a 15 de julho\" width=\"728\" height=\"410\" srcset=\"https:\/\/i0.wp.com\/www.tvnovelas.com.br\/tvnews\/wp-content\/uploads\/2023\/07\/37530a.jpg?w=728&amp;ssl=1 728w, https:\/\/i0.wp.com\/www.tvnovelas.com.br\/tvnews\/wp-content\/uploads\/2023\/07\/37530a.jpg?resize=678%2C381&amp;ssl=1 678w\" sizes=\"(max-width: 728px) 100vw, 728px\" \/><\/p>\n<blockquote><p>Ben e Sol ficam juntos; Sol e Clara se aproximam; Dona Neide destr\u00f3i a reputa\u00e7\u00e3o de Sol na audi\u00eancia; Jenifer enfrenta Theo; Eduardo flagra Jenifer e Hugo abra\u00e7ados; Clara sofre por falta de dinheiro e Rafa enfrenta Theo; Rafa e Kate armam um falso sequestro&#8230;<\/p><\/blockquote>\n<p><strong>Resumo de segunda-feira, 10 de julho<\/strong><br \/>\nBen e Sol ficam juntos. Eduardo conversa com Hugo sobre Jenifer. Theo sonha com Lumiar. F\u00e1bio e Dora reparam no entrosamento entre Lui e Lumiar. Ricardo questiona Orfeu sobre o paradeiro de Vanessa. Vitinho descobre a verdadeira identidade de Stuart. Duda e seus amigos enfrentam o falso ator, e ligam para Sol, que se desespera. Stuart intimida as crian\u00e7as e foge com a pintura. Jenifer, Hugo, Eduardo, Bruna, Kate e Jairo chegam \u00e0 casa de Sol, mas n\u00e3o encontram o bandido. O falso ator volta para a mans\u00e3o, e Vitinho aciona a pol\u00edcia. Stuart chama Wilma para fugir com ele.<\/p>\n<p><strong>Resumo de ter\u00e7a-feira, 11 de julho<\/strong><br \/>\nStuart \u00e9 preso ao sair da mans\u00e3o, e Wilma finge ser sua ref\u00e9m. Ricardo marca de se encontrar com Vanessa. Simas reclama de ter sido chamado como testemunha. Ricardo filma sua conversa com Vanessa. Theo invade a casa de Lumiar. Sol \u00e9 convidada para cantar em um show importante, e Kate fica animada. Jenifer pede a Rafa para fotografar sua m\u00e3e. Sol e Clara se aproximam. Jenifer evita Eduardo na frente de Hugo. Rafa pede para Kate ajud\u00e1-lo a revelar as fotos de Sol em sua casa. Ben e Sol encontram Theo na casa de Lumiar. Kate e Rafa reatam o namoro. Clara discute com Helen e, ao chegar para a audi\u00eancia, \u00e9 hostil com Theo. O Juiz dispensa o depoimento de Clara, que se enfurece.<br \/>\n<img data-recalc-dims=\"1\" decoding=\"async\" class=\"alignnone wp-image-52962 size-full\" title=\"(Foto: Reprodu\u00e7\u00e3o\/TV Globo\/Vai na F\u00e9)\" src=\"https:\/\/i0.wp.com\/www.tvnovelas.com.br\/tvnews\/wp-content\/uploads\/2023\/07\/37529.jpg?resize=728%2C410&#038;ssl=1\" alt=\"Foto em Vai na F\u00e9 na semana 10 a 15 de julho\" width=\"728\" height=\"410\" srcset=\"https:\/\/i0.wp.com\/www.tvnovelas.com.br\/tvnews\/wp-content\/uploads\/2023\/07\/37529.jpg?w=728&amp;ssl=1 728w, https:\/\/i0.wp.com\/www.tvnovelas.com.br\/tvnews\/wp-content\/uploads\/2023\/07\/37529.jpg?resize=678%2C381&amp;ssl=1 678w\" sizes=\"(max-width: 728px) 100vw, 728px\" \/><\/p>\n<p><strong>Resumo de quarta-feira, 12 de julho<\/strong><br \/>\nClara \u00e9 repreendida pelo Juiz e, ao sair da sala de audi\u00eancia, presta declara\u00e7\u00f5es para o blog de \u00c9rika. Lumiar se surpreende com o comportamento hostil de Dora. Ricardo interroga Vanessa e mostra o v\u00eddeo que fez para comprometer as declara\u00e7\u00f5es da mo\u00e7a. Dora \u00e9 agressiva com F\u00e1bio e Lui. O m\u00e9dico de Dora sugere que Lumiar procure ajuda psicol\u00f3gica. Dona Neide destr\u00f3i a reputa\u00e7\u00e3o de Sol na audi\u00eancia. Chega a hora de Theo prestar seu depoimento. \u00c9rika se insinua para Theo. Bruna discute com Jairo. O Juiz chega a uma decis\u00e3o.<\/p>\n<p>Cap\u00edtulo 154<strong>Resumo de quinta-feira, 13 de julho<\/strong><br \/>\n\u00c9rika faz fotos de Theo com Ricardo ao final da audi\u00eancia. Jenifer \u00e9 hostil com Fabr\u00edcio. Helena procura Clara. Jenifer enfrenta Theo. Clara teme uma repres\u00e1lia do ex-marido. Theo e \u00c9rika ficam juntos. A participa\u00e7\u00e3o de Sol no show importante \u00e9 cancelada. Sol combina com Ben de anunciar o casamento deles depois da aula-show. Theo oferece dinheiro para \u00c9rika, que fica furiosa. Vitinho exige a retirada de \u00c9rika do filme de Lucas. Eduardo flagra Jenifer e Hugo abra\u00e7ados. Clara pensa em vender seu apartamento. Vitinho escreve uma nova m\u00fasica para Sol. Kate tem uma ideia para se vingar de Theo. \u00c9rika inicia seu plano contra Sol, com a ajuda de Theo. A aula-show de Sol \u00e9 invadida por haters e todos ficam assustados.<br \/>\n<img data-recalc-dims=\"1\" decoding=\"async\" class=\"alignnone wp-image-52963 size-full\" title=\"(Foto: Reprodu\u00e7\u00e3o\/TV Globo\/Vai na F\u00e9)\" src=\"https:\/\/i0.wp.com\/www.tvnovelas.com.br\/tvnews\/wp-content\/uploads\/2023\/07\/37530.jpg?resize=728%2C410&#038;ssl=1\" alt=\"Foto em Vai na F\u00e9 na semana 10 a 15 de julho\" width=\"728\" height=\"410\" srcset=\"https:\/\/i0.wp.com\/www.tvnovelas.com.br\/tvnews\/wp-content\/uploads\/2023\/07\/37530.jpg?w=728&amp;ssl=1 728w, https:\/\/i0.wp.com\/www.tvnovelas.com.br\/tvnews\/wp-content\/uploads\/2023\/07\/37530.jpg?resize=678%2C381&amp;ssl=1 678w\" sizes=\"(max-width: 728px) 100vw, 728px\" \/><\/p>\n<p><strong>Resumo de sexta-feira, 14 de julho<\/strong><br \/>\nTheo e \u00c9rika se divertem com o desespero de Sol. Kate tem uma ideia para ajudar Sol a dispersar os haters. Lucas termina a edi\u00e7\u00e3o do roteiro do filme. Dora se recusa a se afastar das grava\u00e7\u00f5es do filme. Ben pede Sol em casamento diante de toda a fam\u00edlia. \u00c9rika pensa em como ajudar Theo a acabar com a felicidade de Sol. Todos se emocionam com Dora. Kate acredita que Theo continua perseguindo Sol. Dora cobra seu show para Lui. Clara tem uma crise pela falta de dinheiro, e Rafa se enfurece com Theo. Hugo confronta Eduardo. Kate convence Rafa a concordar com sua ideia contra Theo. Dora n\u00e3o gosta da sugest\u00e3o de Lui para o seu show. Kate e Rafa chegam para a fogueira de Eduardo e Jenifer. Lulu Santos aparece no Ref\u00fagio, e Lui o convida para se apresentar no show de Dora.<\/p>\n<p><strong>Resumo de s\u00e1bado, 15 de julho<\/strong><br \/>\nLui e Lumiar comemoram a resposta de Lulu Santos. Clara estranha o comportamento de Rafa. Wilma e F\u00e1bio preparam o espet\u00e1culo para Dora. F\u00e1bio atrapalha o clima entre Lui e Lumiar. Rafa tem um pesadelo. Wilma reclama da presen\u00e7a de Lulu Santos no show. Kate descreve para Rafa o plano que tem contra Theo. Lumiar convida Ben e Guiga para o show de Dora. Jenifer estranha o tratamento que Rafa d\u00e1 para Theo. Marlene e Bruna convidam Hugo para trabalhar entregando as quentinhas. Hugo ajuda Sol a fazer uma live. \u00c9rika ofende Sol durante a live. Ben vai sozinho para Lumiar. Rafa e Kate d\u00e3o in\u00edcio ao plano do falso sequestro. Theo recebe um telefonema de Rafa e fica assustado.<br \/>\n<a href=\"https:\/\/www.tvnovelas.com.br\/novelas\/resumos-de-vai-na-fe-2\/\">Confira os resumos de Vai na F\u00e9 da semana 17 a 22 de julhho<\/a><br \/>\n<strong style=\"font-size: 120%;\">\u00daltimas not\u00edcias de Vai na F\u00e9:<\/strong><br \/>\n<div class=\"pt-cv-wrapper\"><div class=\"pt-cv-view pt-cv-grid pt-cv-colsys\" id=\"pt-cv-view-8080477fv3\"><div data-id=\"pt-cv-page-1\" class=\"pt-cv-page\" data-cvc=\"1\"><div class=\"col-md-12 col-sm-12 col-xs-12 pt-cv-content-item pt-cv-1-col\" ><div class='pt-cv-ifield'><h4 class=\"pt-cv-title\"><a href=\"https:\/\/www.tvnovelas.com.br\/tvnews\/vai-na-fe-sol-enfrenta-empresario-e-abre-show-de-lui\/\" class=\"_blank\" target=\"_blank\" >Vai na F\u00e9: Sol enfrenta empres\u00e1rio e abre show de Lui<\/a><\/h4><\/div><\/div>\n<div class=\"col-md-12 col-sm-12 col-xs-12 pt-cv-content-item pt-cv-1-col\" ><div class='pt-cv-ifield'><h4 class=\"pt-cv-title\"><a href=\"https:\/\/www.tvnovelas.com.br\/tvnews\/vai-na-fe-theo-muda-visual-e-mata-orfeu\/\" class=\"_blank\" target=\"_blank\" >Vai na F\u00e9: Theo muda visual e mata Orfeu<\/a><\/h4><\/div><\/div>\n<div class=\"col-md-12 col-sm-12 col-xs-12 pt-cv-content-item pt-cv-1-col\" ><div class='pt-cv-ifield'><h4 class=\"pt-cv-title\"><a href=\"https:\/\/www.tvnovelas.com.br\/tvnews\/vai-na-fe-sol-e-impedida-de-abrir-show-de-lui-lorenzo\/\" class=\"_blank\" target=\"_blank\" >Vai na F\u00e9: Sol \u00e9 impedida de abrir show de Lui Lorenzo<\/a><\/h4><\/div><\/div>\n<div class=\"col-md-12 col-sm-12 col-xs-12 pt-cv-content-item pt-cv-1-col\" ><div class='pt-cv-ifield'><h4 class=\"pt-cv-title\"><a href=\"https:\/\/www.tvnovelas.com.br\/tvnews\/vai-na-fe-ben-descobre-envolvimento-de-theo-na-morte-de-carlao\/\" class=\"_blank\" target=\"_blank\" >Vai na F\u00e9: Ben descobre envolvimento de Theo na morte de Carl\u00e3o<\/a><\/h4><\/div><\/div>\n<div class=\"col-md-12 col-sm-12 col-xs-12 pt-cv-content-item pt-cv-1-col\" ><div class='pt-cv-ifield'><h4 class=\"pt-cv-title\"><a href=\"https:\/\/www.tvnovelas.com.br\/tvnews\/vai-na-fe-orfeu-erra-o-tiro-e-theo-atropela-o-ex-socio\/\" class=\"_blank\" target=\"_blank\" >Vai na F\u00e9: Orfeu erra o tiro e Theo atropela o ex-s\u00f3cio<\/a><\/h4><\/div><\/div>\n<div class=\"col-md-12 col-sm-12 col-xs-12 pt-cv-content-item pt-cv-1-col\" ><div class='pt-cv-ifield'><h4 class=\"pt-cv-title\"><a href=\"https:\/\/www.tvnovelas.com.br\/tvnews\/vai-na-fe-orfeu-traido-por-theo-promete-vinganca\/\" class=\"_blank\" target=\"_blank\" >Vai na F\u00e9: Orfeu tra\u00eddo por Theo promete vingan\u00e7a<\/a><\/h4><\/div><\/div><\/div><\/div><\/div><br \/>\n<strong style=\"font-size: 120%;\">\u00daltimas not\u00edcias deste canal:<\/strong><br \/>\n<div class=\"pt-cv-wrapper\"><div class=\"pt-cv-view pt-cv-grid pt-cv-colsys\" id=\"pt-cv-view-90991035b3\"><div data-id=\"pt-cv-page-1\" class=\"pt-cv-page\" data-cvc=\"1\"><div class=\"col-md-12 col-sm-12 col-xs-12 pt-cv-content-item pt-cv-1-col\" ><div class='pt-cv-ifield'><h4 class=\"pt-cv-title\"><a href=\"https:\/\/www.tvnovelas.com.br\/tvnews\/guerra-das-rosas-omer-chama-gulru-vestida-de-noiva-para-fugir\/\" class=\"_self\" target=\"_self\" >Guerra das Rosas: Omer chama Gulru vestida de noiva para fugir<\/a><\/h4><\/div><\/div>\n<div class=\"col-md-12 col-sm-12 col-xs-12 pt-cv-content-item pt-cv-1-col\" ><div class='pt-cv-ifield'><h4 class=\"pt-cv-title\"><a href=\"https:\/\/www.tvnovelas.com.br\/tvnews\/coracao-de-mae-reha-sai-para-jantar-com-selvi\/\" class=\"_self\" target=\"_self\" >Cora\u00e7\u00e3o de M\u00e3e: Reha sai para jantar com Selvi<\/a><\/h4><\/div><\/div>\n<div class=\"col-md-12 col-sm-12 col-xs-12 pt-cv-content-item pt-cv-1-col\" ><div class='pt-cv-ifield'><h4 class=\"pt-cv-title\"><a href=\"https:\/\/www.tvnovelas.com.br\/tvnews\/coracao-acelerado-zila-se-preocupa-com-sua-situacao-apos-separacao\/\" class=\"_self\" target=\"_self\" >Cora\u00e7\u00e3o Acelerado: Zil\u00e1 se preocupa com sua situa\u00e7\u00e3o ap\u00f3s separa\u00e7\u00e3o<\/a><\/h4><\/div><\/div>\n<div class=\"col-md-12 col-sm-12 col-xs-12 pt-cv-content-item pt-cv-1-col\" ><div class='pt-cv-ifield'><h4 class=\"pt-cv-title\"><a href=\"https:\/\/www.tvnovelas.com.br\/tvnews\/a-nobreza-do-amor-tonho-nao-se-curva-diante-de-mirinho\/\" class=\"_self\" target=\"_self\" >A Nobreza do Amor: Tonho n\u00e3o se curva diante de Mirinho<\/a><\/h4><\/div><\/div>\n<div class=\"col-md-12 col-sm-12 col-xs-12 pt-cv-content-item pt-cv-1-col\" ><div class='pt-cv-ifield'><h4 class=\"pt-cv-title\"><a href=\"https:\/\/www.tvnovelas.com.br\/tvnews\/tres-gracas-arminda-surta-ao-confirmar-que-ferette-e-pai-de-raul\/\" class=\"_self\" target=\"_self\" >Tr\u00eas Gra\u00e7as:  Arminda surta ao confirmar que Ferette \u00e9 pai de Raul<\/a><\/h4><\/div><\/div>\n<div class=\"col-md-12 col-sm-12 col-xs-12 pt-cv-content-item pt-cv-1-col\" ><div class='pt-cv-ifield'><h4 class=\"pt-cv-title\"><a href=\"https:\/\/www.tvnovelas.com.br\/tvnews\/coracao-de-mae-atilla-confronta-hasan-e-exige-o-divorcio-de-lale\/\" class=\"_self\" target=\"_self\" >Cora\u00e7\u00e3o de M\u00e3e: Atilla confronta Hasan e exige o div\u00f3rcio de Lale<\/a><\/h4><\/div><\/div>\n<div class=\"col-md-12 col-sm-12 col-xs-12 pt-cv-content-item pt-cv-1-col\" ><div class='pt-cv-ifield'><h4 class=\"pt-cv-title\"><a href=\"https:\/\/www.tvnovelas.com.br\/tvnews\/guerra-das-rosas-gulfem-coloca-gulru-contra-a-parede\/\" class=\"_self\" target=\"_self\" >Guerra das Rosas: Gulfem coloca Gulru contra a parede<\/a><\/h4><\/div><\/div>\n<div class=\"col-md-12 col-sm-12 col-xs-12 pt-cv-content-item pt-cv-1-col\" ><div class='pt-cv-ifield'><h4 class=\"pt-cv-title\"><a href=\"https:\/\/www.tvnovelas.com.br\/tvnews\/coracao-de-mae-atilla-diz-a-lale-que-quer-o-divorcio\/\" class=\"_self\" target=\"_self\" >Cora\u00e7\u00e3o de M\u00e3e: Atilla diz a Lale que quer o div\u00f3rcio<\/a><\/h4><\/div><\/div>\n<div class=\"col-md-12 col-sm-12 col-xs-12 pt-cv-content-item pt-cv-1-col\" ><div class='pt-cv-ifield'><h4 class=\"pt-cv-title\"><a href=\"https:\/\/www.tvnovelas.com.br\/tvnews\/a-nobreza-do-amor-mirinho-garante-noivado-com-virginia-para-atrair-sogro-a-negocio\/\" class=\"_self\" target=\"_self\" >A Nobreza do Amor: Mirinho garante noivado com Virg\u00ednia para atrair sogro a neg\u00f3cio<\/a><\/h4><\/div><\/div>\n<div class=\"col-md-12 col-sm-12 col-xs-12 pt-cv-content-item pt-cv-1-col\" ><div class='pt-cv-ifield'><h4 class=\"pt-cv-title\"><a href=\"https:\/\/www.tvnovelas.com.br\/tvnews\/tres-gracas-joaquim-propoe-fuga-a-arminda-com-o-dinheiro-das-tres-gracas\/\" class=\"_self\" target=\"_self\" >Tr\u00eas Gra\u00e7as:  Joaquim prop\u00f5e fuga a Arminda com o dinheiro das Tr\u00eas Gra\u00e7as<\/a><\/h4><\/div><\/div><\/div><\/div><\/div><br \/>\n<a href=\"https:\/\/www.tvnovelas.com.br\/novelas\/\"><strong>Confira os resumos da semana de todas novelas<\/strong><\/a><br \/>\n<a href=\"http:\/\/tvnovelas.com.br\/filmes\" target=\"_blank\" rel=\"noopener\">Veja tamb\u00e9m: Todas as telas: filmes e s\u00e9ries nos streamings<\/a><\/p>\n<h3>Confira tamb\u00e9m<\/h3>\n<p><a href=\"https:\/\/www.tvnovelas.com.br\/filmes\/\" target=\"_blank\" rel=\"noopener noreferrer\"><strong>Programa\u00e7\u00e3o de filmes na TV aberta<\/strong><\/a><br \/>\n<a href=\"https:\/\/caetenews.com.br\/semana\/filmes-da-globo-na-sessao-da-tarde-desta-semana\/\" target=\"_blank\" rel=\"noopener\"><strong>Confira os filmes da semana na Sess\u00e3o da Tarde<\/strong><\/a><br \/>\n<a href=\"https:\/\/www.tvnovelas.com.br\/novelas\/\" target=\"_blank\" rel=\"noopener noreferrer\"><strong>Resumos de novelas<\/strong><\/a><\/p>\n","protected":false},"excerpt":{"rendered":"<p>\ud835\udc01\ud835\udc1e\ud835\udc27 \ud835\udc1e \ud835\udc12\ud835\udc28\ud835\udc25 \ud835\udc1f\ud835\udc22\ud835\udc1c\ud835\udc1a\ud835\udc26 \ud835\udc23\ud835\udc2e\ud835\udc27\ud835\udc2d\ud835\udc28\ud835\udc2c; \ud835\udc12\ud835\udc28\ud835\udc25 \ud835\udc1e \ud835\udc02\ud835\udc25\ud835\udc1a\ud835\udc2b\ud835\udc1a \ud835\udc2c\ud835\udc1e \ud835\udc1a\ud835\udc29\ud835\udc2b\ud835\udc28\ud835\udc31\ud835\udc22\ud835\udc26\ud835\udc1a\ud835\udc26; Dona Neide destr\u00f3i a reputa\u00e7\u00e3o de Sol na audi\u00eancia; Jenifer enfrenta Theo ;  \ud835\udc04\ud835\udc1d\ud835\udc2e\ud835\udc1a\ud835\udc2b\ud835\udc1d\ud835\udc28 \ud835\udc1f\ud835\udc25\ud835\udc1a\ud835\udc20\ud835\udc2b\ud835\udc1a \ud835\udc09\ud835\udc1e\ud835\udc27\ud835\udc22\ud835\udc1f\ud835\udc1e\ud835\udc2b \ud835\udc1e \ud835\udc07\ud835\udc2e\ud835\udc20\ud835\udc28 \ud835\udc1a\ud835\udc1b\ud835\udc2b\ud835\udc1a\u00e7\ud835\udc1a\ud835\udc1d\ud835\udc28\ud835\udc2c; Clara sofre por falta de dinheiro e Rafa enfrenta Theo; \ud835\udc11\ud835\udc1a\ud835\udc1f\ud835\udc1a \ud835\udc1e \ud835\udc0a\ud835\udc1a\ud835\udc2d\ud835\udc1e \ud835\udc1a\ud835\udc2b\ud835\udc26\ud835\udc1a\ud835\udc26 \ud835\udc2e\ud835\udc26 \ud835\udc1f\ud835\udc1a\ud835\udc25\ud835\udc2c\ud835\udc28 \ud835\udc2c\ud835\udc1e\ud835\udc2a\ud835\udc2e\ud835\udc1e\ud835\udc2c\ud835\udc2d\ud835\udc2b\ud835\udc28&#8230;<\/p>\n","protected":false},"author":1,"featured_media":52961,"comment_status":"closed","ping_status":"closed","sticky":false,"template":"","format":"standard","meta":{"_uf_show_specific_survey":0,"_uf_disable_surveys":false,"_jetpack_memberships_contains_paid_content":false,"footnotes":"","_wp_rev_ctl_limit":""},"categories":[358],"tags":[5,64,359],"class_list":["post-52960","post","type-post","status-publish","format-standard","has-post-thumbnail","hentry","category-vai-na-fe","tag-globo","tag-novelas","tag-vai-na-fe","wpcat-358-id"],"aioseo_notices":[],"jetpack_featured_media_url":"https:\/\/i0.wp.com\/www.tvnovelas.com.br\/tvnews\/wp-content\/uploads\/2023\/07\/37530a.jpg?fit=728%2C410&ssl=1","jetpack_shortlink":"https:\/\/wp.me\/pdP2BO-dMc","jetpack_sharing_enabled":true,"_links":{"self":[{"href":"https:\/\/www.tvnovelas.com.br\/tvnews\/wp-json\/wp\/v2\/posts\/52960","targetHints":{"allow":["GET"]}}],"collection":[{"href":"https:\/\/www.tvnovelas.com.br\/tvnews\/wp-json\/wp\/v2\/posts"}],"about":[{"href":"https:\/\/www.tvnovelas.com.br\/tvnews\/wp-json\/wp\/v2\/types\/post"}],"author":[{"embeddable":true,"href":"https:\/\/www.tvnovelas.com.br\/tvnews\/wp-json\/wp\/v2\/users\/1"}],"replies":[{"embeddable":true,"href":"https:\/\/www.tvnovelas.com.br\/tvnews\/wp-json\/wp\/v2\/comments?post=52960"}],"version-history":[{"count":1,"href":"https:\/\/www.tvnovelas.com.br\/tvnews\/wp-json\/wp\/v2\/posts\/52960\/revisions"}],"predecessor-version":[{"id":52964,"href":"https:\/\/www.tvnovelas.com.br\/tvnews\/wp-json\/wp\/v2\/posts\/52960\/revisions\/52964"}],"wp:featuredmedia":[{"embeddable":true,"href":"https:\/\/www.tvnovelas.com.br\/tvnews\/wp-json\/wp\/v2\/media\/52961"}],"wp:attachment":[{"href":"https:\/\/www.tvnovelas.com.br\/tvnews\/wp-json\/wp\/v2\/media?parent=52960"}],"wp:term":[{"taxonomy":"category","embeddable":true,"href":"https:\/\/www.tvnovelas.com.br\/tvnews\/wp-json\/wp\/v2\/categories?post=52960"},{"taxonomy":"post_tag","embeddable":true,"href":"https:\/\/www.tvnovelas.com.br\/tvnews\/wp-json\/wp\/v2\/tags?post=52960"}],"curies":[{"name":"wp","href":"https:\/\/api.w.org\/{rel}","templated":true}]}}