{"id":52965,"date":"2023-07-08T14:00:23","date_gmt":"2023-07-08T17:00:23","guid":{"rendered":"https:\/\/www.tvnovelas.com.br\/tvnews\/?p=52965"},"modified":"2023-07-08T12:16:53","modified_gmt":"2023-07-08T15:16:53","slug":"o-que-se-passa-em-terra-e-paixao-na-semana-10-a-15-de-julho","status":"publish","type":"post","link":"https:\/\/www.tvnovelas.com.br\/tvnews\/o-que-se-passa-em-terra-e-paixao-na-semana-10-a-15-de-julho\/","title":{"rendered":"O que se passa em Terra e Paix\u00e3o na semana 10 a 15 de julho"},"content":{"rendered":"<p>T<em>Resumos de Terra e Paix\u00e3o na semana 10 a 15 de julho<\/em><br \/>\n<img data-recalc-dims=\"1\" decoding=\"async\" class=\"alignnone wp-image-52966 size-full\" title=\"(Foto: Reprodu\u00e7\u00e3o\/TV Globo\/Terra e Paix\u00e3o)\" src=\"https:\/\/i0.wp.com\/www.tvnovelas.com.br\/tvnews\/wp-content\/uploads\/2023\/07\/37531.jpg?resize=728%2C410&#038;ssl=1\" alt=\"Foto em Terra e Paix\u00e3o na semana 10 a 15 de julho\" width=\"728\" height=\"410\" srcset=\"https:\/\/i0.wp.com\/www.tvnovelas.com.br\/tvnews\/wp-content\/uploads\/2023\/07\/37531.jpg?w=728&amp;ssl=1 728w, https:\/\/i0.wp.com\/www.tvnovelas.com.br\/tvnews\/wp-content\/uploads\/2023\/07\/37531.jpg?resize=678%2C381&amp;ssl=1 678w\" sizes=\"(max-width: 728px) 100vw, 728px\" \/><\/p>\n<blockquote><p>Jonatas pede uma chance a Aline; Ant\u00f4nio manda Ramiro se livrar de Aline; Um ge\u00f3logo confirma ter riquezas nas terras de Aline; Irene confirma que Ant\u00f4nio est\u00e1 se encontrando com Berenice; Irene e Berenice trocam ofensas; Ademir confirma que \u00e9 pai de Rosa&#8230;<\/p><\/blockquote>\n<p><strong>Resumo de segunda-feira, 10 de julho<\/strong><br \/>\nIncentivada por Caio e Jonatas, Aline decide seguir em frente e pede aos amigos para ajud\u00e1-la a limpar a terra. Ant\u00f4nio repreende Irene ao saber que foi a esposa quem provocou o inc\u00eandio na planta\u00e7\u00e3o de Aline. Aline estranha quando Caio diz que tem que pensar no que Daniel lhe deixou como responsabilidade. Irene amea\u00e7a demitir Angelina. Odilon flagra Luigi no quarto de Anely. Marino informa a Aline que ela deve ter um dinheiro do seguro a receber. Berenice encontra Ant\u00f4nio. Ramiro consegue rem\u00e9dios para Petra com a ajuda de Kelvin. Gra\u00e7a diz a Caio que teve outro sonho com Daniel, dizendo que deixaria um sinal para o irm\u00e3o.<\/p>\n<p><strong>Resumo de ter\u00e7a-feira, 11 de julho<\/strong><br \/>\nCaio diz a Gra\u00e7a que sente que tem uma obriga\u00e7\u00e3o com Daniel. Irene pede a Luigi para n\u00e3o desistir de Petra. Andrade diz a Lucinda que n\u00e3o gosta da maneira como Marino olha para ela. Lucinda desabafa com Anely sobre Andrade. Irene coloca sal no bule de caf\u00e9 para prejudicar Angelina. Rodrigo explica a Aline que ela pode n\u00e3o receber a indeniza\u00e7\u00e3o. Jonatas termina seu namoro com Nina. Gentil recebe uma carta misteriosa. Luigi pergunta a Kelvin se ele est\u00e1 dando rem\u00e9dio para Petra. Jonatas pede uma chance a Aline.<br \/>\n<img data-recalc-dims=\"1\" decoding=\"async\" class=\"alignnone wp-image-52967 size-full\" title=\"(Foto: Reprodu\u00e7\u00e3o\/TV Globo\/Terra e Paix\u00e3o)\" src=\"https:\/\/i0.wp.com\/www.tvnovelas.com.br\/tvnews\/wp-content\/uploads\/2023\/07\/37531b.jpg?resize=728%2C410&#038;ssl=1\" alt=\"Foto em Terra e Paix\u00e3o na semana 10 a 15 de julho\" width=\"728\" height=\"410\" srcset=\"https:\/\/i0.wp.com\/www.tvnovelas.com.br\/tvnews\/wp-content\/uploads\/2023\/07\/37531b.jpg?w=728&amp;ssl=1 728w, https:\/\/i0.wp.com\/www.tvnovelas.com.br\/tvnews\/wp-content\/uploads\/2023\/07\/37531b.jpg?resize=678%2C381&amp;ssl=1 678w\" sizes=\"(max-width: 728px) 100vw, 728px\" \/><\/p>\n<p><strong>Resumo de quarta-feira, 12 de julho<\/strong><br \/>\nAline diz a Jonatas que o tem como amigo. Kelvin conta a Luigi que Ant\u00f4nio tem visitado Berenice. Ademir reage quando Flor avisa que comprovar\u00e1 que ele \u00e9 pai de Rosa. Aline sugere a Caio que consulte Enzo para descobrir quem est\u00e1 tentando manipul\u00e1-lo com as mensagens de Daniel. Nina aceita ser gerente da pousada de Lucinda. Caio confronta Enzo. Irene interna Petra em uma cl\u00ednica. Um homem desconhecido examina as terras de Aline. Ant\u00f4nio diz a Caio que acha que \u00e9 sua obriga\u00e7\u00e3o cuidar do filho de Daniel. Caio promete ao pai que pensar\u00e1 sobre se casar com Gra\u00e7a. Ademir resolve fazer o teste de DNA para saber se \u00e9 pai de Rosa. Um ge\u00f3logo confirma para Ant\u00f4nio que as terras de Aline cont\u00e9m riquezas. Ant\u00f4nio manda Ramiro se livrar de Aline.<\/p>\n<p><strong>Resumo de quinta-feira, 13 de julho<\/strong><br \/>\nRamiro ataca Aline, que \u00e9 salva por Caio. Jonatas comenta com Caio que a seguradora n\u00e3o pagar\u00e1 a indeniza\u00e7\u00e3o para Aline porque o inc\u00eandio foi criminoso. Aline conta a Caio que Ramiro tentou mat\u00e1-la. Irene provoca Angelina. Nina flagra Luigi com Anely. Aline diz a Caio que os dois nunca seriam felizes juntos por causa da morte de Daniel. Ant\u00f4nio se nega a atender ao pedido de Irene para demitir Angelina. Ramiro confirma para Irene que Ant\u00f4nio est\u00e1 se encontrando com Berenice. Franco se declara para Yandara. Menah defende Mara e amea\u00e7a Elias. Luigi pede a Ant\u00f4nio para Anely ser sua secret\u00e1ria. Ramiro solta um animal pe\u00e7onhento no arm\u00e1rio de Berenice a pedido de Irene. Ant\u00f4nio promete a Daniel deixar a vida de Aline a salvo se o filho se casar com Gra\u00e7a. Caio pede Gra\u00e7a em casamento.<br \/>\n<img data-recalc-dims=\"1\" decoding=\"async\" class=\"alignnone wp-image-52968 size-full\" title=\"(Foto: Reprodu\u00e7\u00e3o\/TV Globo\/Terra e Paix\u00e3o)\" src=\"https:\/\/i0.wp.com\/www.tvnovelas.com.br\/tvnews\/wp-content\/uploads\/2023\/07\/37531a.jpg?resize=728%2C410&#038;ssl=1\" alt=\"Foto em Terra e Paix\u00e3o na semana 10 a 15 de julho\" width=\"728\" height=\"410\" srcset=\"https:\/\/i0.wp.com\/www.tvnovelas.com.br\/tvnews\/wp-content\/uploads\/2023\/07\/37531a.jpg?w=728&amp;ssl=1 728w, https:\/\/i0.wp.com\/www.tvnovelas.com.br\/tvnews\/wp-content\/uploads\/2023\/07\/37531a.jpg?resize=678%2C381&amp;ssl=1 678w\" sizes=\"(max-width: 728px) 100vw, 728px\" \/><\/p>\n<p><strong>Resumo de sexta-feira, 14 de julho<\/strong><br \/>\nCaio deixa claro para Gra\u00e7a que vai casar com ela por Daniel. Lucinda elogia Nina para Jonatas. Berenice leva um susto ao ver um animal pe\u00e7onhento no arm\u00e1rio e vai atr\u00e1s do respons\u00e1vel. Nina n\u00e3o aceita reatar com Jonatas. Marino prende Andrade ao flagr\u00e1-lo com Lucinda. Kelvin conta a Berenice que foi Irene quem mandou Ramiro colocar a cascavel no quarto da patroa. Aline confessa a Jussara que gostou de ficar com Caio. Caio pede a Luigi que o ensine como se portar e ter boas maneiras. Gladys aconselha Gra\u00e7a a n\u00e3o se encontrar mais com o delegado. Berenice invade a casa de Irene.<\/p>\n<p><strong>Resumo de s\u00e1bado, 15 de julho<\/strong><br \/>\nIrene e Berenice trocam ofensas. Ant\u00f4nio garante a Silv\u00e9rio e Vin\u00edcius, ge\u00f3logo, que remover\u00e1 Aline de suas terras. Jussara decide colocar sua casa \u00e0 venda para ajudar Aline a pagar as d\u00edvidas. M\u00e9dico orienta Luigi quanto ao retorno de Petra para casa. Franco n\u00e3o estende o prazo para Aline pagar a segunda parcela da d\u00edvida. Jonatas se oferece para ajudar Aline. Aline coloca a casa de Jussara \u00e0 venda. Marino se recusa a sair da pousada, apesar de Andrade ter pedido para ele se retirar. Ademir anuncia a Flor que ele \u00e9 pai de Rosa, e diz que pedir\u00e1 a guarda da menina. Flor se recusa a ficar longe de Rosa. Caio se oferece para pagar a d\u00edvida de Aline.<br \/>\n<!--FIM DO POST--><br \/>\n<a href=\"https:\/\/www.tvnovelas.com.br\/novelas\/resumos-de-terra-e-paixao-2\/\">Confira os resumos de &#8216;Terra e Paix\u00e3o&#8217; da semana 17 a 22  de julho<\/a><br \/>\n<strong style=\"font-size: 120%;\">\u00daltimas not\u00edcias de Terra e Paix\u00e3o:<br \/>\n<div class=\"pt-cv-wrapper\"><div class=\"pt-cv-view pt-cv-grid pt-cv-colsys\" id=\"pt-cv-view-9bbc6490w2\"><div data-id=\"pt-cv-page-1\" class=\"pt-cv-page\" data-cvc=\"1\"><div class=\"col-md-12 col-sm-6 col-xs-12 pt-cv-content-item pt-cv-1-col\" ><div class='pt-cv-ifield'><h4 class=\"pt-cv-title\"><a href=\"https:\/\/www.tvnovelas.com.br\/tvnews\/terra-e-paixao-vinicius-choca-aline-com-relatorio-sobre-diamantes-em-suas-terras\/\" class=\"_blank\" target=\"_blank\" >Terra e Paix\u00e3o: Vin\u00edcius choca Aline com relat\u00f3rio sobre diamantes em suas terras<\/a><\/h4><\/div><\/div>\n<div class=\"col-md-12 col-sm-6 col-xs-12 pt-cv-content-item pt-cv-1-col\" ><div class='pt-cv-ifield'><h4 class=\"pt-cv-title\"><a href=\"https:\/\/www.tvnovelas.com.br\/tvnews\/terra-e-paixao-fuga-de-antonio-tem-mortes-e-disfarce\/\" class=\"_blank\" target=\"_blank\" >Terra e Paix\u00e3o: Fuga de Ant\u00f4nio tem mortes e disfarce<\/a><\/h4><\/div><\/div>\n<div class=\"col-md-12 col-sm-6 col-xs-12 pt-cv-content-item pt-cv-1-col\" ><div class='pt-cv-ifield'><h4 class=\"pt-cv-title\"><a href=\"https:\/\/www.tvnovelas.com.br\/tvnews\/terra-e-paixao-antonio-invade-casamento-para-matar-aline-no-altar\/\" class=\"_blank\" target=\"_blank\" >Terra e Paix\u00e3o: Ant\u00f4nio invade casamento para matar Aline no altar<\/a><\/h4><\/div><\/div>\n<div class=\"col-md-12 col-sm-6 col-xs-12 pt-cv-content-item pt-cv-1-col\" ><div class='pt-cv-ifield'><h4 class=\"pt-cv-title\"><a href=\"https:\/\/www.tvnovelas.com.br\/tvnews\/terra-e-paixao-graca-se-junta-a-policia-para-salvar-danielzinho\/\" class=\"_blank\" target=\"_blank\" >Terra e Paix\u00e3o: Gra\u00e7a se junta \u00e0 Pol\u00edcia para salvar Danielzinho<\/a><\/h4><\/div><\/div>\n<div class=\"col-md-12 col-sm-6 col-xs-12 pt-cv-content-item pt-cv-1-col\" ><div class='pt-cv-ifield'><h4 class=\"pt-cv-title\"><a href=\"https:\/\/www.tvnovelas.com.br\/tvnews\/terra-e-paixao-marino-da-voz-de-prisao-a-irene\/\" class=\"_blank\" target=\"_blank\" >Terra e Paix\u00e3o: Marino d\u00e1 voz de pris\u00e3o a Irene<\/a><\/h4><\/div><\/div>\n<div class=\"col-md-12 col-sm-6 col-xs-12 pt-cv-content-item pt-cv-1-col\" ><div class='pt-cv-ifield'><h4 class=\"pt-cv-title\"><a href=\"https:\/\/www.tvnovelas.com.br\/tvnews\/terra-e-paixao-irene-sequestra-danielzinho-e-foge-com-vinicius\/\" class=\"_blank\" target=\"_blank\" >Terra e Paix\u00e3o: Irene sequestra Danielzinho e foge com Vin\u00edcius<\/a><\/h4><\/div><\/div><\/div><\/div><\/div><br \/>\n<strong style=\"font-size: 120%;\">\u00daltimas not\u00edcias deste canal:<\/strong><br \/>\n<div class=\"pt-cv-wrapper\"><div class=\"pt-cv-view pt-cv-grid pt-cv-colsys\" id=\"pt-cv-view-90991035b3\"><div data-id=\"pt-cv-page-1\" class=\"pt-cv-page\" data-cvc=\"1\"><div class=\"col-md-12 col-sm-12 col-xs-12 pt-cv-content-item pt-cv-1-col\" ><div class='pt-cv-ifield'><h4 class=\"pt-cv-title\"><a href=\"https:\/\/www.tvnovelas.com.br\/tvnews\/guerra-das-rosas-omer-chama-gulru-vestida-de-noiva-para-fugir\/\" class=\"_self\" target=\"_self\" >Guerra das Rosas: Omer chama Gulru vestida de noiva para fugir<\/a><\/h4><\/div><\/div>\n<div class=\"col-md-12 col-sm-12 col-xs-12 pt-cv-content-item pt-cv-1-col\" ><div class='pt-cv-ifield'><h4 class=\"pt-cv-title\"><a href=\"https:\/\/www.tvnovelas.com.br\/tvnews\/coracao-de-mae-reha-sai-para-jantar-com-selvi\/\" class=\"_self\" target=\"_self\" >Cora\u00e7\u00e3o de M\u00e3e: Reha sai para jantar com Selvi<\/a><\/h4><\/div><\/div>\n<div class=\"col-md-12 col-sm-12 col-xs-12 pt-cv-content-item pt-cv-1-col\" ><div class='pt-cv-ifield'><h4 class=\"pt-cv-title\"><a href=\"https:\/\/www.tvnovelas.com.br\/tvnews\/coracao-acelerado-zila-se-preocupa-com-sua-situacao-apos-separacao\/\" class=\"_self\" target=\"_self\" >Cora\u00e7\u00e3o Acelerado: Zil\u00e1 se preocupa com sua situa\u00e7\u00e3o ap\u00f3s separa\u00e7\u00e3o<\/a><\/h4><\/div><\/div>\n<div class=\"col-md-12 col-sm-12 col-xs-12 pt-cv-content-item pt-cv-1-col\" ><div class='pt-cv-ifield'><h4 class=\"pt-cv-title\"><a href=\"https:\/\/www.tvnovelas.com.br\/tvnews\/a-nobreza-do-amor-tonho-nao-se-curva-diante-de-mirinho\/\" class=\"_self\" target=\"_self\" >A Nobreza do Amor: Tonho n\u00e3o se curva diante de Mirinho<\/a><\/h4><\/div><\/div>\n<div class=\"col-md-12 col-sm-12 col-xs-12 pt-cv-content-item pt-cv-1-col\" ><div class='pt-cv-ifield'><h4 class=\"pt-cv-title\"><a href=\"https:\/\/www.tvnovelas.com.br\/tvnews\/tres-gracas-arminda-surta-ao-confirmar-que-ferette-e-pai-de-raul\/\" class=\"_self\" target=\"_self\" >Tr\u00eas Gra\u00e7as:  Arminda surta ao confirmar que Ferette \u00e9 pai de Raul<\/a><\/h4><\/div><\/div>\n<div class=\"col-md-12 col-sm-12 col-xs-12 pt-cv-content-item pt-cv-1-col\" ><div class='pt-cv-ifield'><h4 class=\"pt-cv-title\"><a href=\"https:\/\/www.tvnovelas.com.br\/tvnews\/coracao-de-mae-atilla-confronta-hasan-e-exige-o-divorcio-de-lale\/\" class=\"_self\" target=\"_self\" >Cora\u00e7\u00e3o de M\u00e3e: Atilla confronta Hasan e exige o div\u00f3rcio de Lale<\/a><\/h4><\/div><\/div>\n<div class=\"col-md-12 col-sm-12 col-xs-12 pt-cv-content-item pt-cv-1-col\" ><div class='pt-cv-ifield'><h4 class=\"pt-cv-title\"><a href=\"https:\/\/www.tvnovelas.com.br\/tvnews\/guerra-das-rosas-gulfem-coloca-gulru-contra-a-parede\/\" class=\"_self\" target=\"_self\" >Guerra das Rosas: Gulfem coloca Gulru contra a parede<\/a><\/h4><\/div><\/div>\n<div class=\"col-md-12 col-sm-12 col-xs-12 pt-cv-content-item pt-cv-1-col\" ><div class='pt-cv-ifield'><h4 class=\"pt-cv-title\"><a href=\"https:\/\/www.tvnovelas.com.br\/tvnews\/coracao-de-mae-atilla-diz-a-lale-que-quer-o-divorcio\/\" class=\"_self\" target=\"_self\" >Cora\u00e7\u00e3o de M\u00e3e: Atilla diz a Lale que quer o div\u00f3rcio<\/a><\/h4><\/div><\/div>\n<div class=\"col-md-12 col-sm-12 col-xs-12 pt-cv-content-item pt-cv-1-col\" ><div class='pt-cv-ifield'><h4 class=\"pt-cv-title\"><a href=\"https:\/\/www.tvnovelas.com.br\/tvnews\/a-nobreza-do-amor-mirinho-garante-noivado-com-virginia-para-atrair-sogro-a-negocio\/\" class=\"_self\" target=\"_self\" >A Nobreza do Amor: Mirinho garante noivado com Virg\u00ednia para atrair sogro a neg\u00f3cio<\/a><\/h4><\/div><\/div>\n<div class=\"col-md-12 col-sm-12 col-xs-12 pt-cv-content-item pt-cv-1-col\" ><div class='pt-cv-ifield'><h4 class=\"pt-cv-title\"><a href=\"https:\/\/www.tvnovelas.com.br\/tvnews\/tres-gracas-joaquim-propoe-fuga-a-arminda-com-o-dinheiro-das-tres-gracas\/\" class=\"_self\" target=\"_self\" >Tr\u00eas Gra\u00e7as:  Joaquim prop\u00f5e fuga a Arminda com o dinheiro das Tr\u00eas Gra\u00e7as<\/a><\/h4><\/div><\/div><\/div><\/div><\/div><br \/>\n<a href=\"https:\/\/www.tvnovelas.com.br\/novelas\/\"><strong>Confira os resumos da semana de todas novelas<\/strong><\/a><\/strong><\/p>\n<h3>Confira tamb\u00e9m<\/h3>\n<p><a href=\"https:\/\/www.tvnovelas.com.br\/filmes\/\" target=\"_blank\" rel=\"noopener noreferrer\"><strong>Programa\u00e7\u00e3o de filmes na TV aberta<\/strong><\/a><br \/>\n<a href=\"https:\/\/caetenews.com.br\/semana\/filmes-da-globo-na-sessao-da-tarde-desta-semana\/\" target=\"_blank\" rel=\"noopener\"><strong>Confira os filmes da semana na Sess\u00e3o da Tarde<\/strong><\/a><br \/>\n<a href=\"https:\/\/www.tvnovelas.com.br\/novelas\/\" target=\"_blank\" rel=\"noopener noreferrer\"><strong>Resumos de novelas<\/strong><\/a><\/p>\n","protected":false},"excerpt":{"rendered":"<p>Jonatas pede uma chance a Aline; \ud835\udc00\ud835\udc27\ud835\udc2d\u00f4\ud835\udc27\ud835\udc22\ud835\udc28 \ud835\udc26\ud835\udc1a\ud835\udc27\ud835\udc1d\ud835\udc1a \ud835\udc11\ud835\udc1a\ud835\udc26\ud835\udc22\ud835\udc2b\ud835\udc28 \ud835\udc2c\ud835\udc1e \ud835\udc25\ud835\udc22\ud835\udc2f\ud835\udc2b\ud835\udc1a\ud835\udc2b \ud835\udc1d\ud835\udc1e \ud835\udc00\ud835\udc25\ud835\udc22\ud835\udc27\ud835\udc1e; Caio se oferece para pagar a d\u00edvida de Aline; \ud835\udc14\ud835\udc26 \ud835\udc20\ud835\udc1e\u00f3\ud835\udc25\ud835\udc28\ud835\udc20\ud835\udc28 \ud835\udc1d\ud835\udc1e\ud835\udc2d\ud835\udc1e\ud835\udc1c\ud835\udc2d\ud835\udc1a \ud835\udc2b\ud835\udc22\ud835\udc2a\ud835\udc2e\ud835\udc1e\ud835\udc33\ud835\udc1a\ud835\udc2c \ud835\udc27\ud835\udc1a\ud835\udc2c \ud835\udc2d\ud835\udc1e\ud835\udc2b\ud835\udc2b\ud835\udc1a\ud835\udc2c \ud835\udc1d\ud835\udc1e \ud835\udc00\ud835\udc25\ud835\udc22\ud835\udc27\ud835\udc1e; Ademir confirma que \u00e9 pai de Rosa; \ud835\udc08\ud835\udc2b\ud835\udc1e\ud835\udc27\ud835\udc1e \ud835\udc1c\ud835\udc28\ud835\udc27\ud835\udc1f\ud835\udc22\ud835\udc2b\ud835\udc26\ud835\udc1a \ud835\udc1e\ud835\udc27\ud835\udc1c\ud835\udc28\ud835\udc27\ud835\udc2d\ud835\udc2b\ud835\udc28\ud835\udc2c \ud835\udc1d\ud835\udc1e \ud835\udc00\ud835\udc27\ud835\udc2d\u00f4\ud835\udc27\ud835\udc22\ud835\udc28 \ud835\udc1c\ud835\udc28\ud835\udc26 \ud835\udc01\ud835\udc1e\ud835\udc2b\ud835\udc1e\ud835\udc27\ud835\udc22\ud835\udc1c\ud835\udc1e&#8230;<\/p>\n","protected":false},"author":1,"featured_media":52966,"comment_status":"closed","ping_status":"closed","sticky":false,"template":"","format":"standard","meta":{"_uf_show_specific_survey":0,"_uf_disable_surveys":false,"_jetpack_memberships_contains_paid_content":false,"footnotes":"","_wp_rev_ctl_limit":""},"categories":[382],"tags":[5,64,383],"class_list":["post-52965","post","type-post","status-publish","format-standard","has-post-thumbnail","hentry","category-terra-e-paixao","tag-globo","tag-novelas","tag-terra-e-paixao","wpcat-382-id"],"aioseo_notices":[],"jetpack_featured_media_url":"https:\/\/i0.wp.com\/www.tvnovelas.com.br\/tvnews\/wp-content\/uploads\/2023\/07\/37531.jpg?fit=728%2C410&ssl=1","jetpack_shortlink":"https:\/\/wp.me\/pdP2BO-dMh","jetpack_sharing_enabled":true,"_links":{"self":[{"href":"https:\/\/www.tvnovelas.com.br\/tvnews\/wp-json\/wp\/v2\/posts\/52965","targetHints":{"allow":["GET"]}}],"collection":[{"href":"https:\/\/www.tvnovelas.com.br\/tvnews\/wp-json\/wp\/v2\/posts"}],"about":[{"href":"https:\/\/www.tvnovelas.com.br\/tvnews\/wp-json\/wp\/v2\/types\/post"}],"author":[{"embeddable":true,"href":"https:\/\/www.tvnovelas.com.br\/tvnews\/wp-json\/wp\/v2\/users\/1"}],"replies":[{"embeddable":true,"href":"https:\/\/www.tvnovelas.com.br\/tvnews\/wp-json\/wp\/v2\/comments?post=52965"}],"version-history":[{"count":1,"href":"https:\/\/www.tvnovelas.com.br\/tvnews\/wp-json\/wp\/v2\/posts\/52965\/revisions"}],"predecessor-version":[{"id":52969,"href":"https:\/\/www.tvnovelas.com.br\/tvnews\/wp-json\/wp\/v2\/posts\/52965\/revisions\/52969"}],"wp:featuredmedia":[{"embeddable":true,"href":"https:\/\/www.tvnovelas.com.br\/tvnews\/wp-json\/wp\/v2\/media\/52966"}],"wp:attachment":[{"href":"https:\/\/www.tvnovelas.com.br\/tvnews\/wp-json\/wp\/v2\/media?parent=52965"}],"wp:term":[{"taxonomy":"category","embeddable":true,"href":"https:\/\/www.tvnovelas.com.br\/tvnews\/wp-json\/wp\/v2\/categories?post=52965"},{"taxonomy":"post_tag","embeddable":true,"href":"https:\/\/www.tvnovelas.com.br\/tvnews\/wp-json\/wp\/v2\/tags?post=52965"}],"curies":[{"name":"wp","href":"https:\/\/api.w.org\/{rel}","templated":true}]}}