{"id":53056,"date":"2023-07-11T08:15:46","date_gmt":"2023-07-11T11:15:46","guid":{"rendered":"https:\/\/www.tvnovelas.com.br\/tvnews\/?p=53056"},"modified":"2023-07-11T08:15:46","modified_gmt":"2023-07-11T11:15:46","slug":"vai-na-fe-clara-ajuda-sol-com-fotos-e-pede-perdao","status":"publish","type":"post","link":"https:\/\/www.tvnovelas.com.br\/tvnews\/vai-na-fe-clara-ajuda-sol-com-fotos-e-pede-perdao\/","title":{"rendered":"Vai na F\u00e9: Clara ajuda Sol com fotos e pede perd\u00e3o"},"content":{"rendered":"<p><em>Em Vai na F\u00e9: Clara ajuda Sol&#8230;<\/em><br \/>\n<img data-recalc-dims=\"1\" decoding=\"async\" class=\"alignnone wp-image-53057 size-full\" title=\"(Foto: TV Globo\/Vai na F\u00e9)\" src=\"https:\/\/i0.wp.com\/www.tvnovelas.com.br\/tvnews\/wp-content\/uploads\/2023\/07\/10020.jpg?resize=728%2C410&#038;ssl=1\" alt=\"Foto em Vai na F\u00e9: ajuda Sol...\" width=\"728\" height=\"410\" srcset=\"https:\/\/i0.wp.com\/www.tvnovelas.com.br\/tvnews\/wp-content\/uploads\/2023\/07\/10020.jpg?w=728&amp;ssl=1 728w, https:\/\/i0.wp.com\/www.tvnovelas.com.br\/tvnews\/wp-content\/uploads\/2023\/07\/10020.jpg?resize=678%2C381&amp;ssl=1 678w\" sizes=\"(max-width: 728px) 100vw, 728px\" \/><\/p>\n<p>Rafa (Caio Manhente) vai fazer um ensaio de fotos para alavancar a carreira de Sol (Sheron Menezzes), e Clara (Regiane Alves) ir\u00e1 com o filho at\u00e9 Piedade. Chegando l\u00e1, a ex de Theo (Emilio Dantas) ter\u00e1 uma surpresa. Sol vai sugerir que Clara, que j\u00e1 foi modelo, fique para ajud\u00e1-la com as fotos, e as duas v\u00e3o se entender!<\/p>\n<p>\u201cO Rafa me falou que voc\u00ea j\u00e1 foi modelo. Quem sabe voc\u00ea me ajuda? Sei nem que roupa fica melhor\u201d, diz Sol.<\/p>\n<p>\u201cN\u00e3o estou na minha melhor forma, mas posso te ajudar sim. Posso te maquiar, Sol?\u201d, pede Clara.<\/p>\n<p>J\u00e1 dentro da casa de Sol, Clara vai agradecer \u00e0 artista por ter chamado Rafa para fazer as fotos, e as duas v\u00e3o conversar, c\u00famplices. Tanto que, depois de Lumiar (Carolina Dieckmann), ser\u00e1 a vez de Clara pedir perd\u00e3o \u00e0 Sol&#8230;<\/p>\n<p>\u201cQue ironia estar aqui te maquiando. Se me dissessem meses atr\u00e1s, eu n\u00e3o acreditaria. Eu te devo desculpas, Sol. Por ter te julgado tantas vezes sem nem te conhecer. Perd\u00e3o\u201d, pede Clara, sincera.<\/p>\n<p>\u201cTodo perd\u00e3o vem de Deus. N\u00f3s somos apenas o canal para que ele encontre seu caminho. Eu tamb\u00e9m n\u00e3o esperaria n\u00f3s duas aqui, assim. Mas hoje estamos aqui\u201d, comemora Sol.<\/p>\n<p>Sol e Clara, ent\u00e3o, apertam as m\u00e3os e trocam sorrisos!<\/p>\n","protected":false},"excerpt":{"rendered":"<p>Rafa (Caio Manhente) vai fazer um ensaio de fotos para alavancar a carreira de Sol (Sheron Menezzes), e Clara (Regiane Alves) ir\u00e1 com o filho at\u00e9 Piedade&#8230;<\/p>\n","protected":false},"author":1,"featured_media":53057,"comment_status":"closed","ping_status":"closed","sticky":false,"template":"","format":"standard","meta":{"_uf_show_specific_survey":0,"_uf_disable_surveys":false,"_jetpack_memberships_contains_paid_content":false,"footnotes":"","_wp_rev_ctl_limit":""},"categories":[358],"tags":[5,64,359],"class_list":["post-53056","post","type-post","status-publish","format-standard","has-post-thumbnail","hentry","category-vai-na-fe","tag-globo","tag-novelas","tag-vai-na-fe","wpcat-358-id"],"aioseo_notices":[],"jetpack_featured_media_url":"https:\/\/i0.wp.com\/www.tvnovelas.com.br\/tvnews\/wp-content\/uploads\/2023\/07\/10020.jpg?fit=728%2C410&ssl=1","jetpack_shortlink":"https:\/\/wp.me\/pdP2BO-dNK","jetpack_sharing_enabled":true,"_links":{"self":[{"href":"https:\/\/www.tvnovelas.com.br\/tvnews\/wp-json\/wp\/v2\/posts\/53056","targetHints":{"allow":["GET"]}}],"collection":[{"href":"https:\/\/www.tvnovelas.com.br\/tvnews\/wp-json\/wp\/v2\/posts"}],"about":[{"href":"https:\/\/www.tvnovelas.com.br\/tvnews\/wp-json\/wp\/v2\/types\/post"}],"author":[{"embeddable":true,"href":"https:\/\/www.tvnovelas.com.br\/tvnews\/wp-json\/wp\/v2\/users\/1"}],"replies":[{"embeddable":true,"href":"https:\/\/www.tvnovelas.com.br\/tvnews\/wp-json\/wp\/v2\/comments?post=53056"}],"version-history":[{"count":1,"href":"https:\/\/www.tvnovelas.com.br\/tvnews\/wp-json\/wp\/v2\/posts\/53056\/revisions"}],"predecessor-version":[{"id":53058,"href":"https:\/\/www.tvnovelas.com.br\/tvnews\/wp-json\/wp\/v2\/posts\/53056\/revisions\/53058"}],"wp:featuredmedia":[{"embeddable":true,"href":"https:\/\/www.tvnovelas.com.br\/tvnews\/wp-json\/wp\/v2\/media\/53057"}],"wp:attachment":[{"href":"https:\/\/www.tvnovelas.com.br\/tvnews\/wp-json\/wp\/v2\/media?parent=53056"}],"wp:term":[{"taxonomy":"category","embeddable":true,"href":"https:\/\/www.tvnovelas.com.br\/tvnews\/wp-json\/wp\/v2\/categories?post=53056"},{"taxonomy":"post_tag","embeddable":true,"href":"https:\/\/www.tvnovelas.com.br\/tvnews\/wp-json\/wp\/v2\/tags?post=53056"}],"curies":[{"name":"wp","href":"https:\/\/api.w.org\/{rel}","templated":true}]}}