{"id":53267,"date":"2023-07-15T16:00:38","date_gmt":"2023-07-15T19:00:38","guid":{"rendered":"https:\/\/www.tvnovelas.com.br\/tvnews\/?p=53267"},"modified":"2023-07-15T12:04:41","modified_gmt":"2023-07-15T15:04:41","slug":"o-que-que-tem-em-amor-perfeito-na-semana-17-a-22-de-julho","status":"publish","type":"post","link":"https:\/\/www.tvnovelas.com.br\/tvnews\/o-que-que-tem-em-amor-perfeito-na-semana-17-a-22-de-julho\/","title":{"rendered":"O que que tem em Amor Perfeito na semana 17 a 22 de julho"},"content":{"rendered":"<p><em>Resumos de Amor Perfeito na semana 17 a 22 de julho<\/em><br \/>\n<img data-recalc-dims=\"1\" decoding=\"async\" class=\"alignnone wp-image-53269 size-full\" title=\"(Foto: Reprodu\u00e7\u00e3o\/Globo\/Amor Perfeito)\" src=\"https:\/\/i0.wp.com\/www.tvnovelas.com.br\/tvnews\/wp-content\/uploads\/2023\/07\/10056.jpg?resize=728%2C410&#038;ssl=1\" alt=\"Foto em Amor Perfeito na semana 17 a 22 de julho\" width=\"728\" height=\"410\" srcset=\"https:\/\/i0.wp.com\/www.tvnovelas.com.br\/tvnews\/wp-content\/uploads\/2023\/07\/10056.jpg?w=728&amp;ssl=1 728w, https:\/\/i0.wp.com\/www.tvnovelas.com.br\/tvnews\/wp-content\/uploads\/2023\/07\/10056.jpg?resize=678%2C381&amp;ssl=1 678w\" sizes=\"(max-width: 728px) 100vw, 728px\" \/><\/p>\n<blockquote><p>Rosa, suposta m\u00e3e de Marcelino, afirma a Edvaldo que nunca deixou uma crian\u00e7a na Irmandade; Gilda acredita que Marcelino \u00e9 o filho de Mar\u00ea e Orlando; Gilda comemora a ado\u00e7\u00e3o de Marcelino; Marcelino se muda para a casa de Gilda&#8230;<\/p><\/blockquote>\n<p><strong>Resumo de segunda-feira, 17 de julho<\/strong><br \/>\nMarcelino fica inconsol\u00e1vel com a briga de Mar\u00ea e Orlando. Gilmar fornece o prontu\u00e1rio de Marcelino no hospital a Edvaldo. Gaspar garante a Anselmo que n\u00e3o quer mais saber de Gilda. Orlando confronta Albuquerque e afirma que a morte de Luc\u00edlia n\u00e3o ficar\u00e1 sem respostas, e procura a ajuda de J\u00falio e \u00c9rico. Gilda e Edvaldo planejam encontrar Rosa para comprar a guarda de Marcelino. Mar\u00ea termina o relacionamento com Orlando. S\u00f4nia confessa a J\u00falio que teme que ele volte a sonhar com Mar\u00ea. Edvaldo localiza Rosa, e Gilda comemora.<\/p>\n<p><strong>Resumo de ter\u00e7a-feira, 18 julho<\/strong><br \/>\nGilda vibra com a possibilidade de encontrar Rosa. Gaspar provoca Gilda e a convoca para sua posse como secret\u00e1rio do Turismo. Darlene afirma a Frei Jo\u00e3o que n\u00e3o aceitar\u00e1 a aproxima\u00e7\u00e3o de Gaspar. Orlando revela a Jo\u00e3o que Gilda \u00e9 a assassina de Leonel. Frei Severo recebe uma nova intima\u00e7\u00e3o de Gilda, solicitando a guarda de Marcelino. Gilda ouve a conversa de S\u00f4nia e Justino e descobre que o filho de Mar\u00ea pode estar vivo. Edvaldo encontra Rosa.<\/p>\n<p><img data-recalc-dims=\"1\" decoding=\"async\" class=\"alignnone wp-image-53268 size-full\" title=\"(Foto: Reprodu\u00e7\u00e3o\/Globo\/Amor Perfeito)\" src=\"https:\/\/i0.wp.com\/www.tvnovelas.com.br\/tvnews\/wp-content\/uploads\/2023\/07\/10056b.jpg?resize=728%2C409&#038;ssl=1\" alt=\"Foto em Amor Perfeito na semana 17 a 22 de julho\" width=\"728\" height=\"409\" srcset=\"https:\/\/i0.wp.com\/www.tvnovelas.com.br\/tvnews\/wp-content\/uploads\/2023\/07\/10056b.jpg?w=728&amp;ssl=1 728w, https:\/\/i0.wp.com\/www.tvnovelas.com.br\/tvnews\/wp-content\/uploads\/2023\/07\/10056b.jpg?resize=678%2C381&amp;ssl=1 678w\" sizes=\"(max-width: 728px) 100vw, 728px\" \/><\/p>\n<p><strong>Resumo de quarta-feira, 19 de julho<\/strong><br \/>\nRosa afirma a Edvaldo que nunca deixou uma crian\u00e7a na Irmandade. J\u00falio revela que Gilda acusa Frei Severo de neglig\u00eancia com Marcelino, a partir do acidente com o escorpi\u00e3o. \u00cdtalo repreende Gilmar por ter fornecido o prontu\u00e1rio de Marcelino a Edvaldo. Tur\u00edbio comenta com Ivan suas inten\u00e7\u00f5es com T\u00e2nia. Marcelino tenta unir Mar\u00ea e Orlando novamente. Ad\u00e9lia se surpreende ao pensar em Ivan. Clara diz que gostaria que Frei Jo\u00e3o fosse seu pai. Edvaldo conta a Gilda sobre seu encontro com Rosa, e a vil\u00e3 deduz que Marcelino \u00e9 o filho de Mar\u00ea e Orlando.<\/p>\n<p><strong>Resumo de quinta-feira, 20 de julho<\/strong><br \/>\nGilda ganha a guarda de Marcelino e vibra com a vingan\u00e7a contra Mar\u00ea. Todos na Irmandade se desesperam com a partida de Marcelino. A foto de T\u00e2nia \u00e9 publicada na capa da Gazeta, e Pop\u00f3 se irrita com Tur\u00edbio. Mar\u00ea descobre que Gilda ficar\u00e1 com a tutela de Marcelino e corre ao encontro do menino. Rita admira Gilda, e Neiva fica abalada. Todos na cidade comentam sobre a ado\u00e7\u00e3o de Marcelino por Gilda. Gilda delira e planeja seu futuro casamento com Orlando.<br \/>\n<img data-recalc-dims=\"1\" decoding=\"async\" class=\"alignnone wp-image-53273 size-full\" title=\"(Foto: Reprodu\u00e7\u00e3o\/Globo\/Amor Perfeito)\" src=\"https:\/\/i0.wp.com\/www.tvnovelas.com.br\/tvnews\/wp-content\/uploads\/2023\/07\/10056d.jpg?resize=728%2C410&#038;ssl=1\" alt=\"Foto em Amor Perfeito na semana 17 a 22 de julho\" width=\"728\" height=\"410\" srcset=\"https:\/\/i0.wp.com\/www.tvnovelas.com.br\/tvnews\/wp-content\/uploads\/2023\/07\/10056d.jpg?w=728&amp;ssl=1 728w, https:\/\/i0.wp.com\/www.tvnovelas.com.br\/tvnews\/wp-content\/uploads\/2023\/07\/10056d.jpg?resize=678%2C381&amp;ssl=1 678w\" sizes=\"(max-width: 728px) 100vw, 728px\" \/><\/p>\n<p><strong>Resumo de sexta-feira, 21 de julho<\/strong><br \/>\nMar\u00ea, Orlando e os religiosos se re\u00fanem para conversar com Marcelino, mas Manoel irrompe a Irmandade afirmando que n\u00e3o deixar\u00e1 Gilda ficar com o amigo. Marcelino implora para n\u00e3o deixar a Irmandade. Orlando confronta e amea\u00e7a Gilda. L\u00edvia questiona Albuquerque sobre o pai biol\u00f3gico de Tobias, e o delegado desconversa. Leonor e Celeste acolhem Valente, um ex-preso pol\u00edtico. Valente olha para a foto da esposa e promete encontrar o filho dos dois. Anselmo e C\u00e2ndida cobram de Gaspar que tenha uma companheira. Marcelino conversa com Jesus, e \u00e9 flagrado por Frei Severo.<\/p>\n<p><strong>Resumo de s\u00e1bado, 22 de julho<\/strong><br \/>\nMarcelino jura que Jesus estava conversando com ele, mas Frei Severo repreende o menino por estar sozinho no s\u00f3t\u00e3o. Todos na Irmandade relembram a chegada e o crescimento de Marcelino. As crian\u00e7as se revoltam com o fato de Marcelino ter de ficar com Gilda. Marcelino se muda para a casa de Gilda, e Neiva afirma que o proteger\u00e1. Valente conhece Tobias e deduz que seja o seu filho Samuel. Ver\u00f4nica se preocupa com o comportamento de J\u00falio em rela\u00e7\u00e3o a Mar\u00ea. Marcelino se recusa a interagir com Gilda, que amea\u00e7a o menino para Rita.<br \/>\n<!--FIM DO POST--><br \/>\n<a href=\"https:\/\/www.tvnovelas.com.br\/novelas\/resumos-de-amor-perfeito-2\/\">Confira os de &#8216;Amor Perfeito&#8217; da semana 24 a 29 de julho<\/a><br \/>\n<strong style=\"font-size: 120%;\">\u00daltimas not\u00edcias de Amor Perfeito:<\/strong><br \/>\n<div class=\"pt-cv-wrapper\"><div class=\"pt-cv-view pt-cv-grid pt-cv-colsys\" id=\"pt-cv-view-04db883axk\"><div data-id=\"pt-cv-page-1\" class=\"pt-cv-page\" data-cvc=\"1\"><div class=\"col-md-12 col-sm-12 col-xs-12 pt-cv-content-item pt-cv-1-col\" ><div class='pt-cv-ifield'><h4 class=\"pt-cv-title\"><a href=\"https:\/\/www.tvnovelas.com.br\/tvnews\/amor-perfeito-mare-e-orlando-se-casam\/\" class=\"_self\" target=\"_self\" >Amor Perfeito: Mar\u00ea e Orlando se casam<\/a><\/h4><\/div><\/div>\n<div class=\"col-md-12 col-sm-12 col-xs-12 pt-cv-content-item pt-cv-1-col\" ><div class='pt-cv-ifield'><h4 class=\"pt-cv-title\"><a href=\"https:\/\/www.tvnovelas.com.br\/tvnews\/amor-perfeito-gilda-emocionada-abraca-marcelino\/\" class=\"_self\" target=\"_self\" >Amor Perfeito: Gilda emocionada abra\u00e7a Marcelino<\/a><\/h4><\/div><\/div>\n<div class=\"col-md-12 col-sm-12 col-xs-12 pt-cv-content-item pt-cv-1-col\" ><div class='pt-cv-ifield'><h4 class=\"pt-cv-title\"><a href=\"https:\/\/www.tvnovelas.com.br\/tvnews\/amor-perfeito-orlando-descobre-que-lucilia-foi-assassinada-a-mando-de-gilda\/\" class=\"_self\" target=\"_self\" >Amor Perfeito: Orlando descobre que Luc\u00edlia foi assassinada a mando de Gilda<\/a><\/h4><\/div><\/div>\n<div class=\"col-md-12 col-sm-12 col-xs-12 pt-cv-content-item pt-cv-1-col\" ><div class='pt-cv-ifield'><h4 class=\"pt-cv-title\"><a href=\"https:\/\/www.tvnovelas.com.br\/tvnews\/amor-perfeito-gilda-e-descoberta-como-mandante-de-assassinato\/\" class=\"_self\" target=\"_self\" >Amor Perfeito: Gilda \u00e9 descoberta como mandante de assassinato<\/a><\/h4><\/div><\/div>\n<div class=\"col-md-12 col-sm-12 col-xs-12 pt-cv-content-item pt-cv-1-col\" ><div class='pt-cv-ifield'><h4 class=\"pt-cv-title\"><a href=\"https:\/\/www.tvnovelas.com.br\/tvnews\/amor-perfeito-gilda-foge-da-cadeia-com-ajuda-de-gaspar\/\" class=\"_self\" target=\"_self\" >Amor Perfeito: Gilda foge da cadeia com ajuda de Gaspar<\/a><\/h4><\/div><\/div>\n<div class=\"col-md-12 col-sm-12 col-xs-12 pt-cv-content-item pt-cv-1-col\" ><div class='pt-cv-ifield'><h4 class=\"pt-cv-title\"><a href=\"https:\/\/www.tvnovelas.com.br\/tvnews\/amor-perfeito-darlene-e-joao-se-casam\/\" class=\"_self\" target=\"_self\" >Amor Perfeito: Darlene e Jo\u00e3o se casam<\/a><\/h4><\/div><\/div><\/div><\/div><\/div><br \/>\n<strong style=\"font-size: 120%;\">\u00daltimas not\u00edcias deste canal:<\/strong><br \/>\n<div class=\"pt-cv-wrapper\"><div class=\"pt-cv-view pt-cv-grid pt-cv-colsys\" id=\"pt-cv-view-90991035b3\"><div data-id=\"pt-cv-page-1\" class=\"pt-cv-page\" data-cvc=\"1\"><div class=\"col-md-12 col-sm-12 col-xs-12 pt-cv-content-item pt-cv-1-col\" ><div class='pt-cv-ifield'><h4 class=\"pt-cv-title\"><a href=\"https:\/\/www.tvnovelas.com.br\/tvnews\/guerra-das-rosas-omer-chama-gulru-vestida-de-noiva-para-fugir\/\" class=\"_self\" target=\"_self\" >Guerra das Rosas: Omer chama Gulru vestida de noiva para fugir<\/a><\/h4><\/div><\/div>\n<div class=\"col-md-12 col-sm-12 col-xs-12 pt-cv-content-item pt-cv-1-col\" ><div class='pt-cv-ifield'><h4 class=\"pt-cv-title\"><a href=\"https:\/\/www.tvnovelas.com.br\/tvnews\/coracao-de-mae-reha-sai-para-jantar-com-selvi\/\" class=\"_self\" target=\"_self\" >Cora\u00e7\u00e3o de M\u00e3e: Reha sai para jantar com Selvi<\/a><\/h4><\/div><\/div>\n<div class=\"col-md-12 col-sm-12 col-xs-12 pt-cv-content-item pt-cv-1-col\" ><div class='pt-cv-ifield'><h4 class=\"pt-cv-title\"><a href=\"https:\/\/www.tvnovelas.com.br\/tvnews\/coracao-acelerado-zila-se-preocupa-com-sua-situacao-apos-separacao\/\" class=\"_self\" target=\"_self\" >Cora\u00e7\u00e3o Acelerado: Zil\u00e1 se preocupa com sua situa\u00e7\u00e3o ap\u00f3s separa\u00e7\u00e3o<\/a><\/h4><\/div><\/div>\n<div class=\"col-md-12 col-sm-12 col-xs-12 pt-cv-content-item pt-cv-1-col\" ><div class='pt-cv-ifield'><h4 class=\"pt-cv-title\"><a href=\"https:\/\/www.tvnovelas.com.br\/tvnews\/a-nobreza-do-amor-tonho-nao-se-curva-diante-de-mirinho\/\" class=\"_self\" target=\"_self\" >A Nobreza do Amor: Tonho n\u00e3o se curva diante de Mirinho<\/a><\/h4><\/div><\/div>\n<div class=\"col-md-12 col-sm-12 col-xs-12 pt-cv-content-item pt-cv-1-col\" ><div class='pt-cv-ifield'><h4 class=\"pt-cv-title\"><a href=\"https:\/\/www.tvnovelas.com.br\/tvnews\/tres-gracas-arminda-surta-ao-confirmar-que-ferette-e-pai-de-raul\/\" class=\"_self\" target=\"_self\" >Tr\u00eas Gra\u00e7as:  Arminda surta ao confirmar que Ferette \u00e9 pai de Raul<\/a><\/h4><\/div><\/div>\n<div class=\"col-md-12 col-sm-12 col-xs-12 pt-cv-content-item pt-cv-1-col\" ><div class='pt-cv-ifield'><h4 class=\"pt-cv-title\"><a href=\"https:\/\/www.tvnovelas.com.br\/tvnews\/coracao-de-mae-atilla-confronta-hasan-e-exige-o-divorcio-de-lale\/\" class=\"_self\" target=\"_self\" >Cora\u00e7\u00e3o de M\u00e3e: Atilla confronta Hasan e exige o div\u00f3rcio de Lale<\/a><\/h4><\/div><\/div>\n<div class=\"col-md-12 col-sm-12 col-xs-12 pt-cv-content-item pt-cv-1-col\" ><div class='pt-cv-ifield'><h4 class=\"pt-cv-title\"><a href=\"https:\/\/www.tvnovelas.com.br\/tvnews\/guerra-das-rosas-gulfem-coloca-gulru-contra-a-parede\/\" class=\"_self\" target=\"_self\" >Guerra das Rosas: Gulfem coloca Gulru contra a parede<\/a><\/h4><\/div><\/div>\n<div class=\"col-md-12 col-sm-12 col-xs-12 pt-cv-content-item pt-cv-1-col\" ><div class='pt-cv-ifield'><h4 class=\"pt-cv-title\"><a href=\"https:\/\/www.tvnovelas.com.br\/tvnews\/coracao-de-mae-atilla-diz-a-lale-que-quer-o-divorcio\/\" class=\"_self\" target=\"_self\" >Cora\u00e7\u00e3o de M\u00e3e: Atilla diz a Lale que quer o div\u00f3rcio<\/a><\/h4><\/div><\/div>\n<div class=\"col-md-12 col-sm-12 col-xs-12 pt-cv-content-item pt-cv-1-col\" ><div class='pt-cv-ifield'><h4 class=\"pt-cv-title\"><a href=\"https:\/\/www.tvnovelas.com.br\/tvnews\/a-nobreza-do-amor-mirinho-garante-noivado-com-virginia-para-atrair-sogro-a-negocio\/\" class=\"_self\" target=\"_self\" >A Nobreza do Amor: Mirinho garante noivado com Virg\u00ednia para atrair sogro a neg\u00f3cio<\/a><\/h4><\/div><\/div>\n<div class=\"col-md-12 col-sm-12 col-xs-12 pt-cv-content-item pt-cv-1-col\" ><div class='pt-cv-ifield'><h4 class=\"pt-cv-title\"><a href=\"https:\/\/www.tvnovelas.com.br\/tvnews\/tres-gracas-joaquim-propoe-fuga-a-arminda-com-o-dinheiro-das-tres-gracas\/\" class=\"_self\" target=\"_self\" >Tr\u00eas Gra\u00e7as:  Joaquim prop\u00f5e fuga a Arminda com o dinheiro das Tr\u00eas Gra\u00e7as<\/a><\/h4><\/div><\/div><\/div><\/div><\/div><br \/>\n<a href=\"https:\/\/www.tvnovelas.com.br\/novelas\/\"><strong>Confira os resumos da semana de todas novelas<\/strong><\/a><\/p>\n<h3>Confira tamb\u00e9m<\/h3>\n<p><a href=\"https:\/\/www.tvnovelas.com.br\/filmes\/\" target=\"_blank\" rel=\"noopener noreferrer\"><strong>Programa\u00e7\u00e3o de filmes na TV aberta<\/strong><\/a><br \/>\n<a href=\"https:\/\/caetenews.com.br\/semana\/filmes-da-globo-na-sessao-da-tarde-desta-semana\/\" target=\"_blank\" rel=\"noopener\"><strong>Confira os filmes da semana na Sess\u00e3o da Tarde<\/strong><\/a><br \/>\n<a href=\"https:\/\/www.tvnovelas.com.br\/novelas\/\" target=\"_blank\" rel=\"noopener noreferrer\"><strong>Resumos de novelas<\/strong><\/a><\/p>\n","protected":false},"excerpt":{"rendered":"<p>Em Amor Perfeito na semana 17 a 22, Rosa, suposta m\u00e3e de Marcelino, afirma a Edvaldo que nunca deixou uma crian\u00e7a na Irmandade; \ud835\udc06\ud835\udc22\ud835\udc25\ud835\udc1d\ud835\udc1a \ud835\udc1d\ud835\udc1e\ud835\udc1d\ud835\udc2e\ud835\udc33 \ud835\udc2a\ud835\udc2e\ud835\udc1e \ud835\udc0c\ud835\udc1a\ud835\udc2b\ud835\udc1c\ud835\udc1e\ud835\udc25\ud835\udc22\ud835\udc27\ud835\udc28 \u00e9 \ud835\udc28 \ud835\udc1f\ud835\udc22\ud835\udc25\ud835\udc21\ud835\udc28 \ud835\udc1d\ud835\udc1e \ud835\udc0c\ud835\udc1a\ud835\udc2b\u00ea \ud835\udc1e \ud835\udc0e\ud835\udc2b\ud835\udc25\ud835\udc1a\ud835\udc27\ud835\udc1d\ud835\udc28; Gilda comemora a ado\u00e7\u00e3o de Marcelino; \ud835\udc0c\ud835\udc1a\ud835\udc2b\ud835\udc1c\ud835\udc1e\ud835\udc25\ud835\udc22\ud835\udc27\ud835\udc28 \ud835\udc2c\ud835\udc1e \ud835\udc26\ud835\udc2e\ud835\udc1d\ud835\udc1a \ud835\udc29\ud835\udc1a\ud835\udc2b\ud835\udc1a \ud835\udc1a \ud835\udc1c\ud835\udc1a\ud835\udc2c\ud835\udc1a \ud835\udc1d\ud835\udc1e \ud835\udc06\ud835\udc22\ud835\udc25\ud835\udc1d\ud835\udc1a&#8230;<\/p>\n","protected":false},"author":1,"featured_media":53269,"comment_status":"closed","ping_status":"closed","sticky":false,"template":"","format":"standard","meta":{"_uf_show_specific_survey":0,"_uf_disable_surveys":false,"_jetpack_memberships_contains_paid_content":false,"footnotes":"","_wp_rev_ctl_limit":""},"categories":[375],"tags":[376,5,64],"class_list":["post-53267","post","type-post","status-publish","format-standard","has-post-thumbnail","hentry","category-amor-perfeito","tag-amor-perfeito","tag-globo","tag-novelas","wpcat-375-id"],"aioseo_notices":[],"jetpack_featured_media_url":"https:\/\/i0.wp.com\/www.tvnovelas.com.br\/tvnews\/wp-content\/uploads\/2023\/07\/10056.jpg?fit=728%2C410&ssl=1","jetpack_shortlink":"https:\/\/wp.me\/pdP2BO-dR9","jetpack_sharing_enabled":true,"_links":{"self":[{"href":"https:\/\/www.tvnovelas.com.br\/tvnews\/wp-json\/wp\/v2\/posts\/53267","targetHints":{"allow":["GET"]}}],"collection":[{"href":"https:\/\/www.tvnovelas.com.br\/tvnews\/wp-json\/wp\/v2\/posts"}],"about":[{"href":"https:\/\/www.tvnovelas.com.br\/tvnews\/wp-json\/wp\/v2\/types\/post"}],"author":[{"embeddable":true,"href":"https:\/\/www.tvnovelas.com.br\/tvnews\/wp-json\/wp\/v2\/users\/1"}],"replies":[{"embeddable":true,"href":"https:\/\/www.tvnovelas.com.br\/tvnews\/wp-json\/wp\/v2\/comments?post=53267"}],"version-history":[{"count":4,"href":"https:\/\/www.tvnovelas.com.br\/tvnews\/wp-json\/wp\/v2\/posts\/53267\/revisions"}],"predecessor-version":[{"id":53292,"href":"https:\/\/www.tvnovelas.com.br\/tvnews\/wp-json\/wp\/v2\/posts\/53267\/revisions\/53292"}],"wp:featuredmedia":[{"embeddable":true,"href":"https:\/\/www.tvnovelas.com.br\/tvnews\/wp-json\/wp\/v2\/media\/53269"}],"wp:attachment":[{"href":"https:\/\/www.tvnovelas.com.br\/tvnews\/wp-json\/wp\/v2\/media?parent=53267"}],"wp:term":[{"taxonomy":"category","embeddable":true,"href":"https:\/\/www.tvnovelas.com.br\/tvnews\/wp-json\/wp\/v2\/categories?post=53267"},{"taxonomy":"post_tag","embeddable":true,"href":"https:\/\/www.tvnovelas.com.br\/tvnews\/wp-json\/wp\/v2\/tags?post=53267"}],"curies":[{"name":"wp","href":"https:\/\/api.w.org\/{rel}","templated":true}]}}