{"id":53289,"date":"2023-07-15T09:39:36","date_gmt":"2023-07-15T12:39:36","guid":{"rendered":"https:\/\/www.tvnovelas.com.br\/tvnews\/?p=53289"},"modified":"2023-07-15T09:39:36","modified_gmt":"2023-07-15T12:39:36","slug":"terra-e-paixao-marino-e-preso-apos-agredir-lucinda","status":"publish","type":"post","link":"https:\/\/www.tvnovelas.com.br\/tvnews\/terra-e-paixao-marino-e-preso-apos-agredir-lucinda\/","title":{"rendered":"Terra e Paix\u00e3o: Marino \u00e9 preso ap\u00f3s agredir Lucinda"},"content":{"rendered":"<p><em>Em Terra e Paix\u00e3o: Marino \u00e9 preso&#8230;<\/em><br \/>\n<img data-recalc-dims=\"1\" decoding=\"async\" src=\"https:\/\/i0.wp.com\/www.tvnovelas.com.br\/tvnews\/wp-content\/uploads\/2023\/07\/37552.jpg?resize=728%2C410&#038;ssl=1\" alt=\"Foto em Terra e Paix\u00e3o: Marino \u00e9 preso...\" width=\"728\" height=\"410\" class=\"alignnone size-full wp-image-53290\" srcset=\"https:\/\/i0.wp.com\/www.tvnovelas.com.br\/tvnews\/wp-content\/uploads\/2023\/07\/37552.jpg?w=728&amp;ssl=1 728w, https:\/\/i0.wp.com\/www.tvnovelas.com.br\/tvnews\/wp-content\/uploads\/2023\/07\/37552.jpg?resize=678%2C381&amp;ssl=1 678w\" sizes=\"(max-width: 728px) 100vw, 728px\" \/><br \/>\n(Foto: TV Globo\/Terra e Paix\u00e3o)<br \/>\nEm Terra e Paix\u00e3o, sempre que bebe, Andrade (\u00c2ngelo Ant\u00f4nio) fica agressivo com Lucinda (D\u00e9bora Falabella).<\/p>\n<p>Nos pr\u00f3ximos cap\u00edtulos, a gerente da cooperativa ser\u00e1 alvo de mais um epis\u00f3dio de viol\u00eancia dom\u00e9stica.<\/p>\n<p>Mas o dono da pousada vai se dar mal dessa vez. Marino (Leandro Lima) vai flagrar a irm\u00e3 de Anely (Tata Werneck) apanhando e prender\u00e1 Andrade.<\/p>\n<p>Tudo come\u00e7a quando Lucinda leva um prato de comida ao perceber que o marido est\u00e1 abusando da bebida.<\/p>\n<p>&#8220;Agora botou uma vigia&#8230; para saber o que eu fa\u00e7o ou n\u00e3o fa\u00e7o?&#8221;, provoca Andrade.<\/p>\n<p>A conversa avan\u00e7a sobre a aus\u00eancia do rapaz na pousada e Lucinda acaba fazendo um desabafo:<\/p>\n<p>&#8220;Por isso a pousada n\u00e3o d\u00e1 lucro. Todo m\u00eas tenho que botar dinheiro do meu&#8221;.<\/p>\n<p>Andrade se sente ofendido com a declara\u00e7\u00e3o da esposa e d\u00e1 um tapa na m\u00e3e de seu filho.<\/p>\n<p>Marino chega ao local, ouve os gritos da gerente da cooperativa e corre em dire\u00e7\u00e3o ao c\u00f4modo.<\/p>\n<p>&#8220;Covarde&#8230; tem coragem de bater em mulher?&#8221;, diz o delegado ao flagrar a cena.<\/p>\n<p>&#8220;Foi voc\u00ea que chamou ele? Foi? Quem \u00e9 ele? Seu amante?&#8221;, rebate Andrade, que pede para o h\u00f3spede da pousada se retirar do local.<\/p>\n<p>&#8220;Saio. Mas pra te levar para a delegacia&#8221;, avisa.<\/p>\n<p>Em seguida, Marino diz que Lucinda n\u00e3o precisa fazer a den\u00fancia:<\/p>\n<p>&#8220;Eu vi. Ele vai ficar de molho o resto da noite&#8230; at\u00e9 passar a bebedeira&#8221;.<br \/>\n<!--FIM DO POST--><br \/>\n<a href=\"https:\/\/www.tvnovelas.com.br\/novelas\/resumos-de-terra-e-paixao\/\">Confira os resumos da semana de &#8216;Terra e Paix\u00e3o&#8217;<\/a><br \/>\n<strong style=\"font-size: 120%;\">\u00daltimas not\u00edcias de Terra e Paix\u00e3o:<br \/>\n<div class=\"pt-cv-wrapper\"><div class=\"pt-cv-view pt-cv-grid pt-cv-colsys\" id=\"pt-cv-view-9bbc6490w2\"><div data-id=\"pt-cv-page-1\" class=\"pt-cv-page\" data-cvc=\"1\"><div class=\"col-md-12 col-sm-6 col-xs-12 pt-cv-content-item pt-cv-1-col\" ><div class='pt-cv-ifield'><h4 class=\"pt-cv-title\"><a href=\"https:\/\/www.tvnovelas.com.br\/tvnews\/terra-e-paixao-vinicius-choca-aline-com-relatorio-sobre-diamantes-em-suas-terras\/\" class=\"_blank\" target=\"_blank\" >Terra e Paix\u00e3o: Vin\u00edcius choca Aline com relat\u00f3rio sobre diamantes em suas terras<\/a><\/h4><\/div><\/div>\n<div class=\"col-md-12 col-sm-6 col-xs-12 pt-cv-content-item pt-cv-1-col\" ><div class='pt-cv-ifield'><h4 class=\"pt-cv-title\"><a href=\"https:\/\/www.tvnovelas.com.br\/tvnews\/terra-e-paixao-fuga-de-antonio-tem-mortes-e-disfarce\/\" class=\"_blank\" target=\"_blank\" >Terra e Paix\u00e3o: Fuga de Ant\u00f4nio tem mortes e disfarce<\/a><\/h4><\/div><\/div>\n<div class=\"col-md-12 col-sm-6 col-xs-12 pt-cv-content-item pt-cv-1-col\" ><div class='pt-cv-ifield'><h4 class=\"pt-cv-title\"><a href=\"https:\/\/www.tvnovelas.com.br\/tvnews\/terra-e-paixao-antonio-invade-casamento-para-matar-aline-no-altar\/\" class=\"_blank\" target=\"_blank\" >Terra e Paix\u00e3o: Ant\u00f4nio invade casamento para matar Aline no altar<\/a><\/h4><\/div><\/div>\n<div class=\"col-md-12 col-sm-6 col-xs-12 pt-cv-content-item pt-cv-1-col\" ><div class='pt-cv-ifield'><h4 class=\"pt-cv-title\"><a href=\"https:\/\/www.tvnovelas.com.br\/tvnews\/terra-e-paixao-graca-se-junta-a-policia-para-salvar-danielzinho\/\" class=\"_blank\" target=\"_blank\" >Terra e Paix\u00e3o: Gra\u00e7a se junta \u00e0 Pol\u00edcia para salvar Danielzinho<\/a><\/h4><\/div><\/div>\n<div class=\"col-md-12 col-sm-6 col-xs-12 pt-cv-content-item pt-cv-1-col\" ><div class='pt-cv-ifield'><h4 class=\"pt-cv-title\"><a href=\"https:\/\/www.tvnovelas.com.br\/tvnews\/terra-e-paixao-marino-da-voz-de-prisao-a-irene\/\" class=\"_blank\" target=\"_blank\" >Terra e Paix\u00e3o: Marino d\u00e1 voz de pris\u00e3o a Irene<\/a><\/h4><\/div><\/div>\n<div class=\"col-md-12 col-sm-6 col-xs-12 pt-cv-content-item pt-cv-1-col\" ><div class='pt-cv-ifield'><h4 class=\"pt-cv-title\"><a href=\"https:\/\/www.tvnovelas.com.br\/tvnews\/terra-e-paixao-irene-sequestra-danielzinho-e-foge-com-vinicius\/\" class=\"_blank\" target=\"_blank\" >Terra e Paix\u00e3o: Irene sequestra Danielzinho e foge com Vin\u00edcius<\/a><\/h4><\/div><\/div><\/div><\/div><\/div><br \/>\n<strong style=\"font-size: 120%;\">\u00daltimas not\u00edcias deste canal:<\/strong><br \/>\n<div class=\"pt-cv-wrapper\"><div class=\"pt-cv-view pt-cv-grid pt-cv-colsys\" id=\"pt-cv-view-90991035b3\"><div data-id=\"pt-cv-page-1\" class=\"pt-cv-page\" data-cvc=\"1\"><div class=\"col-md-12 col-sm-12 col-xs-12 pt-cv-content-item pt-cv-1-col\" ><div class='pt-cv-ifield'><h4 class=\"pt-cv-title\"><a href=\"https:\/\/www.tvnovelas.com.br\/tvnews\/guerra-das-rosas-omer-chama-gulru-vestida-de-noiva-para-fugir\/\" class=\"_self\" target=\"_self\" >Guerra das Rosas: Omer chama Gulru vestida de noiva para fugir<\/a><\/h4><\/div><\/div>\n<div class=\"col-md-12 col-sm-12 col-xs-12 pt-cv-content-item pt-cv-1-col\" ><div class='pt-cv-ifield'><h4 class=\"pt-cv-title\"><a href=\"https:\/\/www.tvnovelas.com.br\/tvnews\/coracao-de-mae-reha-sai-para-jantar-com-selvi\/\" class=\"_self\" target=\"_self\" >Cora\u00e7\u00e3o de M\u00e3e: Reha sai para jantar com Selvi<\/a><\/h4><\/div><\/div>\n<div class=\"col-md-12 col-sm-12 col-xs-12 pt-cv-content-item pt-cv-1-col\" ><div class='pt-cv-ifield'><h4 class=\"pt-cv-title\"><a href=\"https:\/\/www.tvnovelas.com.br\/tvnews\/coracao-acelerado-zila-se-preocupa-com-sua-situacao-apos-separacao\/\" class=\"_self\" target=\"_self\" >Cora\u00e7\u00e3o Acelerado: Zil\u00e1 se preocupa com sua situa\u00e7\u00e3o ap\u00f3s separa\u00e7\u00e3o<\/a><\/h4><\/div><\/div>\n<div class=\"col-md-12 col-sm-12 col-xs-12 pt-cv-content-item pt-cv-1-col\" ><div class='pt-cv-ifield'><h4 class=\"pt-cv-title\"><a href=\"https:\/\/www.tvnovelas.com.br\/tvnews\/a-nobreza-do-amor-tonho-nao-se-curva-diante-de-mirinho\/\" class=\"_self\" target=\"_self\" >A Nobreza do Amor: Tonho n\u00e3o se curva diante de Mirinho<\/a><\/h4><\/div><\/div>\n<div class=\"col-md-12 col-sm-12 col-xs-12 pt-cv-content-item pt-cv-1-col\" ><div class='pt-cv-ifield'><h4 class=\"pt-cv-title\"><a href=\"https:\/\/www.tvnovelas.com.br\/tvnews\/tres-gracas-arminda-surta-ao-confirmar-que-ferette-e-pai-de-raul\/\" class=\"_self\" target=\"_self\" >Tr\u00eas Gra\u00e7as:  Arminda surta ao confirmar que Ferette \u00e9 pai de Raul<\/a><\/h4><\/div><\/div>\n<div class=\"col-md-12 col-sm-12 col-xs-12 pt-cv-content-item pt-cv-1-col\" ><div class='pt-cv-ifield'><h4 class=\"pt-cv-title\"><a href=\"https:\/\/www.tvnovelas.com.br\/tvnews\/coracao-de-mae-atilla-confronta-hasan-e-exige-o-divorcio-de-lale\/\" class=\"_self\" target=\"_self\" >Cora\u00e7\u00e3o de M\u00e3e: Atilla confronta Hasan e exige o div\u00f3rcio de Lale<\/a><\/h4><\/div><\/div>\n<div class=\"col-md-12 col-sm-12 col-xs-12 pt-cv-content-item pt-cv-1-col\" ><div class='pt-cv-ifield'><h4 class=\"pt-cv-title\"><a href=\"https:\/\/www.tvnovelas.com.br\/tvnews\/guerra-das-rosas-gulfem-coloca-gulru-contra-a-parede\/\" class=\"_self\" target=\"_self\" >Guerra das Rosas: Gulfem coloca Gulru contra a parede<\/a><\/h4><\/div><\/div>\n<div class=\"col-md-12 col-sm-12 col-xs-12 pt-cv-content-item pt-cv-1-col\" ><div class='pt-cv-ifield'><h4 class=\"pt-cv-title\"><a href=\"https:\/\/www.tvnovelas.com.br\/tvnews\/coracao-de-mae-atilla-diz-a-lale-que-quer-o-divorcio\/\" class=\"_self\" target=\"_self\" >Cora\u00e7\u00e3o de M\u00e3e: Atilla diz a Lale que quer o div\u00f3rcio<\/a><\/h4><\/div><\/div>\n<div class=\"col-md-12 col-sm-12 col-xs-12 pt-cv-content-item pt-cv-1-col\" ><div class='pt-cv-ifield'><h4 class=\"pt-cv-title\"><a href=\"https:\/\/www.tvnovelas.com.br\/tvnews\/a-nobreza-do-amor-mirinho-garante-noivado-com-virginia-para-atrair-sogro-a-negocio\/\" class=\"_self\" target=\"_self\" >A Nobreza do Amor: Mirinho garante noivado com Virg\u00ednia para atrair sogro a neg\u00f3cio<\/a><\/h4><\/div><\/div>\n<div class=\"col-md-12 col-sm-12 col-xs-12 pt-cv-content-item pt-cv-1-col\" ><div class='pt-cv-ifield'><h4 class=\"pt-cv-title\"><a href=\"https:\/\/www.tvnovelas.com.br\/tvnews\/tres-gracas-joaquim-propoe-fuga-a-arminda-com-o-dinheiro-das-tres-gracas\/\" class=\"_self\" target=\"_self\" >Tr\u00eas Gra\u00e7as:  Joaquim prop\u00f5e fuga a Arminda com o dinheiro das Tr\u00eas Gra\u00e7as<\/a><\/h4><\/div><\/div><\/div><\/div><\/div><br \/>\n<a href=\"https:\/\/www.tvnovelas.com.br\/novelas\/\"><strong>Confira os resumos da semana de todas novelas<\/strong><\/a><\/strong><\/p>\n<h3>Confira tamb\u00e9m<\/h3>\n<p><a href=\"https:\/\/www.tvnovelas.com.br\/filmes\/\" target=\"_blank\" rel=\"noopener noreferrer\"><strong>Programa\u00e7\u00e3o de filmes na TV aberta<\/strong><\/a><br \/>\n<a href=\"https:\/\/caetenews.com.br\/semana\/filmes-da-globo-na-sessao-da-tarde-desta-semana\/\" target=\"_blank\" rel=\"noopener\"><strong>Confira os filmes da semana na Sess\u00e3o da Tarde<\/strong><\/a><br \/>\n<a href=\"https:\/\/www.tvnovelas.com.br\/novelas\/\" target=\"_blank\" rel=\"noopener noreferrer\"><strong>Resumos de novelas<\/strong><\/a><\/p>\n","protected":false},"excerpt":{"rendered":"<p>Em Terra e Paix\u00e3o, sempre que bebe, Andrade (\u00c2ngelo Ant\u00f4nio) fica agressivo com Lucinda (D\u00e9bora Falabella).. Nos pr\u00f3ximos cap\u00edtulos&#8230;<\/p>\n","protected":false},"author":1,"featured_media":53290,"comment_status":"closed","ping_status":"closed","sticky":false,"template":"","format":"standard","meta":{"_uf_show_specific_survey":0,"_uf_disable_surveys":false,"_jetpack_memberships_contains_paid_content":false,"footnotes":"","_wp_rev_ctl_limit":""},"categories":[382],"tags":[5,64,383],"class_list":["post-53289","post","type-post","status-publish","format-standard","has-post-thumbnail","hentry","category-terra-e-paixao","tag-globo","tag-novelas","tag-terra-e-paixao","wpcat-382-id"],"aioseo_notices":[],"jetpack_featured_media_url":"https:\/\/i0.wp.com\/www.tvnovelas.com.br\/tvnews\/wp-content\/uploads\/2023\/07\/37552.jpg?fit=728%2C410&ssl=1","jetpack_shortlink":"https:\/\/wp.me\/pdP2BO-dRv","jetpack_sharing_enabled":true,"_links":{"self":[{"href":"https:\/\/www.tvnovelas.com.br\/tvnews\/wp-json\/wp\/v2\/posts\/53289","targetHints":{"allow":["GET"]}}],"collection":[{"href":"https:\/\/www.tvnovelas.com.br\/tvnews\/wp-json\/wp\/v2\/posts"}],"about":[{"href":"https:\/\/www.tvnovelas.com.br\/tvnews\/wp-json\/wp\/v2\/types\/post"}],"author":[{"embeddable":true,"href":"https:\/\/www.tvnovelas.com.br\/tvnews\/wp-json\/wp\/v2\/users\/1"}],"replies":[{"embeddable":true,"href":"https:\/\/www.tvnovelas.com.br\/tvnews\/wp-json\/wp\/v2\/comments?post=53289"}],"version-history":[{"count":1,"href":"https:\/\/www.tvnovelas.com.br\/tvnews\/wp-json\/wp\/v2\/posts\/53289\/revisions"}],"predecessor-version":[{"id":53291,"href":"https:\/\/www.tvnovelas.com.br\/tvnews\/wp-json\/wp\/v2\/posts\/53289\/revisions\/53291"}],"wp:featuredmedia":[{"embeddable":true,"href":"https:\/\/www.tvnovelas.com.br\/tvnews\/wp-json\/wp\/v2\/media\/53290"}],"wp:attachment":[{"href":"https:\/\/www.tvnovelas.com.br\/tvnews\/wp-json\/wp\/v2\/media?parent=53289"}],"wp:term":[{"taxonomy":"category","embeddable":true,"href":"https:\/\/www.tvnovelas.com.br\/tvnews\/wp-json\/wp\/v2\/categories?post=53289"},{"taxonomy":"post_tag","embeddable":true,"href":"https:\/\/www.tvnovelas.com.br\/tvnews\/wp-json\/wp\/v2\/tags?post=53289"}],"curies":[{"name":"wp","href":"https:\/\/api.w.org\/{rel}","templated":true}]}}