{"id":53300,"date":"2023-07-15T16:00:33","date_gmt":"2023-07-15T19:00:33","guid":{"rendered":"https:\/\/www.tvnovelas.com.br\/tvnews\/?p=53300"},"modified":"2023-07-15T15:37:25","modified_gmt":"2023-07-15T18:37:25","slug":"o-que-rola-em-terra-e-paixao-na-semana-24-a-29-de-julho","status":"publish","type":"post","link":"https:\/\/www.tvnovelas.com.br\/tvnews\/o-que-rola-em-terra-e-paixao-na-semana-24-a-29-de-julho\/","title":{"rendered":"O que rola em Terra e Paix\u00e3o na semana 17 a 22 de julho"},"content":{"rendered":"<p><em>Resumos de Terra e Paix\u00e3o na semana 17 a 22 de julho<\/em><br \/>\n<img data-recalc-dims=\"1\" decoding=\"async\" src=\"https:\/\/i0.wp.com\/www.tvnovelas.com.br\/tvnews\/wp-content\/uploads\/2023\/07\/37555.jpg?resize=728%2C410&#038;ssl=1\" alt=\"Foto em Terra e Paix\u00e3o na semana 17 a 22 de julho\" width=\"728\" height=\"410\" class=\"alignnone size-full wp-image-53307\" srcset=\"https:\/\/i0.wp.com\/www.tvnovelas.com.br\/tvnews\/wp-content\/uploads\/2023\/07\/37555.jpg?w=728&amp;ssl=1 728w, https:\/\/i0.wp.com\/www.tvnovelas.com.br\/tvnews\/wp-content\/uploads\/2023\/07\/37555.jpg?resize=678%2C381&amp;ssl=1 678w\" sizes=\"(max-width: 728px) 100vw, 728px\" \/><\/p>\n<blockquote><p>Em Terra e Paix\u00e3o, na semana, \ud835\udc01\ud835\udc1e\ud835\udc2b\ud835\udc1e\ud835\udc27\ud835\udc22\ud835\udc1c\ud835\udc1e \ud835\udc2b\ud835\udc1e\ud835\udc1c\ud835\udc1e\ud835\udc1b\ud835\udc1e \ud835\udc2e\ud835\udc26\ud835\udc1a \ud835\udc28\ud835\udc2b\ud835\udc1d\ud835\udc1e\ud835\udc26 \ud835\udc1d\ud835\udc1e \ud835\udc1d\ud835\udc1e\ud835\udc2c\ud835\udc29\ud835\udc1e\ud835\udc23\ud835\udc28; Marino diz a Caio que a m\u00e3e dele pode estar viva; \ud835\udc08\ud835\udc2b\ud835\udc1e\ud835\udc27\ud835\udc1e \ud835\udc1f\ud835\udc1a\ud835\udc33 \ud835\udc2e\ud835\udc26 \ud835\udc29\ud835\udc1a\ud835\udc1c\ud835\udc2d\ud835\udc28 \ud835\udc1c\ud835\udc28\ud835\udc26 \ud835\udc00\ud835\udc25\ud835\udc22\ud835\udc27\ud835\udc1e; Irene tenta envenenar Aline, mas d\u00e1 errado; \ud835\udc02\ud835\udc1a\ud835\udc22\ud835\udc28 \ud835\udc1a\ud835\udc26\ud835\udc1e\ud835\udc1a\u00e7\ud835\udc1a \ud835\udc1c\ud835\udc28\ud835\udc25\ud835\udc28\ud835\udc1c\ud835\udc1a\ud835\udc2b \ud835\udc08\ud835\udc2b\ud835\udc1e\ud835\udc27\ud835\udc1e \ud835\udc27\ud835\udc1a \ud835\udc1c\ud835\udc1a\ud835\udc1d\ud835\udc1e\ud835\udc22\ud835\udc1a; Flor aceita ir para casa de Ademir com Rosa&#8230;<\/p><\/blockquote>\n<p>(Foto: TV Globo\/Terra e Paix\u00e3o)<br \/>\n<strong>Resumo de segunda-feira, 17 de julho<\/strong><br \/>\nAline n\u00e3o aceita dinheiro de Caio. Jussara aconselha Aline a lutar por Caio. Anely se prontifica a ajudar Irene contra Berenice. Ademir diz a Flor que prefere colocar Rosa em um convento a deixar a filha com a m\u00e3e. Irene contrata Rodrigo para retirar Berenice do bar. Aline flagra Gladys com Enzo e amea\u00e7a contar para Tadeu caso a diretora da escola n\u00e3o a readmita como professora. A mando de Irene, Kelvin entrega a Rodrigo o papel com as anota\u00e7\u00f5es de C\u00e2ndida. Rodrigo acompanha um oficial de justi\u00e7a para entregar a ordem de despejo a Berenice. Aline pergunta a Ant\u00f4nio o motivo de o produtor ter contratado um ge\u00f3logo para investigar suas terras.<\/p>\n<p><strong>Resumo de ter\u00e7a-feira, 18 de julho<\/strong><br \/>\nAline demonstra n\u00e3o acreditar que Ant\u00f4nio tenha contratado o ge\u00f3logo por causa da \u00e1gua. Tadeu manda Gladys demitir Aline. Luana assume o bar e contrata Berenice como faxineira. Gladys demite Aline. Marino diz a Caio que Agatha pode estar viva. Aline aceita o empr\u00e9stimo de Caio com promiss\u00f3rias. Ramiro conta a Irene que Caio ajudar\u00e1 Aline a pagar a d\u00edvida. Irene manda Enzo hackear a conta banc\u00e1ria de Caio. Lucinda se defende de Andrade com um golpe de Krav Mag\u00e1. Enzo entra na conta de Caio e desvia o dinheiro com que ele ajudaria Aline. Aline se sente enganada por Caio ao verificar que o dep\u00f3sito n\u00e3o foi realizado.<br \/>\n<img data-recalc-dims=\"1\" decoding=\"async\" src=\"https:\/\/i0.wp.com\/www.tvnovelas.com.br\/tvnews\/wp-content\/uploads\/2023\/07\/37555b.jpg?resize=728%2C410&#038;ssl=1\" alt=\"Foto em Terra e Paix\u00e3o na semana 17 a 22 de julho\" width=\"728\" height=\"410\" class=\"alignnone size-full wp-image-53308\" srcset=\"https:\/\/i0.wp.com\/www.tvnovelas.com.br\/tvnews\/wp-content\/uploads\/2023\/07\/37555b.jpg?w=728&amp;ssl=1 728w, https:\/\/i0.wp.com\/www.tvnovelas.com.br\/tvnews\/wp-content\/uploads\/2023\/07\/37555b.jpg?resize=678%2C381&amp;ssl=1 678w\" sizes=\"(max-width: 728px) 100vw, 728px\" \/><\/p>\n<p><strong>Resumo de quarta-feira, 19 de julho<\/strong><br \/>\nCaio descobre que o dinheiro saiu da conta para um orfanato. Silv\u00e9rio diz a Ant\u00f4nio que n\u00e3o tem provas de que Berenice seja parente de C\u00e2ndida. Irene agradece a Silv\u00e9rio por estar lhe ajudando. Andrade amea\u00e7a Lucinda. Irene faz um pacto com Aline: a professora fica afastada de Caio, enquanto a mulher de Ant\u00f4nio descobre o real interesse do marido em suas terras. Aline acusa Ant\u00f4nio de mentiroso ao cobrar do produtor o dinheiro da \u00e1gua.<\/p>\n<p><strong>Resumo de quinta-feira, 20 de julho<\/strong><br \/>\nAnt\u00f4nio entrega o dinheiro a Aline. Jussara tenta convencer Aline a namorar Jonatas. Anely incentiva Luigi a desviar dinheiro da fazenda e roubar as joias de Petra. Irene sugere a Ant\u00f4nio usar os rem\u00e9dios de Petra para acabar com Aline. Ramiro avisa a Kelvin que n\u00e3o poder\u00e1 mais v\u00ea-lo por causa de sua noiva. Jonatas e Nina se encontram. Caio se declara a Aline. Rodrigo avisa a Berenice que descobriu que o sobrinho de C\u00e2ndida n\u00e3o teve nenhuma filha com o nome igual ao dela. Irene coloca o rem\u00e9dio de Petra em uma ta\u00e7a com champanhe e oferece a Aline.<br \/>\n<img data-recalc-dims=\"1\" decoding=\"async\" src=\"https:\/\/i0.wp.com\/www.tvnovelas.com.br\/tvnews\/wp-content\/uploads\/2023\/07\/37555a.jpg?resize=728%2C410&#038;ssl=1\" alt=\"Foto em Terra e Paix\u00e3o na semana 17 a 22 de julho\" width=\"728\" height=\"410\" class=\"alignnone size-full wp-image-53309\" srcset=\"https:\/\/i0.wp.com\/www.tvnovelas.com.br\/tvnews\/wp-content\/uploads\/2023\/07\/37555a.jpg?w=728&amp;ssl=1 728w, https:\/\/i0.wp.com\/www.tvnovelas.com.br\/tvnews\/wp-content\/uploads\/2023\/07\/37555a.jpg?resize=678%2C381&amp;ssl=1 678w\" sizes=\"(max-width: 728px) 100vw, 728px\" \/><\/p>\n<p><strong>Resumo de sexta-feira, 21 de julho<\/strong><br \/>\nAline recusa a bebida de Irene. Jussara nota um p\u00f3 branco na ta\u00e7a que era destinada a Aline. Jurec\u00ea avisa a Aline que ela est\u00e1 em perigo, e afirma que o mist\u00e9rio que tem em suas terras \u00e9 da riqueza. Ramiro conta a Ant\u00f4nio que sua noiva trabalhar\u00e1 como cozinheira na pousada. Luigi e Irene buscam Petra na cl\u00ednica. Flor aceita ir para casa de Ademir com Rosa como funcion\u00e1ria, deixando claro que n\u00e3o se envolver\u00e1 com ele. Munda decide n\u00e3o se casar mais com Ramiro. Ant\u00f4nio manda Franco impedir que Caio use suas aplica\u00e7\u00f5es para emprestar dinheiro a Aline. Caio pergunta a Irene se ela tentou envenenar Aline.<\/p>\n<p><strong>Resumo de s\u00e1bado, 22 de julho<\/strong><br \/>\nCaio amea\u00e7a colocar Irene na cadeia e n\u00e3o se casar com Gra\u00e7a, caso algo aconte\u00e7a com Aline. Gra\u00e7a conta a Gladys e a Tadeu que Irene quer tirar a sucess\u00e3o de Caio para dar a Petra. Gentil alerta Jonatas para o perigo que \u00e9 a aproxima\u00e7\u00e3o de Irene com Aline. Rodrigo diz a Caio que n\u00e3o existe nenhuma prova de que Agatha morreu, apesar de Ant\u00f4nio afirmar que enterrou a ex-mulher. Ramiro pede dinheiro a Kelvin para se livrar de Munda. Munda guarda o dinheiro que recebeu de Ramiro no cofre da pousada. Luigi e Anely roubam o dinheiro de Munda. Ramiro se prepara para atropelar Aline.<br \/>\n<!--FIM DO POST--><br \/>\n<a href=\"https:\/\/www.tvnovelas.com.br\/novelas\/resumos-de-terra-e-paixao-2\/\">Confira os resumos de &#8216;Terra e Paix\u00e3o&#8217; na semana 24 a 29 de julho<\/a><br \/>\n<strong style=\"font-size: 120%;\">\u00daltimas not\u00edcias de Terra e Paix\u00e3o:<br \/>\n<div class=\"pt-cv-wrapper\"><div class=\"pt-cv-view pt-cv-grid pt-cv-colsys\" id=\"pt-cv-view-9bbc6490w2\"><div data-id=\"pt-cv-page-1\" class=\"pt-cv-page\" data-cvc=\"1\"><div class=\"col-md-12 col-sm-6 col-xs-12 pt-cv-content-item pt-cv-1-col\" ><div class='pt-cv-ifield'><h4 class=\"pt-cv-title\"><a href=\"https:\/\/www.tvnovelas.com.br\/tvnews\/terra-e-paixao-vinicius-choca-aline-com-relatorio-sobre-diamantes-em-suas-terras\/\" class=\"_blank\" target=\"_blank\" >Terra e Paix\u00e3o: Vin\u00edcius choca Aline com relat\u00f3rio sobre diamantes em suas terras<\/a><\/h4><\/div><\/div>\n<div class=\"col-md-12 col-sm-6 col-xs-12 pt-cv-content-item pt-cv-1-col\" ><div class='pt-cv-ifield'><h4 class=\"pt-cv-title\"><a href=\"https:\/\/www.tvnovelas.com.br\/tvnews\/terra-e-paixao-fuga-de-antonio-tem-mortes-e-disfarce\/\" class=\"_blank\" target=\"_blank\" >Terra e Paix\u00e3o: Fuga de Ant\u00f4nio tem mortes e disfarce<\/a><\/h4><\/div><\/div>\n<div class=\"col-md-12 col-sm-6 col-xs-12 pt-cv-content-item pt-cv-1-col\" ><div class='pt-cv-ifield'><h4 class=\"pt-cv-title\"><a href=\"https:\/\/www.tvnovelas.com.br\/tvnews\/terra-e-paixao-antonio-invade-casamento-para-matar-aline-no-altar\/\" class=\"_blank\" target=\"_blank\" >Terra e Paix\u00e3o: Ant\u00f4nio invade casamento para matar Aline no altar<\/a><\/h4><\/div><\/div>\n<div class=\"col-md-12 col-sm-6 col-xs-12 pt-cv-content-item pt-cv-1-col\" ><div class='pt-cv-ifield'><h4 class=\"pt-cv-title\"><a href=\"https:\/\/www.tvnovelas.com.br\/tvnews\/terra-e-paixao-graca-se-junta-a-policia-para-salvar-danielzinho\/\" class=\"_blank\" target=\"_blank\" >Terra e Paix\u00e3o: Gra\u00e7a se junta \u00e0 Pol\u00edcia para salvar Danielzinho<\/a><\/h4><\/div><\/div>\n<div class=\"col-md-12 col-sm-6 col-xs-12 pt-cv-content-item pt-cv-1-col\" ><div class='pt-cv-ifield'><h4 class=\"pt-cv-title\"><a href=\"https:\/\/www.tvnovelas.com.br\/tvnews\/terra-e-paixao-marino-da-voz-de-prisao-a-irene\/\" class=\"_blank\" target=\"_blank\" >Terra e Paix\u00e3o: Marino d\u00e1 voz de pris\u00e3o a Irene<\/a><\/h4><\/div><\/div>\n<div class=\"col-md-12 col-sm-6 col-xs-12 pt-cv-content-item pt-cv-1-col\" ><div class='pt-cv-ifield'><h4 class=\"pt-cv-title\"><a href=\"https:\/\/www.tvnovelas.com.br\/tvnews\/terra-e-paixao-irene-sequestra-danielzinho-e-foge-com-vinicius\/\" class=\"_blank\" target=\"_blank\" >Terra e Paix\u00e3o: Irene sequestra Danielzinho e foge com Vin\u00edcius<\/a><\/h4><\/div><\/div><\/div><\/div><\/div><br \/>\n<strong style=\"font-size: 120%;\">\u00daltimas not\u00edcias deste canal:<\/strong><br \/>\n<div class=\"pt-cv-wrapper\"><div class=\"pt-cv-view pt-cv-grid pt-cv-colsys\" id=\"pt-cv-view-90991035b3\"><div data-id=\"pt-cv-page-1\" class=\"pt-cv-page\" data-cvc=\"1\"><div class=\"col-md-12 col-sm-12 col-xs-12 pt-cv-content-item pt-cv-1-col\" ><div class='pt-cv-ifield'><h4 class=\"pt-cv-title\"><a href=\"https:\/\/www.tvnovelas.com.br\/tvnews\/guerra-das-rosas-omer-chama-gulru-vestida-de-noiva-para-fugir\/\" class=\"_self\" target=\"_self\" >Guerra das Rosas: Omer chama Gulru vestida de noiva para fugir<\/a><\/h4><\/div><\/div>\n<div class=\"col-md-12 col-sm-12 col-xs-12 pt-cv-content-item pt-cv-1-col\" ><div class='pt-cv-ifield'><h4 class=\"pt-cv-title\"><a href=\"https:\/\/www.tvnovelas.com.br\/tvnews\/coracao-de-mae-reha-sai-para-jantar-com-selvi\/\" class=\"_self\" target=\"_self\" >Cora\u00e7\u00e3o de M\u00e3e: Reha sai para jantar com Selvi<\/a><\/h4><\/div><\/div>\n<div class=\"col-md-12 col-sm-12 col-xs-12 pt-cv-content-item pt-cv-1-col\" ><div class='pt-cv-ifield'><h4 class=\"pt-cv-title\"><a href=\"https:\/\/www.tvnovelas.com.br\/tvnews\/coracao-acelerado-zila-se-preocupa-com-sua-situacao-apos-separacao\/\" class=\"_self\" target=\"_self\" >Cora\u00e7\u00e3o Acelerado: Zil\u00e1 se preocupa com sua situa\u00e7\u00e3o ap\u00f3s separa\u00e7\u00e3o<\/a><\/h4><\/div><\/div>\n<div class=\"col-md-12 col-sm-12 col-xs-12 pt-cv-content-item pt-cv-1-col\" ><div class='pt-cv-ifield'><h4 class=\"pt-cv-title\"><a href=\"https:\/\/www.tvnovelas.com.br\/tvnews\/a-nobreza-do-amor-tonho-nao-se-curva-diante-de-mirinho\/\" class=\"_self\" target=\"_self\" >A Nobreza do Amor: Tonho n\u00e3o se curva diante de Mirinho<\/a><\/h4><\/div><\/div>\n<div class=\"col-md-12 col-sm-12 col-xs-12 pt-cv-content-item pt-cv-1-col\" ><div class='pt-cv-ifield'><h4 class=\"pt-cv-title\"><a href=\"https:\/\/www.tvnovelas.com.br\/tvnews\/tres-gracas-arminda-surta-ao-confirmar-que-ferette-e-pai-de-raul\/\" class=\"_self\" target=\"_self\" >Tr\u00eas Gra\u00e7as:  Arminda surta ao confirmar que Ferette \u00e9 pai de Raul<\/a><\/h4><\/div><\/div>\n<div class=\"col-md-12 col-sm-12 col-xs-12 pt-cv-content-item pt-cv-1-col\" ><div class='pt-cv-ifield'><h4 class=\"pt-cv-title\"><a href=\"https:\/\/www.tvnovelas.com.br\/tvnews\/coracao-de-mae-atilla-confronta-hasan-e-exige-o-divorcio-de-lale\/\" class=\"_self\" target=\"_self\" >Cora\u00e7\u00e3o de M\u00e3e: Atilla confronta Hasan e exige o div\u00f3rcio de Lale<\/a><\/h4><\/div><\/div>\n<div class=\"col-md-12 col-sm-12 col-xs-12 pt-cv-content-item pt-cv-1-col\" ><div class='pt-cv-ifield'><h4 class=\"pt-cv-title\"><a href=\"https:\/\/www.tvnovelas.com.br\/tvnews\/guerra-das-rosas-gulfem-coloca-gulru-contra-a-parede\/\" class=\"_self\" target=\"_self\" >Guerra das Rosas: Gulfem coloca Gulru contra a parede<\/a><\/h4><\/div><\/div>\n<div class=\"col-md-12 col-sm-12 col-xs-12 pt-cv-content-item pt-cv-1-col\" ><div class='pt-cv-ifield'><h4 class=\"pt-cv-title\"><a href=\"https:\/\/www.tvnovelas.com.br\/tvnews\/coracao-de-mae-atilla-diz-a-lale-que-quer-o-divorcio\/\" class=\"_self\" target=\"_self\" >Cora\u00e7\u00e3o de M\u00e3e: Atilla diz a Lale que quer o div\u00f3rcio<\/a><\/h4><\/div><\/div>\n<div class=\"col-md-12 col-sm-12 col-xs-12 pt-cv-content-item pt-cv-1-col\" ><div class='pt-cv-ifield'><h4 class=\"pt-cv-title\"><a href=\"https:\/\/www.tvnovelas.com.br\/tvnews\/a-nobreza-do-amor-mirinho-garante-noivado-com-virginia-para-atrair-sogro-a-negocio\/\" class=\"_self\" target=\"_self\" >A Nobreza do Amor: Mirinho garante noivado com Virg\u00ednia para atrair sogro a neg\u00f3cio<\/a><\/h4><\/div><\/div>\n<div class=\"col-md-12 col-sm-12 col-xs-12 pt-cv-content-item pt-cv-1-col\" ><div class='pt-cv-ifield'><h4 class=\"pt-cv-title\"><a href=\"https:\/\/www.tvnovelas.com.br\/tvnews\/tres-gracas-joaquim-propoe-fuga-a-arminda-com-o-dinheiro-das-tres-gracas\/\" class=\"_self\" target=\"_self\" >Tr\u00eas Gra\u00e7as:  Joaquim prop\u00f5e fuga a Arminda com o dinheiro das Tr\u00eas Gra\u00e7as<\/a><\/h4><\/div><\/div><\/div><\/div><\/div><br \/>\n<a href=\"https:\/\/www.tvnovelas.com.br\/novelas\/\"><strong>Confira os resumos da semana de todas novelas<\/strong><\/a><\/strong><\/p>\n<h3>Confira tamb\u00e9m<\/h3>\n<p><a href=\"https:\/\/www.tvnovelas.com.br\/filmes\/\" target=\"_blank\" rel=\"noopener noreferrer\"><strong>Programa\u00e7\u00e3o de filmes na TV aberta<\/strong><\/a><br \/>\n<a href=\"https:\/\/caetenews.com.br\/semana\/filmes-da-globo-na-sessao-da-tarde-desta-semana\/\" target=\"_blank\" rel=\"noopener\"><strong>Confira os filmes da semana na Sess\u00e3o da Tarde<\/strong><\/a><br \/>\n<a href=\"https:\/\/www.tvnovelas.com.br\/novelas\/\" target=\"_blank\" rel=\"noopener noreferrer\"><strong>Resumos de novelas<\/strong><\/a><\/p>\n","protected":false},"excerpt":{"rendered":"<p>Em Terra e Paix\u00e3o, na semana, \ud835\udc01\ud835\udc1e\ud835\udc2b\ud835\udc1e\ud835\udc27\ud835\udc22\ud835\udc1c\ud835\udc1e \ud835\udc2b\ud835\udc1e\ud835\udc1c\ud835\udc1e\ud835\udc1b\ud835\udc1e \ud835\udc2e\ud835\udc26\ud835\udc1a \ud835\udc28\ud835\udc2b\ud835\udc1d\ud835\udc1e\ud835\udc26 \ud835\udc1d\ud835\udc1e \ud835\udc1d\ud835\udc1e\ud835\udc2c\ud835\udc29\ud835\udc1e\ud835\udc23\ud835\udc28; Marino diz a Caio que a m\u00e3e dele pode estar viva; \ud835\udc08\ud835\udc2b\ud835\udc1e\ud835\udc27\ud835\udc1e \ud835\udc1f\ud835\udc1a\ud835\udc33 \ud835\udc2e\ud835\udc26 \ud835\udc29\ud835\udc1a\ud835\udc1c\ud835\udc2d\ud835\udc28 \ud835\udc1c\ud835\udc28\ud835\udc26 \ud835\udc00\ud835\udc25\ud835\udc22\ud835\udc27\ud835\udc1e; Irene tenta envenenar Aline, mas d\u00e1 errado; \ud835\udc02\ud835\udc1a\ud835\udc22\ud835\udc28 \ud835\udc1a\ud835\udc26\ud835\udc1e\ud835\udc1a\u00e7\ud835\udc1a \ud835\udc1c\ud835\udc28\ud835\udc25\ud835\udc28\ud835\udc1c\ud835\udc1a\ud835\udc2b \ud835\udc08\ud835\udc2b\ud835\udc1e\ud835\udc27\ud835\udc1e \ud835\udc27\ud835\udc1a \ud835\udc1c\ud835\udc1a\ud835\udc1d\ud835\udc1e\ud835\udc22\ud835\udc1a; Flor aceita ir para casa de Ademir com Rosa&#8230;<\/p>\n","protected":false},"author":1,"featured_media":53307,"comment_status":"closed","ping_status":"closed","sticky":false,"template":"","format":"standard","meta":{"_uf_show_specific_survey":0,"_uf_disable_surveys":false,"_jetpack_memberships_contains_paid_content":false,"footnotes":"","_wp_rev_ctl_limit":""},"categories":[382],"tags":[5,64,383],"class_list":["post-53300","post","type-post","status-publish","format-standard","has-post-thumbnail","hentry","category-terra-e-paixao","tag-globo","tag-novelas","tag-terra-e-paixao","wpcat-382-id"],"aioseo_notices":[],"jetpack_featured_media_url":"https:\/\/i0.wp.com\/www.tvnovelas.com.br\/tvnews\/wp-content\/uploads\/2023\/07\/37555.jpg?fit=728%2C410&ssl=1","jetpack_shortlink":"https:\/\/wp.me\/pdP2BO-dRG","jetpack_sharing_enabled":true,"_links":{"self":[{"href":"https:\/\/www.tvnovelas.com.br\/tvnews\/wp-json\/wp\/v2\/posts\/53300","targetHints":{"allow":["GET"]}}],"collection":[{"href":"https:\/\/www.tvnovelas.com.br\/tvnews\/wp-json\/wp\/v2\/posts"}],"about":[{"href":"https:\/\/www.tvnovelas.com.br\/tvnews\/wp-json\/wp\/v2\/types\/post"}],"author":[{"embeddable":true,"href":"https:\/\/www.tvnovelas.com.br\/tvnews\/wp-json\/wp\/v2\/users\/1"}],"replies":[{"embeddable":true,"href":"https:\/\/www.tvnovelas.com.br\/tvnews\/wp-json\/wp\/v2\/comments?post=53300"}],"version-history":[{"count":3,"href":"https:\/\/www.tvnovelas.com.br\/tvnews\/wp-json\/wp\/v2\/posts\/53300\/revisions"}],"predecessor-version":[{"id":53311,"href":"https:\/\/www.tvnovelas.com.br\/tvnews\/wp-json\/wp\/v2\/posts\/53300\/revisions\/53311"}],"wp:featuredmedia":[{"embeddable":true,"href":"https:\/\/www.tvnovelas.com.br\/tvnews\/wp-json\/wp\/v2\/media\/53307"}],"wp:attachment":[{"href":"https:\/\/www.tvnovelas.com.br\/tvnews\/wp-json\/wp\/v2\/media?parent=53300"}],"wp:term":[{"taxonomy":"category","embeddable":true,"href":"https:\/\/www.tvnovelas.com.br\/tvnews\/wp-json\/wp\/v2\/categories?post=53300"},{"taxonomy":"post_tag","embeddable":true,"href":"https:\/\/www.tvnovelas.com.br\/tvnews\/wp-json\/wp\/v2\/tags?post=53300"}],"curies":[{"name":"wp","href":"https:\/\/api.w.org\/{rel}","templated":true}]}}