{"id":53732,"date":"2023-07-27T07:45:46","date_gmt":"2023-07-27T10:45:46","guid":{"rendered":"https:\/\/www.tvnovelas.com.br\/tvnews\/?p=53732"},"modified":"2023-07-27T07:45:46","modified_gmt":"2023-07-27T10:45:46","slug":"amor-perfeito-gilda-recupera-marcelino-mas-menino-adoece","status":"publish","type":"post","link":"https:\/\/www.tvnovelas.com.br\/tvnews\/amor-perfeito-gilda-recupera-marcelino-mas-menino-adoece\/","title":{"rendered":"Amor Perfeito: Gilda recupera Marcelino, mas menino adoece"},"content":{"rendered":"<p><em>Em Amor Perfeito: Gilda recupera Marcelino&#8230;<\/em><br \/>\n<img data-recalc-dims=\"1\" decoding=\"async\" class=\"alignnone wp-image-53733 size-full\" title=\"(Foto: TV Globo\/Amor Perfeito)\" src=\"https:\/\/i0.wp.com\/www.tvnovelas.com.br\/tvnews\/wp-content\/uploads\/2023\/07\/37582.jpg?resize=728%2C410&#038;ssl=1\" alt=\"Foto em Amor Perfeito: Gilda recupera Marcelino....\" width=\"728\" height=\"410\" srcset=\"https:\/\/i0.wp.com\/www.tvnovelas.com.br\/tvnews\/wp-content\/uploads\/2023\/07\/37582.jpg?w=728&amp;ssl=1 728w, https:\/\/i0.wp.com\/www.tvnovelas.com.br\/tvnews\/wp-content\/uploads\/2023\/07\/37582.jpg?resize=678%2C381&amp;ssl=1 678w\" sizes=\"(max-width: 728px) 100vw, 728px\" \/><\/p>\n<p>Em Amor Perfeito, Marcelino (Levi Asaf) aproveitar\u00e1 a primeira chance e vai fugir da mans\u00e3o de Gilda (Mariana Ximenes). Ap\u00f3s uma visita de Frei Severo (Babu Santana), que foi tentar convencer a vil\u00e3 a deixar o menino como coroinha da igreja, a ruiva apertou ainda mais o cerco ao redor dele. Principalmente utilizando Rita (Talita Feuser), sua nova funcion\u00e1ria, que \u00e9 conivente com os m\u00e9todos dela.<\/p>\n<p>Sendo assim, ele escapou e foi correndo de volta para \u00e0 Irmandade, para a alegria e preocupa\u00e7\u00e3o de todos os padres. Assim que chegar no local, o menino ser\u00e1 bombardeado por perguntas sobre como ele conseguiu tal fa\u00e7anha.<\/p>\n<p>\u201cAh, essa foi f\u00e1cil, Padr\u00e3o! Eu me escondi no arm\u00e1rio do quarto e quando a Rita saiu eu desci a escada e sa\u00ed pela porta!\u201d, explicar\u00e1 ele, despertando o fasc\u00ednio nos padres.<\/p>\n<p>\u201cEste bambino \u00e9 muito esperto!\u201d, elogiar\u00e1 Frei Le\u00e3o (Tonico Pereira).<\/p>\n<p>\u201cEu sei que \u00e9 feio desobedecer, Padr\u00e3o, mas eu n\u00e3o quero voltar pra casa da bruxa!\u201d, dir\u00e1 o menino.<\/p>\n<p>\u201cVoc\u00ea n\u00e3o devia ter feito isso, meu filho. Assim voc\u00ea s\u00f3 piora a sua situa\u00e7\u00e3o. Agora mesmo \u00e9 que a dona Gilda n\u00e3o vai deixar voc\u00ea vir nos visitar!\u201d vai dizer Severo, j\u00e1 preocupado com as consequ\u00eancias.<\/p>\n<p>\u201cPai Papinha, me ajuda!\u201d, implorar\u00e1 ele.<\/p>\n<p>\u201cIrm\u00e3o Severo, me deixe ao menos fazer uma macarronada pra ele. Por favor. Eu garanto que ele est\u00e1 de barriga vazia\u201d, pedir\u00e1 Donato (Bernardo Berro), comovido.<\/p>\n<p>Na mans\u00e3o, n\u00e3o vai demorar muito para, como sempre, Gilda culpar a pessoa que estiver mais perto. Neste caso, ser\u00e1 Rita, que tanto puxa o saco da nova patroa.<\/p>\n<p>\u201cEu disse para voc\u00ea ficar de olho nele!\u201d, dir\u00e1 a vil\u00e3.<\/p>\n<p>\u201cMe perdoa, dona Gilda! O Marcelino estava no quarto, a porta trancada! N\u00e3o sei como ele fugiu!\u201d, lamentar\u00e1 Rita.<\/p>\n<p>\u201cAquele selvagem! Se ele fugiu, s\u00f3 pode ter ido pra Irmandade. Foi a visita daquele padreco que ati\u00e7ou o menino. Mas isso n\u00e3o fica assim!\u201d, deduzir\u00e1 a ruiva.<\/p>\n<p><strong>Visita surpresa<\/strong><br \/>\nSevero deixar\u00e1 que o menino jante na Irmandade, mas n\u00e3o vai dar espa\u00e7o para sobremesa. Afinal, ele tema que a atitude de Marcelino prejudique ainda mais a situa\u00e7\u00e3o do garoto com Gilda. Por\u00e9m, antes do Frei lev\u00e1-lo de volta \u00e0 mans\u00e3o, Mar\u00ea (Camila Queiroz) ir\u00e1 ao local e se deparar\u00e1 com a surpresa.<\/p>\n<p>\u201cMarcelino! Eu n\u00e3o sabia&#8230;\u201d, dir\u00e1 ela, que, antes de conseguir concluir, ser\u00e1 abra\u00e7ada pelo menino, que vai correndo na dire\u00e7\u00e3o dela.<\/p>\n<p>\u201cMar\u00ea! N\u00e3o deixa os padres me levarem de volta pra casa da dona Gilda! N\u00e3o deixa!\u201d, pedir\u00e1 ele. \u201cMe leva com voc\u00ea, me esconde na sua casa!\u201d<\/p>\n<p>Mesmo comovida, Mar\u00ea ir\u00e1 cavar for\u00e7as, pois, por saber o qu\u00e3o perigosa sua ex-madrasta \u00e9, temer\u00e1 as consequ\u00eancias. Ent\u00e3o, explicar\u00e1 ao menino que conversou com Neiva (Maria Gal) e que ela ir\u00e1 proteg\u00ea-lo l\u00e1. Mas Marcelino contar\u00e1 que a ruiva tamb\u00e9m tem o afastado da funcion\u00e1ria.<\/p>\n<p>Por\u00e9m, neste momento, todos ser\u00e3o surpreendidos pela dita-cuja: Gilda chegar\u00e1 \u00e0 Irmandade acompanhada do delegado Albuquerque (Beto Militani).<\/p>\n<p>\u201cEu n\u00e3o disse que ele estava aqui, delegado?\u201d, dir\u00e1 ela.<\/p>\n<p>\u201cCalma, dona Gilda, n\u00f3s est\u00e1vamos justamente tentando explicar para o Marcelino que ele precisa aceitar a decis\u00e3o do juiz\u201d, tentar\u00e1 explicar Severo.<\/p>\n<p>\u201cEstou vendo!\u201d, responder\u00e1 ela, com o ar ir\u00f4nico. \u201cIsso aqui parece mais uma festa de boas-vindas para o menino fuj\u00e3o. At\u00e9 a Mar\u00ea foi convidada!\u201d<\/p>\n<p>\u201cN\u00e3o foi nada disso!\u201d, defender\u00e1 Mar\u00ea. \u201cO Marcelino n\u00e3o quer ficar com voc\u00ea, e voc\u00ea \u00e9 que deveria respeitar a vontade dele!\u201d<\/p>\n<p>\u201cVeja s\u00f3, delegado, eles est\u00e3o sabotando a adapta\u00e7\u00e3o do Marcelino!\u201d, dir\u00e1 a ruiva.<\/p>\n<p>\u201cVoc\u00eas est\u00e3o prejudicando a crian\u00e7a, impedindo um \u00f3rf\u00e3o de ter uma fam\u00edlia!\u201d, argumentar\u00e1 o delegado, como sempre, comendo na m\u00e3o da vil\u00e3.<\/p>\n<p>\u201cE vou prestar queixa na Vara de Menores\u201d, alertar\u00e1 Gilda, que ainda far\u00e1 um an\u00fancio a Mar\u00ea. \u201cE denunciar voc\u00ea, sua criminosa, por tentar roubar o meu filho!\u201d<\/p>\n<p>\u201cA Mar\u00ea n\u00e3o fez nada! Eu fugi sozinho! N\u00e3o quero morar com voc\u00ea!\u201d, dir\u00e1 Marcelino.<\/p>\n<p>Severo, ent\u00e3o, interpelar\u00e1 e vai explicar ao menino que o melhor \u00e0 situa\u00e7\u00e3o \u00e9 ele ir com \u201ca bruxa\u201d, afinal, ela que responde pela cust\u00f3dia dele diante da Justi\u00e7a. Mesmo contrariado e triste, o garoto cede e vai com ela.<\/p>\n<p>\u201cConfie em Deus&#8230; Ele est\u00e1 olhando por voc\u00ea, meu filho\u201d, dir\u00e1 Donato na despedida, com o cora\u00e7\u00e3o partido.<\/p>\n<p>Novamente no mausol\u00e9u de Gilda, Marcelino vai murchar de novo. S\u00f3 que, desta vez, ser\u00e1 pior. Assim que chegarem na casa, a vil\u00e3 ir\u00e1 descontar a raiva da situa\u00e7\u00e3o sobre o menino.<\/p>\n<p>\u201cEu tentei ser a m\u00e3e que voc\u00ea nunca teve! Mas voc\u00ea desprezou o meu carinho, traiu a minha confian\u00e7a! O que voc\u00ea acha que merece?\u201d, dir\u00e1 ela, enquanto ele se encolhe, completamente apavorado. \u201cVoc\u00ea est\u00e1 de castigo. Vai ficar trancado neste quarto pensando no que fez!\u201d<\/p>\n<p>Depois disso, ela ordenar\u00e1 que Rita tranque o garoto no quarto, indo l\u00e1 apenas para lev\u00e1-lo para o banho e mant\u00ea-lo alimentado.<\/p>\n<p>Mas, diante do sofrimento, a noite ser\u00e1 dif\u00edcil pra Marcelino. No dia seguinte, quando a funcion\u00e1ria chegar com o caf\u00e9 da manh\u00e3, vai perceber que ele est\u00e1 todo encolhido na cama, coberto e tremendo de frio.<\/p>\n<p>Ao colocar a m\u00e3o na testa dela, vai se assustar com a temperatura.<\/p>\n<p>\u201cJesus, Maria, Jos\u00e9!\u201d, gritar\u00e1 ela, desesperada com a febre.<\/p>\n<p>\u00c0 noite, com a vil\u00e3 retornando do Grande Hotel, Rita ir\u00e1 correndo contar \u00e0 patroa sobre o estado do garoto.<\/p>\n<p>\u201cN\u00e3o vai me dizer que o Marcelino fugiu de novo!\u201d, questionar\u00e1 Gilda diante da agita\u00e7\u00e3o da funcion\u00e1ria<\/p>\n<p>\u201cN\u00e3o, ele t\u00e1 l\u00e1 quarto. Mas ardendo em febre!\u201d, disparar\u00e1 ela.<br \/>\n<!--END POST--><br \/>\n<a href=\"https:\/\/www.tvnovelas.com.br\/novelas\/resumos-de-amor-perfeito\/\" target=\"_blank\" rel=\"noopener\">Confira os resumos da semana de &#8216;Amor Perfeito<\/a><br \/>\n<strong style=\"font-size: 120%;\">\u00daltimas not\u00edcias de Amor Perfeito:<\/strong><br \/>\n<div class=\"pt-cv-wrapper\"><div class=\"pt-cv-view pt-cv-grid pt-cv-colsys\" id=\"pt-cv-view-04db883axk\"><div data-id=\"pt-cv-page-1\" class=\"pt-cv-page\" data-cvc=\"1\"><div class=\"col-md-12 col-sm-12 col-xs-12 pt-cv-content-item pt-cv-1-col\" ><div class='pt-cv-ifield'><h4 class=\"pt-cv-title\"><a href=\"https:\/\/www.tvnovelas.com.br\/tvnews\/amor-perfeito-mare-e-orlando-se-casam\/\" class=\"_self\" target=\"_self\" >Amor Perfeito: Mar\u00ea e Orlando se casam<\/a><\/h4><\/div><\/div>\n<div class=\"col-md-12 col-sm-12 col-xs-12 pt-cv-content-item pt-cv-1-col\" ><div class='pt-cv-ifield'><h4 class=\"pt-cv-title\"><a href=\"https:\/\/www.tvnovelas.com.br\/tvnews\/amor-perfeito-gilda-emocionada-abraca-marcelino\/\" class=\"_self\" target=\"_self\" >Amor Perfeito: Gilda emocionada abra\u00e7a Marcelino<\/a><\/h4><\/div><\/div>\n<div class=\"col-md-12 col-sm-12 col-xs-12 pt-cv-content-item pt-cv-1-col\" ><div class='pt-cv-ifield'><h4 class=\"pt-cv-title\"><a href=\"https:\/\/www.tvnovelas.com.br\/tvnews\/amor-perfeito-orlando-descobre-que-lucilia-foi-assassinada-a-mando-de-gilda\/\" class=\"_self\" target=\"_self\" >Amor Perfeito: Orlando descobre que Luc\u00edlia foi assassinada a mando de Gilda<\/a><\/h4><\/div><\/div>\n<div class=\"col-md-12 col-sm-12 col-xs-12 pt-cv-content-item pt-cv-1-col\" ><div class='pt-cv-ifield'><h4 class=\"pt-cv-title\"><a href=\"https:\/\/www.tvnovelas.com.br\/tvnews\/amor-perfeito-gilda-e-descoberta-como-mandante-de-assassinato\/\" class=\"_self\" target=\"_self\" >Amor Perfeito: Gilda \u00e9 descoberta como mandante de assassinato<\/a><\/h4><\/div><\/div>\n<div class=\"col-md-12 col-sm-12 col-xs-12 pt-cv-content-item pt-cv-1-col\" ><div class='pt-cv-ifield'><h4 class=\"pt-cv-title\"><a href=\"https:\/\/www.tvnovelas.com.br\/tvnews\/amor-perfeito-gilda-foge-da-cadeia-com-ajuda-de-gaspar\/\" class=\"_self\" target=\"_self\" >Amor Perfeito: Gilda foge da cadeia com ajuda de Gaspar<\/a><\/h4><\/div><\/div>\n<div class=\"col-md-12 col-sm-12 col-xs-12 pt-cv-content-item pt-cv-1-col\" ><div class='pt-cv-ifield'><h4 class=\"pt-cv-title\"><a href=\"https:\/\/www.tvnovelas.com.br\/tvnews\/amor-perfeito-darlene-e-joao-se-casam\/\" class=\"_self\" target=\"_self\" >Amor Perfeito: Darlene e Jo\u00e3o se casam<\/a><\/h4><\/div><\/div><\/div><\/div><\/div><br \/>\n<strong style=\"font-size: 120%;\">\u00daltimas not\u00edcias deste site:<\/strong><br \/>\n<div class=\"pt-cv-wrapper\"><div class=\"pt-cv-view pt-cv-grid pt-cv-colsys\" id=\"pt-cv-view-90991035b3\"><div data-id=\"pt-cv-page-1\" class=\"pt-cv-page\" data-cvc=\"1\"><div class=\"col-md-12 col-sm-12 col-xs-12 pt-cv-content-item pt-cv-1-col\" ><div class='pt-cv-ifield'><h4 class=\"pt-cv-title\"><a href=\"https:\/\/www.tvnovelas.com.br\/tvnews\/coracao-acelerado-zila-se-preocupa-com-sua-situacao-apos-separacao\/\" class=\"_self\" target=\"_self\" >Cora\u00e7\u00e3o Acelerado: Zil\u00e1 se preocupa com sua situa\u00e7\u00e3o ap\u00f3s separa\u00e7\u00e3o<\/a><\/h4><\/div><\/div>\n<div class=\"col-md-12 col-sm-12 col-xs-12 pt-cv-content-item pt-cv-1-col\" ><div class='pt-cv-ifield'><h4 class=\"pt-cv-title\"><a href=\"https:\/\/www.tvnovelas.com.br\/tvnews\/a-nobreza-do-amor-tonho-nao-se-curva-diante-de-mirinho\/\" class=\"_self\" target=\"_self\" >A Nobreza do Amor: Tonho n\u00e3o se curva diante de Mirinho<\/a><\/h4><\/div><\/div>\n<div class=\"col-md-12 col-sm-12 col-xs-12 pt-cv-content-item pt-cv-1-col\" ><div class='pt-cv-ifield'><h4 class=\"pt-cv-title\"><a href=\"https:\/\/www.tvnovelas.com.br\/tvnews\/tres-gracas-arminda-surta-ao-confirmar-que-ferette-e-pai-de-raul\/\" class=\"_self\" target=\"_self\" >Tr\u00eas Gra\u00e7as:  Arminda surta ao confirmar que Ferette \u00e9 pai de Raul<\/a><\/h4><\/div><\/div>\n<div class=\"col-md-12 col-sm-12 col-xs-12 pt-cv-content-item pt-cv-1-col\" ><div class='pt-cv-ifield'><h4 class=\"pt-cv-title\"><a href=\"https:\/\/www.tvnovelas.com.br\/tvnews\/coracao-de-mae-atilla-confronta-hasan-e-exige-o-divorcio-de-lale\/\" class=\"_self\" target=\"_self\" >Cora\u00e7\u00e3o de M\u00e3e: Atilla confronta Hasan e exige o div\u00f3rcio de Lale<\/a><\/h4><\/div><\/div>\n<div class=\"col-md-12 col-sm-12 col-xs-12 pt-cv-content-item pt-cv-1-col\" ><div class='pt-cv-ifield'><h4 class=\"pt-cv-title\"><a href=\"https:\/\/www.tvnovelas.com.br\/tvnews\/guerra-das-rosas-gulfem-coloca-gulru-contra-a-parede\/\" class=\"_self\" target=\"_self\" >Guerra das Rosas: Gulfem coloca Gulru contra a parede<\/a><\/h4><\/div><\/div>\n<div class=\"col-md-12 col-sm-12 col-xs-12 pt-cv-content-item pt-cv-1-col\" ><div class='pt-cv-ifield'><h4 class=\"pt-cv-title\"><a href=\"https:\/\/www.tvnovelas.com.br\/tvnews\/coracao-de-mae-atilla-diz-a-lale-que-quer-o-divorcio\/\" class=\"_self\" target=\"_self\" >Cora\u00e7\u00e3o de M\u00e3e: Atilla diz a Lale que quer o div\u00f3rcio<\/a><\/h4><\/div><\/div>\n<div class=\"col-md-12 col-sm-12 col-xs-12 pt-cv-content-item pt-cv-1-col\" ><div class='pt-cv-ifield'><h4 class=\"pt-cv-title\"><a href=\"https:\/\/www.tvnovelas.com.br\/tvnews\/a-nobreza-do-amor-mirinho-garante-noivado-com-virginia-para-atrair-sogro-a-negocio\/\" class=\"_self\" target=\"_self\" >A Nobreza do Amor: Mirinho garante noivado com Virg\u00ednia para atrair sogro a neg\u00f3cio<\/a><\/h4><\/div><\/div>\n<div class=\"col-md-12 col-sm-12 col-xs-12 pt-cv-content-item pt-cv-1-col\" ><div class='pt-cv-ifield'><h4 class=\"pt-cv-title\"><a href=\"https:\/\/www.tvnovelas.com.br\/tvnews\/tres-gracas-joaquim-propoe-fuga-a-arminda-com-o-dinheiro-das-tres-gracas\/\" class=\"_self\" target=\"_self\" >Tr\u00eas Gra\u00e7as:  Joaquim prop\u00f5e fuga a Arminda com o dinheiro das Tr\u00eas Gra\u00e7as<\/a><\/h4><\/div><\/div>\n<div class=\"col-md-12 col-sm-12 col-xs-12 pt-cv-content-item pt-cv-1-col\" ><div class='pt-cv-ifield'><h4 class=\"pt-cv-title\"><a href=\"https:\/\/www.tvnovelas.com.br\/tvnews\/coracao-de-mae-atilla-decide-abrir-o-jogo-com-karsu\/\" class=\"_self\" target=\"_self\" >Cora\u00e7\u00e3o de M\u00e3e: Atilla decide abrir o jogo com Karsu<\/a><\/h4><\/div><\/div>\n<div class=\"col-md-12 col-sm-12 col-xs-12 pt-cv-content-item pt-cv-1-col\" ><div class='pt-cv-ifield'><h4 class=\"pt-cv-title\"><a href=\"https:\/\/www.tvnovelas.com.br\/tvnews\/coracao-de-mae-adnan-e-preso-apos-denuncia-de-irmak\/\" class=\"_self\" target=\"_self\" >Em Cora\u00e7\u00e3o de M\u00e3e: Adnan \u00e9 preso ap\u00f3s denuncia de Irmak<\/a><\/h4><\/div><\/div><\/div><\/div><\/div><br \/>\n<a href=\"https:\/\/www.tvnovelas.com.br\/novelas\/\"><strong>Confira os resumos da semana de todas novelas<\/strong><\/a><\/p>\n<h3>Confira tamb\u00e9m<\/h3>\n<p><a href=\"https:\/\/www.tvnovelas.com.br\/filmes\/\" target=\"_blank\" rel=\"noopener noreferrer\"><strong>Programa\u00e7\u00e3o de filmes na TV aberta<\/strong><\/a><br \/>\n<a href=\"https:\/\/caetenews.com.br\/semana\/filmes-da-globo-na-sessao-da-tarde-desta-semana\/\" target=\"_blank\" rel=\"noopener\"><strong>Confira os filmes da semana na Sess\u00e3o da Tarde<\/strong><\/a><br \/>\n<a href=\"https:\/\/www.tvnovelas.com.br\/novelas\/\" target=\"_blank\" rel=\"noopener noreferrer\"><strong>Resumos de novelas<\/strong><\/a><\/p>\n","protected":false},"excerpt":{"rendered":"<p>Em Amor Perfeito, Marcelino (Levi Asaf) aproveitar\u00e1 a primeira chance e vai fugir da mans\u00e3o de Gilda (Mariana Ximenes). Ap\u00f3s uma visita de Frei Severo (Babu Santana).,..<\/p>\n","protected":false},"author":1,"featured_media":53733,"comment_status":"closed","ping_status":"closed","sticky":false,"template":"","format":"standard","meta":{"_uf_show_specific_survey":0,"_uf_disable_surveys":false,"_jetpack_memberships_contains_paid_content":false,"footnotes":"","_wp_rev_ctl_limit":""},"categories":[375],"tags":[376,5,64],"class_list":["post-53732","post","type-post","status-publish","format-standard","has-post-thumbnail","hentry","category-amor-perfeito","tag-amor-perfeito","tag-globo","tag-novelas","wpcat-375-id"],"aioseo_notices":[],"jetpack_featured_media_url":"https:\/\/i0.wp.com\/www.tvnovelas.com.br\/tvnews\/wp-content\/uploads\/2023\/07\/37582.jpg?fit=728%2C410&ssl=1","jetpack_shortlink":"https:\/\/wp.me\/pdP2BO-dYE","jetpack_sharing_enabled":true,"_links":{"self":[{"href":"https:\/\/www.tvnovelas.com.br\/tvnews\/wp-json\/wp\/v2\/posts\/53732","targetHints":{"allow":["GET"]}}],"collection":[{"href":"https:\/\/www.tvnovelas.com.br\/tvnews\/wp-json\/wp\/v2\/posts"}],"about":[{"href":"https:\/\/www.tvnovelas.com.br\/tvnews\/wp-json\/wp\/v2\/types\/post"}],"author":[{"embeddable":true,"href":"https:\/\/www.tvnovelas.com.br\/tvnews\/wp-json\/wp\/v2\/users\/1"}],"replies":[{"embeddable":true,"href":"https:\/\/www.tvnovelas.com.br\/tvnews\/wp-json\/wp\/v2\/comments?post=53732"}],"version-history":[{"count":1,"href":"https:\/\/www.tvnovelas.com.br\/tvnews\/wp-json\/wp\/v2\/posts\/53732\/revisions"}],"predecessor-version":[{"id":53734,"href":"https:\/\/www.tvnovelas.com.br\/tvnews\/wp-json\/wp\/v2\/posts\/53732\/revisions\/53734"}],"wp:featuredmedia":[{"embeddable":true,"href":"https:\/\/www.tvnovelas.com.br\/tvnews\/wp-json\/wp\/v2\/media\/53733"}],"wp:attachment":[{"href":"https:\/\/www.tvnovelas.com.br\/tvnews\/wp-json\/wp\/v2\/media?parent=53732"}],"wp:term":[{"taxonomy":"category","embeddable":true,"href":"https:\/\/www.tvnovelas.com.br\/tvnews\/wp-json\/wp\/v2\/categories?post=53732"},{"taxonomy":"post_tag","embeddable":true,"href":"https:\/\/www.tvnovelas.com.br\/tvnews\/wp-json\/wp\/v2\/tags?post=53732"}],"curies":[{"name":"wp","href":"https:\/\/api.w.org\/{rel}","templated":true}]}}