{"id":53833,"date":"2023-07-29T15:00:18","date_gmt":"2023-07-29T18:00:18","guid":{"rendered":"https:\/\/www.tvnovelas.com.br\/tvnews\/?p=53833"},"modified":"2023-07-29T14:00:34","modified_gmt":"2023-07-29T17:00:34","slug":"o-que-se-passa-em-vai-na-fe-na-semana-31-a-05-de-agosto","status":"publish","type":"post","link":"https:\/\/www.tvnovelas.com.br\/tvnews\/o-que-se-passa-em-vai-na-fe-na-semana-31-a-05-de-agosto\/","title":{"rendered":"O que se passa em Vai na F\u00e9 na semana 31 a 05 de agosto"},"content":{"rendered":"<p><em>Resumos de Vai na F\u00e9 na semana 31 a 05 de agosto<\/em><br \/>\n<img data-recalc-dims=\"1\" decoding=\"async\" class=\"alignnone wp-image-52669 size-full\" title=\"(Foto: TV Globo\/Vai na F\u00e9)\" src=\"https:\/\/i0.wp.com\/www.tvnovelas.com.br\/tvnews\/wp-content\/uploads\/2023\/07\/37466c.jpg?resize=728%2C410&#038;ssl=1\" alt=\"Foto em Vai na F\u00e9 na semana 31 a 05 de agosto\" width=\"728\" height=\"410\" srcset=\"https:\/\/i0.wp.com\/www.tvnovelas.com.br\/tvnews\/wp-content\/uploads\/2023\/07\/37466c.jpg?w=728&amp;ssl=1 728w, https:\/\/i0.wp.com\/www.tvnovelas.com.br\/tvnews\/wp-content\/uploads\/2023\/07\/37466c.jpg?resize=678%2C381&amp;ssl=1 678w\" sizes=\"(max-width: 728px) 100vw, 728px\" \/><\/p>\n<blockquote><p>Em Vai na F\u00e9, Jenifer e Rafa s\u00e3o presos no galp\u00e3o a mando de Theo; Theo convida Rafa e Jenifer para jantar e sabota a comida dos filhos; Ben consegue o v\u00eddeo incriminando Theo; Lumiar hostiliza Lui; Lui chega ao Ref\u00fagio e pede a ajuda de F\u00e1bio e Jade para surpreender Lumiar&#8230;.<\/p><\/blockquote>\n<p><strong>Resumo de segunda-feira, 31 de julho&lt;<\/strong><br \/>\nBelarmino flagra Jenifer e Rafa na sala de documentos. Sol se desespera por n\u00e3o conseguir convencer a filha mais velha deixar a casa de Theo. Theo exige que Sol prove que se separou de Ben. Sol pede para Lui fingir ser seu namorado. Lumiar comenta com Ben que Sheila sabe tudo sobre a empresa de Theo. Vitinho convence Lui a ajudar Sol. F\u00e1bio mente para Lui em nome de Lumiar. Jenifer e Rafa decidem ir ao galp\u00e3o escondidos de Theo. Anthony posta uma foto de Lui e Sol juntos, e Theo fica animado. Belarmino e um seguran\u00e7a saem do galp\u00e3o, supostamente sem ver Jenifer e Rafa. Lumiar fica enciumada ao ver a foto de Lui com Sol. Jenifer e Rafa se apavoram ao perceber que est\u00e3o presos no galp\u00e3o.<\/p>\n<p><strong>Resumo de ter\u00e7a-feira, 01 de agosto<\/strong><br \/>\nAnthony conversa com Lui e Sol sobre a foto do casal. Belarmino conta para Theo que prendeu Jenifer e Rafa conforme o ordenado. \u00c9rika reage com despeito ao ver a postagem de Anthony sobre Sol e Lui. Kate e Bruna explicam para Ben sobre o caso de Sol com Lui. Jenifer encontra uma nota dos lotes informados por Orfeu. Lumiar hostiliza Lui. Theo resgata Jenifer e Rafa do galp\u00e3o. O investigador de Ben anuncia sua descobertas sobre Theo. Wilma finge uma s\u00fabita amn\u00e9sia durante a coletiva. Jenifer afirma a Sol que voltar\u00e1 para casa com Rafa. Sol se esquiva quando Heitor, o apresentador do programa de r\u00e1dio, a questiona sobre Lui. Theo convida Rafa e Jenifer para jantar no Charles Pierre e sabota a comida dos filhos.<br \/>\n<img data-recalc-dims=\"1\" decoding=\"async\" class=\"alignnone wp-image-53617 size-full\" title=\"(Foto: TV Globo\/Vai na F\u00e9)\" src=\"https:\/\/i0.wp.com\/www.tvnovelas.com.br\/tvnews\/wp-content\/uploads\/2023\/07\/10105.jpg?resize=728%2C410&#038;ssl=1\" alt=\"Foto em Vai na F\u00e9 na semana 31 a 05 de agosto...\" width=\"728\" height=\"410\" srcset=\"https:\/\/i0.wp.com\/www.tvnovelas.com.br\/tvnews\/wp-content\/uploads\/2023\/07\/10105.jpg?w=728&amp;ssl=1 728w, https:\/\/i0.wp.com\/www.tvnovelas.com.br\/tvnews\/wp-content\/uploads\/2023\/07\/10105.jpg?resize=678%2C381&amp;ssl=1 678w\" sizes=\"(max-width: 728px) 100vw, 728px\" \/><\/p>\n<p><strong>Resumo de quarta-feira, 02 de agosto<\/strong><br \/>\nTheo finge emo\u00e7\u00e3o durante o jantar com Jenifer e Rafa. Sol avisa a Marlene que Jenifer voltar\u00e1 para casa. Jenifer e Rafa sentem-se enjoados depois do jantar. Ben e Sol namoram. Theo leva Jenifer e Rafa para o hospital e avisa a Sol, que se desespera. Sheila e Belarmino destroem todas as provas contra Theo na empresa. Ben avisa a Sol, Jenifer e Rafa que a Pol\u00edcia Federal ir\u00e1 investigar a empresa de Theo. Wilma se recusa a ir \u00e0 pr\u00e9-estreia do filme. \u00c9rika faz uma grava\u00e7\u00e3o reveladora sobre Theo. Vitinho e Lucas contam para Wilma sobre a rea\u00e7\u00e3o do p\u00fablico ao ver o filme. Sheila recebe uma intima\u00e7\u00e3o para depor na Pol\u00edcia Federal. Clara vai para a casa de Sol esperar por Rafa. Sheila ouve Theo falando com seu advogado.<\/p>\n<p><strong>Resumo de quinta-feira, 03 de agosto strong&gt;<\/strong><br \/>\nSheila mente para Theo. Bia faz as pazes com Tat\u00e1. Cec\u00edlia fica tensa ao saber que Simas e Sabrina t\u00eam outra filha. Ben conta a Lumiar que Sheila n\u00e3o compareceu ao depoimento. Theo tenta recuperar a conta de banco que Sheila encerrou. Orfeu tenta convencer Jenifer a deix\u00e1-lo dar informa\u00e7\u00f5es sobre Theo. Bela leva Simas e Sabrina a um encontro dos aquilombados para falar sobre Cec\u00edlia. Orfeu pede para se encontrar com Ben. Duda implica com Jenifer e Eduardo. Ben mostra para Sol um v\u00eddeo seu mais jovem. Wilma \u00e9 ovacionada no cinema. Sol conta para Lui que Lumiar foi para o Ref\u00fagio. Theo recebe uma convoca\u00e7\u00e3o para Empres\u00e1rio de Ano e fica radiante. Ben visita Orfeu.<br \/>\n<img data-recalc-dims=\"1\" decoding=\"async\" class=\"alignnone wp-image-52928 size-full\" title=\"(Foto: TV Globo\/Vai na F\u00e9)\" src=\"https:\/\/i0.wp.com\/www.tvnovelas.com.br\/tvnews\/wp-content\/uploads\/2023\/07\/10008.jpg?resize=728%2C409&#038;ssl=1\" alt=\"Foto em Vai na F\u00e9 na semana 31 a 05 de agosto....\" width=\"728\" height=\"409\" srcset=\"https:\/\/i0.wp.com\/www.tvnovelas.com.br\/tvnews\/wp-content\/uploads\/2023\/07\/10008.jpg?w=728&amp;ssl=1 728w, https:\/\/i0.wp.com\/www.tvnovelas.com.br\/tvnews\/wp-content\/uploads\/2023\/07\/10008.jpg?resize=678%2C381&amp;ssl=1 678w\" sizes=\"(max-width: 728px) 100vw, 728px\" \/><\/p>\n<p><strong>Resumo de sexta-feira, 04 de agosto<\/strong><br \/>\nBen tenta fazer um acordo com Orfeu. Lui vai para o Ref\u00fagio. Orfeu manda para Ben o registro de tela de uma conversa com Theo sobre contrabando. Sol divulga a coreografia de sua m\u00fasica nas redes sociais. Ben fala sobre Orfeu para Theo, que finge n\u00e3o se intimidar. Lui chega ao Ref\u00fagio e pede a ajuda de F\u00e1bio e Jade para surpreender Lumiar. Wilma posa para uma sess\u00e3o de fotos. Um grande empres\u00e1rio se oferece para contratar Sol. Hugo sente ci\u00fames de Eduardo com Jenifer. Orfeu ouve o discurso de vit\u00f3ria de Theo como Empres\u00e1rio do Ano e se enfurece. Graziela entra em contato com Ben. F\u00e3s de Wilma fazem uma bagun\u00e7a na frente da mans\u00e3o. Hugo se desculpa com Grazi. Ben consegue o v\u00eddeo de uma c\u00e2mera de seguran\u00e7a, incriminando Theo.<\/p>\n<p><strong>Resumo de s\u00e1bado 05 de agosto<\/strong><br \/>\nTheo se enfurece por n\u00e3o conseguir expor sua vit\u00f3ria para Ben. Sol fica feliz ao saber que existe uma prova contra Theo. Wilma fica radiante com seus f\u00e3s. Lui prepara uma noite rom\u00e2ntica com Lumiar. Mauro se irrita com as mudan\u00e7as que Sol faz durante uma sess\u00e3o de fotos, e Kate fica preocupada. Bruna discute com Jairo. Wilma \u00e9 surpreendida no Charles Pierre. Kate consola Bruna, enquanto Wilma aconselha Jairo. Chega o dia da inaugura\u00e7\u00e3o do restaurante de Marlene e Bruna. Wilma recebe um convite e fica radiante. Sol reclama das ideias de Mauro para seus clipes. Ben tenta ajudar Sol conversando com Mauro. Hugo e Jenifer ficam trancados no escrit\u00f3rio do Pastor Miguel. Mauro regrava o clipe de Sol.<br \/>\n<!--FIM DO POST--><br \/>\n<a href=\"https:\/\/www.tvnovelas.com.br\/novelas\/resumos-de-vai-na-fe-2\/\">Confira os resumos de Vai na F\u00e9 da semana 07 a 12 de agosto<\/a><br \/>\n<strong style=\"font-size: 120%;\">\u00daltimas not\u00edcias de Vai na F\u00e9:<\/strong><br \/>\n<div class=\"pt-cv-wrapper\"><div class=\"pt-cv-view pt-cv-grid pt-cv-colsys\" id=\"pt-cv-view-8080477fv3\"><div data-id=\"pt-cv-page-1\" class=\"pt-cv-page\" data-cvc=\"1\"><div class=\"col-md-12 col-sm-12 col-xs-12 pt-cv-content-item pt-cv-1-col\" ><div class='pt-cv-ifield'><h4 class=\"pt-cv-title\"><a href=\"https:\/\/www.tvnovelas.com.br\/tvnews\/vai-na-fe-sol-enfrenta-empresario-e-abre-show-de-lui\/\" class=\"_blank\" target=\"_blank\" >Vai na F\u00e9: Sol enfrenta empres\u00e1rio e abre show de Lui<\/a><\/h4><\/div><\/div>\n<div class=\"col-md-12 col-sm-12 col-xs-12 pt-cv-content-item pt-cv-1-col\" ><div class='pt-cv-ifield'><h4 class=\"pt-cv-title\"><a href=\"https:\/\/www.tvnovelas.com.br\/tvnews\/vai-na-fe-theo-muda-visual-e-mata-orfeu\/\" class=\"_blank\" target=\"_blank\" >Vai na F\u00e9: Theo muda visual e mata Orfeu<\/a><\/h4><\/div><\/div>\n<div class=\"col-md-12 col-sm-12 col-xs-12 pt-cv-content-item pt-cv-1-col\" ><div class='pt-cv-ifield'><h4 class=\"pt-cv-title\"><a href=\"https:\/\/www.tvnovelas.com.br\/tvnews\/vai-na-fe-sol-e-impedida-de-abrir-show-de-lui-lorenzo\/\" class=\"_blank\" target=\"_blank\" >Vai na F\u00e9: Sol \u00e9 impedida de abrir show de Lui Lorenzo<\/a><\/h4><\/div><\/div>\n<div class=\"col-md-12 col-sm-12 col-xs-12 pt-cv-content-item pt-cv-1-col\" ><div class='pt-cv-ifield'><h4 class=\"pt-cv-title\"><a href=\"https:\/\/www.tvnovelas.com.br\/tvnews\/vai-na-fe-ben-descobre-envolvimento-de-theo-na-morte-de-carlao\/\" class=\"_blank\" target=\"_blank\" >Vai na F\u00e9: Ben descobre envolvimento de Theo na morte de Carl\u00e3o<\/a><\/h4><\/div><\/div>\n<div class=\"col-md-12 col-sm-12 col-xs-12 pt-cv-content-item pt-cv-1-col\" ><div class='pt-cv-ifield'><h4 class=\"pt-cv-title\"><a href=\"https:\/\/www.tvnovelas.com.br\/tvnews\/vai-na-fe-orfeu-erra-o-tiro-e-theo-atropela-o-ex-socio\/\" class=\"_blank\" target=\"_blank\" >Vai na F\u00e9: Orfeu erra o tiro e Theo atropela o ex-s\u00f3cio<\/a><\/h4><\/div><\/div>\n<div class=\"col-md-12 col-sm-12 col-xs-12 pt-cv-content-item pt-cv-1-col\" ><div class='pt-cv-ifield'><h4 class=\"pt-cv-title\"><a href=\"https:\/\/www.tvnovelas.com.br\/tvnews\/vai-na-fe-orfeu-traido-por-theo-promete-vinganca\/\" class=\"_blank\" target=\"_blank\" >Vai na F\u00e9: Orfeu tra\u00eddo por Theo promete vingan\u00e7a<\/a><\/h4><\/div><\/div><\/div><\/div><\/div><br \/>\n<strong style=\"font-size: 120%;\">\u00daltimas not\u00edcias deste site:<\/strong><br \/>\n<div class=\"pt-cv-wrapper\"><div class=\"pt-cv-view pt-cv-grid pt-cv-colsys\" id=\"pt-cv-view-90991035b3\"><div data-id=\"pt-cv-page-1\" class=\"pt-cv-page\" data-cvc=\"1\"><div class=\"col-md-12 col-sm-12 col-xs-12 pt-cv-content-item pt-cv-1-col\" ><div class='pt-cv-ifield'><h4 class=\"pt-cv-title\"><a href=\"https:\/\/www.tvnovelas.com.br\/tvnews\/a-nobreza-do-amor-tonho-nao-se-curva-diante-de-mirinho\/\" class=\"_self\" target=\"_self\" >A Nobreza do Amor: Tonho n\u00e3o se curva diante de Mirinho<\/a><\/h4><\/div><\/div>\n<div class=\"col-md-12 col-sm-12 col-xs-12 pt-cv-content-item pt-cv-1-col\" ><div class='pt-cv-ifield'><h4 class=\"pt-cv-title\"><a href=\"https:\/\/www.tvnovelas.com.br\/tvnews\/tres-gracas-arminda-surta-ao-confirmar-que-ferette-e-pai-de-raul\/\" class=\"_self\" target=\"_self\" >Tr\u00eas Gra\u00e7as:  Arminda surta ao confirmar que Ferette \u00e9 pai de Raul<\/a><\/h4><\/div><\/div>\n<div class=\"col-md-12 col-sm-12 col-xs-12 pt-cv-content-item pt-cv-1-col\" ><div class='pt-cv-ifield'><h4 class=\"pt-cv-title\"><a href=\"https:\/\/www.tvnovelas.com.br\/tvnews\/coracao-de-mae-atilla-confronta-hasan-e-exige-o-divorcio-de-lale\/\" class=\"_self\" target=\"_self\" >Cora\u00e7\u00e3o de M\u00e3e: Atilla confronta Hasan e exige o div\u00f3rcio de Lale<\/a><\/h4><\/div><\/div>\n<div class=\"col-md-12 col-sm-12 col-xs-12 pt-cv-content-item pt-cv-1-col\" ><div class='pt-cv-ifield'><h4 class=\"pt-cv-title\"><a href=\"https:\/\/www.tvnovelas.com.br\/tvnews\/guerra-das-rosas-gulfem-coloca-gulru-contra-a-parede\/\" class=\"_self\" target=\"_self\" >Guerra das Rosas: Gulfem coloca Gulru contra a parede<\/a><\/h4><\/div><\/div>\n<div class=\"col-md-12 col-sm-12 col-xs-12 pt-cv-content-item pt-cv-1-col\" ><div class='pt-cv-ifield'><h4 class=\"pt-cv-title\"><a href=\"https:\/\/www.tvnovelas.com.br\/tvnews\/coracao-de-mae-atilla-diz-a-lale-que-quer-o-divorcio\/\" class=\"_self\" target=\"_self\" >Cora\u00e7\u00e3o de M\u00e3e: Atilla diz a Lale que quer o div\u00f3rcio<\/a><\/h4><\/div><\/div>\n<div class=\"col-md-12 col-sm-12 col-xs-12 pt-cv-content-item pt-cv-1-col\" ><div class='pt-cv-ifield'><h4 class=\"pt-cv-title\"><a href=\"https:\/\/www.tvnovelas.com.br\/tvnews\/a-nobreza-do-amor-mirinho-garante-noivado-com-virginia-para-atrair-sogro-a-negocio\/\" class=\"_self\" target=\"_self\" >A Nobreza do Amor: Mirinho garante noivado com Virg\u00ednia para atrair sogro a neg\u00f3cio<\/a><\/h4><\/div><\/div>\n<div class=\"col-md-12 col-sm-12 col-xs-12 pt-cv-content-item pt-cv-1-col\" ><div class='pt-cv-ifield'><h4 class=\"pt-cv-title\"><a href=\"https:\/\/www.tvnovelas.com.br\/tvnews\/tres-gracas-joaquim-propoe-fuga-a-arminda-com-o-dinheiro-das-tres-gracas\/\" class=\"_self\" target=\"_self\" >Tr\u00eas Gra\u00e7as:  Joaquim prop\u00f5e fuga a Arminda com o dinheiro das Tr\u00eas Gra\u00e7as<\/a><\/h4><\/div><\/div>\n<div class=\"col-md-12 col-sm-12 col-xs-12 pt-cv-content-item pt-cv-1-col\" ><div class='pt-cv-ifield'><h4 class=\"pt-cv-title\"><a href=\"https:\/\/www.tvnovelas.com.br\/tvnews\/coracao-de-mae-atilla-decide-abrir-o-jogo-com-karsu\/\" class=\"_self\" target=\"_self\" >Cora\u00e7\u00e3o de M\u00e3e: Atilla decide abrir o jogo com Karsu<\/a><\/h4><\/div><\/div>\n<div class=\"col-md-12 col-sm-12 col-xs-12 pt-cv-content-item pt-cv-1-col\" ><div class='pt-cv-ifield'><h4 class=\"pt-cv-title\"><a href=\"https:\/\/www.tvnovelas.com.br\/tvnews\/coracao-de-mae-adnan-e-preso-apos-denuncia-de-irmak\/\" class=\"_self\" target=\"_self\" >Em Cora\u00e7\u00e3o de M\u00e3e: Adnan \u00e9 preso ap\u00f3s denuncia de Irmak<\/a><\/h4><\/div><\/div>\n<div class=\"col-md-12 col-sm-12 col-xs-12 pt-cv-content-item pt-cv-1-col\" ><div class='pt-cv-ifield'><h4 class=\"pt-cv-title\"><a href=\"https:\/\/www.tvnovelas.com.br\/tvnews\/coracao-de-mae-atilla-forca-karsu-a-ouvir-suas-explicacoes\/\" class=\"_self\" target=\"_self\" >Cora\u00e7\u00e3o de M\u00e3e: Atilla for\u00e7a Karsu a ouvir suas explica\u00e7\u00f5es<\/a><\/h4><\/div><\/div><\/div><\/div><\/div><br \/>\n<strong style=\"font-size: 120%;\">\u00daltimas not\u00edcias deste canal:<\/strong><br \/>\n<a href=\"https:\/\/www.tvnovelas.com.br\/novelas\/\"><strong>Confira os resumos da semana de todas novelas<\/strong><\/a><br \/>\n<a href=\"http:\/\/tvnovelas.com.br\/filmes\" target=\"_blank\" rel=\"noopener\">Veja tamb\u00e9m: Todas as telas: filmes e s\u00e9ries nos streamings<\/a><\/p>\n<h3>Confira tamb\u00e9m<\/h3>\n<p><a href=\"https:\/\/www.tvnovelas.com.br\/filmes\/\" target=\"_blank\" rel=\"noopener noreferrer\"><strong>Programa\u00e7\u00e3o de filmes na TV aberta<\/strong><\/a><br \/>\n<a href=\"https:\/\/caetenews.com.br\/semana\/filmes-da-globo-na-sessao-da-tarde-desta-semana\/\" target=\"_blank\" rel=\"noopener\"><strong>Confira os filmes da semana na Sess\u00e3o da Tarde<\/strong><\/a><br \/>\n<a href=\"https:\/\/www.tvnovelas.com.br\/novelas\/\" target=\"_blank\" rel=\"noopener noreferrer\"><strong>Resumos de novelas<\/strong><\/a><\/p>\n","protected":false},"excerpt":{"rendered":"<p>Em Vai na F\u00e9, Jenifer e Rafa s\u00e3o presos no galp\u00e3o a mando de Theo; Theo convida Rafa e Jenifer para jantar e sabota a comida dos filhos; Ben consegue o v\u00eddeo incriminando Theo; Lumiar hostiliza Lui; Lui chega ao Ref\u00fagio e pede a ajuda de F\u00e1bio e Jade para surpreender Lumiar&#8230;.<\/p>\n","protected":false},"author":1,"featured_media":52669,"comment_status":"closed","ping_status":"closed","sticky":false,"template":"","format":"standard","meta":{"_uf_show_specific_survey":0,"_uf_disable_surveys":false,"_jetpack_memberships_contains_paid_content":false,"footnotes":"","_wp_rev_ctl_limit":""},"categories":[358],"tags":[5,64,359],"class_list":["post-53833","post","type-post","status-publish","format-standard","has-post-thumbnail","hentry","category-vai-na-fe","tag-globo","tag-novelas","tag-vai-na-fe","wpcat-358-id"],"aioseo_notices":[],"jetpack_featured_media_url":"https:\/\/i0.wp.com\/www.tvnovelas.com.br\/tvnews\/wp-content\/uploads\/2023\/07\/37466c.jpg?fit=728%2C410&ssl=1","jetpack_shortlink":"https:\/\/wp.me\/pdP2BO-e0h","jetpack_sharing_enabled":true,"_links":{"self":[{"href":"https:\/\/www.tvnovelas.com.br\/tvnews\/wp-json\/wp\/v2\/posts\/53833","targetHints":{"allow":["GET"]}}],"collection":[{"href":"https:\/\/www.tvnovelas.com.br\/tvnews\/wp-json\/wp\/v2\/posts"}],"about":[{"href":"https:\/\/www.tvnovelas.com.br\/tvnews\/wp-json\/wp\/v2\/types\/post"}],"author":[{"embeddable":true,"href":"https:\/\/www.tvnovelas.com.br\/tvnews\/wp-json\/wp\/v2\/users\/1"}],"replies":[{"embeddable":true,"href":"https:\/\/www.tvnovelas.com.br\/tvnews\/wp-json\/wp\/v2\/comments?post=53833"}],"version-history":[{"count":2,"href":"https:\/\/www.tvnovelas.com.br\/tvnews\/wp-json\/wp\/v2\/posts\/53833\/revisions"}],"predecessor-version":[{"id":53835,"href":"https:\/\/www.tvnovelas.com.br\/tvnews\/wp-json\/wp\/v2\/posts\/53833\/revisions\/53835"}],"wp:featuredmedia":[{"embeddable":true,"href":"https:\/\/www.tvnovelas.com.br\/tvnews\/wp-json\/wp\/v2\/media\/52669"}],"wp:attachment":[{"href":"https:\/\/www.tvnovelas.com.br\/tvnews\/wp-json\/wp\/v2\/media?parent=53833"}],"wp:term":[{"taxonomy":"category","embeddable":true,"href":"https:\/\/www.tvnovelas.com.br\/tvnews\/wp-json\/wp\/v2\/categories?post=53833"},{"taxonomy":"post_tag","embeddable":true,"href":"https:\/\/www.tvnovelas.com.br\/tvnews\/wp-json\/wp\/v2\/tags?post=53833"}],"curies":[{"name":"wp","href":"https:\/\/api.w.org\/{rel}","templated":true}]}}