{"id":53841,"date":"2023-07-30T09:42:47","date_gmt":"2023-07-30T12:42:47","guid":{"rendered":"https:\/\/www.tvnovelas.com.br\/tvnews\/?p=53841"},"modified":"2023-07-30T09:42:47","modified_gmt":"2023-07-30T12:42:47","slug":"amor-perfeito-mare-puxa-gilda-para-papo-reto-sobre-marcelino","status":"publish","type":"post","link":"https:\/\/www.tvnovelas.com.br\/tvnews\/amor-perfeito-mare-puxa-gilda-para-papo-reto-sobre-marcelino\/","title":{"rendered":"Amor Perfeito: Mar\u00ea puxa Gilda para &#8216;papo reto&#8217; sobre Marcelino"},"content":{"rendered":"<p><em>Em Amor Perfeito: Mar\u00ea puxa Gilda&#8230;<\/em><br \/>\n<img data-recalc-dims=\"1\" decoding=\"async\" src=\"https:\/\/i0.wp.com\/www.tvnovelas.com.br\/tvnews\/wp-content\/uploads\/2023\/07\/37602.jpg?resize=728%2C410&#038;ssl=1\" alt=\"Foto em Amor Perfeito: Mar\u00ea puxa Gilda...\" width=\"728\" height=\"410\" class=\"alignnone size-full wp-image-53842\" srcset=\"https:\/\/i0.wp.com\/www.tvnovelas.com.br\/tvnews\/wp-content\/uploads\/2023\/07\/37602.jpg?w=728&amp;ssl=1 728w, https:\/\/i0.wp.com\/www.tvnovelas.com.br\/tvnews\/wp-content\/uploads\/2023\/07\/37602.jpg?resize=678%2C381&amp;ssl=1 678w\" sizes=\"(max-width: 728px) 100vw, 728px\" \/><\/p>\n<p>Em Amor Perfeito, o quadro de sa\u00fade de Marcelino (Levi Asaf) n\u00e3o deu ind\u00edcios de melhora. Pelo contr\u00e1rio, inclusive: piorou. H\u00e1 dias o menino est\u00e1 mal, apresentando fraqueza, apatia, al\u00e9m de n\u00e3o estar se alimentando. Tudo isso pela infelicidade de viver sob os cuidados de Gilda (Mariana Ximenes). A \u00faltima foi desmaiar na escola, o que far\u00e1 com que ele seja levado \u00e0s pressas para hospital de S\u00e3o Jacinto.<\/p>\n<p>L\u00e1, come\u00e7ar\u00e1 a ser examinado pelo pr\u00f3prio pai, Orlando (Diogo Almeida), que ainda n\u00e3o sabe que seu filho de cora\u00e7\u00e3o \u00e9, na verdade, seu filho biol\u00f3gico tamb\u00e9m. O m\u00e9dico ir\u00e1 constatar que a press\u00e3o, temperatura e pulso do menino est\u00e3o baixos e o colocar\u00e1 no soro imediatamente.<\/p>\n<p>\u201cEle est\u00e1 desidratado e possivelmente an\u00eamico tamb\u00e9m\u201d, concluir\u00e1 Orlando.<\/p>\n<p>Administradora do hospital e m\u00e3e que tamb\u00e9m ainda n\u00e3o est\u00e1 ciente dos la\u00e7os sangu\u00edneos, mas j\u00e1 ama o menino como se fosse, Mar\u00ea (Camila Queiroz) ir\u00e1 correndo ver Marcelino.<\/p>\n<p>\u201cComo voc\u00ea foi ficar assim, meu amor?\u201d, questionar\u00e1 a hero\u00edna, desesperada.<\/p>\n<p>Algum tempo depois, com Marcelino relativamente j\u00e1 mais est\u00e1vel, Gilda ir\u00e1 aparecer no hospital colocando banca contra Mar\u00ea, questionando o porqu\u00ea da presen\u00e7a dela ali, afinal, a m\u00e3e do menino de acordo com a Justi\u00e7a, \u00e9 a ruiva.<\/p>\n<p>\u201cAgora a sua m\u00e3e de verdade est\u00e1 aqui, meu filho\u201d, dir\u00e1 ela, ao flagrar os tr\u00eas e ver o menino abatido, mas j\u00e1 com um sorriso no rosto, ao lado de Mar\u00ea e Orlando. \u201cEspero n\u00e3o estar interrompendo nada. (&#8230;) Vim assim que me avisaram do que aconteceu\u201d, continuar\u00e1 ela.<\/p>\n<p>A vil\u00e3 come\u00e7ar\u00e1 a trocar farpas com a ex-enteada e Marcelino at\u00e9 sai em defesa da hero\u00edna, mas, por conta do estado dele, Orlando vai pedir a todos para sa\u00edrem do quarto.<\/p>\n<p>Quando a ruiva chegar ao corredor do hospital, ser\u00e1 abordada por Mar\u00ea, e at\u00e9 tentar\u00e1 desviar, mas a protagonista puxar\u00e1 a vil\u00e3 pelo bra\u00e7o com bastante atitude.<\/p>\n<p>\u201cO Orlando me disse que o Marcelino n\u00e3o t\u00e1 se alimentando, que outra noite estava ardendo em febre e que voc\u00ea trancou o menino no quarto! O que voc\u00ea tem na cabe\u00e7a, Gilda?\u201d, questionar\u00e1 ela, indignada.<\/p>\n<p>\u201cEle precisava de um castigo, ora essa\u201d, justificar\u00e1 a ruiva. \u201cO malcriado fugiu de casa e foi pra Irmandade sem pedir licen\u00e7a, e pra se encontrar com voc\u00ea! Eu aposto que voc\u00ea incentivou o menino.\u201d<\/p>\n<p>\u201cComo \u00e9 que eu faria isso, se ningu\u00e9m pode visitar o Marcelino?\u201d, rebater\u00e1 Mar\u00ea.<\/p>\n<p>As duas, ent\u00e3o, ir\u00e3o bater boca, com Gilda cismando que a rival foi c\u00famplice na ocasi\u00e3o em que Marcelino escapou da mans\u00e3o; enquanto Mar\u00ea, por sua vez, lembrar\u00e1 que, al\u00e9m de n\u00e3o ter participado em nada, a vil\u00e3 est\u00e1 prejudicando a sa\u00fade do menino ao isol\u00e1-lo de todos.<\/p>\n<p>A ruiva ir\u00e1 bater de frente, por\u00e9m, decidir\u00e1 ir embora, mas Mar\u00ea vai mostrar que, quando se trata de Marcelino, ela n\u00e3o est\u00e1 nenhum pouco para brincadeira e aperta ainda mais a vil\u00e3.<\/p>\n<p>\u201cAi, meu bra\u00e7o!\u201d, reclamar\u00e1 ela.<\/p>\n<p>\u201cVoc\u00ea n\u00e3o sabe nada sobre o Marcelino, Gilda!\u201d, dir\u00e1 ela com sangue nos olhos, relembrando a boa educa\u00e7\u00e3o que o menino sempre recebeu na Irmandade.<\/p>\n<p>\u201cOra, n\u00e3o seja dram\u00e1tica, Maria Elisa!\u201d, responder\u00e1 a ruiva.<\/p>\n<p>\u201cVoc\u00ea queria apagar o verdadeiro Marcelino e criar um outro menino, ao seu gosto. (&#8230;) Ele t\u00e1 fora do eixo, desorientado, e foi tamb\u00e9m por isso que ele passou mal na escola!\u201d<\/p>\n<p>\u201cEle estava fazendo birra, como toda crian\u00e7a mimada que n\u00e3o conhece limites! (&#8230;) Eu estou educando esse menino! O que \u00e9 a minha obriga\u00e7\u00e3o como m\u00e3e!\u201d, justificar\u00e1 Gilda.<\/p>\n<p>\u201cM\u00e3e, coisa nenhuma! Isso \u00e9 s\u00f3 um capricho teu, Gilda! At\u00e9 quando voc\u00ea vai levar esse capricho adiante, me fala! At\u00e9 o Marcelino perder a sa\u00fade e adoecer gravemente, perder a vontade de viver? \u00c9 assim que voc\u00ea quer me ferir agora? \u00c9 assim?\u201d<\/p>\n<p>\u201cO seu mal, Maria Elisa, \u00e9 que voc\u00ea se d\u00e1 muita import\u00e2ncia, acha que minha vida gira em torno de voc\u00ea! Mas est\u00e1 enganada. E gastando o seu latim \u00e0 toa. Porque eu n\u00e3o vou desistir do Marcelino. Vou dar pra ele uma fam\u00edlia completa &#8211; com uma m\u00e3e e um pai. E o pai vai ser o Orlando, o homem com quem eu vou me casar\u201d, provocar\u00e1, a vil\u00e3, acertando em cheio Mar\u00ea.<br \/>\n<!--END POST--><br \/>\n<a href=\"https:\/\/www.tvnovelas.com.br\/novelas\/resumos-de-amor-perfeito\/\" rel=\"noopener\" target=\"_blank\">Confira os resumos da semana de &#8216;Amor Perfeito<\/a><br \/>\n<strong style=\"font-size: 120%;\">\u00daltimas not\u00edcias de Amor Perfeito:<\/strong><br \/>\n<div class=\"pt-cv-wrapper\"><div class=\"pt-cv-view pt-cv-grid pt-cv-colsys\" id=\"pt-cv-view-04db883axk\"><div data-id=\"pt-cv-page-1\" class=\"pt-cv-page\" data-cvc=\"1\"><div class=\"col-md-12 col-sm-12 col-xs-12 pt-cv-content-item pt-cv-1-col\" ><div class='pt-cv-ifield'><h4 class=\"pt-cv-title\"><a href=\"https:\/\/www.tvnovelas.com.br\/tvnews\/amor-perfeito-mare-e-orlando-se-casam\/\" class=\"_self\" target=\"_self\" >Amor Perfeito: Mar\u00ea e Orlando se casam<\/a><\/h4><\/div><\/div>\n<div class=\"col-md-12 col-sm-12 col-xs-12 pt-cv-content-item pt-cv-1-col\" ><div class='pt-cv-ifield'><h4 class=\"pt-cv-title\"><a href=\"https:\/\/www.tvnovelas.com.br\/tvnews\/amor-perfeito-gilda-emocionada-abraca-marcelino\/\" class=\"_self\" target=\"_self\" >Amor Perfeito: Gilda emocionada abra\u00e7a Marcelino<\/a><\/h4><\/div><\/div>\n<div class=\"col-md-12 col-sm-12 col-xs-12 pt-cv-content-item pt-cv-1-col\" ><div class='pt-cv-ifield'><h4 class=\"pt-cv-title\"><a href=\"https:\/\/www.tvnovelas.com.br\/tvnews\/amor-perfeito-orlando-descobre-que-lucilia-foi-assassinada-a-mando-de-gilda\/\" class=\"_self\" target=\"_self\" >Amor Perfeito: Orlando descobre que Luc\u00edlia foi assassinada a mando de Gilda<\/a><\/h4><\/div><\/div>\n<div class=\"col-md-12 col-sm-12 col-xs-12 pt-cv-content-item pt-cv-1-col\" ><div class='pt-cv-ifield'><h4 class=\"pt-cv-title\"><a href=\"https:\/\/www.tvnovelas.com.br\/tvnews\/amor-perfeito-gilda-e-descoberta-como-mandante-de-assassinato\/\" class=\"_self\" target=\"_self\" >Amor Perfeito: Gilda \u00e9 descoberta como mandante de assassinato<\/a><\/h4><\/div><\/div>\n<div class=\"col-md-12 col-sm-12 col-xs-12 pt-cv-content-item pt-cv-1-col\" ><div class='pt-cv-ifield'><h4 class=\"pt-cv-title\"><a href=\"https:\/\/www.tvnovelas.com.br\/tvnews\/amor-perfeito-gilda-foge-da-cadeia-com-ajuda-de-gaspar\/\" class=\"_self\" target=\"_self\" >Amor Perfeito: Gilda foge da cadeia com ajuda de Gaspar<\/a><\/h4><\/div><\/div>\n<div class=\"col-md-12 col-sm-12 col-xs-12 pt-cv-content-item pt-cv-1-col\" ><div class='pt-cv-ifield'><h4 class=\"pt-cv-title\"><a href=\"https:\/\/www.tvnovelas.com.br\/tvnews\/amor-perfeito-darlene-e-joao-se-casam\/\" class=\"_self\" target=\"_self\" >Amor Perfeito: Darlene e Jo\u00e3o se casam<\/a><\/h4><\/div><\/div><\/div><\/div><\/div><br \/>\n<strong style=\"font-size: 120%;\">\u00daltimas not\u00edcias deste site:<\/strong><br \/>\n<div class=\"pt-cv-wrapper\"><div class=\"pt-cv-view pt-cv-grid pt-cv-colsys\" id=\"pt-cv-view-90991035b3\"><div data-id=\"pt-cv-page-1\" class=\"pt-cv-page\" data-cvc=\"1\"><div class=\"col-md-12 col-sm-12 col-xs-12 pt-cv-content-item pt-cv-1-col\" ><div class='pt-cv-ifield'><h4 class=\"pt-cv-title\"><a href=\"https:\/\/www.tvnovelas.com.br\/tvnews\/coracao-acelerado-zila-se-preocupa-com-sua-situacao-apos-separacao\/\" class=\"_self\" target=\"_self\" >Cora\u00e7\u00e3o Acelerado: Zil\u00e1 se preocupa com sua situa\u00e7\u00e3o ap\u00f3s separa\u00e7\u00e3o<\/a><\/h4><\/div><\/div>\n<div class=\"col-md-12 col-sm-12 col-xs-12 pt-cv-content-item pt-cv-1-col\" ><div class='pt-cv-ifield'><h4 class=\"pt-cv-title\"><a href=\"https:\/\/www.tvnovelas.com.br\/tvnews\/a-nobreza-do-amor-tonho-nao-se-curva-diante-de-mirinho\/\" class=\"_self\" target=\"_self\" >A Nobreza do Amor: Tonho n\u00e3o se curva diante de Mirinho<\/a><\/h4><\/div><\/div>\n<div class=\"col-md-12 col-sm-12 col-xs-12 pt-cv-content-item pt-cv-1-col\" ><div class='pt-cv-ifield'><h4 class=\"pt-cv-title\"><a href=\"https:\/\/www.tvnovelas.com.br\/tvnews\/tres-gracas-arminda-surta-ao-confirmar-que-ferette-e-pai-de-raul\/\" class=\"_self\" target=\"_self\" >Tr\u00eas Gra\u00e7as:  Arminda surta ao confirmar que Ferette \u00e9 pai de Raul<\/a><\/h4><\/div><\/div>\n<div class=\"col-md-12 col-sm-12 col-xs-12 pt-cv-content-item pt-cv-1-col\" ><div class='pt-cv-ifield'><h4 class=\"pt-cv-title\"><a href=\"https:\/\/www.tvnovelas.com.br\/tvnews\/coracao-de-mae-atilla-confronta-hasan-e-exige-o-divorcio-de-lale\/\" class=\"_self\" target=\"_self\" >Cora\u00e7\u00e3o de M\u00e3e: Atilla confronta Hasan e exige o div\u00f3rcio de Lale<\/a><\/h4><\/div><\/div>\n<div class=\"col-md-12 col-sm-12 col-xs-12 pt-cv-content-item pt-cv-1-col\" ><div class='pt-cv-ifield'><h4 class=\"pt-cv-title\"><a href=\"https:\/\/www.tvnovelas.com.br\/tvnews\/guerra-das-rosas-gulfem-coloca-gulru-contra-a-parede\/\" class=\"_self\" target=\"_self\" >Guerra das Rosas: Gulfem coloca Gulru contra a parede<\/a><\/h4><\/div><\/div>\n<div class=\"col-md-12 col-sm-12 col-xs-12 pt-cv-content-item pt-cv-1-col\" ><div class='pt-cv-ifield'><h4 class=\"pt-cv-title\"><a href=\"https:\/\/www.tvnovelas.com.br\/tvnews\/coracao-de-mae-atilla-diz-a-lale-que-quer-o-divorcio\/\" class=\"_self\" target=\"_self\" >Cora\u00e7\u00e3o de M\u00e3e: Atilla diz a Lale que quer o div\u00f3rcio<\/a><\/h4><\/div><\/div>\n<div class=\"col-md-12 col-sm-12 col-xs-12 pt-cv-content-item pt-cv-1-col\" ><div class='pt-cv-ifield'><h4 class=\"pt-cv-title\"><a href=\"https:\/\/www.tvnovelas.com.br\/tvnews\/a-nobreza-do-amor-mirinho-garante-noivado-com-virginia-para-atrair-sogro-a-negocio\/\" class=\"_self\" target=\"_self\" >A Nobreza do Amor: Mirinho garante noivado com Virg\u00ednia para atrair sogro a neg\u00f3cio<\/a><\/h4><\/div><\/div>\n<div class=\"col-md-12 col-sm-12 col-xs-12 pt-cv-content-item pt-cv-1-col\" ><div class='pt-cv-ifield'><h4 class=\"pt-cv-title\"><a href=\"https:\/\/www.tvnovelas.com.br\/tvnews\/tres-gracas-joaquim-propoe-fuga-a-arminda-com-o-dinheiro-das-tres-gracas\/\" class=\"_self\" target=\"_self\" >Tr\u00eas Gra\u00e7as:  Joaquim prop\u00f5e fuga a Arminda com o dinheiro das Tr\u00eas Gra\u00e7as<\/a><\/h4><\/div><\/div>\n<div class=\"col-md-12 col-sm-12 col-xs-12 pt-cv-content-item pt-cv-1-col\" ><div class='pt-cv-ifield'><h4 class=\"pt-cv-title\"><a href=\"https:\/\/www.tvnovelas.com.br\/tvnews\/coracao-de-mae-atilla-decide-abrir-o-jogo-com-karsu\/\" class=\"_self\" target=\"_self\" >Cora\u00e7\u00e3o de M\u00e3e: Atilla decide abrir o jogo com Karsu<\/a><\/h4><\/div><\/div>\n<div class=\"col-md-12 col-sm-12 col-xs-12 pt-cv-content-item pt-cv-1-col\" ><div class='pt-cv-ifield'><h4 class=\"pt-cv-title\"><a href=\"https:\/\/www.tvnovelas.com.br\/tvnews\/coracao-de-mae-adnan-e-preso-apos-denuncia-de-irmak\/\" class=\"_self\" target=\"_self\" >Em Cora\u00e7\u00e3o de M\u00e3e: Adnan \u00e9 preso ap\u00f3s denuncia de Irmak<\/a><\/h4><\/div><\/div><\/div><\/div><\/div><br \/>\n<a href=\"https:\/\/www.tvnovelas.com.br\/novelas\/\"><strong>Confira os resumos da semana de todas novelas<\/strong><\/a><\/p>\n<h3>Confira tamb\u00e9m<\/h3>\n<p><a href=\"https:\/\/www.tvnovelas.com.br\/filmes\/\" target=\"_blank\" rel=\"noopener noreferrer\"><strong>Programa\u00e7\u00e3o de filmes na TV aberta<\/strong><\/a><br \/>\n<a href=\"https:\/\/caetenews.com.br\/semana\/filmes-da-globo-na-sessao-da-tarde-desta-semana\/\" target=\"_blank\" rel=\"noopener\"><strong>Confira os filmes da semana na Sess\u00e3o da Tarde<\/strong><\/a><br \/>\n<a href=\"https:\/\/www.tvnovelas.com.br\/novelas\/\" target=\"_blank\" rel=\"noopener noreferrer\"><strong>Resumos de novelas<\/strong><\/a><\/p>\n","protected":false},"excerpt":{"rendered":"<p>Em Amor Perfeito, o quadro de sa\u00fade de Marcelino (Levi Asaf) n\u00e3o deu ind\u00edcios de melhora. Pelo contr\u00e1rio, inclusive: piorou. H\u00e1 dias o menino est\u00e1 mal&#8230;<\/p>\n","protected":false},"author":1,"featured_media":53842,"comment_status":"closed","ping_status":"closed","sticky":false,"template":"","format":"standard","meta":{"_uf_show_specific_survey":0,"_uf_disable_surveys":false,"_jetpack_memberships_contains_paid_content":false,"footnotes":"","_wp_rev_ctl_limit":""},"categories":[375],"tags":[5,64],"class_list":["post-53841","post","type-post","status-publish","format-standard","has-post-thumbnail","hentry","category-amor-perfeito","tag-globo","tag-novelas","wpcat-375-id"],"aioseo_notices":[],"jetpack_featured_media_url":"https:\/\/i0.wp.com\/www.tvnovelas.com.br\/tvnews\/wp-content\/uploads\/2023\/07\/37602.jpg?fit=728%2C410&ssl=1","jetpack_shortlink":"https:\/\/wp.me\/pdP2BO-e0p","jetpack_sharing_enabled":true,"_links":{"self":[{"href":"https:\/\/www.tvnovelas.com.br\/tvnews\/wp-json\/wp\/v2\/posts\/53841","targetHints":{"allow":["GET"]}}],"collection":[{"href":"https:\/\/www.tvnovelas.com.br\/tvnews\/wp-json\/wp\/v2\/posts"}],"about":[{"href":"https:\/\/www.tvnovelas.com.br\/tvnews\/wp-json\/wp\/v2\/types\/post"}],"author":[{"embeddable":true,"href":"https:\/\/www.tvnovelas.com.br\/tvnews\/wp-json\/wp\/v2\/users\/1"}],"replies":[{"embeddable":true,"href":"https:\/\/www.tvnovelas.com.br\/tvnews\/wp-json\/wp\/v2\/comments?post=53841"}],"version-history":[{"count":1,"href":"https:\/\/www.tvnovelas.com.br\/tvnews\/wp-json\/wp\/v2\/posts\/53841\/revisions"}],"predecessor-version":[{"id":53843,"href":"https:\/\/www.tvnovelas.com.br\/tvnews\/wp-json\/wp\/v2\/posts\/53841\/revisions\/53843"}],"wp:featuredmedia":[{"embeddable":true,"href":"https:\/\/www.tvnovelas.com.br\/tvnews\/wp-json\/wp\/v2\/media\/53842"}],"wp:attachment":[{"href":"https:\/\/www.tvnovelas.com.br\/tvnews\/wp-json\/wp\/v2\/media?parent=53841"}],"wp:term":[{"taxonomy":"category","embeddable":true,"href":"https:\/\/www.tvnovelas.com.br\/tvnews\/wp-json\/wp\/v2\/categories?post=53841"},{"taxonomy":"post_tag","embeddable":true,"href":"https:\/\/www.tvnovelas.com.br\/tvnews\/wp-json\/wp\/v2\/tags?post=53841"}],"curies":[{"name":"wp","href":"https:\/\/api.w.org\/{rel}","templated":true}]}}