{"id":54055,"date":"2023-08-03T09:05:55","date_gmt":"2023-08-03T12:05:55","guid":{"rendered":"https:\/\/www.tvnovelas.com.br\/tvnews\/?p=54055"},"modified":"2023-08-03T09:05:55","modified_gmt":"2023-08-03T12:05:55","slug":"amor-perfeito-erico-revela-segredo-a-veronica-apos-anselmo-tentar-reatar-com-ela","status":"publish","type":"post","link":"https:\/\/www.tvnovelas.com.br\/tvnews\/amor-perfeito-erico-revela-segredo-a-veronica-apos-anselmo-tentar-reatar-com-ela\/","title":{"rendered":"Amor Perfeito: \u00c9rico revela segredo a Veronica ap\u00f3s Anselmo tentar reatar com ela"},"content":{"rendered":"<p><em>Em Amor Perfeito: \u00c9rico revela segredo a Veronica&#8230;<\/em><br \/>\n<img data-recalc-dims=\"1\" decoding=\"async\" class=\"alignnone wp-image-54056 size-full\" title=\"(Foto: TV Globo\/Amor Perfeito)\" src=\"https:\/\/i0.wp.com\/www.tvnovelas.com.br\/tvnews\/wp-content\/uploads\/2023\/08\/37634.jpg?resize=728%2C410&#038;ssl=1\" alt=\"Foto em Amor Perfeito: \u00c9rico revela segredo a Veronica....\" width=\"728\" height=\"410\" srcset=\"https:\/\/i0.wp.com\/www.tvnovelas.com.br\/tvnews\/wp-content\/uploads\/2023\/08\/37634.jpg?w=728&amp;ssl=1 728w, https:\/\/i0.wp.com\/www.tvnovelas.com.br\/tvnews\/wp-content\/uploads\/2023\/08\/37634.jpg?resize=678%2C381&amp;ssl=1 678w\" sizes=\"(max-width: 728px) 100vw, 728px\" \/><\/p>\n<p>Em Amor Perfeito, tudo se encaminha bem na vida de Ver\u00f4nica (Ana Cec\u00edlia Costa): Julio (Daniel Rangel) est\u00e1 voando na profiss\u00e3o; o restaurante que inaugurou h\u00e1 pouco \u00e9 um sucesso em S\u00e3o Jacinto e seu noivado com \u00c9rico (Carmo Dalla Vecchia) vai de vento em popa, com o cas\u00f3rio prestes a ocorrer. Por\u00e9m, s\u00e3o sempre nestes momentos que o passado volta para perturbar&#8230; E por passado leia-se: Anselmo (Paulo Betti).<\/p>\n<p>O prefeito, que, inclusive, \u00e9 pai de Julio, n\u00e3o se conformou em perder a amante de mais de 20 anos para o advogado. E ela, por sua vez, foi bem objetiva depois que colocou um fim no caso entre eles e recusou todas as investidas para reatarem. Mas Anselmo n\u00e3o desiste. Ele ir\u00e1 esperar todos os fregueses do estabelecimento sa\u00edrem e, quando a mo\u00e7a estiver fechando o caixa, pronta para ir embora do restaurante, ser\u00e1 surpreendida pelo ex.<\/p>\n<p>\u201cMeu Deus, voc\u00ea parece uma assombra\u00e7\u00e3o, homem! O que voc\u00ea t\u00e1 fazendo aqui, Anselmo?\u201d, questionar\u00e1 ela.<\/p>\n<p>\u201cEu vim pra dizer que n\u00e3o aceito que voc\u00ea me troque por esse sujeito. Casar, ent\u00e3o! Onde j\u00e1 se viu? Uma mulher na sua idade! N\u00e3o aceito e pronto, acabou!\u201d, vai disparar ele.<\/p>\n<p>\u201cEra s\u00f3 o que me faltava! Anselmo, quem voc\u00ea pensa que \u00e9 pra aceitar ou desaceitar qualquer coisa da minha vida? Eu vou me casar, sim! Vou ter um marido, um companheiro ao meu lado. E o J\u00falio, vai ter um homem s\u00e9rio, digno, pra ocupar o lugar de pai!\u201d<\/p>\n<p>\u201cHomem! R\u00e1\u201d Voc\u00ea t\u00e1 \u00e9 sendo enganada por aquele gabiru cheirando a \u00e1gua de col\u00f4nia. (&#8230;) Eu estou aqui pra abrir seus olhos\u201d, provocar\u00e1 o prefeito, rindo, fazendo men\u00e7\u00e3o ao fato de o advogado ser bissexual.<\/p>\n<p>\u201cO \u00c9rico \u00e9 um invertido, um fru-fru em bom portugu\u00eas! Sempre foi! S\u00f3 t\u00e1 se casando com voc\u00ea pra calar as m\u00e1s l\u00ednguas. Ser\u00e1 que voc\u00ea n\u00e3o v\u00ea isso?\u201d, continuar\u00e1 ele, sem saber que o pr\u00f3prio advogado j\u00e1 contou sobre seus relacionamentos passados com outros homens \u00e0 noiva.<\/p>\n<p>\u201cPra seu governo, seu Anselmo Queijeiro, homem nenhum, at\u00e9 hoje, me fez feliz como ele faz&#8230; Nenhum!\u201d, rebater\u00e1 ela.<\/p>\n<p>\u201cArrependimento eu tenho, mas \u00e9 do tanto que eu me deixei levar por voc\u00ea, Anselmo &#8211; um sujeitinho pequeno, mesquinho, ego\u00edsta e med\u00edocre at\u00e9 o \u00faltimo fio de cabelo! Cai fora, Anselmo! Some da minha vista!\u201d<\/p>\n<p>E ser\u00e1 assim que Ver\u00f4nica vai dar mais um corte no ex e sair\u00e1 de l\u00e1, deixando ele reclamar sozinho, ignorando totalmente as provoca\u00e7\u00f5es.<\/p>\n<p><strong>Sinceridade<\/strong><br \/>\nChegando em casa, ao ver que a noiva est\u00e1 abalada, \u00c9rico ir\u00e1 perguntar o que ocorreu e ela contar\u00e1 sobre o encontro com Anselmo e, sem entrar em muitos detalhes, mencionar\u00e1 os coment\u00e1rios que o prefeito fez.<\/p>\n<p>A princ\u00edpio, o advogado ficar\u00e1 abalado, por\u00e9m, vai respirar fundo e, mais uma vez, ser\u00e1 totalmente sincero a futura-esposa.<\/p>\n<p>\u201cProvavelmente foi o Gaspar que disse isso a ele\u201d, explicar\u00e1 ele.<\/p>\n<p>\u201cEu vivi coisas muito ruins por ser quem eu sou, Ver\u00f4nica. Teve uma vez que a Gilda roubou uma carta que o Romeu enviou pra mim. Uma carta de amor. Ela usou isso pra me chantagear. Por conta disso, tamb\u00e9m tive que fazer coisas das quais eu me arrependo muito\u201d, vai revelar ele.<\/p>\n<p>O advogado ser\u00e1 honesto e dir\u00e1 \u00e0 amada sobre a arma\u00e7\u00e3o envolvendo Gaspar (Thiago Lacerda) e Gilda (Mariana Ximenes) para prejudicar Mar\u00ea (Camila Queiroz) em rela\u00e7\u00e3o \u00e0 mans\u00e3o. Quando questionado sobre o porqu\u00ea de n\u00e3o ter compartilhado isto antes, \u00c9rico vai dizer que n\u00e3o queria dividir este fardo com a noiva.<\/p>\n<p>\u201cAgora tanta coisa faz sentido. Voc\u00ea n\u00e3o ter sa\u00eddo do hotel pra abrir um escrit\u00f3rio com o J\u00falio&#8230; N\u00e3o ter aceitado o caso do dr. Orlando\u201d, concluir\u00e1 Ver\u00f4nica.<\/p>\n<p>\u201cEu n\u00e3o podia comprometer a investiga\u00e7\u00e3o da morte da Luc\u00edlia, com a Gilda tendo esse trunfo contra mim&#8230; Desculpa. Eu n\u00e3o queria esconder nada de voc\u00ea, a melhor coisa da nossa rela\u00e7\u00e3o \u00e9 que eu me sinto acolhido e pleno ao seu lado.\u201d<\/p>\n<p>\u201cO Anselmo, mesquinho como \u00e9, vai espalhar isso por a\u00ed! Como vai ficar a sua carreira, a sua reputa\u00e7\u00e3o? Meu Deus, as pessoas podem at\u00e9 te agredir fisicamente&#8230; ou coisa pior! A gente vive num mundo t\u00e3o cheio de preconceito!\u201d, vai temer ela.<\/p>\n<p>\u201cE voc\u00ea Ver\u00f4nica? Se as pessoas come\u00e7arem a falar, voc\u00ea vai ser prejudicada tamb\u00e9m. Seja sincera: sabendo que eu amei o Romeu e agora te amo como nunca amei ningu\u00e9m. Sabendo que eu corro o risco dessa exposi\u00e7\u00e3o, voc\u00ea ainda quer casar comigo?\u201d, questionar\u00e1 ele.<\/p>\n<p>\u201cQue pergunta, \u00c9rico! \u00c9 tudo o que eu mais quero na vida. Eu te amo do jeitinho que voc\u00ea \u00e9. Estou disposta a enfrentar qualquer falat\u00f3rio ao seu lado e te defender, se for preciso\u201d, defender\u00e1 ela.<br \/>\n<!--END POST--><br \/>\n<a href=\"https:\/\/www.tvnovelas.com.br\/novelas\/resumos-de-amor-perfeito\/\" target=\"_blank\" rel=\"noopener\">Confira os resumos da semana de &#8216;Amor Perfeito<\/a><br \/>\n<strong style=\"font-size: 120%;\">\u00daltimas not\u00edcias de Amor Perfeito:<\/strong><br \/>\n<div class=\"pt-cv-wrapper\"><div class=\"pt-cv-view pt-cv-grid pt-cv-colsys\" id=\"pt-cv-view-04db883axk\"><div data-id=\"pt-cv-page-1\" class=\"pt-cv-page\" data-cvc=\"1\"><div class=\"col-md-12 col-sm-12 col-xs-12 pt-cv-content-item pt-cv-1-col\" ><div class='pt-cv-ifield'><h4 class=\"pt-cv-title\"><a href=\"https:\/\/www.tvnovelas.com.br\/tvnews\/amor-perfeito-mare-e-orlando-se-casam\/\" class=\"_self\" target=\"_self\" >Amor Perfeito: Mar\u00ea e Orlando se casam<\/a><\/h4><\/div><\/div>\n<div class=\"col-md-12 col-sm-12 col-xs-12 pt-cv-content-item pt-cv-1-col\" ><div class='pt-cv-ifield'><h4 class=\"pt-cv-title\"><a href=\"https:\/\/www.tvnovelas.com.br\/tvnews\/amor-perfeito-gilda-emocionada-abraca-marcelino\/\" class=\"_self\" target=\"_self\" >Amor Perfeito: Gilda emocionada abra\u00e7a Marcelino<\/a><\/h4><\/div><\/div>\n<div class=\"col-md-12 col-sm-12 col-xs-12 pt-cv-content-item pt-cv-1-col\" ><div class='pt-cv-ifield'><h4 class=\"pt-cv-title\"><a href=\"https:\/\/www.tvnovelas.com.br\/tvnews\/amor-perfeito-orlando-descobre-que-lucilia-foi-assassinada-a-mando-de-gilda\/\" class=\"_self\" target=\"_self\" >Amor Perfeito: Orlando descobre que Luc\u00edlia foi assassinada a mando de Gilda<\/a><\/h4><\/div><\/div>\n<div class=\"col-md-12 col-sm-12 col-xs-12 pt-cv-content-item pt-cv-1-col\" ><div class='pt-cv-ifield'><h4 class=\"pt-cv-title\"><a href=\"https:\/\/www.tvnovelas.com.br\/tvnews\/amor-perfeito-gilda-e-descoberta-como-mandante-de-assassinato\/\" class=\"_self\" target=\"_self\" >Amor Perfeito: Gilda \u00e9 descoberta como mandante de assassinato<\/a><\/h4><\/div><\/div>\n<div class=\"col-md-12 col-sm-12 col-xs-12 pt-cv-content-item pt-cv-1-col\" ><div class='pt-cv-ifield'><h4 class=\"pt-cv-title\"><a href=\"https:\/\/www.tvnovelas.com.br\/tvnews\/amor-perfeito-gilda-foge-da-cadeia-com-ajuda-de-gaspar\/\" class=\"_self\" target=\"_self\" >Amor Perfeito: Gilda foge da cadeia com ajuda de Gaspar<\/a><\/h4><\/div><\/div>\n<div class=\"col-md-12 col-sm-12 col-xs-12 pt-cv-content-item pt-cv-1-col\" ><div class='pt-cv-ifield'><h4 class=\"pt-cv-title\"><a href=\"https:\/\/www.tvnovelas.com.br\/tvnews\/amor-perfeito-darlene-e-joao-se-casam\/\" class=\"_self\" target=\"_self\" >Amor Perfeito: Darlene e Jo\u00e3o se casam<\/a><\/h4><\/div><\/div><\/div><\/div><\/div><br \/>\n<strong style=\"font-size: 120%;\">\u00daltimas not\u00edcias deste site:<\/strong><br \/>\n<div class=\"pt-cv-wrapper\"><div class=\"pt-cv-view pt-cv-grid pt-cv-colsys\" id=\"pt-cv-view-90991035b3\"><div data-id=\"pt-cv-page-1\" class=\"pt-cv-page\" data-cvc=\"1\"><div class=\"col-md-12 col-sm-12 col-xs-12 pt-cv-content-item pt-cv-1-col\" ><div class='pt-cv-ifield'><h4 class=\"pt-cv-title\"><a href=\"https:\/\/www.tvnovelas.com.br\/tvnews\/a-nobreza-do-amor-tonho-nao-se-curva-diante-de-mirinho\/\" class=\"_self\" target=\"_self\" >A Nobreza do Amor: Tonho n\u00e3o se curva diante de Mirinho<\/a><\/h4><\/div><\/div>\n<div class=\"col-md-12 col-sm-12 col-xs-12 pt-cv-content-item pt-cv-1-col\" ><div class='pt-cv-ifield'><h4 class=\"pt-cv-title\"><a href=\"https:\/\/www.tvnovelas.com.br\/tvnews\/tres-gracas-arminda-surta-ao-confirmar-que-ferette-e-pai-de-raul\/\" class=\"_self\" target=\"_self\" >Tr\u00eas Gra\u00e7as:  Arminda surta ao confirmar que Ferette \u00e9 pai de Raul<\/a><\/h4><\/div><\/div>\n<div class=\"col-md-12 col-sm-12 col-xs-12 pt-cv-content-item pt-cv-1-col\" ><div class='pt-cv-ifield'><h4 class=\"pt-cv-title\"><a href=\"https:\/\/www.tvnovelas.com.br\/tvnews\/coracao-de-mae-atilla-confronta-hasan-e-exige-o-divorcio-de-lale\/\" class=\"_self\" target=\"_self\" >Cora\u00e7\u00e3o de M\u00e3e: Atilla confronta Hasan e exige o div\u00f3rcio de Lale<\/a><\/h4><\/div><\/div>\n<div class=\"col-md-12 col-sm-12 col-xs-12 pt-cv-content-item pt-cv-1-col\" ><div class='pt-cv-ifield'><h4 class=\"pt-cv-title\"><a href=\"https:\/\/www.tvnovelas.com.br\/tvnews\/guerra-das-rosas-gulfem-coloca-gulru-contra-a-parede\/\" class=\"_self\" target=\"_self\" >Guerra das Rosas: Gulfem coloca Gulru contra a parede<\/a><\/h4><\/div><\/div>\n<div class=\"col-md-12 col-sm-12 col-xs-12 pt-cv-content-item pt-cv-1-col\" ><div class='pt-cv-ifield'><h4 class=\"pt-cv-title\"><a href=\"https:\/\/www.tvnovelas.com.br\/tvnews\/coracao-de-mae-atilla-diz-a-lale-que-quer-o-divorcio\/\" class=\"_self\" target=\"_self\" >Cora\u00e7\u00e3o de M\u00e3e: Atilla diz a Lale que quer o div\u00f3rcio<\/a><\/h4><\/div><\/div>\n<div class=\"col-md-12 col-sm-12 col-xs-12 pt-cv-content-item pt-cv-1-col\" ><div class='pt-cv-ifield'><h4 class=\"pt-cv-title\"><a href=\"https:\/\/www.tvnovelas.com.br\/tvnews\/a-nobreza-do-amor-mirinho-garante-noivado-com-virginia-para-atrair-sogro-a-negocio\/\" class=\"_self\" target=\"_self\" >A Nobreza do Amor: Mirinho garante noivado com Virg\u00ednia para atrair sogro a neg\u00f3cio<\/a><\/h4><\/div><\/div>\n<div class=\"col-md-12 col-sm-12 col-xs-12 pt-cv-content-item pt-cv-1-col\" ><div class='pt-cv-ifield'><h4 class=\"pt-cv-title\"><a href=\"https:\/\/www.tvnovelas.com.br\/tvnews\/tres-gracas-joaquim-propoe-fuga-a-arminda-com-o-dinheiro-das-tres-gracas\/\" class=\"_self\" target=\"_self\" >Tr\u00eas Gra\u00e7as:  Joaquim prop\u00f5e fuga a Arminda com o dinheiro das Tr\u00eas Gra\u00e7as<\/a><\/h4><\/div><\/div>\n<div class=\"col-md-12 col-sm-12 col-xs-12 pt-cv-content-item pt-cv-1-col\" ><div class='pt-cv-ifield'><h4 class=\"pt-cv-title\"><a href=\"https:\/\/www.tvnovelas.com.br\/tvnews\/coracao-de-mae-atilla-decide-abrir-o-jogo-com-karsu\/\" class=\"_self\" target=\"_self\" >Cora\u00e7\u00e3o de M\u00e3e: Atilla decide abrir o jogo com Karsu<\/a><\/h4><\/div><\/div>\n<div class=\"col-md-12 col-sm-12 col-xs-12 pt-cv-content-item pt-cv-1-col\" ><div class='pt-cv-ifield'><h4 class=\"pt-cv-title\"><a href=\"https:\/\/www.tvnovelas.com.br\/tvnews\/coracao-de-mae-adnan-e-preso-apos-denuncia-de-irmak\/\" class=\"_self\" target=\"_self\" >Em Cora\u00e7\u00e3o de M\u00e3e: Adnan \u00e9 preso ap\u00f3s denuncia de Irmak<\/a><\/h4><\/div><\/div>\n<div class=\"col-md-12 col-sm-12 col-xs-12 pt-cv-content-item pt-cv-1-col\" ><div class='pt-cv-ifield'><h4 class=\"pt-cv-title\"><a href=\"https:\/\/www.tvnovelas.com.br\/tvnews\/coracao-de-mae-atilla-forca-karsu-a-ouvir-suas-explicacoes\/\" class=\"_self\" target=\"_self\" >Cora\u00e7\u00e3o de M\u00e3e: Atilla for\u00e7a Karsu a ouvir suas explica\u00e7\u00f5es<\/a><\/h4><\/div><\/div><\/div><\/div><\/div><br \/>\n<a href=\"https:\/\/www.tvnovelas.com.br\/novelas\/\"><strong>Confira os resumos da semana de todas novelas<\/strong><\/a><\/p>\n<h3>Confira tamb\u00e9m<\/h3>\n<p><a href=\"https:\/\/www.tvnovelas.com.br\/filmes\/\" target=\"_blank\" rel=\"noopener noreferrer\"><strong>Programa\u00e7\u00e3o de filmes na TV aberta<\/strong><\/a><br \/>\n<a href=\"https:\/\/caetenews.com.br\/semana\/filmes-da-globo-na-sessao-da-tarde-desta-semana\/\" target=\"_blank\" rel=\"noopener\"><strong>Confira os filmes da semana na Sess\u00e3o da Tarde<\/strong><\/a><br \/>\n<a href=\"https:\/\/www.tvnovelas.com.br\/novelas\/\" target=\"_blank\" rel=\"noopener noreferrer\"><strong>Resumos de novelas<\/strong><\/a><\/p>\n","protected":false},"excerpt":{"rendered":"<p>Em Amor Perfeito, tudo se encaminha bem na vida de Ver\u00f4nica (Ana Cec\u00edlia Costa): Julio (Daniel Rangel) est\u00e1 voando na profiss\u00e3o; o restaurante que inaugurou h\u00e1 pouco&#8230;<\/p>\n","protected":false},"author":1,"featured_media":54056,"comment_status":"closed","ping_status":"closed","sticky":false,"template":"","format":"standard","meta":{"_uf_show_specific_survey":0,"_uf_disable_surveys":false,"_jetpack_memberships_contains_paid_content":false,"footnotes":"","_wp_rev_ctl_limit":""},"categories":[375],"tags":[376,5,64],"class_list":["post-54055","post","type-post","status-publish","format-standard","has-post-thumbnail","hentry","category-amor-perfeito","tag-amor-perfeito","tag-globo","tag-novelas","wpcat-375-id"],"aioseo_notices":[],"jetpack_featured_media_url":"https:\/\/i0.wp.com\/www.tvnovelas.com.br\/tvnews\/wp-content\/uploads\/2023\/08\/37634.jpg?fit=728%2C410&ssl=1","jetpack_shortlink":"https:\/\/wp.me\/pdP2BO-e3R","jetpack_sharing_enabled":true,"_links":{"self":[{"href":"https:\/\/www.tvnovelas.com.br\/tvnews\/wp-json\/wp\/v2\/posts\/54055","targetHints":{"allow":["GET"]}}],"collection":[{"href":"https:\/\/www.tvnovelas.com.br\/tvnews\/wp-json\/wp\/v2\/posts"}],"about":[{"href":"https:\/\/www.tvnovelas.com.br\/tvnews\/wp-json\/wp\/v2\/types\/post"}],"author":[{"embeddable":true,"href":"https:\/\/www.tvnovelas.com.br\/tvnews\/wp-json\/wp\/v2\/users\/1"}],"replies":[{"embeddable":true,"href":"https:\/\/www.tvnovelas.com.br\/tvnews\/wp-json\/wp\/v2\/comments?post=54055"}],"version-history":[{"count":1,"href":"https:\/\/www.tvnovelas.com.br\/tvnews\/wp-json\/wp\/v2\/posts\/54055\/revisions"}],"predecessor-version":[{"id":54057,"href":"https:\/\/www.tvnovelas.com.br\/tvnews\/wp-json\/wp\/v2\/posts\/54055\/revisions\/54057"}],"wp:featuredmedia":[{"embeddable":true,"href":"https:\/\/www.tvnovelas.com.br\/tvnews\/wp-json\/wp\/v2\/media\/54056"}],"wp:attachment":[{"href":"https:\/\/www.tvnovelas.com.br\/tvnews\/wp-json\/wp\/v2\/media?parent=54055"}],"wp:term":[{"taxonomy":"category","embeddable":true,"href":"https:\/\/www.tvnovelas.com.br\/tvnews\/wp-json\/wp\/v2\/categories?post=54055"},{"taxonomy":"post_tag","embeddable":true,"href":"https:\/\/www.tvnovelas.com.br\/tvnews\/wp-json\/wp\/v2\/tags?post=54055"}],"curies":[{"name":"wp","href":"https:\/\/api.w.org\/{rel}","templated":true}]}}