{"id":54146,"date":"2023-08-05T14:00:50","date_gmt":"2023-08-05T17:00:50","guid":{"rendered":"https:\/\/www.tvnovelas.com.br\/tvnews\/?p=54146"},"modified":"2023-08-05T10:24:31","modified_gmt":"2023-08-05T13:24:31","slug":"o-que-acontece-em-terra-e-paixao-na-semana-de-07-a-12-de-agosto","status":"publish","type":"post","link":"https:\/\/www.tvnovelas.com.br\/tvnews\/o-que-acontece-em-terra-e-paixao-na-semana-de-07-a-12-de-agosto\/","title":{"rendered":"O que acontece em Terra e Paix\u00e3o na semana de 07 a 12 de agosto"},"content":{"rendered":"<p><em>Resumos de Terra e Paix\u00e3o na semana de 07 a 12 de agosto<\/em><br \/>\n<img data-recalc-dims=\"1\" decoding=\"async\" class=\"alignnone wp-image-52997 size-full\" title=\"(Foto: TV Globo\/Terra e Paix\u00e3o)\" src=\"https:\/\/i0.wp.com\/www.tvnovelas.com.br\/tvnews\/wp-content\/uploads\/2023\/07\/375387a.jpg?resize=728%2C410&#038;ssl=1\" alt=\"Resumos de Terra e Paix\u00e3o na semana de 07 a 12\" width=\"728\" height=\"410\" srcset=\"https:\/\/i0.wp.com\/www.tvnovelas.com.br\/tvnews\/wp-content\/uploads\/2023\/07\/375387a.jpg?w=728&amp;ssl=1 728w, https:\/\/i0.wp.com\/www.tvnovelas.com.br\/tvnews\/wp-content\/uploads\/2023\/07\/375387a.jpg?resize=678%2C381&amp;ssl=1 678w\" sizes=\"(max-width: 728px) 100vw, 728px\" \/><\/p>\n<blockquote><p>Aline decide ir ao casamento de Caio; Caio fica em choque ao ver Aline entrando na igreja; Caio e Ant\u00f4nio se enfrentam; Caio desiste de se casar com Gra\u00e7a; Jurec\u00ea aben\u00e7oa a uni\u00e3o de Aline e Caio; Gra\u00e7a prop\u00f5e a Jonatas se unirem para separar Caio e Aline&#8230;<\/p><\/blockquote>\n<p><strong>Resumo de segunda-feira, 07 de agosto<\/strong><br \/>\nAline decide se afastar de Caio. Petra deixa Andrade ca\u00eddo na estrada. Andrade \u00e9 levado ao hospital em situa\u00e7\u00e3o grave. Lucinda encontra uma placa de carro no local onde o marido foi acidentado e conclui que a pessoa que o atropelou omitiu socorro. Silv\u00e9rio teme que Petra possa ser presa. Ruan aceita a proposta de Ant\u00f4nio de se responsabilizar pelo atropelamento de Andrade em troca de dinheiro. Ruan \u00e9 preso. Luigi e Anely planejam entrar no quarto de Nice para encontrar a chave do cofre do banco, onde est\u00e3o guardadas as barras de ouro de C\u00e2ndida. Aline decide ir ao casamento de Caio.<\/p>\n<p><strong>Resumo de ter\u00e7a-feira, 08 de agosto<\/strong><br \/>\nGreg\u00f3rio diz a Nice que descobriu que as barras de ouro est\u00e3o em um cofre do banco. Andrade recebe alta m\u00e9dica. Anely e Lucinda decidem arrumar Aline para ir no casamento de Caio. Anely pede ajuda de Luigi para invadir a loja de Gra\u00e7a. Marino diz a Ant\u00f4nio que sabe que foi Petra quem atropelou Andrade. Tadeu manda Enzo entrar no quarto de Anely para descobrir se ela \u00e9 a garota do pix. Rodrigo comunica a Caio que ter\u00e1 acesso ao laudo da per\u00edcia sobre o carro que Daniel dirigia no dia do acidente. Dalva liga para Ademir e marca um encontro. Ant\u00f4nio avisa a Caio para n\u00e3o decepcion\u00e1-lo. Caio fica em choque ao ver Aline entrando na igreja.<br \/>\n<img data-recalc-dims=\"1\" decoding=\"async\" class=\"alignnone wp-image-53903 size-full\" title=\"(Foto: TV Globo\/Terra e Paix\u00e3o)\" src=\"https:\/\/i0.wp.com\/www.tvnovelas.com.br\/tvnews\/wp-content\/uploads\/2023\/07\/10117.jpg?resize=728%2C409&#038;ssl=1\" alt=\"Foto em Resumos de Terra e Paix\u00e3o na semana de 07 a 12 de agosto\" width=\"728\" height=\"409\" srcset=\"https:\/\/i0.wp.com\/www.tvnovelas.com.br\/tvnews\/wp-content\/uploads\/2023\/07\/10117.jpg?w=728&amp;ssl=1 728w, https:\/\/i0.wp.com\/www.tvnovelas.com.br\/tvnews\/wp-content\/uploads\/2023\/07\/10117.jpg?resize=678%2C381&amp;ssl=1 678w\" sizes=\"(max-width: 728px) 100vw, 728px\" \/><\/p>\n<p><strong>Resumo de quarta-feira, 09 de agosto<\/strong><br \/>\nAline surpreende a todos com sua presen\u00e7a na igreja. Enzo encontra os objetos e adere\u00e7os de Anely e confirma que a irm\u00e3 de Lucinda \u00e9 a garota do pix. Ademir \u00e9 atingido por um tiro, assim que se encontra com Dalva. Irene e Luigi convencem Aline a deixar a igreja. Caio resolve n\u00e3o se casar com Gra\u00e7a. Petra observa Luigi beijando a m\u00e3o de Anely. Ant\u00f4nio pensa em destruir Aline. Dalva chama a ambul\u00e2ncia para Ademir e sai sem ser vista. Gra\u00e7a vai at\u00e9 a casa de Aline e amea\u00e7a a professora. Enzo diz a Anely que descobriu que ela \u00e9 a dominatrix e confessa que est\u00e1 apaixonado. Caio e Ant\u00f4nio se enfrentam.<\/p>\n<p><strong>Resumo de quinta-feira, 10 de agosto<\/strong>Cap\u00edtulo 82<br \/>\nCaio diz a Ant\u00f4nio que sente vergonha do pai e afirma que n\u00e3o abrir\u00e1 m\u00e3o do amor que sente por Aline. Anely promete ficar com Enzo se o t\u00e9cnico de inform\u00e1tica convencer Tadeu de que ela n\u00e3o \u00e9 a dominatrix. H\u00e9lio ampara Petra ao v\u00ea-la passando mal. Ant\u00f4nio expulsa Caio de casa. Caio resolve comprar a casa de Jussara. Menah conta a Jonatas que Caio desistiu de casar com Gra\u00e7a. Luigi reage ao ver Petra com H\u00e9lio. Ramiro sonha com Kelvin. O perfil de Anely \u00e9 cancelado do site. Jurec\u00ea aben\u00e7oa a uni\u00e3o de Aline e Caio.<br \/>\n<img data-recalc-dims=\"1\" decoding=\"async\" class=\"alignnone wp-image-53695 size-full\" title=\"(Foto: TV Globo\/Terra e Paix\u00e3o)\" src=\"https:\/\/i0.wp.com\/www.tvnovelas.com.br\/tvnews\/wp-content\/uploads\/2023\/07\/37574.jpg?resize=726%2C410&#038;ssl=1\" alt=\"Foto em Resumos de Terra e Paix\u00e3o na semana de 07 a 12 de agosto\" width=\"726\" height=\"410\" \/><\/p>\n<p><strong>Resumo de sexta-feira, 11 de agosto<\/strong><br \/>\nRaoni diz a Ira\u00ea que ela n\u00e3o deve gostar de Caio. H\u00e9lio pensa em Petra. Petra descobre que H\u00e9lio \u00e9 o engenheiro contratado da Cooperativa. Caio enfrenta Ant\u00f4nio e afirma que continuar\u00e1 trabalhando nas terras que tamb\u00e9m s\u00e3o suas. Flor avisa a Caio que Ademir foi baleado e est\u00e1 hospitalizado. Anely conta a Luigi que Enzo est\u00e1 apaixonado por ela. Gladys se preocupa com Gra\u00e7a. Jonatas alerta Aline, dizendo que Caio tem interesses em suas terras. Gra\u00e7a decide promover um desfile na cidade. Enzo conta a Tadeu que Anely n\u00e3o \u00e9 a mulher do pix. Ademir avisa a Caio que a morte de Daniel n\u00e3o foi acidental.<\/p>\n<p><strong>Resumo de s\u00e1bado, 12 de agosto<\/strong><br \/>\nAdemir alerta Caio para ter cuidado. Ramiro diz a Kelvin que n\u00e3o pode mais v\u00ea-lo. Rodrigo comunica a Caio que, de acordo com o resultado da per\u00edcia, tudo leva a crer que os freios do carro que Daniel conduzia foram sabotados. Petra desabafa com H\u00e9lio. Caio deduz que Marino esteja acobertando algu\u00e9m, e Rodrigo pensa em tomar as provid\u00eancias cab\u00edveis para a abertura de um inqu\u00e9rito sobre o acidente de Daniel. Petra n\u00e3o responde Luigi, quando o marido pede explica\u00e7\u00f5es ao ver a mulher chegar de carro com H\u00e9lio. Gra\u00e7a prop\u00f5e a Jonatas que ambos unam for\u00e7as para separar Caio e Aline.<br \/>\n<!--END POST--><br \/>\n<a href=\"https:\/\/www.tvnovelas.com.br\/novelas\/resumos-de-terra-e-paixao-2\/\">Confira os resumos de &#8216;Terra e Paix\u00e3o&#8217; da semana 14 a 19 de agosto<\/a><br \/>\n<strong style=\"font-size: 120%;\">\u00daltimas not\u00edcias de Terra e Paix\u00e3o:<br \/>\n<div class=\"pt-cv-wrapper\"><div class=\"pt-cv-view pt-cv-grid pt-cv-colsys\" id=\"pt-cv-view-9bbc6490w2\"><div data-id=\"pt-cv-page-1\" class=\"pt-cv-page\" data-cvc=\"1\"><div class=\"col-md-12 col-sm-6 col-xs-12 pt-cv-content-item pt-cv-1-col\" ><div class='pt-cv-ifield'><h4 class=\"pt-cv-title\"><a href=\"https:\/\/www.tvnovelas.com.br\/tvnews\/terra-e-paixao-vinicius-choca-aline-com-relatorio-sobre-diamantes-em-suas-terras\/\" class=\"_blank\" target=\"_blank\" >Terra e Paix\u00e3o: Vin\u00edcius choca Aline com relat\u00f3rio sobre diamantes em suas terras<\/a><\/h4><\/div><\/div>\n<div class=\"col-md-12 col-sm-6 col-xs-12 pt-cv-content-item pt-cv-1-col\" ><div class='pt-cv-ifield'><h4 class=\"pt-cv-title\"><a href=\"https:\/\/www.tvnovelas.com.br\/tvnews\/terra-e-paixao-fuga-de-antonio-tem-mortes-e-disfarce\/\" class=\"_blank\" target=\"_blank\" >Terra e Paix\u00e3o: Fuga de Ant\u00f4nio tem mortes e disfarce<\/a><\/h4><\/div><\/div>\n<div class=\"col-md-12 col-sm-6 col-xs-12 pt-cv-content-item pt-cv-1-col\" ><div class='pt-cv-ifield'><h4 class=\"pt-cv-title\"><a href=\"https:\/\/www.tvnovelas.com.br\/tvnews\/terra-e-paixao-antonio-invade-casamento-para-matar-aline-no-altar\/\" class=\"_blank\" target=\"_blank\" >Terra e Paix\u00e3o: Ant\u00f4nio invade casamento para matar Aline no altar<\/a><\/h4><\/div><\/div>\n<div class=\"col-md-12 col-sm-6 col-xs-12 pt-cv-content-item pt-cv-1-col\" ><div class='pt-cv-ifield'><h4 class=\"pt-cv-title\"><a href=\"https:\/\/www.tvnovelas.com.br\/tvnews\/terra-e-paixao-graca-se-junta-a-policia-para-salvar-danielzinho\/\" class=\"_blank\" target=\"_blank\" >Terra e Paix\u00e3o: Gra\u00e7a se junta \u00e0 Pol\u00edcia para salvar Danielzinho<\/a><\/h4><\/div><\/div>\n<div class=\"col-md-12 col-sm-6 col-xs-12 pt-cv-content-item pt-cv-1-col\" ><div class='pt-cv-ifield'><h4 class=\"pt-cv-title\"><a href=\"https:\/\/www.tvnovelas.com.br\/tvnews\/terra-e-paixao-marino-da-voz-de-prisao-a-irene\/\" class=\"_blank\" target=\"_blank\" >Terra e Paix\u00e3o: Marino d\u00e1 voz de pris\u00e3o a Irene<\/a><\/h4><\/div><\/div>\n<div class=\"col-md-12 col-sm-6 col-xs-12 pt-cv-content-item pt-cv-1-col\" ><div class='pt-cv-ifield'><h4 class=\"pt-cv-title\"><a href=\"https:\/\/www.tvnovelas.com.br\/tvnews\/terra-e-paixao-irene-sequestra-danielzinho-e-foge-com-vinicius\/\" class=\"_blank\" target=\"_blank\" >Terra e Paix\u00e3o: Irene sequestra Danielzinho e foge com Vin\u00edcius<\/a><\/h4><\/div><\/div><\/div><\/div><\/div><br \/>\n<strong style=\"font-size: 120%;\">\u00daltimas not\u00edcias deste canal:<\/strong><br \/>\n<div class=\"pt-cv-wrapper\"><div class=\"pt-cv-view pt-cv-grid pt-cv-colsys\" id=\"pt-cv-view-90991035b3\"><div data-id=\"pt-cv-page-1\" class=\"pt-cv-page\" data-cvc=\"1\"><div class=\"col-md-12 col-sm-12 col-xs-12 pt-cv-content-item pt-cv-1-col\" ><div class='pt-cv-ifield'><h4 class=\"pt-cv-title\"><a href=\"https:\/\/www.tvnovelas.com.br\/tvnews\/guerra-das-rosas-omer-chama-gulru-vestida-de-noiva-para-fugir\/\" class=\"_self\" target=\"_self\" >Guerra das Rosas: Omer chama Gulru vestida de noiva para fugir<\/a><\/h4><\/div><\/div>\n<div class=\"col-md-12 col-sm-12 col-xs-12 pt-cv-content-item pt-cv-1-col\" ><div class='pt-cv-ifield'><h4 class=\"pt-cv-title\"><a href=\"https:\/\/www.tvnovelas.com.br\/tvnews\/coracao-de-mae-reha-sai-para-jantar-com-selvi\/\" class=\"_self\" target=\"_self\" >Cora\u00e7\u00e3o de M\u00e3e: Reha sai para jantar com Selvi<\/a><\/h4><\/div><\/div>\n<div class=\"col-md-12 col-sm-12 col-xs-12 pt-cv-content-item pt-cv-1-col\" ><div class='pt-cv-ifield'><h4 class=\"pt-cv-title\"><a href=\"https:\/\/www.tvnovelas.com.br\/tvnews\/coracao-acelerado-zila-se-preocupa-com-sua-situacao-apos-separacao\/\" class=\"_self\" target=\"_self\" >Cora\u00e7\u00e3o Acelerado: Zil\u00e1 se preocupa com sua situa\u00e7\u00e3o ap\u00f3s separa\u00e7\u00e3o<\/a><\/h4><\/div><\/div>\n<div class=\"col-md-12 col-sm-12 col-xs-12 pt-cv-content-item pt-cv-1-col\" ><div class='pt-cv-ifield'><h4 class=\"pt-cv-title\"><a href=\"https:\/\/www.tvnovelas.com.br\/tvnews\/a-nobreza-do-amor-tonho-nao-se-curva-diante-de-mirinho\/\" class=\"_self\" target=\"_self\" >A Nobreza do Amor: Tonho n\u00e3o se curva diante de Mirinho<\/a><\/h4><\/div><\/div>\n<div class=\"col-md-12 col-sm-12 col-xs-12 pt-cv-content-item pt-cv-1-col\" ><div class='pt-cv-ifield'><h4 class=\"pt-cv-title\"><a href=\"https:\/\/www.tvnovelas.com.br\/tvnews\/tres-gracas-arminda-surta-ao-confirmar-que-ferette-e-pai-de-raul\/\" class=\"_self\" target=\"_self\" >Tr\u00eas Gra\u00e7as:  Arminda surta ao confirmar que Ferette \u00e9 pai de Raul<\/a><\/h4><\/div><\/div>\n<div class=\"col-md-12 col-sm-12 col-xs-12 pt-cv-content-item pt-cv-1-col\" ><div class='pt-cv-ifield'><h4 class=\"pt-cv-title\"><a href=\"https:\/\/www.tvnovelas.com.br\/tvnews\/coracao-de-mae-atilla-confronta-hasan-e-exige-o-divorcio-de-lale\/\" class=\"_self\" target=\"_self\" >Cora\u00e7\u00e3o de M\u00e3e: Atilla confronta Hasan e exige o div\u00f3rcio de Lale<\/a><\/h4><\/div><\/div>\n<div class=\"col-md-12 col-sm-12 col-xs-12 pt-cv-content-item pt-cv-1-col\" ><div class='pt-cv-ifield'><h4 class=\"pt-cv-title\"><a href=\"https:\/\/www.tvnovelas.com.br\/tvnews\/guerra-das-rosas-gulfem-coloca-gulru-contra-a-parede\/\" class=\"_self\" target=\"_self\" >Guerra das Rosas: Gulfem coloca Gulru contra a parede<\/a><\/h4><\/div><\/div>\n<div class=\"col-md-12 col-sm-12 col-xs-12 pt-cv-content-item pt-cv-1-col\" ><div class='pt-cv-ifield'><h4 class=\"pt-cv-title\"><a href=\"https:\/\/www.tvnovelas.com.br\/tvnews\/coracao-de-mae-atilla-diz-a-lale-que-quer-o-divorcio\/\" class=\"_self\" target=\"_self\" >Cora\u00e7\u00e3o de M\u00e3e: Atilla diz a Lale que quer o div\u00f3rcio<\/a><\/h4><\/div><\/div>\n<div class=\"col-md-12 col-sm-12 col-xs-12 pt-cv-content-item pt-cv-1-col\" ><div class='pt-cv-ifield'><h4 class=\"pt-cv-title\"><a href=\"https:\/\/www.tvnovelas.com.br\/tvnews\/a-nobreza-do-amor-mirinho-garante-noivado-com-virginia-para-atrair-sogro-a-negocio\/\" class=\"_self\" target=\"_self\" >A Nobreza do Amor: Mirinho garante noivado com Virg\u00ednia para atrair sogro a neg\u00f3cio<\/a><\/h4><\/div><\/div>\n<div class=\"col-md-12 col-sm-12 col-xs-12 pt-cv-content-item pt-cv-1-col\" ><div class='pt-cv-ifield'><h4 class=\"pt-cv-title\"><a href=\"https:\/\/www.tvnovelas.com.br\/tvnews\/tres-gracas-joaquim-propoe-fuga-a-arminda-com-o-dinheiro-das-tres-gracas\/\" class=\"_self\" target=\"_self\" >Tr\u00eas Gra\u00e7as:  Joaquim prop\u00f5e fuga a Arminda com o dinheiro das Tr\u00eas Gra\u00e7as<\/a><\/h4><\/div><\/div><\/div><\/div><\/div><br \/>\n<a href=\"https:\/\/www.tvnovelas.com.br\/novelas\/\"><strong>Confira os resumos da semana de todas novelas<\/strong><\/a><\/strong><\/p>\n<h3>Confira tamb\u00e9m<\/h3>\n<p><a href=\"https:\/\/www.tvnovelas.com.br\/filmes\/\" target=\"_blank\" rel=\"noopener noreferrer\"><strong>Programa\u00e7\u00e3o de filmes na TV aberta<\/strong><\/a><br \/>\n<a href=\"https:\/\/caetenews.com.br\/semana\/filmes-da-globo-na-sessao-da-tarde-desta-semana\/\" target=\"_blank\" rel=\"noopener\"><strong>Confira os filmes da semana na Sess\u00e3o da Tarde<\/strong><\/a><br \/>\n<a href=\"https:\/\/www.tvnovelas.com.br\/novelas\/\" target=\"_blank\" rel=\"noopener noreferrer\"><strong>Resumos de novelas<\/strong><\/a><\/p>\n","protected":false},"excerpt":{"rendered":"<p>Em Terra e Paix\u00e3o, Aline decide ir ao casamento de Caio; Caio fica em choque ao ver Aline entrando na igreja; Caio e Ant\u00f4nio se enfrentam; Caio desiste de se casar com Gra\u00e7a; Jurec\u00ea aben\u00e7oa a uni\u00e3o de Aline e Caio; Gra\u00e7a prop\u00f5e a Jonatas se unirem para separar Caio e Aline&#8230;<\/p>\n","protected":false},"author":1,"featured_media":52997,"comment_status":"closed","ping_status":"closed","sticky":false,"template":"","format":"standard","meta":{"_uf_show_specific_survey":0,"_uf_disable_surveys":false,"_jetpack_memberships_contains_paid_content":false,"footnotes":"","_wp_rev_ctl_limit":""},"categories":[382],"tags":[5,64,383],"class_list":["post-54146","post","type-post","status-publish","format-standard","has-post-thumbnail","hentry","category-terra-e-paixao","tag-globo","tag-novelas","tag-terra-e-paixao","wpcat-382-id"],"aioseo_notices":[],"jetpack_featured_media_url":"https:\/\/i0.wp.com\/www.tvnovelas.com.br\/tvnews\/wp-content\/uploads\/2023\/07\/375387a.jpg?fit=728%2C410&ssl=1","jetpack_shortlink":"https:\/\/wp.me\/pdP2BO-e5k","jetpack_sharing_enabled":true,"_links":{"self":[{"href":"https:\/\/www.tvnovelas.com.br\/tvnews\/wp-json\/wp\/v2\/posts\/54146","targetHints":{"allow":["GET"]}}],"collection":[{"href":"https:\/\/www.tvnovelas.com.br\/tvnews\/wp-json\/wp\/v2\/posts"}],"about":[{"href":"https:\/\/www.tvnovelas.com.br\/tvnews\/wp-json\/wp\/v2\/types\/post"}],"author":[{"embeddable":true,"href":"https:\/\/www.tvnovelas.com.br\/tvnews\/wp-json\/wp\/v2\/users\/1"}],"replies":[{"embeddable":true,"href":"https:\/\/www.tvnovelas.com.br\/tvnews\/wp-json\/wp\/v2\/comments?post=54146"}],"version-history":[{"count":4,"href":"https:\/\/www.tvnovelas.com.br\/tvnews\/wp-json\/wp\/v2\/posts\/54146\/revisions"}],"predecessor-version":[{"id":54175,"href":"https:\/\/www.tvnovelas.com.br\/tvnews\/wp-json\/wp\/v2\/posts\/54146\/revisions\/54175"}],"wp:featuredmedia":[{"embeddable":true,"href":"https:\/\/www.tvnovelas.com.br\/tvnews\/wp-json\/wp\/v2\/media\/52997"}],"wp:attachment":[{"href":"https:\/\/www.tvnovelas.com.br\/tvnews\/wp-json\/wp\/v2\/media?parent=54146"}],"wp:term":[{"taxonomy":"category","embeddable":true,"href":"https:\/\/www.tvnovelas.com.br\/tvnews\/wp-json\/wp\/v2\/categories?post=54146"},{"taxonomy":"post_tag","embeddable":true,"href":"https:\/\/www.tvnovelas.com.br\/tvnews\/wp-json\/wp\/v2\/tags?post=54146"}],"curies":[{"name":"wp","href":"https:\/\/api.w.org\/{rel}","templated":true}]}}