{"id":54447,"date":"2023-08-11T08:38:32","date_gmt":"2023-08-11T11:38:32","guid":{"rendered":"https:\/\/www.tvnovelas.com.br\/tvnews\/?p=54447"},"modified":"2023-08-11T08:38:32","modified_gmt":"2023-08-11T11:38:32","slug":"amor-perfeito-mare-descobre-armacao-e-parte-pra-cima-de-gilda","status":"publish","type":"post","link":"https:\/\/www.tvnovelas.com.br\/tvnews\/amor-perfeito-mare-descobre-armacao-e-parte-pra-cima-de-gilda\/","title":{"rendered":"Amor Perfeito: Mar\u00ea descobre arma\u00e7\u00e3o e parte pra cima de Gilda"},"content":{"rendered":"<p><em>Em Amor Perfeito: Mar\u00ea descobre arma\u00e7\u00e3o&#8230;<\/em><br \/>\n<img data-recalc-dims=\"1\" decoding=\"async\" class=\"alignnone wp-image-54448 size-full\" title=\"(Foto: TV Globo\/Amor Perfeito)\" src=\"https:\/\/i0.wp.com\/www.tvnovelas.com.br\/tvnews\/wp-content\/uploads\/2023\/08\/37712.jpg?resize=728%2C410&#038;ssl=1\" alt=\"Foto em Amor Perfeito: Mar\u00ea descobre arma\u00e7\u00e3o...\" width=\"728\" height=\"410\" srcset=\"https:\/\/i0.wp.com\/www.tvnovelas.com.br\/tvnews\/wp-content\/uploads\/2023\/08\/37712.jpg?w=728&amp;ssl=1 728w, https:\/\/i0.wp.com\/www.tvnovelas.com.br\/tvnews\/wp-content\/uploads\/2023\/08\/37712.jpg?resize=678%2C381&amp;ssl=1 678w\" sizes=\"(max-width: 728px) 100vw, 728px\" \/><\/p>\n<p>Em Amor Perfeito, Mar\u00ea (Camila Queiroz) estava fazendo com que o Hospital de S\u00e3o Jacinto andasse para frente e, inclusive, tinha conseguido uma verba para reestrutura\u00e7\u00e3o da maternidade. Mas tudo isso foi \u00e1gua abaixo depois que a mo\u00e7a descobriu ter sido demitida da fun\u00e7\u00e3o de administradora. Ap\u00f3s o baque, ela ter\u00e1 a confirma\u00e7\u00e3o que j\u00e1 suspeitava: teve dedo da Gilda (Mariana Ximenes).<\/p>\n<p>Acontece que a vil\u00e3 montou um dossi\u00ea que compilava os crimes que Mar\u00ea foi falsamente acusada e despachou para as m\u00e3os de pessoas importantes. N\u00e3o demorou para que Mar\u00ea perdesse o cargo.<\/p>\n<p>\u201cEu falei agora mesmo com o pr\u00f3prio Secret\u00e1rio pelo telefone e o que ele me disse foi o seguinte: o assessor direto dele esteve em S\u00e3o Jacinto, a convite da Gilda\u201d, contar\u00e1 o doutor \u00cdtalo (Gen\u00e9zio de Barros).<\/p>\n<p>\u201cE esse assessor recebeu, das m\u00e3os dela, um dossi\u00ea sobre o assassinato do Leonel e o primeiro julgamento da Mar\u00ea. Um material completo, incluindo tudo o que saiu nos jornais naquela \u00e9poca, cr\u00f4nicas policiais apontando a Mar\u00ea como assassina, tudo!\u201d, vai dizer ele.<\/p>\n<p>Tendo sua suspeita confirmada, a protagonista vai logo dizer Orlando (Diogo Almeida) que, obviamente, a vil\u00e3 fez isso para evitar que eles se esbarrem no hospital.<\/p>\n<p>E, para piorar a situa\u00e7\u00e3o, com a ajuda de Gaspar (Thiago Lacerda), Gilda amea\u00e7ou Catarina (Cristiane Amorim), a ponto de a camareira fugir da cidade. Acontece que a mo\u00e7a era uma testemunha vital a favor de Mar\u00ea nas investiga\u00e7\u00f5es sobre o assassinato.<\/p>\n<p>\u201cDesgra\u00e7ada! Mais uma vez essa cascavel conseguiu me dar uma rasteira! Mas isso n\u00e3o vai ficar assim! Ah, n\u00e3o vai mesmo!\u201d, reclamar\u00e1 Mar\u00ea, que, logo em seguida vai sair furiosa do hospital.<\/p>\n<p>Mar\u00ea, ent\u00e3o, ir\u00e1 direto ao Grande Hotel e vai chegar l\u00e1 igual a um furac\u00e3o, indo direto \u00e0 sala da ruiva, para peg\u00e1-la de surpresa.<\/p>\n<p>\u201cO que \u00e9 isso?\u201d, gritar\u00e1 Gilda, no susto. Como \u00e9 que voc\u00ea entra na minha sala sem ser anunciada?\u201d<\/p>\n<p>\u201cPor isso n\u00e3o, eu vim \u2018anunciar\u2019 que o seu mais recente golpe baixo deu certo! Voc\u00ea conseguiu! Eu acabo de ser demitida do hospital!\u201d<\/p>\n<p>\u201cFoi mesmo? \u00c9 muita gentileza sua vir at\u00e9 aqui pra me contar isso pessoalmente. Ainda bem que o Secret\u00e1rio ouviu o meu alerta. Sim, porque n\u00e3o tem o menor cabimento uma condenada pela justi\u00e7a trabalhando num hospital p\u00fablico, num cargo de responsabilidade\u201d, rebater\u00e1 a vil\u00e3, com o jeito c\u00ednico de sempre, mas que logo ser\u00e1 cortada por Mar\u00ea.<\/p>\n<p>Mar\u00ea vai mostrar que, desta vez, o buraco ser\u00e1 mais embaixo. Ela ir\u00e1 pegar Gilda pelo bra\u00e7o e falar\u00e1 de forma bem objetiva.<\/p>\n<p>\u201cOuve bem o que eu tenho pra te dizer sua v\u00edbora nojenta!\u201d, come\u00e7ar\u00e1 ela, que vai ignorar as amea\u00e7as da ruiva de chamar a pol\u00edcia.<\/p>\n<p>\u201cQuando \u00e9 que voc\u00ea vai entender que teu \u00f3dio por mim, a tua inveja, s\u00f3 v\u00e3o fazer voc\u00ea se afundar cada vez mais no lodo em que voc\u00ea vive? (&#8230;) N\u00e3o t\u00f4 falando de dinheiro, n\u00e3o, de poder, mas daquilo que voc\u00ea nunca vai ter: afeto! Sabe por qu\u00ea? Porque uma mulherzinha baixa como voc\u00ea nunca vai conseguir ser amada de verdade nem por um c\u00e3o sarnento! Qualquer pessoa que se d\u00ea ao m\u00ednimo de respeito s\u00f3 pode sentir nojo, repulsa de algu\u00e9m como voc\u00ea!<\/p>\n<p>\u201cJ\u00e1 terminou?\u201d, questionar\u00e1 a vil\u00e3, que vai sentir o golpe das palavras.<\/p>\n<p>Mar\u00ea far\u00e1 quest\u00e3o de falar que mesmo com Gilda tirando tudo dela, a ruiva ir\u00e1 sempre continuar na mis\u00e9ria de amor e companheirismo, por ser a pessoa inescrupulosa que \u00e9. E que, desta vez, ainda h\u00e1 o agravante que a \u00fanica prejudicada da hist\u00f3ria n\u00e3o foi s\u00f3 Mar\u00ea, mas sim toda a cidade, j\u00e1 que a maternidade seria algo para servir a toda S\u00e3o Jacinto.<\/p>\n<p>\u201cO projeto pode continuar existindo sem voc\u00ea\u201d, responder\u00e1 a ruiva, que ainda tentar\u00e1 humilhar a riva. \u201cO fato, minha cara, \u00e9 que voc\u00ea n\u00e3o vai conseguir emprego nenhum enquanto estiver em d\u00edvida com a justi\u00e7a. Mas, como eu sou muito generosa e n\u00e3o guardo rancor, e sei que voc\u00ea precisa se sustentar, eu vou te ajudar\u201d, ir\u00e1 propor ela.<\/p>\n<p>\u201cO lugar de camareira que era da Catarina est\u00e1 vago, e se voc\u00ea quiser ele pode ser seu\u201d, continuar\u00e1 Gilda.<\/p>\n<p>Mar\u00ea dir\u00e1 que n\u00e3o v\u00ea humilha\u00e7\u00e3o nenhuma em trabalhar como camareira e faria o servi\u00e7o com dignidade; para ela, o invi\u00e1vel seria ter que acatar ordens de algu\u00e9m como Gilda. E antes de sair da sala da vil\u00e3, a protagonista far\u00e1 quest\u00e3o de colocar o ponto final.<\/p>\n<p>\u201cPresta bem aten\u00e7\u00e3o no que eu vou dizer: eu vou voltar a trabalhar neste hotel, que foi constru\u00eddo pelo meu pai. Mas n\u00e3o de camareira, como voc\u00ea gostaria. Se prepara, Gilda, porque eu vou passar por cima de voc\u00ea como um trator!\u201d<br \/>\n<!--END POST--><br \/>\n<a href=\"https:\/\/www.tvnovelas.com.br\/novelas\/resumos-de-amor-perfeito\/\" target=\"_blank\" rel=\"noopener\">Confira os resumos da semana de &#8216;Amor Perfeito<\/a><br \/>\n<strong style=\"font-size: 120%;\">\u00daltimas not\u00edcias de Amor Perfeito:<\/strong><br \/>\n<div class=\"pt-cv-wrapper\"><div class=\"pt-cv-view pt-cv-grid pt-cv-colsys\" id=\"pt-cv-view-04db883axk\"><div data-id=\"pt-cv-page-1\" class=\"pt-cv-page\" data-cvc=\"1\"><div class=\"col-md-12 col-sm-12 col-xs-12 pt-cv-content-item pt-cv-1-col\" ><div class='pt-cv-ifield'><h4 class=\"pt-cv-title\"><a href=\"https:\/\/www.tvnovelas.com.br\/tvnews\/amor-perfeito-mare-e-orlando-se-casam\/\" class=\"_self\" target=\"_self\" >Amor Perfeito: Mar\u00ea e Orlando se casam<\/a><\/h4><\/div><\/div>\n<div class=\"col-md-12 col-sm-12 col-xs-12 pt-cv-content-item pt-cv-1-col\" ><div class='pt-cv-ifield'><h4 class=\"pt-cv-title\"><a href=\"https:\/\/www.tvnovelas.com.br\/tvnews\/amor-perfeito-gilda-emocionada-abraca-marcelino\/\" class=\"_self\" target=\"_self\" >Amor Perfeito: Gilda emocionada abra\u00e7a Marcelino<\/a><\/h4><\/div><\/div>\n<div class=\"col-md-12 col-sm-12 col-xs-12 pt-cv-content-item pt-cv-1-col\" ><div class='pt-cv-ifield'><h4 class=\"pt-cv-title\"><a href=\"https:\/\/www.tvnovelas.com.br\/tvnews\/amor-perfeito-orlando-descobre-que-lucilia-foi-assassinada-a-mando-de-gilda\/\" class=\"_self\" target=\"_self\" >Amor Perfeito: Orlando descobre que Luc\u00edlia foi assassinada a mando de Gilda<\/a><\/h4><\/div><\/div>\n<div class=\"col-md-12 col-sm-12 col-xs-12 pt-cv-content-item pt-cv-1-col\" ><div class='pt-cv-ifield'><h4 class=\"pt-cv-title\"><a href=\"https:\/\/www.tvnovelas.com.br\/tvnews\/amor-perfeito-gilda-e-descoberta-como-mandante-de-assassinato\/\" class=\"_self\" target=\"_self\" >Amor Perfeito: Gilda \u00e9 descoberta como mandante de assassinato<\/a><\/h4><\/div><\/div>\n<div class=\"col-md-12 col-sm-12 col-xs-12 pt-cv-content-item pt-cv-1-col\" ><div class='pt-cv-ifield'><h4 class=\"pt-cv-title\"><a href=\"https:\/\/www.tvnovelas.com.br\/tvnews\/amor-perfeito-gilda-foge-da-cadeia-com-ajuda-de-gaspar\/\" class=\"_self\" target=\"_self\" >Amor Perfeito: Gilda foge da cadeia com ajuda de Gaspar<\/a><\/h4><\/div><\/div>\n<div class=\"col-md-12 col-sm-12 col-xs-12 pt-cv-content-item pt-cv-1-col\" ><div class='pt-cv-ifield'><h4 class=\"pt-cv-title\"><a href=\"https:\/\/www.tvnovelas.com.br\/tvnews\/amor-perfeito-darlene-e-joao-se-casam\/\" class=\"_self\" target=\"_self\" >Amor Perfeito: Darlene e Jo\u00e3o se casam<\/a><\/h4><\/div><\/div><\/div><\/div><\/div><br \/>\n<strong style=\"font-size: 120%;\">\u00daltimas not\u00edcias deste site:<\/strong><br \/>\n<div class=\"pt-cv-wrapper\"><div class=\"pt-cv-view pt-cv-grid pt-cv-colsys\" id=\"pt-cv-view-90991035b3\"><div data-id=\"pt-cv-page-1\" class=\"pt-cv-page\" data-cvc=\"1\"><div class=\"col-md-12 col-sm-12 col-xs-12 pt-cv-content-item pt-cv-1-col\" ><div class='pt-cv-ifield'><h4 class=\"pt-cv-title\"><a href=\"https:\/\/www.tvnovelas.com.br\/tvnews\/em-a-nobreza-do-amor-na-semana-04-a-09-de-maio\/\" class=\"_self\" target=\"_self\" >Em A Nobreza do Amor na semana 04 a 09 de maio<\/a><\/h4><\/div><\/div>\n<div class=\"col-md-12 col-sm-12 col-xs-12 pt-cv-content-item pt-cv-1-col\" ><div class='pt-cv-ifield'><h4 class=\"pt-cv-title\"><a href=\"https:\/\/www.tvnovelas.com.br\/tvnews\/o-que-acontece-em-tres-gracas-na-semana-04-a-09-de-maio\/\" class=\"_self\" target=\"_self\" >O que acontece em Tr\u00eas Gra\u00e7as na semana 04 a 09 de maio<\/a><\/h4><\/div><\/div>\n<div class=\"col-md-12 col-sm-12 col-xs-12 pt-cv-content-item pt-cv-1-col\" ><div class='pt-cv-ifield'><h4 class=\"pt-cv-title\"><a href=\"https:\/\/www.tvnovelas.com.br\/tvnews\/coracao-de-mae-reha-entra-em-panico-com-a-prisao-de-adnan\/\" class=\"_self\" target=\"_self\" >Cora\u00e7\u00e3o de M\u00e3e: Reha entra em p\u00e2nico com a pris\u00e3o de Adnan<\/a><\/h4><\/div><\/div>\n<div class=\"col-md-12 col-sm-12 col-xs-12 pt-cv-content-item pt-cv-1-col\" ><div class='pt-cv-ifield'><h4 class=\"pt-cv-title\"><a href=\"https:\/\/www.tvnovelas.com.br\/tvnews\/guerra-das-rosas-mert-sequestra-gulru\/\" class=\"_self\" target=\"_self\" >Guerra das Rosas: Mert sequestra Gulru<\/a><\/h4><\/div><\/div>\n<div class=\"col-md-12 col-sm-12 col-xs-12 pt-cv-content-item pt-cv-1-col\" ><div class='pt-cv-ifield'><h4 class=\"pt-cv-title\"><a href=\"https:\/\/www.tvnovelas.com.br\/tvnews\/a-nobreza-do-amor-resistencia-sequestra-noivo-de-kenia-e-o-despacha-de-batanga\/\" class=\"_self\" target=\"_self\" >A Nobreza do Amor: Resist\u00eancia sequestra noivo de K\u00eania e o despacha de Batanga<\/a><\/h4><\/div><\/div>\n<div class=\"col-md-12 col-sm-12 col-xs-12 pt-cv-content-item pt-cv-1-col\" ><div class='pt-cv-ifield'><h4 class=\"pt-cv-title\"><a href=\"https:\/\/www.tvnovelas.com.br\/tvnews\/tres-gracas-joelly-e-gerluce-descobrem-que-filha-de-lena-e-a-bebe-roubada\/\" class=\"_self\" target=\"_self\" >Tr\u00eas Gra\u00e7as: Jo\u00e9lly e Gerluce descobrem que filha de Lena \u00e9 a beb\u00ea roubada<\/a><\/h4><\/div><\/div>\n<div class=\"col-md-12 col-sm-12 col-xs-12 pt-cv-content-item pt-cv-1-col\" ><div class='pt-cv-ifield'><h4 class=\"pt-cv-title\"><a href=\"https:\/\/www.tvnovelas.com.br\/tvnews\/em-coracao-de-mae-nos-proximos-capitulos-04-a-08-5\/\" class=\"_self\" target=\"_self\" >Em Cora\u00e7\u00e3o de M\u00e3e nos pr\u00f3ximos cap\u00edtulos (04 a 08\/5)<\/a><\/h4><\/div><\/div>\n<div class=\"col-md-12 col-sm-12 col-xs-12 pt-cv-content-item pt-cv-1-col\" ><div class='pt-cv-ifield'><h4 class=\"pt-cv-title\"><a href=\"https:\/\/www.tvnovelas.com.br\/tvnews\/coracao-de-mae-hasan-e-filiz-em-piquenique-romantico\/\" class=\"_self\" target=\"_self\" >Cora\u00e7\u00e3o de M\u00e3e: Hasan e Filiz em piquenique rom\u00e2ntico<\/a><\/h4><\/div><\/div>\n<div class=\"col-md-12 col-sm-12 col-xs-12 pt-cv-content-item pt-cv-1-col\" ><div class='pt-cv-ifield'><h4 class=\"pt-cv-title\"><a href=\"https:\/\/www.tvnovelas.com.br\/tvnews\/guerra-das-rosas-cihan-vibra-com-desistencia-de-gulru-de-casar-com-mert\/\" class=\"_self\" target=\"_self\" >Guerra das Rosas: Cihan vibra com desist\u00eancia de Gulru de casar com Mert<\/a><\/h4><\/div><\/div>\n<div class=\"col-md-12 col-sm-12 col-xs-12 pt-cv-content-item pt-cv-1-col\" ><div class='pt-cv-ifield'><h4 class=\"pt-cv-title\"><a href=\"https:\/\/www.tvnovelas.com.br\/tvnews\/coracao-de-mae-irmak-denuncia-adnan\/\" class=\"_self\" target=\"_self\" >Cora\u00e7\u00e3o de M\u00e3e: Irmak denuncia Adnan<\/a><\/h4><\/div><\/div><\/div><\/div><\/div><br \/>\n<a href=\"https:\/\/www.tvnovelas.com.br\/novelas\/\"><strong>Confira os resumos da semana de todas novelas<\/strong><\/a><\/p>\n<h3>Confira tamb\u00e9m<\/h3>\n<p><a href=\"https:\/\/www.tvnovelas.com.br\/filmes\/\" target=\"_blank\" rel=\"noopener noreferrer\"><strong>Programa\u00e7\u00e3o de filmes na TV aberta<\/strong><\/a><br \/>\n<a href=\"https:\/\/caetenews.com.br\/semana\/filmes-da-globo-na-sessao-da-tarde-desta-semana\/\" target=\"_blank\" rel=\"noopener\"><strong>Confira os filmes da semana na Sess\u00e3o da Tarde<\/strong><\/a><br \/>\n<a href=\"https:\/\/www.tvnovelas.com.br\/novelas\/\" target=\"_blank\" rel=\"noopener noreferrer\"><strong>Resumos de novelas<\/strong><\/a><\/p>\n","protected":false},"excerpt":{"rendered":"<p>Em Amor Perfeito, Mar\u00ea (Camila Queiroz) estava fazendo com que o Hospital de S\u00e3o Jacinto andasse para frente e, inclusive, tinha conseguido uma verba&#8230;<\/p>\n","protected":false},"author":1,"featured_media":54448,"comment_status":"closed","ping_status":"closed","sticky":false,"template":"","format":"standard","meta":{"_uf_show_specific_survey":0,"_uf_disable_surveys":false,"_jetpack_memberships_contains_paid_content":false,"footnotes":"","_wp_rev_ctl_limit":""},"categories":[375],"tags":[376,5,64],"class_list":["post-54447","post","type-post","status-publish","format-standard","has-post-thumbnail","hentry","category-amor-perfeito","tag-amor-perfeito","tag-globo","tag-novelas","wpcat-375-id"],"aioseo_notices":[],"jetpack_featured_media_url":"https:\/\/i0.wp.com\/www.tvnovelas.com.br\/tvnews\/wp-content\/uploads\/2023\/08\/37712.jpg?fit=728%2C410&ssl=1","jetpack_shortlink":"https:\/\/wp.me\/pdP2BO-eab","jetpack_sharing_enabled":true,"_links":{"self":[{"href":"https:\/\/www.tvnovelas.com.br\/tvnews\/wp-json\/wp\/v2\/posts\/54447","targetHints":{"allow":["GET"]}}],"collection":[{"href":"https:\/\/www.tvnovelas.com.br\/tvnews\/wp-json\/wp\/v2\/posts"}],"about":[{"href":"https:\/\/www.tvnovelas.com.br\/tvnews\/wp-json\/wp\/v2\/types\/post"}],"author":[{"embeddable":true,"href":"https:\/\/www.tvnovelas.com.br\/tvnews\/wp-json\/wp\/v2\/users\/1"}],"replies":[{"embeddable":true,"href":"https:\/\/www.tvnovelas.com.br\/tvnews\/wp-json\/wp\/v2\/comments?post=54447"}],"version-history":[{"count":1,"href":"https:\/\/www.tvnovelas.com.br\/tvnews\/wp-json\/wp\/v2\/posts\/54447\/revisions"}],"predecessor-version":[{"id":54449,"href":"https:\/\/www.tvnovelas.com.br\/tvnews\/wp-json\/wp\/v2\/posts\/54447\/revisions\/54449"}],"wp:featuredmedia":[{"embeddable":true,"href":"https:\/\/www.tvnovelas.com.br\/tvnews\/wp-json\/wp\/v2\/media\/54448"}],"wp:attachment":[{"href":"https:\/\/www.tvnovelas.com.br\/tvnews\/wp-json\/wp\/v2\/media?parent=54447"}],"wp:term":[{"taxonomy":"category","embeddable":true,"href":"https:\/\/www.tvnovelas.com.br\/tvnews\/wp-json\/wp\/v2\/categories?post=54447"},{"taxonomy":"post_tag","embeddable":true,"href":"https:\/\/www.tvnovelas.com.br\/tvnews\/wp-json\/wp\/v2\/tags?post=54447"}],"curies":[{"name":"wp","href":"https:\/\/api.w.org\/{rel}","templated":true}]}}