{"id":54503,"date":"2023-08-12T14:00:51","date_gmt":"2023-08-12T17:00:51","guid":{"rendered":"https:\/\/www.tvnovelas.com.br\/tvnews\/?p=54503"},"modified":"2023-08-12T17:01:34","modified_gmt":"2023-08-12T20:01:34","slug":"o-que-acontece-em-terra-e-paixao-na-semana-14-a-19-de-agosto","status":"publish","type":"post","link":"https:\/\/www.tvnovelas.com.br\/tvnews\/o-que-acontece-em-terra-e-paixao-na-semana-14-a-19-de-agosto\/","title":{"rendered":"O que acontece em Terra e Paix\u00e3o na semana 14 a 19 de agosto"},"content":{"rendered":"<p><em>Resumo de Terra e Paix\u00e3o na semana 14 a 19 de agosto<\/em><br \/>\n&lt;i<img data-recalc-dims=\"1\" decoding=\"async\" class=\"alignnone wp-image-54504 size-full\" title=\"(Foto: TV Globo\/Terra e Paix\u00e3o)\" src=\"https:\/\/i0.wp.com\/www.tvnovelas.com.br\/tvnews\/wp-content\/uploads\/2023\/08\/37724.jpg?resize=728%2C410&#038;ssl=1\" alt=\"Foto em Resumo de Terra e Paix\u00e3o na semana 14 a 19 de agosto\" width=\"728\" height=\"410\" srcset=\"https:\/\/i0.wp.com\/www.tvnovelas.com.br\/tvnews\/wp-content\/uploads\/2023\/08\/37724.jpg?w=728&amp;ssl=1 728w, https:\/\/i0.wp.com\/www.tvnovelas.com.br\/tvnews\/wp-content\/uploads\/2023\/08\/37724.jpg?resize=678%2C381&amp;ssl=1 678w\" sizes=\"(max-width: 728px) 100vw, 728px\" \/><\/p>\n<blockquote><p>\ud835\udc00\ud835\udc20\ud835\udc1a\ud835\udc2d\ud835\udc21\ud835\udc1a \ud835\udc2c\ud835\udc1a\ud835\udc22 \ud835\udc1d\ud835\udc28 \ud835\udc29\ud835\udc2b\ud835\udc1e\ud835\udc2c\u00ed\ud835\udc1d\ud835\udc22\ud835\udc28 \ud835\udc1e \ud835\udc1c\ud835\udc21\ud835\udc1e\ud835\udc20\ud835\udc1a \ud835\udc1a \ud835\udc0d\ud835\udc28\ud835\udc2f\ud835\udc1a \ud835\udc0f\ud835\udc2b\ud835\udc22\ud835\udc26\ud835\udc1a\ud835\udc2f\ud835\udc1e\ud835\udc2b\ud835\udc1a; Aline aparta a briga entre Caio e Jonatas; \ud835\udc02\ud835\udc1a\ud835\udc22\ud835\udc28 \ud835\udc2c\ud835\udc1e \ud835\udc27\ud835\udc1e\ud835\udc20\ud835\udc1a \ud835\udc1a \ud835\udc1a\ud835\udc1b\ud835\udc2b\ud835\udc1a\u00e7\ud835\udc1a\ud835\udc2b \ud835\udc00\ud835\udc20\ud835\udc1a\ud835\udc2d\ud835\udc21\ud835\udc1a \ud835\udc1e \ud835\udc1a \ud835\udc1e\ud835\udc31\ud835\udc29\ud835\udc2e\ud835\udc25\ud835\udc2c\ud835\udc1a \ud835\udc1d\ud835\udc1e \ud835\udc2c\ud835\udc2e\ud835\udc1a \ud835\udc1c\ud835\udc1a\ud835\udc2c\ud835\udc1a; Silv\u00e9rio avisa a Ant\u00f4nio que Luigi est\u00e1 preso; \ud835\udc08\ud835\udc2b\ud835\udc1e\ud835\udc27\ud835\udc1e \ud835\udc29\ud835\udc1e\ud835\udc1d\ud835\udc1e \ud835\udc1a \ud835\udc13\ud835\udc1a\ud835\udc1d\ud835\udc1e\ud835\udc2e \ud835\udc2a\ud835\udc2e\ud835\udc1e \ud835\udc22\ud835\udc27\ud835\udc1d\ud835\udc22\ud835\udc2a\ud835\udc2e\ud835\udc1e \ud835\udc2e\ud835\udc26 \ud835\udc20\ud835\udc1e\u00f3\ud835\udc25\ud835\udc28\ud835\udc20\ud835\udc28 \ud835\udc1f\ud835\udc1a\ud835\udc25\ud835\udc2c\ud835\udc28 \ud835\udc29\ud835\udc1a\ud835\udc2b\ud835\udc1a \ud835\udc00\ud835\udc25\ud835\udc22\ud835\udc27\ud835\udc1e&#8230;<\/p><\/blockquote>\n<p><strong>Resumo de segunda-feira, 14 de agosto<\/strong><br \/>\nJonatas n\u00e3o aceita a proposta de Gra\u00e7a. Caio diz a Aline que precisam estar unidos para lutar por eles. Luigi seduz Nice para encontrar a chave do cofre do banco. Gladys aconselha Gra\u00e7a a se aproximar de Irene. Lucinda vai ao encontro de Marino. Irene n\u00e3o acredita na desculpa que Angelina d\u00e1 a Ant\u00f4nio para viajar at\u00e9 Campo Grande. Aline aparta a briga entre Caio e Jonatas. Jurec\u00ea alerta Caio para se cuidar de um mal que vir\u00e1 disfar\u00e7ado. Irene e Ant\u00f4nio ficam felizes quando Gra\u00e7a lhes avisa que seu filho se chamar\u00e1 Daniel. Luigi conta a Anely que achou a chave do cofre do banco no quarto de Nice. Angelina se encontra com Agatha na porta de um pres\u00eddio.<\/p>\n<p><strong>Resumo de ter\u00e7a-feira, 15 de agosto<\/strong><br \/>\nAgatha pede a Angelina para ver o mar. Irene convida Gra\u00e7a para morar em sua casa. Luigi e Anely alugam um cofre no banco. Ramiro resolve consultar uma cartomante para se livrar dos sonhos com Kelvin. Agatha comunica a Angelina que voltar\u00e1 para Nova Primavera. H\u00e9lio faz uma apresenta\u00e7\u00e3o para os cooperados na presen\u00e7a de Petra. Andrade dorme na cama de Nice. Anely e Luigi encontram as barras de ouro de C\u00e2ndida em um cofre do banco. Agatha chega a Nova Primavera.<br \/>\n<img data-recalc-dims=\"1\" decoding=\"async\" class=\"alignnone wp-image-54505 size-full\" title=\"(Foto: Reprodu\u00e7\u00e3o\/TV Globo\/Terra e Paix\u00e3o)\" src=\"https:\/\/i0.wp.com\/www.tvnovelas.com.br\/tvnews\/wp-content\/uploads\/2023\/08\/37724b.jpg?resize=714%2C410&#038;ssl=1\" alt=\"Foto emResumo de Terra e Paix\u00e3o na semana 14 a 19 de agosto\" width=\"714\" height=\"410\" \/><\/p>\n<p><strong>Resumo de quarta-feira, 16 de agosto<\/strong><br \/>\nAgatha se hospeda na pousada de Lucinda. Cristian fica triste ao notar que Andrade esqueceu de busc\u00e1-lo na escola. Agatha se emociona ao ver Caio. H\u00e9lio diz a Petra que gostou de conhec\u00ea-la. Agatha observa Jonatas. Anely e Luigi s\u00e3o presos por venderem barra de ouro falsa. Lucinda decide expulsar Andrade de casa. Ant\u00f4nio repreende Irene quando a mulher conta a Aline que est\u00e1 procurando diamantes nas terras da professora. Caio reage surpreso quando Agatha diz para o filho que voltou por sua causa.<\/p>\n<p><strong>Resumo de quinta-feira, 17 de agosto<\/strong><br \/>\nCaio se nega a abra\u00e7ar Agatha e a expulsa de sua casa. Aline deixa claro para Ant\u00f4nio que n\u00e3o permite que o ge\u00f3logo analise sua propriedade. Marino prende Andrade. A cartomante Cord\u00e9lia orienta Ramiro a tomar um banho de ervas no rio para se livrar dos sonhos com Kelvin. Luigi pede ajuda a Silv\u00e9rio ap\u00f3s ser preso. Caio fica comovido quando Agatha lhe conta que ficou presa injustamente, acusada de matar um homem. Silv\u00e9rio avisa a Ant\u00f4nio que Luigi est\u00e1 preso. Nice teme a rea\u00e7\u00e3o dos mafiosos ao saber que as barras de ouro de C\u00e2ndida eram falsas. Petra conversa sobre o passado com H\u00e9lio. Irene pede a Tadeu que indique um ge\u00f3logo falso para Aline. Caio abra\u00e7a Agatha.<br \/>\n<img data-recalc-dims=\"1\" decoding=\"async\" class=\"alignnone wp-image-54506 size-full\" title=\"(Foto: Reprodu\u00e7\u00e3o\/TV Globo\/Terra e Paix\u00e3o)\" src=\"https:\/\/i0.wp.com\/www.tvnovelas.com.br\/tvnews\/wp-content\/uploads\/2023\/08\/37724a.jpg?resize=728%2C410&#038;ssl=1\" alt=\"Foto em Resumo de Terra e Paix\u00e3o na semana 14 a 19 de agosto\" width=\"728\" height=\"410\" srcset=\"https:\/\/i0.wp.com\/www.tvnovelas.com.br\/tvnews\/wp-content\/uploads\/2023\/08\/37724a.jpg?w=728&amp;ssl=1 728w, https:\/\/i0.wp.com\/www.tvnovelas.com.br\/tvnews\/wp-content\/uploads\/2023\/08\/37724a.jpg?resize=678%2C381&amp;ssl=1 678w\" sizes=\"(max-width: 728px) 100vw, 728px\" \/><\/p>\n<p><strong>Resumo de sexta-feira, 18 de agosto<\/strong><br \/>\nAnt\u00f4nio consegue tirar Luigi e Anely da cadeia. Caio convida Agatha para morar com ele. Ant\u00f4nio avisa a Luigi que quer um herdeiro dele e de Petra. Ant\u00f4nio manda Luigi demitir Anely. Silv\u00e9rio comunica a Anely que Ant\u00f4nio mandou ela se afastar de Luigi. Irene pede a Luigi que n\u00e3o veja mais Anely e promete ficar ao lado do italiano para que ele seja o sucessor de Ant\u00f4nio.<br \/>\nPetra conta a Irene que viu Caio abra\u00e7ando uma mulher. Irene briga com Angelina, que se nega a revelar quem \u00e9 sua amiga. Irene observa Agatha conversando com Gentil, sem saber que \u00e9 a m\u00e3e de Caio.<\/p>\n<p><strong>Resumo de s\u00e1bado, 19 de agosto<\/strong><br \/>\nGentil pergunta a Agatha se ela ir\u00e1 morar de vez em Nova Primavera. Tadeu pede ao ge\u00f3logo Miguel que fa\u00e7a um laudo falso. Nice avisa a Greg\u00f3rio que as barras de ouro eram falsas. Tadeu pede a S\u00edlvia para colocar Miguel no topo da lista da cooperativa. Lucinda comunica a Andrade que contratou um advogado para tratar do div\u00f3rcio e da guarda de Cristian. Anely e Luigi entendem que n\u00e3o podem mais se ver e se afastam. Irene oferece dinheiro para Nice acabar com Agatha. Lucinda indica o ge\u00f3logo Miguel para Aline. Agatha diz a Caio que deseja ver Ant\u00f4nio. Tadeu oferece dinheiro para o CEO do site hot ativar o perfil de Anely. Caio pede que Ant\u00f4nio re\u00fana a fam\u00edlia para fazer um comunicado. Caio flagra um homem for\u00e7ando Agatha a entrar em um carro.<br \/>\n<!--END POST--><br \/>\n<a href=\"https:\/\/www.tvnovelas.com.br\/novelas\/resumos-de-terra-e-paixao-2\/\">Confira os resumos de&#8217;Terra e Paix\u00e3o&#8217; da semana 21 a 26 de agosto<\/a><br \/>\n<strong style=\"font-size: 120%;\">\u00daltimas not\u00edcias de Terra e Paix\u00e3o:<br \/>\n<div class=\"pt-cv-wrapper\"><div class=\"pt-cv-view pt-cv-grid pt-cv-colsys\" id=\"pt-cv-view-9bbc6490w2\"><div data-id=\"pt-cv-page-1\" class=\"pt-cv-page\" data-cvc=\"1\"><div class=\"col-md-12 col-sm-6 col-xs-12 pt-cv-content-item pt-cv-1-col\" ><div class='pt-cv-ifield'><h4 class=\"pt-cv-title\"><a href=\"https:\/\/www.tvnovelas.com.br\/tvnews\/terra-e-paixao-vinicius-choca-aline-com-relatorio-sobre-diamantes-em-suas-terras\/\" class=\"_blank\" target=\"_blank\" >Terra e Paix\u00e3o: Vin\u00edcius choca Aline com relat\u00f3rio sobre diamantes em suas terras<\/a><\/h4><\/div><\/div>\n<div class=\"col-md-12 col-sm-6 col-xs-12 pt-cv-content-item pt-cv-1-col\" ><div class='pt-cv-ifield'><h4 class=\"pt-cv-title\"><a href=\"https:\/\/www.tvnovelas.com.br\/tvnews\/terra-e-paixao-fuga-de-antonio-tem-mortes-e-disfarce\/\" class=\"_blank\" target=\"_blank\" >Terra e Paix\u00e3o: Fuga de Ant\u00f4nio tem mortes e disfarce<\/a><\/h4><\/div><\/div>\n<div class=\"col-md-12 col-sm-6 col-xs-12 pt-cv-content-item pt-cv-1-col\" ><div class='pt-cv-ifield'><h4 class=\"pt-cv-title\"><a href=\"https:\/\/www.tvnovelas.com.br\/tvnews\/terra-e-paixao-antonio-invade-casamento-para-matar-aline-no-altar\/\" class=\"_blank\" target=\"_blank\" >Terra e Paix\u00e3o: Ant\u00f4nio invade casamento para matar Aline no altar<\/a><\/h4><\/div><\/div>\n<div class=\"col-md-12 col-sm-6 col-xs-12 pt-cv-content-item pt-cv-1-col\" ><div class='pt-cv-ifield'><h4 class=\"pt-cv-title\"><a href=\"https:\/\/www.tvnovelas.com.br\/tvnews\/terra-e-paixao-graca-se-junta-a-policia-para-salvar-danielzinho\/\" class=\"_blank\" target=\"_blank\" >Terra e Paix\u00e3o: Gra\u00e7a se junta \u00e0 Pol\u00edcia para salvar Danielzinho<\/a><\/h4><\/div><\/div>\n<div class=\"col-md-12 col-sm-6 col-xs-12 pt-cv-content-item pt-cv-1-col\" ><div class='pt-cv-ifield'><h4 class=\"pt-cv-title\"><a href=\"https:\/\/www.tvnovelas.com.br\/tvnews\/terra-e-paixao-marino-da-voz-de-prisao-a-irene\/\" class=\"_blank\" target=\"_blank\" >Terra e Paix\u00e3o: Marino d\u00e1 voz de pris\u00e3o a Irene<\/a><\/h4><\/div><\/div>\n<div class=\"col-md-12 col-sm-6 col-xs-12 pt-cv-content-item pt-cv-1-col\" ><div class='pt-cv-ifield'><h4 class=\"pt-cv-title\"><a href=\"https:\/\/www.tvnovelas.com.br\/tvnews\/terra-e-paixao-irene-sequestra-danielzinho-e-foge-com-vinicius\/\" class=\"_blank\" target=\"_blank\" >Terra e Paix\u00e3o: Irene sequestra Danielzinho e foge com Vin\u00edcius<\/a><\/h4><\/div><\/div><\/div><\/div><\/div><br \/>\n<strong style=\"font-size: 120%;\">\u00daltimas not\u00edcias deste canal:<\/strong><br \/>\n<div class=\"pt-cv-wrapper\"><div class=\"pt-cv-view pt-cv-grid pt-cv-colsys\" id=\"pt-cv-view-90991035b3\"><div data-id=\"pt-cv-page-1\" class=\"pt-cv-page\" data-cvc=\"1\"><div class=\"col-md-12 col-sm-12 col-xs-12 pt-cv-content-item pt-cv-1-col\" ><div class='pt-cv-ifield'><h4 class=\"pt-cv-title\"><a href=\"https:\/\/www.tvnovelas.com.br\/tvnews\/em-a-nobreza-do-amor-na-semana-04-a-09-de-maio\/\" class=\"_self\" target=\"_self\" >Em A Nobreza do Amor na semana 04 a 09 de maio<\/a><\/h4><\/div><\/div>\n<div class=\"col-md-12 col-sm-12 col-xs-12 pt-cv-content-item pt-cv-1-col\" ><div class='pt-cv-ifield'><h4 class=\"pt-cv-title\"><a href=\"https:\/\/www.tvnovelas.com.br\/tvnews\/o-que-acontece-em-tres-gracas-na-semana-04-a-09-de-maio\/\" class=\"_self\" target=\"_self\" >O que acontece em Tr\u00eas Gra\u00e7as na semana 04 a 09 de maio<\/a><\/h4><\/div><\/div>\n<div class=\"col-md-12 col-sm-12 col-xs-12 pt-cv-content-item pt-cv-1-col\" ><div class='pt-cv-ifield'><h4 class=\"pt-cv-title\"><a href=\"https:\/\/www.tvnovelas.com.br\/tvnews\/coracao-de-mae-reha-entra-em-panico-com-a-prisao-de-adnan\/\" class=\"_self\" target=\"_self\" >Cora\u00e7\u00e3o de M\u00e3e: Reha entra em p\u00e2nico com a pris\u00e3o de Adnan<\/a><\/h4><\/div><\/div>\n<div class=\"col-md-12 col-sm-12 col-xs-12 pt-cv-content-item pt-cv-1-col\" ><div class='pt-cv-ifield'><h4 class=\"pt-cv-title\"><a href=\"https:\/\/www.tvnovelas.com.br\/tvnews\/guerra-das-rosas-mert-sequestra-gulru\/\" class=\"_self\" target=\"_self\" >Guerra das Rosas: Mert sequestra Gulru<\/a><\/h4><\/div><\/div>\n<div class=\"col-md-12 col-sm-12 col-xs-12 pt-cv-content-item pt-cv-1-col\" ><div class='pt-cv-ifield'><h4 class=\"pt-cv-title\"><a href=\"https:\/\/www.tvnovelas.com.br\/tvnews\/a-nobreza-do-amor-resistencia-sequestra-noivo-de-kenia-e-o-despacha-de-batanga\/\" class=\"_self\" target=\"_self\" >A Nobreza do Amor: Resist\u00eancia sequestra noivo de K\u00eania e o despacha de Batanga<\/a><\/h4><\/div><\/div>\n<div class=\"col-md-12 col-sm-12 col-xs-12 pt-cv-content-item pt-cv-1-col\" ><div class='pt-cv-ifield'><h4 class=\"pt-cv-title\"><a href=\"https:\/\/www.tvnovelas.com.br\/tvnews\/tres-gracas-joelly-e-gerluce-descobrem-que-filha-de-lena-e-a-bebe-roubada\/\" class=\"_self\" target=\"_self\" >Tr\u00eas Gra\u00e7as: Jo\u00e9lly e Gerluce descobrem que filha de Lena \u00e9 a beb\u00ea roubada<\/a><\/h4><\/div><\/div>\n<div class=\"col-md-12 col-sm-12 col-xs-12 pt-cv-content-item pt-cv-1-col\" ><div class='pt-cv-ifield'><h4 class=\"pt-cv-title\"><a href=\"https:\/\/www.tvnovelas.com.br\/tvnews\/em-coracao-de-mae-nos-proximos-capitulos-04-a-08-5\/\" class=\"_self\" target=\"_self\" >Em Cora\u00e7\u00e3o de M\u00e3e nos pr\u00f3ximos cap\u00edtulos (04 a 08\/5)<\/a><\/h4><\/div><\/div>\n<div class=\"col-md-12 col-sm-12 col-xs-12 pt-cv-content-item pt-cv-1-col\" ><div class='pt-cv-ifield'><h4 class=\"pt-cv-title\"><a href=\"https:\/\/www.tvnovelas.com.br\/tvnews\/coracao-de-mae-hasan-e-filiz-em-piquenique-romantico\/\" class=\"_self\" target=\"_self\" >Cora\u00e7\u00e3o de M\u00e3e: Hasan e Filiz em piquenique rom\u00e2ntico<\/a><\/h4><\/div><\/div>\n<div class=\"col-md-12 col-sm-12 col-xs-12 pt-cv-content-item pt-cv-1-col\" ><div class='pt-cv-ifield'><h4 class=\"pt-cv-title\"><a href=\"https:\/\/www.tvnovelas.com.br\/tvnews\/guerra-das-rosas-cihan-vibra-com-desistencia-de-gulru-de-casar-com-mert\/\" class=\"_self\" target=\"_self\" >Guerra das Rosas: Cihan vibra com desist\u00eancia de Gulru de casar com Mert<\/a><\/h4><\/div><\/div>\n<div class=\"col-md-12 col-sm-12 col-xs-12 pt-cv-content-item pt-cv-1-col\" ><div class='pt-cv-ifield'><h4 class=\"pt-cv-title\"><a href=\"https:\/\/www.tvnovelas.com.br\/tvnews\/coracao-de-mae-irmak-denuncia-adnan\/\" class=\"_self\" target=\"_self\" >Cora\u00e7\u00e3o de M\u00e3e: Irmak denuncia Adnan<\/a><\/h4><\/div><\/div><\/div><\/div><\/div><br \/>\n<a href=\"https:\/\/www.tvnovelas.com.br\/novelas\/\"><strong>Confira os resumos da semana de todas novelas<\/strong><\/a><\/strong><\/p>\n<h3>Confira tamb\u00e9m<\/h3>\n<p><a href=\"https:\/\/www.tvnovelas.com.br\/filmes\/\" target=\"_blank\" rel=\"noopener noreferrer\"><strong>Programa\u00e7\u00e3o de filmes na TV aberta<\/strong><\/a><br \/>\n<a href=\"https:\/\/caetenews.com.br\/semana\/filmes-da-globo-na-sessao-da-tarde-desta-semana\/\" target=\"_blank\" rel=\"noopener\"><strong>Confira os filmes da semana na Sess\u00e3o da Tarde<\/strong><\/a><br \/>\n<a href=\"https:\/\/www.tvnovelas.com.br\/novelas\/\" target=\"_blank\" rel=\"noopener noreferrer\"><strong>Resumos de novelas<\/strong><\/a><\/p>\n","protected":false},"excerpt":{"rendered":"<p>\ud835\udc00\ud835\udc20\ud835\udc1a\ud835\udc2d\ud835\udc21\ud835\udc1a \ud835\udc2c\ud835\udc1a\ud835\udc22 \ud835\udc1d\ud835\udc28 \ud835\udc29\ud835\udc2b\ud835\udc1e\ud835\udc2c\u00ed\ud835\udc1d\ud835\udc22\ud835\udc28 \ud835\udc1e \ud835\udc1c\ud835\udc21\ud835\udc1e\ud835\udc20\ud835\udc1a \ud835\udc1a \ud835\udc0d\ud835\udc28\ud835\udc2f\ud835\udc1a \ud835\udc0f\ud835\udc2b\ud835\udc22\ud835\udc26\ud835\udc1a\ud835\udc2f\ud835\udc1e\ud835\udc2b\ud835\udc1a; Aline aparta a briga entre Caio e Jonatas; \ud835\udc02\ud835\udc1a\ud835\udc22\ud835\udc28 \ud835\udc2c\ud835\udc1e \ud835\udc27\ud835\udc1e\ud835\udc20\ud835\udc1a \ud835\udc1a \ud835\udc1a\ud835\udc1b\ud835\udc2b\ud835\udc1a\u00e7\ud835\udc1a\ud835\udc2b \ud835\udc00\ud835\udc20\ud835\udc1a\ud835\udc2d\ud835\udc21\ud835\udc1a \ud835\udc1e \ud835\udc1a \ud835\udc1e\ud835\udc31\ud835\udc29\ud835\udc2e\ud835\udc25\ud835\udc2c\ud835\udc1a \ud835\udc1d\ud835\udc1e \ud835\udc2c\ud835\udc2e\ud835\udc1a \ud835\udc1c\ud835\udc1a\ud835\udc2c\ud835\udc1a; Silv\u00e9rio avisa a Ant\u00f4nio que Luigi est\u00e1 preso; \ud835\udc08\ud835\udc2b\ud835\udc1e\ud835\udc27\ud835\udc1e \ud835\udc29\ud835\udc1e\ud835\udc1d\ud835\udc1e \ud835\udc1a \ud835\udc13\ud835\udc1a\ud835\udc1d\ud835\udc1e\ud835\udc2e \ud835\udc2a\ud835\udc2e\ud835\udc1e \ud835\udc22\ud835\udc27\ud835\udc1d\ud835\udc22\ud835\udc2a\ud835\udc2e\ud835\udc1e \ud835\udc2e\ud835\udc26 \ud835\udc20\ud835\udc1e\u00f3\ud835\udc25\ud835\udc28\ud835\udc20\ud835\udc28 \ud835\udc1f\ud835\udc1a\ud835\udc25\ud835\udc2c\ud835\udc28 \ud835\udc29\ud835\udc1a\ud835\udc2b\ud835\udc1a \ud835\udc00\ud835\udc25\ud835\udc22\ud835\udc27\ud835\udc1e&#8230;<\/p>\n","protected":false},"author":1,"featured_media":54504,"comment_status":"closed","ping_status":"closed","sticky":false,"template":"","format":"standard","meta":{"_uf_show_specific_survey":0,"_uf_disable_surveys":false,"_jetpack_memberships_contains_paid_content":false,"footnotes":"","_wp_rev_ctl_limit":""},"categories":[382],"tags":[5,64,383],"class_list":["post-54503","post","type-post","status-publish","format-standard","has-post-thumbnail","hentry","category-terra-e-paixao","tag-globo","tag-novelas","tag-terra-e-paixao","wpcat-382-id"],"aioseo_notices":[],"jetpack_featured_media_url":"https:\/\/i0.wp.com\/www.tvnovelas.com.br\/tvnews\/wp-content\/uploads\/2023\/08\/37724.jpg?fit=728%2C410&ssl=1","jetpack_shortlink":"https:\/\/wp.me\/pdP2BO-eb5","jetpack_sharing_enabled":true,"_links":{"self":[{"href":"https:\/\/www.tvnovelas.com.br\/tvnews\/wp-json\/wp\/v2\/posts\/54503","targetHints":{"allow":["GET"]}}],"collection":[{"href":"https:\/\/www.tvnovelas.com.br\/tvnews\/wp-json\/wp\/v2\/posts"}],"about":[{"href":"https:\/\/www.tvnovelas.com.br\/tvnews\/wp-json\/wp\/v2\/types\/post"}],"author":[{"embeddable":true,"href":"https:\/\/www.tvnovelas.com.br\/tvnews\/wp-json\/wp\/v2\/users\/1"}],"replies":[{"embeddable":true,"href":"https:\/\/www.tvnovelas.com.br\/tvnews\/wp-json\/wp\/v2\/comments?post=54503"}],"version-history":[{"count":2,"href":"https:\/\/www.tvnovelas.com.br\/tvnews\/wp-json\/wp\/v2\/posts\/54503\/revisions"}],"predecessor-version":[{"id":54516,"href":"https:\/\/www.tvnovelas.com.br\/tvnews\/wp-json\/wp\/v2\/posts\/54503\/revisions\/54516"}],"wp:featuredmedia":[{"embeddable":true,"href":"https:\/\/www.tvnovelas.com.br\/tvnews\/wp-json\/wp\/v2\/media\/54504"}],"wp:attachment":[{"href":"https:\/\/www.tvnovelas.com.br\/tvnews\/wp-json\/wp\/v2\/media?parent=54503"}],"wp:term":[{"taxonomy":"category","embeddable":true,"href":"https:\/\/www.tvnovelas.com.br\/tvnews\/wp-json\/wp\/v2\/categories?post=54503"},{"taxonomy":"post_tag","embeddable":true,"href":"https:\/\/www.tvnovelas.com.br\/tvnews\/wp-json\/wp\/v2\/tags?post=54503"}],"curies":[{"name":"wp","href":"https:\/\/api.w.org\/{rel}","templated":true}]}}