{"id":55118,"date":"2023-08-26T14:00:41","date_gmt":"2023-08-26T17:00:41","guid":{"rendered":"https:\/\/www.tvnovelas.com.br\/tvnews\/?p=55118"},"modified":"2023-08-27T09:15:28","modified_gmt":"2023-08-27T12:15:28","slug":"o-que-acontece-em-amor-perfeito-na-semana-28-08-a-02-de-setembro","status":"publish","type":"post","link":"https:\/\/www.tvnovelas.com.br\/tvnews\/o-que-acontece-em-amor-perfeito-na-semana-28-08-a-02-de-setembro\/","title":{"rendered":"O que acontece em Amor Perfeito na semana 28\/08 a 02 de setembro"},"content":{"rendered":"<p><em>Em Resumos de Amor Perfeito na semana 28\/08 a 02 de setembro<\/em><br \/>\n<img data-recalc-dims=\"1\" decoding=\"async\" class=\"alignnone wp-image-55179 size-full\" title=\"(Foto: TV Globo\/Amor Perfeito)\" src=\"https:\/\/i0.wp.com\/www.tvnovelas.com.br\/tvnews\/wp-content\/uploads\/2023\/08\/10147.jpg?resize=728%2C410&#038;ssl=1\" alt=\"Foto em Resumos de Amor Perfeito na semana 28\/08 a 02 de setembro\" width=\"728\" height=\"410\" srcset=\"https:\/\/i0.wp.com\/www.tvnovelas.com.br\/tvnews\/wp-content\/uploads\/2023\/08\/10147.jpg?w=728&amp;ssl=1 728w, https:\/\/i0.wp.com\/www.tvnovelas.com.br\/tvnews\/wp-content\/uploads\/2023\/08\/10147.jpg?resize=678%2C381&amp;ssl=1 678w\" sizes=\"(max-width: 728px) 100vw, 728px\" \/><\/p>\n<blockquote><p>Orlando exige que Gilda se afaste de Marcelino; C\u00e2ndida diz a Anselmo que ser\u00e1 candidata \u00e0 prefeitura; L\u00edvia decide fugir com Tobias e Valente; Orlando decide pedir desquite de Gilda; Mar\u00ea revela a Orlando e J\u00falio que Leonel est\u00e1 vivo&#8230;<\/p><\/blockquote>\n<p><strong>Resumo de segunda-feira, 28 de agosto<\/strong><br \/>\nOrlando se desespera ao constatar que Luc\u00edlia foi v\u00edtima de Gilda e jura honrar a mem\u00f3ria da prima. Ione se encanta com Sans\u00e3o. Ademar descobre que \u00e9 Ione quem envia flores para ela mesma. Mar\u00ea conta a \u00c9rico que sonhou que o pai estava vivo. Herm\u00ednia passa mal e obriga Tadeu a prometer cuidar de Leonel, caso ela n\u00e3o possa mais. Valente sugere fugir com L\u00edvia e Tobias. C\u00e2ndida afirma a Anselmo que se candidatar\u00e1 \u00e0 prefeitura de S\u00e3o Jacinto. Albuquerque \u00e9 agressivo com Tobias, L\u00edvia questiona o marido e acolhe o filho. Gaspar e Gilda decidem reunir for\u00e7as contra Mar\u00ea. Orlando exige que Gilda se afaste de Marcelino.<\/p>\n<p><strong>Resumo de ter\u00e7a-feira, 29 de agosto<\/strong><br \/>\nOrlando se emociona com Marcelino. A cantora Carminha Laranjeira elogia a voz de Aparecida. Wanda comemora o reencontro com a filha Laura. Gilda pede que Orlando a acompanhe no show de Carminha. Justino se incomoda com os olhares de Tur\u00edbio para T\u00e2nia. L\u00edvia leva Tobias ao encontro de Valente. Frei Le\u00e3o incentiva L\u00edvia a seguir seu cora\u00e7\u00e3o. Laura reconhece Gilda. Ivan defende T\u00e2nia de Tur\u00edbio e se demite do jornal. L\u00edvia revela a Tobias que Valente \u00e9 seu pai biol\u00f3gico. Gilda v\u00ea Orlando e Mar\u00ea.<br \/>\n<img data-recalc-dims=\"1\" decoding=\"async\" class=\"alignnone wp-image-55140 size-full\" title=\"(Foto: Reprodu\u00e7\u00e3o\/TV Globo\/Amor Perfeito)\" src=\"https:\/\/i0.wp.com\/www.tvnovelas.com.br\/tvnews\/wp-content\/uploads\/2023\/08\/37862.jpg?resize=728%2C410&#038;ssl=1\" alt=\"Foto em Resumos de Amor Perfeito na semana 28\/08 a 02 de setembro\" width=\"728\" height=\"410\" srcset=\"https:\/\/i0.wp.com\/www.tvnovelas.com.br\/tvnews\/wp-content\/uploads\/2023\/08\/37862.jpg?w=728&amp;ssl=1 728w, https:\/\/i0.wp.com\/www.tvnovelas.com.br\/tvnews\/wp-content\/uploads\/2023\/08\/37862.jpg?resize=678%2C381&amp;ssl=1 678w\" sizes=\"(max-width: 728px) 100vw, 728px\" \/><\/p>\n<p><strong>Resumo de quarta-feira, 30 de agosto<\/strong><br \/>\nGilda sofre por ter sido enganada por Orlando e Mar\u00ea e jura se vingar dos dois. L\u00edvia explica a Tobias a hist\u00f3ria de seu nascimento. Gilda envia Marcelino para um col\u00e9gio interno, e Orlando se desespera. S\u00edlvio se irrita com a presen\u00e7a de Laura em sua casa. Mar\u00ea e Orlando descobrem o paradeiro de Marcelino e resgatam o menino. Laura recupera o di\u00e1rio em que registrou sobre Gilda e S\u00edlvio, ap\u00f3s a morte de Leonel. J\u00falio garante que Gilda perder\u00e1 os direitos sobre Marcelino, que volta para a Irmandade. L\u00edvia decide fugir com Tobias e Valente. Orlando anuncia que pedir\u00e1 o desquite de Gilda.<\/p>\n<p><strong>Resumo de quinta-feira, 31 de agosto<\/strong><br \/>\nGilda se desespera com a partida de Orlando, e chora nos bra\u00e7os de Rita. Ione contrata Sans\u00e3o para trabalhar no armaz\u00e9m com Ademar. Gaspar mostra a Gilda o dinheiro que levantou para subornar o j\u00fari e condenar Mar\u00ea. L\u00edvia e Tobias deixam a casa de Albuquerque. Ivan pede Ad\u00e9lia em namoro. Fabiano volta para a casa de Tur\u00edbio. Laura entrega seu di\u00e1rio para Mar\u00ea e afirma que pode depor a seu favor. Gilda sofre por ter tra\u00eddo Marcelino. Fabiano \u00e9 internado com tuberculose, e Ver\u00f4nica alerta Elza. Tur\u00edbio atira contra Elza, mas acaba atingindo Fabiano.<br \/>\n<img data-recalc-dims=\"1\" decoding=\"async\" class=\"alignnone wp-image-55141 size-full\" title=\"(Foto: TV Globo\/Amor Perfeito)\" src=\"https:\/\/i0.wp.com\/www.tvnovelas.com.br\/tvnews\/wp-content\/uploads\/2023\/08\/37859.jpg?resize=728%2C410&#038;ssl=1\" alt=\"Foto em Resumos de Amor Perfeito na semana 28\/08 a 02 de setembro\" width=\"728\" height=\"410\" srcset=\"https:\/\/i0.wp.com\/www.tvnovelas.com.br\/tvnews\/wp-content\/uploads\/2023\/08\/37859.jpg?w=728&amp;ssl=1 728w, https:\/\/i0.wp.com\/www.tvnovelas.com.br\/tvnews\/wp-content\/uploads\/2023\/08\/37859.jpg?resize=678%2C381&amp;ssl=1 678w\" sizes=\"(max-width: 728px) 100vw, 728px\" \/><\/p>\n<p><strong>Resumo de sexta-feira, 1\u00ba de setembro<\/strong><br \/>\nFabiano n\u00e3o resiste, e Elza se desespera. Detido, Tur\u00edbio se culpa pela morte do filho. Todos se sensibilizam com a trag\u00e9dia em S\u00e3o Jacinto. Jo\u00e3o repreende as fofocas de Ione. Herm\u00ednia falece, e Tadeu n\u00e3o sabe o que fazer com Leonel. Darlene e Jo\u00e3o contam a Clara que os tr\u00eas ser\u00e3o uma fam\u00edlia. C\u00e2ndida compartilha suas ideias para a cidade com Lu\u00eds, que admira a m\u00e3e. Gaspar e Anselmo zombam de C\u00e2ndida. Mar\u00ea sonha com o pai e comenta com Orlando que gostaria de conversar com ele. Tadeu leva Leonel at\u00e9 a Irmandade. Frei Severo pede para conversar com Mar\u00ea.<\/p>\n<p><strong>Resumo de s\u00e1bado, 02 de setembro<\/strong><br \/>\nMar\u00ea fica at\u00f4nita ao ver o pai, mas Leonel n\u00e3o reconhece a filha. Gilda se revolta quando Edvaldo assegura que ela ter\u00e1 de aceitar o desquite de Orlando. Ver\u00f4nica apoia a candidatura de C\u00e2ndida, que re\u00fane as mulheres da cidade para se lan\u00e7ar \u00e0 prefeitura. Ademar comenta com Albuquerque que Clara pode ser filha de Jo\u00e3o. Elza afirma a Odilon que jamais se perdoar\u00e1 pela morte de Fabiano. Anselmo tenta sabotar a reuni\u00e3o de C\u00e2ndida. Orlando se preocupa com o retorno de Leonel, t\u00e3o pr\u00f3ximo ao julgamento de Mar\u00ea. Gilda promete ajudar Tur\u00edbio em troca de seu sil\u00eancio. Mar\u00ea revela a Orlando e J\u00falio que Leonel est\u00e1 vivo.<br \/>\n<!--END POST--><br \/>\n<a href=\"https:\/\/www.tvnovelas.com.br\/novelas\/resumos-de-amor-perfeito-2\/\" target=\"_blank\" rel=\"noopener\">Confira os resumos de &#8216;Amor Perfeito da semana 04 a 09 de setembro<\/a><br \/>\n<strong style=\"font-size: 120%;\">\u00daltimas not\u00edcias de Amor Perfeito:<\/strong><br \/>\n<div class=\"pt-cv-wrapper\"><div class=\"pt-cv-view pt-cv-grid pt-cv-colsys\" id=\"pt-cv-view-04db883axk\"><div data-id=\"pt-cv-page-1\" class=\"pt-cv-page\" data-cvc=\"1\"><div class=\"col-md-12 col-sm-12 col-xs-12 pt-cv-content-item pt-cv-1-col\" ><div class='pt-cv-ifield'><h4 class=\"pt-cv-title\"><a href=\"https:\/\/www.tvnovelas.com.br\/tvnews\/amor-perfeito-mare-e-orlando-se-casam\/\" class=\"_self\" target=\"_self\" >Amor Perfeito: Mar\u00ea e Orlando se casam<\/a><\/h4><\/div><\/div>\n<div class=\"col-md-12 col-sm-12 col-xs-12 pt-cv-content-item pt-cv-1-col\" ><div class='pt-cv-ifield'><h4 class=\"pt-cv-title\"><a href=\"https:\/\/www.tvnovelas.com.br\/tvnews\/amor-perfeito-gilda-emocionada-abraca-marcelino\/\" class=\"_self\" target=\"_self\" >Amor Perfeito: Gilda emocionada abra\u00e7a Marcelino<\/a><\/h4><\/div><\/div>\n<div class=\"col-md-12 col-sm-12 col-xs-12 pt-cv-content-item pt-cv-1-col\" ><div class='pt-cv-ifield'><h4 class=\"pt-cv-title\"><a href=\"https:\/\/www.tvnovelas.com.br\/tvnews\/amor-perfeito-orlando-descobre-que-lucilia-foi-assassinada-a-mando-de-gilda\/\" class=\"_self\" target=\"_self\" >Amor Perfeito: Orlando descobre que Luc\u00edlia foi assassinada a mando de Gilda<\/a><\/h4><\/div><\/div>\n<div class=\"col-md-12 col-sm-12 col-xs-12 pt-cv-content-item pt-cv-1-col\" ><div class='pt-cv-ifield'><h4 class=\"pt-cv-title\"><a href=\"https:\/\/www.tvnovelas.com.br\/tvnews\/amor-perfeito-gilda-e-descoberta-como-mandante-de-assassinato\/\" class=\"_self\" target=\"_self\" >Amor Perfeito: Gilda \u00e9 descoberta como mandante de assassinato<\/a><\/h4><\/div><\/div>\n<div class=\"col-md-12 col-sm-12 col-xs-12 pt-cv-content-item pt-cv-1-col\" ><div class='pt-cv-ifield'><h4 class=\"pt-cv-title\"><a href=\"https:\/\/www.tvnovelas.com.br\/tvnews\/amor-perfeito-gilda-foge-da-cadeia-com-ajuda-de-gaspar\/\" class=\"_self\" target=\"_self\" >Amor Perfeito: Gilda foge da cadeia com ajuda de Gaspar<\/a><\/h4><\/div><\/div>\n<div class=\"col-md-12 col-sm-12 col-xs-12 pt-cv-content-item pt-cv-1-col\" ><div class='pt-cv-ifield'><h4 class=\"pt-cv-title\"><a href=\"https:\/\/www.tvnovelas.com.br\/tvnews\/amor-perfeito-darlene-e-joao-se-casam\/\" class=\"_self\" target=\"_self\" >Amor Perfeito: Darlene e Jo\u00e3o se casam<\/a><\/h4><\/div><\/div><\/div><\/div><\/div><br \/>\n<strong style=\"font-size: 120%;\">\u00daltimas not\u00edcias deste site:<\/strong><br \/>\n<div class=\"pt-cv-wrapper\"><div class=\"pt-cv-view pt-cv-grid pt-cv-colsys\" id=\"pt-cv-view-90991035b3\"><div data-id=\"pt-cv-page-1\" class=\"pt-cv-page\" data-cvc=\"1\"><div class=\"col-md-12 col-sm-12 col-xs-12 pt-cv-content-item pt-cv-1-col\" ><div class='pt-cv-ifield'><h4 class=\"pt-cv-title\"><a href=\"https:\/\/www.tvnovelas.com.br\/tvnews\/coracao-de-mae-atilla-confronta-hasan-e-exige-o-divorcio-de-lale\/\" class=\"_self\" target=\"_self\" >Cora\u00e7\u00e3o de M\u00e3e: Atilla confronta Hasan e exige o div\u00f3rcio de Lale<\/a><\/h4><\/div><\/div>\n<div class=\"col-md-12 col-sm-12 col-xs-12 pt-cv-content-item pt-cv-1-col\" ><div class='pt-cv-ifield'><h4 class=\"pt-cv-title\"><a href=\"https:\/\/www.tvnovelas.com.br\/tvnews\/guerra-das-rosas-gulfem-coloca-gulru-contra-a-parede\/\" class=\"_self\" target=\"_self\" >Guerra das Rosas: Gulfem coloca Gulru contra a parede<\/a><\/h4><\/div><\/div>\n<div class=\"col-md-12 col-sm-12 col-xs-12 pt-cv-content-item pt-cv-1-col\" ><div class='pt-cv-ifield'><h4 class=\"pt-cv-title\"><a href=\"https:\/\/www.tvnovelas.com.br\/tvnews\/coracao-de-mae-atilla-diz-a-lale-que-quer-o-divorcio\/\" class=\"_self\" target=\"_self\" >Cora\u00e7\u00e3o de M\u00e3e: Atilla diz a Lale que quer o div\u00f3rcio<\/a><\/h4><\/div><\/div>\n<div class=\"col-md-12 col-sm-12 col-xs-12 pt-cv-content-item pt-cv-1-col\" ><div class='pt-cv-ifield'><h4 class=\"pt-cv-title\"><a href=\"https:\/\/www.tvnovelas.com.br\/tvnews\/a-nobreza-do-amor-mirinho-garante-noivado-com-virginia-para-atrair-sogro-a-negocio\/\" class=\"_self\" target=\"_self\" >A Nobreza do Amor: Mirinho garante noivado com Virg\u00ednia para atrair sogro a neg\u00f3cio<\/a><\/h4><\/div><\/div>\n<div class=\"col-md-12 col-sm-12 col-xs-12 pt-cv-content-item pt-cv-1-col\" ><div class='pt-cv-ifield'><h4 class=\"pt-cv-title\"><a href=\"https:\/\/www.tvnovelas.com.br\/tvnews\/tres-gracas-joaquim-propoe-fuga-a-arminda-com-o-dinheiro-das-tres-gracas\/\" class=\"_self\" target=\"_self\" >Tr\u00eas Gra\u00e7as:  Joaquim prop\u00f5e fuga a Arminda com o dinheiro das Tr\u00eas Gra\u00e7as<\/a><\/h4><\/div><\/div>\n<div class=\"col-md-12 col-sm-12 col-xs-12 pt-cv-content-item pt-cv-1-col\" ><div class='pt-cv-ifield'><h4 class=\"pt-cv-title\"><a href=\"https:\/\/www.tvnovelas.com.br\/tvnews\/coracao-de-mae-atilla-decide-abrir-o-jogo-com-karsu\/\" class=\"_self\" target=\"_self\" >Cora\u00e7\u00e3o de M\u00e3e: Atilla decide abrir o jogo com Karsu<\/a><\/h4><\/div><\/div>\n<div class=\"col-md-12 col-sm-12 col-xs-12 pt-cv-content-item pt-cv-1-col\" ><div class='pt-cv-ifield'><h4 class=\"pt-cv-title\"><a href=\"https:\/\/www.tvnovelas.com.br\/tvnews\/coracao-de-mae-adnan-e-preso-apos-denuncia-de-irmak\/\" class=\"_self\" target=\"_self\" >Em Cora\u00e7\u00e3o de M\u00e3e: Adnan \u00e9 preso ap\u00f3s denuncia de Irmak<\/a><\/h4><\/div><\/div>\n<div class=\"col-md-12 col-sm-12 col-xs-12 pt-cv-content-item pt-cv-1-col\" ><div class='pt-cv-ifield'><h4 class=\"pt-cv-title\"><a href=\"https:\/\/www.tvnovelas.com.br\/tvnews\/coracao-de-mae-atilla-forca-karsu-a-ouvir-suas-explicacoes\/\" class=\"_self\" target=\"_self\" >Cora\u00e7\u00e3o de M\u00e3e: Atilla for\u00e7a Karsu a ouvir suas explica\u00e7\u00f5es<\/a><\/h4><\/div><\/div>\n<div class=\"col-md-12 col-sm-12 col-xs-12 pt-cv-content-item pt-cv-1-col\" ><div class='pt-cv-ifield'><h4 class=\"pt-cv-title\"><a href=\"https:\/\/www.tvnovelas.com.br\/tvnews\/coracao-acelerado-mulher-choca-janete-ao-se-apresentar-como-amante-do-palhares\/\" class=\"_self\" target=\"_self\" >Cora\u00e7\u00e3o Acelerado: Mulher choca Janete ao se apresentar como amante do Palhares<\/a><\/h4><\/div><\/div>\n<div class=\"col-md-12 col-sm-12 col-xs-12 pt-cv-content-item pt-cv-1-col\" ><div class='pt-cv-ifield'><h4 class=\"pt-cv-title\"><a href=\"https:\/\/www.tvnovelas.com.br\/tvnews\/a-nobreza-do-amor-jendal-dobra-a-recompensa-por-alika\/\" class=\"_self\" target=\"_self\" >A Nobreza do Amor: Jendal dobra a recompensa por Alika<\/a><\/h4><\/div><\/div><\/div><\/div><\/div><br \/>\n<a href=\"https:\/\/www.tvnovelas.com.br\/novelas\/\"><strong>Confira os resumos da semana de todas novelas<\/strong><\/a><\/p>\n<h3>Confira tamb\u00e9m<\/h3>\n<p><a href=\"https:\/\/www.tvnovelas.com.br\/filmes\/\" target=\"_blank\" rel=\"noopener noreferrer\"><strong>Programa\u00e7\u00e3o de filmes na TV aberta<\/strong><\/a><br \/>\n<a href=\"https:\/\/caetenews.com.br\/semana\/filmes-da-globo-na-sessao-da-tarde-desta-semana\/\" target=\"_blank\" rel=\"noopener\"><strong>Confira os filmes da semana na Sess\u00e3o da Tarde<\/strong><\/a><br \/>\n<a href=\"https:\/\/www.tvnovelas.com.br\/novelas\/\" target=\"_blank\" rel=\"noopener noreferrer\"><strong>Resumos de novelas<\/strong><\/a><\/p>\n","protected":false},"excerpt":{"rendered":"<p>\ud835\udc0e\ud835\udc2b\ud835\udc25\ud835\udc1a\ud835\udc27\ud835\udc1d\ud835\udc28 \ud835\udc1e\ud835\udc31\ud835\udc22\ud835\udc20\ud835\udc1e \ud835\udc2a\ud835\udc2e\ud835\udc1e \ud835\udc06\ud835\udc22\ud835\udc25\ud835\udc1d\ud835\udc1a \ud835\udc2c\ud835\udc1e \ud835\udc1a\ud835\udc1f\ud835\udc1a\ud835\udc2c\ud835\udc2d\ud835\udc1e \ud835\udc1d\ud835\udc1e \ud835\udc0c\ud835\udc1a\ud835\udc2b\ud835\udc1c\ud835\udc1e\ud835\udc25\ud835\udc22\ud835\udc27\ud835\udc28; C\u00e2ndida diz a Anselmo que ser\u00e1 candidata \u00e0 prefeitura; \ud835\udc0b\u00ed\ud835\udc2f\ud835\udc22\ud835\udc1a \ud835\udc1d\ud835\udc1e\ud835\udc1c\ud835\udc22\ud835\udc1d\ud835\udc1e \ud835\udc1f\ud835\udc2e\ud835\udc20\ud835\udc22\ud835\udc2b \ud835\udc1c\ud835\udc28\ud835\udc26 \ud835\udc13\ud835\udc28\ud835\udc1b\ud835\udc22\ud835\udc1a\ud835\udc2c \ud835\udc1e \ud835\udc15\ud835\udc1a\ud835\udc25\ud835\udc1e\ud835\udc27\ud835\udc2d\ud835\udc1e; Orlando decide pedir desquite de Gilda; \ud835\udc0c\ud835\udc1a\ud835\udc2b\u00ea \ud835\udc2b\ud835\udc1e\ud835\udc2f\ud835\udc1e\ud835\udc25\ud835\udc1a \ud835\udc1a \ud835\udc0e\ud835\udc2b\ud835\udc25\ud835\udc1a\ud835\udc27\ud835\udc1d\ud835\udc28 \ud835\udc1e \ud835\udc09\u00fa\ud835\udc25\ud835\udc22\ud835\udc28 \ud835\udc2a\ud835\udc2e\ud835\udc1e \ud835\udc0b\ud835\udc1e\ud835\udc28\ud835\udc27\ud835\udc1e\ud835\udc25 \ud835\udc1e\ud835\udc2c\ud835\udc2d\u00e1 \ud835\udc2f\ud835\udc22\ud835\udc2f\ud835\udc28&#8230;<\/p>\n","protected":false},"author":1,"featured_media":55139,"comment_status":"closed","ping_status":"closed","sticky":false,"template":"","format":"standard","meta":{"_uf_show_specific_survey":0,"_uf_disable_surveys":false,"_jetpack_memberships_contains_paid_content":false,"footnotes":"","_wp_rev_ctl_limit":""},"categories":[375],"tags":[376,5,64],"class_list":["post-55118","post","type-post","status-publish","format-standard","has-post-thumbnail","hentry","category-amor-perfeito","tag-amor-perfeito","tag-globo","tag-novelas","wpcat-375-id"],"aioseo_notices":[],"jetpack_featured_media_url":"https:\/\/i0.wp.com\/www.tvnovelas.com.br\/tvnews\/wp-content\/uploads\/2023\/08\/37860.jpg?fit=728%2C410&ssl=1","jetpack_shortlink":"https:\/\/wp.me\/pdP2BO-el0","jetpack_sharing_enabled":true,"_links":{"self":[{"href":"https:\/\/www.tvnovelas.com.br\/tvnews\/wp-json\/wp\/v2\/posts\/55118","targetHints":{"allow":["GET"]}}],"collection":[{"href":"https:\/\/www.tvnovelas.com.br\/tvnews\/wp-json\/wp\/v2\/posts"}],"about":[{"href":"https:\/\/www.tvnovelas.com.br\/tvnews\/wp-json\/wp\/v2\/types\/post"}],"author":[{"embeddable":true,"href":"https:\/\/www.tvnovelas.com.br\/tvnews\/wp-json\/wp\/v2\/users\/1"}],"replies":[{"embeddable":true,"href":"https:\/\/www.tvnovelas.com.br\/tvnews\/wp-json\/wp\/v2\/comments?post=55118"}],"version-history":[{"count":4,"href":"https:\/\/www.tvnovelas.com.br\/tvnews\/wp-json\/wp\/v2\/posts\/55118\/revisions"}],"predecessor-version":[{"id":55180,"href":"https:\/\/www.tvnovelas.com.br\/tvnews\/wp-json\/wp\/v2\/posts\/55118\/revisions\/55180"}],"wp:featuredmedia":[{"embeddable":true,"href":"https:\/\/www.tvnovelas.com.br\/tvnews\/wp-json\/wp\/v2\/media\/55139"}],"wp:attachment":[{"href":"https:\/\/www.tvnovelas.com.br\/tvnews\/wp-json\/wp\/v2\/media?parent=55118"}],"wp:term":[{"taxonomy":"category","embeddable":true,"href":"https:\/\/www.tvnovelas.com.br\/tvnews\/wp-json\/wp\/v2\/categories?post=55118"},{"taxonomy":"post_tag","embeddable":true,"href":"https:\/\/www.tvnovelas.com.br\/tvnews\/wp-json\/wp\/v2\/tags?post=55118"}],"curies":[{"name":"wp","href":"https:\/\/api.w.org\/{rel}","templated":true}]}}