{"id":55456,"date":"2023-09-02T08:38:18","date_gmt":"2023-09-02T11:38:18","guid":{"rendered":"https:\/\/www.tvnovelas.com.br\/tvnews\/?p=55456"},"modified":"2023-09-02T08:38:18","modified_gmt":"2023-09-02T11:38:18","slug":"amor-perfeito-candida-se-surpreende-e-se-emociona-com-apoio-de-veronica","status":"publish","type":"post","link":"https:\/\/www.tvnovelas.com.br\/tvnews\/amor-perfeito-candida-se-surpreende-e-se-emociona-com-apoio-de-veronica\/","title":{"rendered":"Amor Perfeito: C\u00e2ndida se surpreende e se emociona com apoio de Ver\u00f4nica"},"content":{"rendered":"<p><em>Em Amor Perfeito: C\u00e2ndida se surpreende&#8230;<\/em><br \/>\n<img data-recalc-dims=\"1\" decoding=\"async\" class=\"alignnone wp-image-55457 size-full\" title=\"(Foto: Globo\/Amor Perfeito)\" src=\"https:\/\/i0.wp.com\/www.tvnovelas.com.br\/tvnews\/wp-content\/uploads\/2023\/09\/37926.jpg?resize=728%2C410&#038;ssl=1\" alt=\"Foto em Amor Perfeito: C\u00e2ndida se surpreende...\" width=\"728\" height=\"410\" srcset=\"https:\/\/i0.wp.com\/www.tvnovelas.com.br\/tvnews\/wp-content\/uploads\/2023\/09\/37926.jpg?w=728&amp;ssl=1 728w, https:\/\/i0.wp.com\/www.tvnovelas.com.br\/tvnews\/wp-content\/uploads\/2023\/09\/37926.jpg?resize=678%2C381&amp;ssl=1 678w\" sizes=\"(max-width: 728px) 100vw, 728px\" \/><\/p>\n<p>Em Amor Perfeito, C\u00e2ndida (Zez\u00e9 Polessa) n\u00e3o ir\u00e1 perder tempo. Mesmo antes de as elei\u00e7\u00f5es ocorrerem, a primeira-dama de \u00c1guas de S\u00e3o Jacinto j\u00e1 est\u00e1 focada em convocar a popula\u00e7\u00e3o local, em especial, as mulheres, para explicar suas propostas. Mesmo sabendo que ter\u00e1 que enfrentar o pr\u00f3prio marido, Anselmo (Paulo Betti), atual prefeito, e o filho mais velho, Gaspar (Thiago Lacerda), secret\u00e1rio de Turismo, ela est\u00e1 comprometida com o talento pol\u00edtica.<\/p>\n<p>\u201cEu marquei esse encontro pra apresentar o meu programa de governo. Quero que voc\u00eas discutam, critiquem e deem sugest\u00f5es ao que eu estou propondo\u201d, come\u00e7ar\u00e1 ela, na reuni\u00e3o que organizou no sal\u00e3o de beleza do Grande Hotel.<\/p>\n<p>Neste momento, uma pessoa chegar\u00e1 atrasada e vai surpreender C\u00e2ndida: Ver\u00f4nica (Ana Cec\u00edlia Costa). A baiana j\u00e1 contou \u00e0 primeira-dama da cidade toda a hist\u00f3ria sobre ter sido amante de Anselmo por mais de 20 anos e sobre ele ser o pai de Julio (Daniel Rangel).<\/p>\n<p>Mas as duas decidiram deixar o passado para tr\u00e1s e, al\u00e9m do perd\u00e3o, foram claras sobre o quanto admiram uma \u00e0 outra. Por isso, Ver\u00f4nica far\u00e1 quest\u00e3o de dizer algumas palavras sobre a candidatura de C\u00e2ndida.<\/p>\n<p>\u201c\u00c9 muito importante que a gente tenha uma mulher na prefeitura. E a dona C\u00e2ndida n\u00e3o podia ser mais qualificada. Posso dizer que no pouco tempo em que a ela foi chefe de gabinete na prefeitura, fez um trabalho excelente\u201d, lembrar\u00e1 a baiana, deixando C\u00e2ndida emocionada.<\/p>\n<p><strong>Arma\u00e7\u00e3o<\/strong><br \/>\nParalelo a isso, Ivan (Bruno Mantaleone) ir\u00e1 \u00e0 prefeitura contar ao pai e ao irm\u00e3o mais velho sobre o que a matriarca tem realizado, deixando os dois revoltados, afinal, a dupla sabe que ela \u00e9 a pessoa na fam\u00edlia com voca\u00e7\u00e3o e comprometimento para pol\u00edtica.<\/p>\n<p>\u201cComo \u00e9 que pode? A m\u00e3e boicotando o pr\u00f3prio filho!\u201d, ir\u00e1 reclamar Gaspar.<\/p>\n<p>\u201cVoc\u00eas sabem que quando a m\u00e3e p\u00f5e algo na cabe\u00e7a, ningu\u00e9m tira\u201d, comentar\u00e1 Ivan.<\/p>\n<p>\u201cEu vou dar um jeito de acabar com essa palha\u00e7ada e \u00e9 hoje!\u201d, declarar\u00e1 Anselmo, maquinando algo.<\/p>\n<p>De volta \u00e0 reuni\u00e3o das mulheres, enquanto C\u00e2ndida discursa sobre o seu projeto, o grupo ficar\u00e1 fascinado com as propostas da primeira-dama de S\u00e3o Jacinto. Entre elas, uma creche na prefeitura com refei\u00e7\u00f5es para as crian\u00e7as, charretes para os turistas e mais esta\u00e7\u00f5es ferrovi\u00e1rias pela cidade.<\/p>\n<p>Por\u00e9m, todas ser\u00e3o surpreendidas quando um rato aparecer no sal\u00e3o, deixando o p\u00fablico presente em p\u00e2nico. Ione (Carol Badra) ser\u00e1 a pessoa respons\u00e1vel por espantar o bicho. Logo depois, com os \u00e2nimos acalmados, C\u00e2ndida associar\u00e1 o ocorrido a um poss\u00edvel respons\u00e1vel.<\/p>\n<p>\u201cIsso t\u00e1 muito cabuloso. Acho que eu sei onde fica a toca desse rato! [&#8230;] Voc\u00ea acha que esse rato entrou no sal\u00e3o pra saber do meu projeto de governo? Ele veio foi de encomenda!\u201d<\/p>\n<p>\u201cM\u00e3e, n\u00e3o&#8230; a senhora n\u00e3o t\u00e1 achando que foi o pai?\u201d, questionar\u00e1 Lu\u00eds (Paulo Mendes), o ca\u00e7ula dela.<\/p>\n<p>\u201cTenho certeza. Foi aquele sacripanta do seu pai! Pra acabar com a nossa reuni\u00e3o\u201d, cravar\u00e1 ela, j\u00e1 sacando que isso foi arma\u00e7\u00e3o de Anselmo.<\/p>\n<p>E, de fato, o palpite vai estar correto. Na prefeitura, Anselmo ir\u00e1 pagar um menino por ter realizado o servi\u00e7o.<\/p>\n<p>\u201cEnt\u00e3o quer dizer que a mulherada deu chilique quando viu o rato? Eu n\u00e3o disse que ia dar certo, Gaspar?\u201d, comemorar\u00e1 ele. \u201cMuito bom servi\u00e7o, garoto. Aqui t\u00e1 o resto do pagamento\u201d, vai dizer Anselmo, entregando o dinheiro.<\/p>\n<p>Mas o entretenimento por conta do sucesso da arma\u00e7\u00e3o ir\u00e1 durar pouco. A dupla ser\u00e1 surpreendida pela entrada de Ver\u00f4nica e C\u00e2ndida na sala do prefeito, com a primeira-dama carregando uma caixa.<\/p>\n<p>\u201cVim devolver pro traste do seu pai uma coisa que eu tenho certeza que \u00e9 dele. Um f\u00e3 dos seus queijos, Anselmo\u201d, dir\u00e1 ela.<\/p>\n<p>Os dois v\u00e3o ficar sem entender nada, mas, ao abrirem o objeto, v\u00e3o ver o rato e ficar\u00e3o mais assustados que as damas da reuni\u00e3o, com direito a Anselmo pulando na mesa de tanto medo.<\/p>\n<p>\u201cIsso \u00e9 pra voc\u00ea entender que n\u00e3o \u00e9 um ratinho de nada que vai estragar os meus planos\u201d, finalizar\u00e1 ela.<br \/>\n<!--FIM DO POST--><br \/>\n<a href=\"https:\/\/www.tvnovelas.com.br\/novelas\/resumos-de-amor-perfeito\/\" target=\"_blank\" rel=\"noopener\">Confira os resumos da semana de &#8216;Amor Perfeito<\/a><br \/>\n<strong style=\"font-size: 120%;\">\u00daltimas not\u00edcias de Amor Perfeito:<\/strong><br \/>\n<div class=\"pt-cv-wrapper\"><div class=\"pt-cv-view pt-cv-grid pt-cv-colsys\" id=\"pt-cv-view-04db883axk\"><div data-id=\"pt-cv-page-1\" class=\"pt-cv-page\" data-cvc=\"1\"><div class=\"col-md-12 col-sm-12 col-xs-12 pt-cv-content-item pt-cv-1-col\" ><div class='pt-cv-ifield'><h4 class=\"pt-cv-title\"><a href=\"https:\/\/www.tvnovelas.com.br\/tvnews\/amor-perfeito-mare-e-orlando-se-casam\/\" class=\"_self\" target=\"_self\" >Amor Perfeito: Mar\u00ea e Orlando se casam<\/a><\/h4><\/div><\/div>\n<div class=\"col-md-12 col-sm-12 col-xs-12 pt-cv-content-item pt-cv-1-col\" ><div class='pt-cv-ifield'><h4 class=\"pt-cv-title\"><a href=\"https:\/\/www.tvnovelas.com.br\/tvnews\/amor-perfeito-gilda-emocionada-abraca-marcelino\/\" class=\"_self\" target=\"_self\" >Amor Perfeito: Gilda emocionada abra\u00e7a Marcelino<\/a><\/h4><\/div><\/div>\n<div class=\"col-md-12 col-sm-12 col-xs-12 pt-cv-content-item pt-cv-1-col\" ><div class='pt-cv-ifield'><h4 class=\"pt-cv-title\"><a href=\"https:\/\/www.tvnovelas.com.br\/tvnews\/amor-perfeito-orlando-descobre-que-lucilia-foi-assassinada-a-mando-de-gilda\/\" class=\"_self\" target=\"_self\" >Amor Perfeito: Orlando descobre que Luc\u00edlia foi assassinada a mando de Gilda<\/a><\/h4><\/div><\/div>\n<div class=\"col-md-12 col-sm-12 col-xs-12 pt-cv-content-item pt-cv-1-col\" ><div class='pt-cv-ifield'><h4 class=\"pt-cv-title\"><a href=\"https:\/\/www.tvnovelas.com.br\/tvnews\/amor-perfeito-gilda-e-descoberta-como-mandante-de-assassinato\/\" class=\"_self\" target=\"_self\" >Amor Perfeito: Gilda \u00e9 descoberta como mandante de assassinato<\/a><\/h4><\/div><\/div>\n<div class=\"col-md-12 col-sm-12 col-xs-12 pt-cv-content-item pt-cv-1-col\" ><div class='pt-cv-ifield'><h4 class=\"pt-cv-title\"><a href=\"https:\/\/www.tvnovelas.com.br\/tvnews\/amor-perfeito-gilda-foge-da-cadeia-com-ajuda-de-gaspar\/\" class=\"_self\" target=\"_self\" >Amor Perfeito: Gilda foge da cadeia com ajuda de Gaspar<\/a><\/h4><\/div><\/div>\n<div class=\"col-md-12 col-sm-12 col-xs-12 pt-cv-content-item pt-cv-1-col\" ><div class='pt-cv-ifield'><h4 class=\"pt-cv-title\"><a href=\"https:\/\/www.tvnovelas.com.br\/tvnews\/amor-perfeito-darlene-e-joao-se-casam\/\" class=\"_self\" target=\"_self\" >Amor Perfeito: Darlene e Jo\u00e3o se casam<\/a><\/h4><\/div><\/div><\/div><\/div><\/div><br \/>\n<strong style=\"font-size: 120%;\">\u00daltimas not\u00edcias deste site:<\/strong><br \/>\n<div class=\"pt-cv-wrapper\"><div class=\"pt-cv-view pt-cv-grid pt-cv-colsys\" id=\"pt-cv-view-90991035b3\"><div data-id=\"pt-cv-page-1\" class=\"pt-cv-page\" data-cvc=\"1\"><div class=\"col-md-12 col-sm-12 col-xs-12 pt-cv-content-item pt-cv-1-col\" ><div class='pt-cv-ifield'><h4 class=\"pt-cv-title\"><a href=\"https:\/\/www.tvnovelas.com.br\/tvnews\/coracao-de-mae-atilla-confronta-hasan-e-exige-o-divorcio-de-lale\/\" class=\"_self\" target=\"_self\" >Cora\u00e7\u00e3o de M\u00e3e: Atilla confronta Hasan e exige o div\u00f3rcio de Lale<\/a><\/h4><\/div><\/div>\n<div class=\"col-md-12 col-sm-12 col-xs-12 pt-cv-content-item pt-cv-1-col\" ><div class='pt-cv-ifield'><h4 class=\"pt-cv-title\"><a href=\"https:\/\/www.tvnovelas.com.br\/tvnews\/guerra-das-rosas-gulfem-coloca-gulru-contra-a-parede\/\" class=\"_self\" target=\"_self\" >Guerra das Rosas: Gulfem coloca Gulru contra a parede<\/a><\/h4><\/div><\/div>\n<div class=\"col-md-12 col-sm-12 col-xs-12 pt-cv-content-item pt-cv-1-col\" ><div class='pt-cv-ifield'><h4 class=\"pt-cv-title\"><a href=\"https:\/\/www.tvnovelas.com.br\/tvnews\/coracao-de-mae-atilla-diz-a-lale-que-quer-o-divorcio\/\" class=\"_self\" target=\"_self\" >Cora\u00e7\u00e3o de M\u00e3e: Atilla diz a Lale que quer o div\u00f3rcio<\/a><\/h4><\/div><\/div>\n<div class=\"col-md-12 col-sm-12 col-xs-12 pt-cv-content-item pt-cv-1-col\" ><div class='pt-cv-ifield'><h4 class=\"pt-cv-title\"><a href=\"https:\/\/www.tvnovelas.com.br\/tvnews\/a-nobreza-do-amor-mirinho-garante-noivado-com-virginia-para-atrair-sogro-a-negocio\/\" class=\"_self\" target=\"_self\" >A Nobreza do Amor: Mirinho garante noivado com Virg\u00ednia para atrair sogro a neg\u00f3cio<\/a><\/h4><\/div><\/div>\n<div class=\"col-md-12 col-sm-12 col-xs-12 pt-cv-content-item pt-cv-1-col\" ><div class='pt-cv-ifield'><h4 class=\"pt-cv-title\"><a href=\"https:\/\/www.tvnovelas.com.br\/tvnews\/tres-gracas-joaquim-propoe-fuga-a-arminda-com-o-dinheiro-das-tres-gracas\/\" class=\"_self\" target=\"_self\" >Tr\u00eas Gra\u00e7as:  Joaquim prop\u00f5e fuga a Arminda com o dinheiro das Tr\u00eas Gra\u00e7as<\/a><\/h4><\/div><\/div>\n<div class=\"col-md-12 col-sm-12 col-xs-12 pt-cv-content-item pt-cv-1-col\" ><div class='pt-cv-ifield'><h4 class=\"pt-cv-title\"><a href=\"https:\/\/www.tvnovelas.com.br\/tvnews\/coracao-de-mae-atilla-decide-abrir-o-jogo-com-karsu\/\" class=\"_self\" target=\"_self\" >Cora\u00e7\u00e3o de M\u00e3e: Atilla decide abrir o jogo com Karsu<\/a><\/h4><\/div><\/div>\n<div class=\"col-md-12 col-sm-12 col-xs-12 pt-cv-content-item pt-cv-1-col\" ><div class='pt-cv-ifield'><h4 class=\"pt-cv-title\"><a href=\"https:\/\/www.tvnovelas.com.br\/tvnews\/coracao-de-mae-adnan-e-preso-apos-denuncia-de-irmak\/\" class=\"_self\" target=\"_self\" >Em Cora\u00e7\u00e3o de M\u00e3e: Adnan \u00e9 preso ap\u00f3s denuncia de Irmak<\/a><\/h4><\/div><\/div>\n<div class=\"col-md-12 col-sm-12 col-xs-12 pt-cv-content-item pt-cv-1-col\" ><div class='pt-cv-ifield'><h4 class=\"pt-cv-title\"><a href=\"https:\/\/www.tvnovelas.com.br\/tvnews\/coracao-de-mae-atilla-forca-karsu-a-ouvir-suas-explicacoes\/\" class=\"_self\" target=\"_self\" >Cora\u00e7\u00e3o de M\u00e3e: Atilla for\u00e7a Karsu a ouvir suas explica\u00e7\u00f5es<\/a><\/h4><\/div><\/div>\n<div class=\"col-md-12 col-sm-12 col-xs-12 pt-cv-content-item pt-cv-1-col\" ><div class='pt-cv-ifield'><h4 class=\"pt-cv-title\"><a href=\"https:\/\/www.tvnovelas.com.br\/tvnews\/coracao-acelerado-mulher-choca-janete-ao-se-apresentar-como-amante-do-palhares\/\" class=\"_self\" target=\"_self\" >Cora\u00e7\u00e3o Acelerado: Mulher choca Janete ao se apresentar como amante do Palhares<\/a><\/h4><\/div><\/div>\n<div class=\"col-md-12 col-sm-12 col-xs-12 pt-cv-content-item pt-cv-1-col\" ><div class='pt-cv-ifield'><h4 class=\"pt-cv-title\"><a href=\"https:\/\/www.tvnovelas.com.br\/tvnews\/a-nobreza-do-amor-jendal-dobra-a-recompensa-por-alika\/\" class=\"_self\" target=\"_self\" >A Nobreza do Amor: Jendal dobra a recompensa por Alika<\/a><\/h4><\/div><\/div><\/div><\/div><\/div><br \/>\n<a href=\"https:\/\/www.tvnovelas.com.br\/novelas\/\"><strong>Confira os resumos da semana de todas novelas<\/strong><\/a><\/p>\n<h3>Confira tamb\u00e9m<\/h3>\n<p><a href=\"https:\/\/www.tvnovelas.com.br\/filmes\/\" target=\"_blank\" rel=\"noopener noreferrer\"><strong>Programa\u00e7\u00e3o de filmes na TV aberta<\/strong><\/a><br \/>\n<a href=\"https:\/\/caetenews.com.br\/semana\/filmes-da-globo-na-sessao-da-tarde-desta-semana\/\" target=\"_blank\" rel=\"noopener\"><strong>Confira os filmes da semana na Sess\u00e3o da Tarde<\/strong><\/a><br \/>\n<a href=\"https:\/\/www.tvnovelas.com.br\/novelas\/\" target=\"_blank\" rel=\"noopener noreferrer\"><strong>Resumos de novelas<\/strong><\/a><\/p>\n","protected":false},"excerpt":{"rendered":"<p>Em Amor Perfeito, C\u00e2ndida (Zez\u00e9 Polessa) n\u00e3o ir\u00e1 perder tempo. Mesmo antes de as elei\u00e7\u00f5es ocorrerem, a primeira-dama de \u00c1guas de S\u00e3o Jacinto j\u00e1 est\u00e1 focada&#8230;<\/p>\n","protected":false},"author":1,"featured_media":55457,"comment_status":"closed","ping_status":"closed","sticky":false,"template":"","format":"standard","meta":{"_uf_show_specific_survey":0,"_uf_disable_surveys":false,"_jetpack_memberships_contains_paid_content":false,"footnotes":"","_wp_rev_ctl_limit":""},"categories":[375],"tags":[376,5,64],"class_list":["post-55456","post","type-post","status-publish","format-standard","has-post-thumbnail","hentry","category-amor-perfeito","tag-amor-perfeito","tag-globo","tag-novelas","wpcat-375-id"],"aioseo_notices":[],"jetpack_featured_media_url":"https:\/\/i0.wp.com\/www.tvnovelas.com.br\/tvnews\/wp-content\/uploads\/2023\/09\/37926.jpg?fit=728%2C410&ssl=1","jetpack_shortlink":"https:\/\/wp.me\/pdP2BO-eqs","jetpack_sharing_enabled":true,"_links":{"self":[{"href":"https:\/\/www.tvnovelas.com.br\/tvnews\/wp-json\/wp\/v2\/posts\/55456","targetHints":{"allow":["GET"]}}],"collection":[{"href":"https:\/\/www.tvnovelas.com.br\/tvnews\/wp-json\/wp\/v2\/posts"}],"about":[{"href":"https:\/\/www.tvnovelas.com.br\/tvnews\/wp-json\/wp\/v2\/types\/post"}],"author":[{"embeddable":true,"href":"https:\/\/www.tvnovelas.com.br\/tvnews\/wp-json\/wp\/v2\/users\/1"}],"replies":[{"embeddable":true,"href":"https:\/\/www.tvnovelas.com.br\/tvnews\/wp-json\/wp\/v2\/comments?post=55456"}],"version-history":[{"count":1,"href":"https:\/\/www.tvnovelas.com.br\/tvnews\/wp-json\/wp\/v2\/posts\/55456\/revisions"}],"predecessor-version":[{"id":55458,"href":"https:\/\/www.tvnovelas.com.br\/tvnews\/wp-json\/wp\/v2\/posts\/55456\/revisions\/55458"}],"wp:featuredmedia":[{"embeddable":true,"href":"https:\/\/www.tvnovelas.com.br\/tvnews\/wp-json\/wp\/v2\/media\/55457"}],"wp:attachment":[{"href":"https:\/\/www.tvnovelas.com.br\/tvnews\/wp-json\/wp\/v2\/media?parent=55456"}],"wp:term":[{"taxonomy":"category","embeddable":true,"href":"https:\/\/www.tvnovelas.com.br\/tvnews\/wp-json\/wp\/v2\/categories?post=55456"},{"taxonomy":"post_tag","embeddable":true,"href":"https:\/\/www.tvnovelas.com.br\/tvnews\/wp-json\/wp\/v2\/tags?post=55456"}],"curies":[{"name":"wp","href":"https:\/\/api.w.org\/{rel}","templated":true}]}}