{"id":55489,"date":"2023-09-02T14:00:29","date_gmt":"2023-09-02T17:00:29","guid":{"rendered":"https:\/\/www.tvnovelas.com.br\/tvnews\/?p=55489"},"modified":"2023-09-02T12:57:29","modified_gmt":"2023-09-02T15:57:29","slug":"o-que-rola-em-terra-e-paixao-na-semana-04-a-09-09","status":"publish","type":"post","link":"https:\/\/www.tvnovelas.com.br\/tvnews\/o-que-rola-em-terra-e-paixao-na-semana-04-a-09-09\/","title":{"rendered":"O que rola em Terra e Paix\u00e3o na semana 04 a 09\/09"},"content":{"rendered":"<p><em>Resumos de Terra e Paix\u00e3o na semana 04 a 09\/09<\/em><br \/>\n<img data-recalc-dims=\"1\" decoding=\"async\" class=\"alignnone wp-image-55490 size-full\" title=\"(Foto: TV Globo\/Terra e Paix\u00e3o)\" src=\"https:\/\/i0.wp.com\/www.tvnovelas.com.br\/tvnews\/wp-content\/uploads\/2023\/09\/37933b.jpg?resize=728%2C410&#038;ssl=1\" alt=\"Resumos de Terra e Paix\u00e3o na semana 04 a 09\/09\" width=\"728\" height=\"410\" srcset=\"https:\/\/i0.wp.com\/www.tvnovelas.com.br\/tvnews\/wp-content\/uploads\/2023\/09\/37933b.jpg?w=728&amp;ssl=1 728w, https:\/\/i0.wp.com\/www.tvnovelas.com.br\/tvnews\/wp-content\/uploads\/2023\/09\/37933b.jpg?resize=678%2C381&amp;ssl=1 678w\" sizes=\"(max-width: 728px) 100vw, 728px\" \/><\/p>\n<blockquote><p>Agatha garante que conseguir\u00e1 tirar todo o dinheiro de Ant\u00f4nio; Aline n\u00e3o gosta quando Jonatas tenta coloc\u00e1-la contra Caio; Silv\u00e9rio diz a Irene que acha que Agatha pretende tirar dinheiro de Ant\u00f4nio; Ant\u00f4nio pergunta a Irene se foi ela a mandante do crime que matou Daniel&#8230;<\/p><\/blockquote>\n<p><strong>Resumo de segunda-feira, 04 de setembro<\/strong><br \/>\nAgatha diz a Caio que n\u00e3o quer nada de Ant\u00f4nio, e que deseja apenas o amor do filho. Ademir pede Flor em casamento. Ant\u00f4nio abra\u00e7a Agatha e diz que a volta da ex-mulher foi a melhor coisa que poderia ter acontecido. Petra acha que tem um carro perseguindo ela e H\u00e9lio na estrada. Agatha faz uma liga\u00e7\u00e3o misteriosa e afirma que conseguir\u00e1 tirar todo o dinheiro de Ant\u00f4nio.<\/p>\n<p><strong>Resumo de ter\u00e7a-feira, 05 de setembro<\/strong><br \/>\nAnt\u00f4nio pede a Luigi que avise a Irene sobre o estado de Petra. Aline n\u00e3o gosta quando Jonatas tenta coloc\u00e1-la contra Caio. Odilon faz sucesso no desfile de Gra\u00e7a se apresentando como cantor, causando interesse no empres\u00e1rio de James Brum. Pressionado por Caio e Luigi, H\u00e9lio acaba revelando os traumas de Petra da inf\u00e2ncia. Luigi manda H\u00e9lio ficar longe de Petra. Ant\u00f4nio pergunta a Petra quem foi a pessoa que fez mal a ela quando crian\u00e7a.<br \/>\n<img data-recalc-dims=\"1\" decoding=\"async\" class=\"alignnone wp-image-55491 size-full\" title=\"(Foto: TV Globo\/Terra e Paix\u00e3o)\" src=\"https:\/\/i0.wp.com\/www.tvnovelas.com.br\/tvnews\/wp-content\/uploads\/2023\/09\/37933a.jpg?resize=728%2C410&#038;ssl=1\" alt=\"Foto em Resumos de Terra e Paix\u00e3o na semana 04 a 09\/09\" width=\"728\" height=\"410\" srcset=\"https:\/\/i0.wp.com\/www.tvnovelas.com.br\/tvnews\/wp-content\/uploads\/2023\/09\/37933a.jpg?w=728&amp;ssl=1 728w, https:\/\/i0.wp.com\/www.tvnovelas.com.br\/tvnews\/wp-content\/uploads\/2023\/09\/37933a.jpg?resize=678%2C381&amp;ssl=1 678w\" sizes=\"(max-width: 728px) 100vw, 728px\" \/><\/p>\n<p><strong>Resumo de quarta-feira, 06 de setembro<\/strong><br \/>\nPetra fica nervosa e aceita ser acolhida por Caio. Irene pede a Luigi que n\u00e3o desista de Petra. Jurec\u00ea avisa a Franco que ele n\u00e3o deve brincar com os sentimentos de Yandara. Caio pergunta a Ant\u00f4nio se a volta de Agatha mexeu com o pai. Anely conta a Luigi que Tadeu descobriu sua identidade secreta e amea\u00e7ou revelar para todos. Rodrigo deixa Marino nervoso ao avisar que o delegado ser\u00e1 obrigado a investigar a morte de Daniel. Gladys aconselha Andrade a procurar ajuda. Silv\u00e9rio aceita ser o padrinho de Andrade no grupo de apoio. Gentil pede Jussara em namoro. Marino diz a Lucinda que deseja ser um homem melhor para merecer o amor dela. Marino promete a Caio que investigar\u00e1 a fundo o acidente que levou \u00e0 morte de Daniel.<\/p>\n<p><strong>Resumo de quinta-feira, 07 de setembro<\/strong><br \/>\nJussara aceita o pedido de namoro de Gentil. Ramiro revela a Kelvin que precisa da companhia dele. Lucinda e Marino ficam juntos. Ant\u00f4nio escuta Irene prometer dinheiro a algu\u00e9m pelo telefone. Irene fica furiosa ao tomar conhecimento por Agatha que Ant\u00f4nio est\u00e1 dando mesada \u00e0 ex-mulher. Caio e Ademir v\u00e3o at\u00e9 a delegacia, a pedido de Marino, para mais informa\u00e7\u00f5es sobre os atentados que possam estar associados \u00e0 morte de Daniel. Irene d\u00e1 um pacote de dinheiro a um homem. Flor conta aos amigos do bar de C\u00e2ndida que se casar\u00e1 com Ademir. Silv\u00e9rio diz a Irene que acha que Agatha pretende tirar dinheiro de Ant\u00f4nio. Anely flagra Petra e H\u00e9lio juntos.<br \/>\n<img data-recalc-dims=\"1\" decoding=\"async\" class=\"alignnone wp-image-55492 size-full\" title=\"(Foto: TV Globo\/Terra e Paix\u00e3o)\" src=\"https:\/\/i0.wp.com\/www.tvnovelas.com.br\/tvnews\/wp-content\/uploads\/2023\/09\/37933c.jpg?resize=728%2C410&#038;ssl=1\" alt=\"Foto em Resumos de Terra e Paix\u00e3o na semana 04 a 09\/09\" width=\"728\" height=\"410\" srcset=\"https:\/\/i0.wp.com\/www.tvnovelas.com.br\/tvnews\/wp-content\/uploads\/2023\/09\/37933c.jpg?w=728&amp;ssl=1 728w, https:\/\/i0.wp.com\/www.tvnovelas.com.br\/tvnews\/wp-content\/uploads\/2023\/09\/37933c.jpg?resize=678%2C381&amp;ssl=1 678w\" sizes=\"(max-width: 728px) 100vw, 728px\" \/><\/p>\n<p><strong>Resumo de sexta-feira, 08 de setembro<\/strong><br \/>\nAnely tira uma foto de Petra e H\u00e9lio e mostra a Luigi, que fica chocado. Ant\u00f4nio convida Agatha para sair. Luigi desmascara Petra e H\u00e9lio na frente de Ant\u00f4nio e Irene. Ant\u00f4nio pede a Luigi para n\u00e3o desistir de Petra e aconselha ao genro que fa\u00e7a uma viagem para dar um tempo. Lucinda permite que Andrade participe das reuni\u00f5es de fam\u00edlias na escola de Cristian. Jonatas chama Gra\u00e7a para jantar. Luigi convida Anely para viajar com ele para o Rio de Janeiro. Agatha recebe o colar que usou no casamento com Ant\u00f4nio, com um bilhete do ex-marido pedindo para ela colocar a joia no encontro do casal. Marino prende Ernesto.<\/p>\n<p><strong>Resumo de s\u00e1bado, 09 de setembro<\/strong><br \/>\nCaio pressiona Ernesto para contar quem foi a pessoa que mandou adulterar os freios do carro com o qual Daniel se acidentou. Ademir avisa a Ant\u00f4nio que acharam um suspeito de ter provocado a morte de Daniel. Ant\u00f4nio pede a Marino que fa\u00e7a tudo pra manter Ernesto preso at\u00e9 confessar o crime. Tadeu manda Enzo pro Rio de Janeiro para fiscalizar Anely. Yandara aceita namorar Franco oficialmente. Mara diz a Menah que pediu a separa\u00e7\u00e3o para Elias. H\u00e9lio tira Agatha para dan\u00e7ar no bar. O advogado de Ernesto apresenta um alvar\u00e1 de soltura a Marino e pede ao delegado que liberte seu cliente. Ant\u00f4nio pergunta a Irene se foi ela a mandante do crime que matou Daniel.<br \/>\n<!--END POST--><br \/>\n<a href=\"https:\/\/www.tvnovelas.com.br\/novelas\/resumos-de-terra-e-paixao-2\/\">Confira os resumos de &#8216;Terra e Paix\u00e3o&#8217; da semana 11 a 16 de setembro<\/a><br \/>\n<strong style=\"font-size: 120%;\">\u00daltimas not\u00edcias de Terra e Paix\u00e3o:<br \/>\n<div class=\"pt-cv-wrapper\"><div class=\"pt-cv-view pt-cv-grid pt-cv-colsys\" id=\"pt-cv-view-9bbc6490w2\"><div data-id=\"pt-cv-page-1\" class=\"pt-cv-page\" data-cvc=\"1\"><div class=\"col-md-12 col-sm-6 col-xs-12 pt-cv-content-item pt-cv-1-col\" ><div class='pt-cv-ifield'><h4 class=\"pt-cv-title\"><a href=\"https:\/\/www.tvnovelas.com.br\/tvnews\/terra-e-paixao-vinicius-choca-aline-com-relatorio-sobre-diamantes-em-suas-terras\/\" class=\"_blank\" target=\"_blank\" >Terra e Paix\u00e3o: Vin\u00edcius choca Aline com relat\u00f3rio sobre diamantes em suas terras<\/a><\/h4><\/div><\/div>\n<div class=\"col-md-12 col-sm-6 col-xs-12 pt-cv-content-item pt-cv-1-col\" ><div class='pt-cv-ifield'><h4 class=\"pt-cv-title\"><a href=\"https:\/\/www.tvnovelas.com.br\/tvnews\/terra-e-paixao-fuga-de-antonio-tem-mortes-e-disfarce\/\" class=\"_blank\" target=\"_blank\" >Terra e Paix\u00e3o: Fuga de Ant\u00f4nio tem mortes e disfarce<\/a><\/h4><\/div><\/div>\n<div class=\"col-md-12 col-sm-6 col-xs-12 pt-cv-content-item pt-cv-1-col\" ><div class='pt-cv-ifield'><h4 class=\"pt-cv-title\"><a href=\"https:\/\/www.tvnovelas.com.br\/tvnews\/terra-e-paixao-antonio-invade-casamento-para-matar-aline-no-altar\/\" class=\"_blank\" target=\"_blank\" >Terra e Paix\u00e3o: Ant\u00f4nio invade casamento para matar Aline no altar<\/a><\/h4><\/div><\/div>\n<div class=\"col-md-12 col-sm-6 col-xs-12 pt-cv-content-item pt-cv-1-col\" ><div class='pt-cv-ifield'><h4 class=\"pt-cv-title\"><a href=\"https:\/\/www.tvnovelas.com.br\/tvnews\/terra-e-paixao-graca-se-junta-a-policia-para-salvar-danielzinho\/\" class=\"_blank\" target=\"_blank\" >Terra e Paix\u00e3o: Gra\u00e7a se junta \u00e0 Pol\u00edcia para salvar Danielzinho<\/a><\/h4><\/div><\/div>\n<div class=\"col-md-12 col-sm-6 col-xs-12 pt-cv-content-item pt-cv-1-col\" ><div class='pt-cv-ifield'><h4 class=\"pt-cv-title\"><a href=\"https:\/\/www.tvnovelas.com.br\/tvnews\/terra-e-paixao-marino-da-voz-de-prisao-a-irene\/\" class=\"_blank\" target=\"_blank\" >Terra e Paix\u00e3o: Marino d\u00e1 voz de pris\u00e3o a Irene<\/a><\/h4><\/div><\/div>\n<div class=\"col-md-12 col-sm-6 col-xs-12 pt-cv-content-item pt-cv-1-col\" ><div class='pt-cv-ifield'><h4 class=\"pt-cv-title\"><a href=\"https:\/\/www.tvnovelas.com.br\/tvnews\/terra-e-paixao-irene-sequestra-danielzinho-e-foge-com-vinicius\/\" class=\"_blank\" target=\"_blank\" >Terra e Paix\u00e3o: Irene sequestra Danielzinho e foge com Vin\u00edcius<\/a><\/h4><\/div><\/div><\/div><\/div><\/div><br \/>\n<strong style=\"font-size: 120%;\">\u00daltimas not\u00edcias deste canal:<\/strong><br \/>\n<div class=\"pt-cv-wrapper\"><div class=\"pt-cv-view pt-cv-grid pt-cv-colsys\" id=\"pt-cv-view-90991035b3\"><div data-id=\"pt-cv-page-1\" class=\"pt-cv-page\" data-cvc=\"1\"><div class=\"col-md-12 col-sm-12 col-xs-12 pt-cv-content-item pt-cv-1-col\" ><div class='pt-cv-ifield'><h4 class=\"pt-cv-title\"><a href=\"https:\/\/www.tvnovelas.com.br\/tvnews\/em-coracao-de-mae-nos-proximos-capitulos-04-a-08-5\/\" class=\"_self\" target=\"_self\" >Em Cora\u00e7\u00e3o de M\u00e3e nos pr\u00f3ximos cap\u00edtulos (04 a 08\/5)<\/a><\/h4><\/div><\/div>\n<div class=\"col-md-12 col-sm-12 col-xs-12 pt-cv-content-item pt-cv-1-col\" ><div class='pt-cv-ifield'><h4 class=\"pt-cv-title\"><a href=\"https:\/\/www.tvnovelas.com.br\/tvnews\/coracao-de-mae-hasan-e-filiz-em-piquenique-romantico\/\" class=\"_self\" target=\"_self\" >Cora\u00e7\u00e3o de M\u00e3e: Hasan e Filiz em piquenique rom\u00e2ntico<\/a><\/h4><\/div><\/div>\n<div class=\"col-md-12 col-sm-12 col-xs-12 pt-cv-content-item pt-cv-1-col\" ><div class='pt-cv-ifield'><h4 class=\"pt-cv-title\"><a href=\"https:\/\/www.tvnovelas.com.br\/tvnews\/guerra-das-rosas-cihan-vibra-com-desistencia-de-gulru-de-casar-com-mert\/\" class=\"_self\" target=\"_self\" >Guerra das Rosas: Cihan vibra com desist\u00eancia de Gulru de casar com Mert<\/a><\/h4><\/div><\/div>\n<div class=\"col-md-12 col-sm-12 col-xs-12 pt-cv-content-item pt-cv-1-col\" ><div class='pt-cv-ifield'><h4 class=\"pt-cv-title\"><a href=\"https:\/\/www.tvnovelas.com.br\/tvnews\/coracao-de-mae-irmak-denuncia-adnan\/\" class=\"_self\" target=\"_self\" >Cora\u00e7\u00e3o de M\u00e3e: Irmak denuncia Adnan<\/a><\/h4><\/div><\/div>\n<div class=\"col-md-12 col-sm-12 col-xs-12 pt-cv-content-item pt-cv-1-col\" ><div class='pt-cv-ifield'><h4 class=\"pt-cv-title\"><a href=\"https:\/\/www.tvnovelas.com.br\/tvnews\/a-nobreza-do-amor-mirinho-e-obrigado-a-resgatar-tonho\/\" class=\"_self\" target=\"_self\" >A Nobreza do Amor: Mirinho \u00e9 obrigado a resgatar Tonho<\/a><\/h4><\/div><\/div>\n<div class=\"col-md-12 col-sm-12 col-xs-12 pt-cv-content-item pt-cv-1-col\" ><div class='pt-cv-ifield'><h4 class=\"pt-cv-title\"><a href=\"https:\/\/www.tvnovelas.com.br\/tvnews\/tres-gracas-paulinho-e-afastado-da-policia-por-causa-de-gerluce\/\" class=\"_self\" target=\"_self\" >Tr\u00eas Gra\u00e7as: Paulinho \u00e9 afastado da pol\u00edcia por causa de Gerluce<\/a><\/h4><\/div><\/div>\n<div class=\"col-md-12 col-sm-12 col-xs-12 pt-cv-content-item pt-cv-1-col\" ><div class='pt-cv-ifield'><h4 class=\"pt-cv-title\"><a href=\"https:\/\/www.tvnovelas.com.br\/tvnews\/coracao-de-mae-irmak-inicia-jogo-arriscado-contra-adnan\/\" class=\"_self\" target=\"_self\" >Cora\u00e7\u00e3o de M\u00e3e: Irmak inicia jogo arriscado contra Adnan<\/a><\/h4><\/div><\/div>\n<div class=\"col-md-12 col-sm-12 col-xs-12 pt-cv-content-item pt-cv-1-col\" ><div class='pt-cv-ifield'><h4 class=\"pt-cv-title\"><a href=\"https:\/\/www.tvnovelas.com.br\/tvnews\/guerra-das-rosas-omer-chama-gulru-vestida-de-noiva-para-fugir\/\" class=\"_self\" target=\"_self\" >Guerra das Rosas: Omer chama Gulru vestida de noiva para fugir<\/a><\/h4><\/div><\/div>\n<div class=\"col-md-12 col-sm-12 col-xs-12 pt-cv-content-item pt-cv-1-col\" ><div class='pt-cv-ifield'><h4 class=\"pt-cv-title\"><a href=\"https:\/\/www.tvnovelas.com.br\/tvnews\/coracao-de-mae-reha-sai-para-jantar-com-selvi\/\" class=\"_self\" target=\"_self\" >Cora\u00e7\u00e3o de M\u00e3e: Reha sai para jantar com Selvi<\/a><\/h4><\/div><\/div>\n<div class=\"col-md-12 col-sm-12 col-xs-12 pt-cv-content-item pt-cv-1-col\" ><div class='pt-cv-ifield'><h4 class=\"pt-cv-title\"><a href=\"https:\/\/www.tvnovelas.com.br\/tvnews\/coracao-acelerado-zila-se-preocupa-com-sua-situacao-apos-separacao\/\" class=\"_self\" target=\"_self\" >Cora\u00e7\u00e3o Acelerado: Zil\u00e1 se preocupa com sua situa\u00e7\u00e3o ap\u00f3s separa\u00e7\u00e3o<\/a><\/h4><\/div><\/div><\/div><\/div><\/div><br \/>\n<a href=\"https:\/\/www.tvnovelas.com.br\/novelas\/\"><strong>Confira os resumos da semana de todas novelas<\/strong><\/a><\/strong><\/p>\n<h3>Confira tamb\u00e9m<\/h3>\n<p><a href=\"https:\/\/www.tvnovelas.com.br\/filmes\/\" target=\"_blank\" rel=\"noopener noreferrer\"><strong>Programa\u00e7\u00e3o de filmes na TV aberta<\/strong><\/a><br \/>\n<a href=\"https:\/\/caetenews.com.br\/semana\/filmes-da-globo-na-sessao-da-tarde-desta-semana\/\" target=\"_blank\" rel=\"noopener\"><strong>Confira os filmes da semana na Sess\u00e3o da Tarde<\/strong><\/a><br \/>\n<a href=\"https:\/\/www.tvnovelas.com.br\/novelas\/\" target=\"_blank\" rel=\"noopener noreferrer\"><strong>Resumos de novelas<\/strong><\/a><\/p>\n","protected":false},"excerpt":{"rendered":"<p>\ud835\udc00\ud835\udc20\ud835\udc1a\ud835\udc2d\ud835\udc21\ud835\udc1a \ud835\udc20\ud835\udc1a\ud835\udc2b\ud835\udc1a\ud835\udc27\ud835\udc2d\ud835\udc1e \ud835\udc2a\ud835\udc2e\ud835\udc1e \ud835\udc1c\ud835\udc28\ud835\udc27\ud835\udc2c\ud835\udc1e\ud835\udc20\ud835\udc2e\ud835\udc22\ud835\udc2b\u00e1 \ud835\udc2d\ud835\udc22\ud835\udc2b\ud835\udc1a\ud835\udc2b \ud835\udc2d\ud835\udc28\ud835\udc1d\ud835\udc28 \ud835\udc28 \ud835\udc1d\ud835\udc22\ud835\udc27\ud835\udc21\ud835\udc1e\ud835\udc22\ud835\udc2b\ud835\udc28 \ud835\udc1d\ud835\udc1e \ud835\udc00\ud835\udc27\ud835\udc2d\u00f4\ud835\udc27\ud835\udc22\ud835\udc28; Aline n\u00e3o gosta quando Jonatas tenta coloc\u00e1-la contra Caio; Silv\u00e9rio diz a Irene que acha que Agatha pretende tirar dinheiro de Ant\u00f4nio; \ud835\udc00\ud835\udc27\ud835\udc2d\u00f4\ud835\udc27\ud835\udc22\ud835\udc28 \ud835\udc29\ud835\udc1e\ud835\udc2b\ud835\udc20\ud835\udc2e\ud835\udc27\ud835\udc2d\ud835\udc1a \ud835\udc1a \ud835\udc08\ud835\udc2b\ud835\udc1e\ud835\udc27\ud835\udc1e \ud835\udc2c\ud835\udc1e \ud835\udc1f\ud835\udc28\ud835\udc22 \ud835\udc1e\ud835\udc25\ud835\udc1a \ud835\udc1a \ud835\udc26\ud835\udc1a\ud835\udc27\ud835\udc1d\ud835\udc1a\ud835\udc27\ud835\udc2d\ud835\udc1e \ud835\udc1d\ud835\udc28 \ud835\udc1c\ud835\udc2b\ud835\udc22\ud835\udc26\ud835\udc1e \ud835\udc2a\ud835\udc2e\ud835\udc1e \ud835\udc26\ud835\udc1a\ud835\udc2d\ud835\udc28\ud835\udc2e \ud835\udc03\ud835\udc1a\ud835\udc27\ud835\udc22\ud835\udc1e\ud835\udc25&#8230;<\/p>\n","protected":false},"author":1,"featured_media":55490,"comment_status":"closed","ping_status":"closed","sticky":false,"template":"","format":"standard","meta":{"_uf_show_specific_survey":0,"_uf_disable_surveys":false,"_jetpack_memberships_contains_paid_content":false,"footnotes":"","_wp_rev_ctl_limit":""},"categories":[382],"tags":[5,64,383],"class_list":["post-55489","post","type-post","status-publish","format-standard","has-post-thumbnail","hentry","category-terra-e-paixao","tag-globo","tag-novelas","tag-terra-e-paixao","wpcat-382-id"],"aioseo_notices":[],"jetpack_featured_media_url":"https:\/\/i0.wp.com\/www.tvnovelas.com.br\/tvnews\/wp-content\/uploads\/2023\/09\/37933b.jpg?fit=728%2C410&ssl=1","jetpack_shortlink":"https:\/\/wp.me\/pdP2BO-eqZ","jetpack_sharing_enabled":true,"_links":{"self":[{"href":"https:\/\/www.tvnovelas.com.br\/tvnews\/wp-json\/wp\/v2\/posts\/55489","targetHints":{"allow":["GET"]}}],"collection":[{"href":"https:\/\/www.tvnovelas.com.br\/tvnews\/wp-json\/wp\/v2\/posts"}],"about":[{"href":"https:\/\/www.tvnovelas.com.br\/tvnews\/wp-json\/wp\/v2\/types\/post"}],"author":[{"embeddable":true,"href":"https:\/\/www.tvnovelas.com.br\/tvnews\/wp-json\/wp\/v2\/users\/1"}],"replies":[{"embeddable":true,"href":"https:\/\/www.tvnovelas.com.br\/tvnews\/wp-json\/wp\/v2\/comments?post=55489"}],"version-history":[{"count":1,"href":"https:\/\/www.tvnovelas.com.br\/tvnews\/wp-json\/wp\/v2\/posts\/55489\/revisions"}],"predecessor-version":[{"id":55493,"href":"https:\/\/www.tvnovelas.com.br\/tvnews\/wp-json\/wp\/v2\/posts\/55489\/revisions\/55493"}],"wp:featuredmedia":[{"embeddable":true,"href":"https:\/\/www.tvnovelas.com.br\/tvnews\/wp-json\/wp\/v2\/media\/55490"}],"wp:attachment":[{"href":"https:\/\/www.tvnovelas.com.br\/tvnews\/wp-json\/wp\/v2\/media?parent=55489"}],"wp:term":[{"taxonomy":"category","embeddable":true,"href":"https:\/\/www.tvnovelas.com.br\/tvnews\/wp-json\/wp\/v2\/categories?post=55489"},{"taxonomy":"post_tag","embeddable":true,"href":"https:\/\/www.tvnovelas.com.br\/tvnews\/wp-json\/wp\/v2\/tags?post=55489"}],"curies":[{"name":"wp","href":"https:\/\/api.w.org\/{rel}","templated":true}]}}