{"id":55574,"date":"2023-09-05T08:23:58","date_gmt":"2023-09-05T11:23:58","guid":{"rendered":"https:\/\/www.tvnovelas.com.br\/tvnews\/?p=55574"},"modified":"2023-09-05T08:23:58","modified_gmt":"2023-09-05T11:23:58","slug":"amor-perfeito-anselmo-coloca-a-propria-esposa-na-cadeia","status":"publish","type":"post","link":"https:\/\/www.tvnovelas.com.br\/tvnews\/amor-perfeito-anselmo-coloca-a-propria-esposa-na-cadeia\/","title":{"rendered":"Amor Perfeito: Anselmo coloca a pr\u00f3pria esposa na cadeia"},"content":{"rendered":"<p><em>Em Amor Perfeito: Anselmo coloca a&#8230;<\/em><br \/>\n<img data-recalc-dims=\"1\" decoding=\"async\" class=\"alignnone wp-image-55575 size-full\" title=\"(Foto: Globo\/Amor Perfeito)\" src=\"https:\/\/i0.wp.com\/www.tvnovelas.com.br\/tvnews\/wp-content\/uploads\/2023\/09\/37954.jpg?resize=728%2C410&#038;ssl=1\" alt=\"Foto em Amor Perfeito: Anselmo coloca a....\" width=\"728\" height=\"410\" srcset=\"https:\/\/i0.wp.com\/www.tvnovelas.com.br\/tvnews\/wp-content\/uploads\/2023\/09\/37954.jpg?w=728&amp;ssl=1 728w, https:\/\/i0.wp.com\/www.tvnovelas.com.br\/tvnews\/wp-content\/uploads\/2023\/09\/37954.jpg?resize=678%2C381&amp;ssl=1 678w\" sizes=\"(max-width: 728px) 100vw, 728px\" \/><\/p>\n<p>Em Amor Perfeito, Anselmo (Paulo Betti) pode n\u00e3o ter voca\u00e7\u00e3o para pol\u00edtica, apesar de ser prefeito de S\u00e3o Jacinto. Mas, quando o assunto \u00e9 arma\u00e7\u00e3o, com certeza, ele \u00e9 um dos melhores jogadores em campo. Seu plano de colocar o filho mais velho, Gaspar (Thiago Lacerda), atual secret\u00e1rio de Turismo da cidade, corre grande chance de n\u00e3o se concretizar, com C\u00e2ndida (Zez\u00e9 Polessa), a matriarca da fam\u00edlia, disposta a concorrer ao posto. E, diferentemente deles dois, com bons projetos a propor. Ent\u00e3o, mais uma vez, ele ir\u00e1 prejudic\u00e1-la.<\/p>\n<p>Colocar um rato para causar p\u00e2nico na reuni\u00e3o dela com as mulheres da cidade n\u00e3o deu certo, pois, al\u00e9m de descobrir que aquilo era arma\u00e7\u00e3o do marido, C\u00e2ndida fez quest\u00e3o de ir \u00e0 sala de Anselmo, acompanhada de Ver\u00f4nica (Ana Cec\u00edlia Costa), ex-amante dele, para que as duas devolvessem o \u201cpresente\u201d. A situa\u00e7\u00e3o fez com que o prefeito subisse nas cadeiras de tanto pavor do bicho.<\/p>\n<p>Agora, jogar\u00e1 mais baixo e, inclusive, ir\u00e1 acionar Albuquerque (Beto Militani), delegado corrupto, sempre disposto a favorecer quem lhe favorece. A arma\u00e7\u00e3o ser\u00e1 de um n\u00edvel a ponto de at\u00e9 Gaspar pedir para que reconsidere.<\/p>\n<p>\u201cO senhor n\u00e3o est\u00e1 exagerando n\u00e3o, pai? Pode ser perigoso fazer uma acusa\u00e7\u00e3o dessas contra a m\u00e3e. O senhor sabe o que pode acontecer com ela!\u201d, alertar\u00e1 o primog\u00eanito do casal.<\/p>\n<p>\u201cN\u00e3o vai acontecer nada, Gaspar. A C\u00e2ndida s\u00f3 vai levar o susto que ela merece e voltar pra casa, pras novenas e pros bordados dela\u201d, rebater\u00e1 Anselmo.<\/p>\n<p>\u201cA gente tem que dar um basta pra que a sua m\u00e3e e aquela mulherada entendam qual \u00e9 o lugar delas&#8221;, insistir\u00e1 ele.<\/p>\n<p>Ent\u00e3o, Albuquerque ir\u00e1 at\u00e9 o Grande Hotel, onde ela est\u00e1 morando, e chegar\u00e1 com a arrog\u00e2ncia de sempre no sal\u00e3o de beleza, surpreendendo n\u00e3o s\u00f3 C\u00e2ndida, mas tamb\u00e9m as outras mulheres presentes, como Darlene (Carol Castro), a nova propriet\u00e1ria do local, e Ione (Carol Badra).<\/p>\n<p>\u201cA senhora, por favor, me acompanhe!\u201d, exigir\u00e1 ele.<\/p>\n<p>\u201cAcompanhar o senhor? Pra onde?!\u201d, questionar\u00e1 ela, sem entender a situa\u00e7\u00e3o.<\/p>\n<p>\u201cPra delegacia. Eu vim buscar a senhora pra prestar esclarecimentos.\u201d<\/p>\n<p><strong>Apoio<\/strong><br \/>\nA not\u00edcia chegar\u00e1 logo \u00e0 sala de \u00c9rico (Carmo Della Vecchia), atual presidente do Grande Hotel, e Mar\u00ea (Camila Queiroz), uma das principais gestoras do estabelecimento; os dois v\u00e3o correndo ao sal\u00e3o entender mais sobre o que est\u00e1 ocorrendo.<\/p>\n<p>\u201cIsso \u00e9 inadmiss\u00edvel, delegado Albuquerque! \u00c9 um abuso de poder!\u201d, alegar\u00e1 \u00c9rico.<\/p>\n<p>O vil\u00e3o vai tentar ignorar o advogando, dizendo que, caso deseje representar C\u00e2ndida, ter\u00e1 que fazer pela lei. Mas Mar\u00ea logo vai fazer quest\u00e3o de lembrar em voz alta que o delegado \u00e9 um dos principais respons\u00e1veis pela impunidade em rela\u00e7\u00e3o aos crimes de S\u00e3o Jacinto.<\/p>\n<p>\u201cPois saiba que a senhora e o Dr. \u00c9rico tamb\u00e9m v\u00e3o ser intimados a prestar esclarecimentos, por serem a gerente e o presidente interino do hotel e terem permitido reuni\u00f5es subversivas no sal\u00e3o de beleza deste estabelecimento!\u201d, vai alegar Albuquerque.<\/p>\n<p>\u201cIsso mesmo. A primeira-dama estava conspirando contra o prefeito legitimamente nomeado pelo interventor do Estado e, ao apoiar essa conspira\u00e7\u00e3o, os senhores tamb\u00e9m incorreram num crime pol\u00edtico! No que depender de mim, v\u00e3o todos pagar por crime de subvers\u00e3o, juntamente com a dona C\u00e2ndida!\u201d<\/p>\n<p>\u201cN\u00e3o tem subvers\u00e3o, nem meia subvers\u00e3o! \u00c9 meu direito me candidatar \u00e0 nomea\u00e7\u00e3o como prefeita, seu delegado! O que fizemos aqui, foi um encontro leg\u00edtimo de articula\u00e7\u00e3o pol\u00edtica\u201d, lembrar\u00e1 C\u00e2ndida.<\/p>\n<p>Albuquerque, ent\u00e3o, ir\u00e1 apelar ao manual, dizendo que ela n\u00e3o pode se opor a um prefeito nomeado pelo governador, mas ser\u00e1 contrariado, pois C\u00e2ndida ir\u00e1 explicar que Anselmo pode ser exonerado a qualquer momento.<\/p>\n<p>Al\u00e9m disso, voltar\u00e1 a destacar que, diferentemente do marido, tem, de fato, boas propostas para a cidade. E, para o terror do delegado, todas que presenciam a cena ir\u00e3o dizer em voz alta o quanto apoiam a candidatura dela.<br \/>\n<img data-recalc-dims=\"1\" decoding=\"async\" class=\"alignnone wp-image-55576 size-full\" title=\"(Foto: Globo\/Amor Perfeito)\" src=\"https:\/\/i0.wp.com\/www.tvnovelas.com.br\/tvnews\/wp-content\/uploads\/2023\/09\/37955.jpg?resize=728%2C410&#038;ssl=1\" alt=\"Foto em Amor Perfeito: Anselmo coloca a....\" width=\"728\" height=\"410\" srcset=\"https:\/\/i0.wp.com\/www.tvnovelas.com.br\/tvnews\/wp-content\/uploads\/2023\/09\/37955.jpg?w=728&amp;ssl=1 728w, https:\/\/i0.wp.com\/www.tvnovelas.com.br\/tvnews\/wp-content\/uploads\/2023\/09\/37955.jpg?resize=678%2C381&amp;ssl=1 678w\" sizes=\"(max-width: 728px) 100vw, 728px\" \/><\/p>\n<p>\u201cSil\u00eancio!\u201d, exigir\u00e1 ele, ao ser obrigado a escutar todos em suporte a C\u00e2ndida.<\/p>\n<p>&#8220;A senhora est\u00e1 insuflando essas pessoas, dona C\u00e2ndida, e o nome disso \u00e9 subvers\u00e3o \u00e0 ordem estabelecida! Eu vou ter que proceder \u00e0 sua pris\u00e3o imediatamente!\u201d, ir\u00e1 disparar ele, deixando todos em choque, principalmente Mar\u00ea, que ir\u00e1 se opor.<\/p>\n<p>\u201cVoc\u00ea sai da frente, sen\u00e3o vai presa tamb\u00e9m. T\u00e1 com saudade do xilindr\u00f3?\u201d, amea\u00e7ar\u00e1 ele.<\/p>\n<p>Mas C\u00e2ndida enfrenta a situa\u00e7\u00e3o com dignidade, se negando deixar abater pela covardia do marido e o delegado corrupto.<\/p>\n<p>\u201cMar\u00ea, por favor n\u00e3o se prejudique por minha causa\u201d, ir\u00e1 pedir ela. \u201cEu vou com esse sujeito, mas isso n\u00e3o vai ficar assim, n\u00e3o\u201d, dir\u00e1, enquanto \u00e9 algemada.<\/p>\n<p>\u201cO prefeito tem que saber disso, uai!\u201d, gritar\u00e1 Ione.<\/p>\n<p>\u201cE voc\u00ea acredita mesmo que tudo isso aqui t\u00e1 acontecendo, e o meu marido n\u00e3o sabe?\u201d, rebater\u00e1 C\u00e2ndida, enquanto \u00e9 levada. \u201cEle sabe, aposto que foi ele que armou tudo isso! Aquele sacripanta vai ver s\u00f3!\u201d<\/p>\n<p>Filho do meio do casal, Ivan (Bruno Montaleone) vai estar voltando da piscina do hotel, cruzando o sagu\u00e3o, quando se assustar, ao ver a m\u00e3e algemada, sendo levado por Albuquerque.<\/p>\n<p>\u201cM\u00e3e?! O que \u00e9 isso? O que t\u00e1 acontecendo?\u201d, questionar\u00e1 o jovem, desesperado.<\/p>\n<p>\u201cO que t\u00e1 acontecendo \u00e9 que o seu dign\u00edssimo pai mandou o delegado me prender por subvers\u00e3o! Tem base isso?\u201d, questionar\u00e1 ela.<\/p>\n<p>Retornando da pris\u00e3o, \u00c9rico informa que C\u00e2ndida continuar\u00e1 presa, por\u00e9m, nesta altura, toda cidade j\u00e1 sabe do ocorrido e parte da popula\u00e7\u00e3o, principalmente as mulheres, refor\u00e7am que v\u00e3o protestar a favor da primeira-dama.<\/p>\n<p>\u201cMas isso n\u00e3o tem cabimento! Ela n\u00e3o cometeu crime nenhum!\u201d, contestar\u00e1 Wanda (Juliana Alves).<\/p>\n<p>\u201cN\u00f3s, mulheres, podemos nos organizar e pressionar esse delegado! Vamos fazer uma vig\u00edlia aqui na frente da delegacia at\u00e9 dona C\u00e2ndida ser libertada! O que voc\u00eas acham?\u201d, ir\u00e1 propor Darlene.<\/p>\n<p>E ela ter\u00e1 suporte.<\/p>\n<p>\u201c\u00c9 isso mesmo! E vamos infernizar a vida do delegado!\u201d, concordar\u00e1 Ione.<\/p>\n<p>\u201cApoiado!\u201d, endossar\u00e1 Ver\u00f4nica.<\/p>\n<p>Na cadeia, C\u00e2ndida ser\u00e1 surpreendida com a gentiliza do seu eleitorado, a come\u00e7ar por Ver\u00f4nica, que preparou uma refei\u00e7\u00e3o e enviou para ela jantar. Mas o maior susto ser\u00e1 quando ouvir, pela janela da cela, um grupo cantando.<\/p>\n<p>\u201cO que t\u00e1 acontecendo l\u00e1 fora?\u201d, questionar\u00e1 ela.<\/p>\n<p>\u201cA mulherada toda da cidade se juntou pra fazer uma vig\u00edlia exigindo que o delegado coloque a senhora em liberdade\u201d, contar\u00e1 Justino (Jo\u00e3o Fernandes), funcion\u00e1rio da delegacia.<\/p>\n<p>\u201cAs mulheres est\u00e3o reunidas por minha causa?\u201d, vai perguntar C\u00e2ndida, sem acreditar.<br \/>\n<!--FIM DO POST--><br \/>\n<a href=\"https:\/\/www.tvnovelas.com.br\/novelas\/resumos-de-amor-perfeito\/\" target=\"_blank\" rel=\"noopener\">Confira os resumos da semana de &#8216;Amor Perfeito<\/a><br \/>\n<strong style=\"font-size: 120%;\">\u00daltimas not\u00edcias de Amor Perfeito:<\/strong><br \/>\n<div class=\"pt-cv-wrapper\"><div class=\"pt-cv-view pt-cv-grid pt-cv-colsys\" id=\"pt-cv-view-04db883axk\"><div data-id=\"pt-cv-page-1\" class=\"pt-cv-page\" data-cvc=\"1\"><div class=\"col-md-12 col-sm-12 col-xs-12 pt-cv-content-item pt-cv-1-col\" ><div class='pt-cv-ifield'><h4 class=\"pt-cv-title\"><a href=\"https:\/\/www.tvnovelas.com.br\/tvnews\/amor-perfeito-mare-e-orlando-se-casam\/\" class=\"_self\" target=\"_self\" >Amor Perfeito: Mar\u00ea e Orlando se casam<\/a><\/h4><\/div><\/div>\n<div class=\"col-md-12 col-sm-12 col-xs-12 pt-cv-content-item pt-cv-1-col\" ><div class='pt-cv-ifield'><h4 class=\"pt-cv-title\"><a href=\"https:\/\/www.tvnovelas.com.br\/tvnews\/amor-perfeito-gilda-emocionada-abraca-marcelino\/\" class=\"_self\" target=\"_self\" >Amor Perfeito: Gilda emocionada abra\u00e7a Marcelino<\/a><\/h4><\/div><\/div>\n<div class=\"col-md-12 col-sm-12 col-xs-12 pt-cv-content-item pt-cv-1-col\" ><div class='pt-cv-ifield'><h4 class=\"pt-cv-title\"><a href=\"https:\/\/www.tvnovelas.com.br\/tvnews\/amor-perfeito-orlando-descobre-que-lucilia-foi-assassinada-a-mando-de-gilda\/\" class=\"_self\" target=\"_self\" >Amor Perfeito: Orlando descobre que Luc\u00edlia foi assassinada a mando de Gilda<\/a><\/h4><\/div><\/div>\n<div class=\"col-md-12 col-sm-12 col-xs-12 pt-cv-content-item pt-cv-1-col\" ><div class='pt-cv-ifield'><h4 class=\"pt-cv-title\"><a href=\"https:\/\/www.tvnovelas.com.br\/tvnews\/amor-perfeito-gilda-e-descoberta-como-mandante-de-assassinato\/\" class=\"_self\" target=\"_self\" >Amor Perfeito: Gilda \u00e9 descoberta como mandante de assassinato<\/a><\/h4><\/div><\/div>\n<div class=\"col-md-12 col-sm-12 col-xs-12 pt-cv-content-item pt-cv-1-col\" ><div class='pt-cv-ifield'><h4 class=\"pt-cv-title\"><a href=\"https:\/\/www.tvnovelas.com.br\/tvnews\/amor-perfeito-gilda-foge-da-cadeia-com-ajuda-de-gaspar\/\" class=\"_self\" target=\"_self\" >Amor Perfeito: Gilda foge da cadeia com ajuda de Gaspar<\/a><\/h4><\/div><\/div>\n<div class=\"col-md-12 col-sm-12 col-xs-12 pt-cv-content-item pt-cv-1-col\" ><div class='pt-cv-ifield'><h4 class=\"pt-cv-title\"><a href=\"https:\/\/www.tvnovelas.com.br\/tvnews\/amor-perfeito-darlene-e-joao-se-casam\/\" class=\"_self\" target=\"_self\" >Amor Perfeito: Darlene e Jo\u00e3o se casam<\/a><\/h4><\/div><\/div><\/div><\/div><\/div><br \/>\n<strong style=\"font-size: 120%;\">\u00daltimas not\u00edcias deste site:<\/strong><br \/>\n<div class=\"pt-cv-wrapper\"><div class=\"pt-cv-view pt-cv-grid pt-cv-colsys\" id=\"pt-cv-view-90991035b3\"><div data-id=\"pt-cv-page-1\" class=\"pt-cv-page\" data-cvc=\"1\"><div class=\"col-md-12 col-sm-12 col-xs-12 pt-cv-content-item pt-cv-1-col\" ><div class='pt-cv-ifield'><h4 class=\"pt-cv-title\"><a href=\"https:\/\/www.tvnovelas.com.br\/tvnews\/guerra-das-rosas-omer-chama-gulru-vestida-de-noiva-para-fugir\/\" class=\"_self\" target=\"_self\" >Guerra das Rosas: Omer chama Gulru vestida de noiva para fugir<\/a><\/h4><\/div><\/div>\n<div class=\"col-md-12 col-sm-12 col-xs-12 pt-cv-content-item pt-cv-1-col\" ><div class='pt-cv-ifield'><h4 class=\"pt-cv-title\"><a href=\"https:\/\/www.tvnovelas.com.br\/tvnews\/coracao-de-mae-reha-sai-para-jantar-com-selvi\/\" class=\"_self\" target=\"_self\" >Cora\u00e7\u00e3o de M\u00e3e: Reha sai para jantar com Selvi<\/a><\/h4><\/div><\/div>\n<div class=\"col-md-12 col-sm-12 col-xs-12 pt-cv-content-item pt-cv-1-col\" ><div class='pt-cv-ifield'><h4 class=\"pt-cv-title\"><a href=\"https:\/\/www.tvnovelas.com.br\/tvnews\/coracao-acelerado-zila-se-preocupa-com-sua-situacao-apos-separacao\/\" class=\"_self\" target=\"_self\" >Cora\u00e7\u00e3o Acelerado: Zil\u00e1 se preocupa com sua situa\u00e7\u00e3o ap\u00f3s separa\u00e7\u00e3o<\/a><\/h4><\/div><\/div>\n<div class=\"col-md-12 col-sm-12 col-xs-12 pt-cv-content-item pt-cv-1-col\" ><div class='pt-cv-ifield'><h4 class=\"pt-cv-title\"><a href=\"https:\/\/www.tvnovelas.com.br\/tvnews\/a-nobreza-do-amor-tonho-nao-se-curva-diante-de-mirinho\/\" class=\"_self\" target=\"_self\" >A Nobreza do Amor: Tonho n\u00e3o se curva diante de Mirinho<\/a><\/h4><\/div><\/div>\n<div class=\"col-md-12 col-sm-12 col-xs-12 pt-cv-content-item pt-cv-1-col\" ><div class='pt-cv-ifield'><h4 class=\"pt-cv-title\"><a href=\"https:\/\/www.tvnovelas.com.br\/tvnews\/tres-gracas-arminda-surta-ao-confirmar-que-ferette-e-pai-de-raul\/\" class=\"_self\" target=\"_self\" >Tr\u00eas Gra\u00e7as:  Arminda surta ao confirmar que Ferette \u00e9 pai de Raul<\/a><\/h4><\/div><\/div>\n<div class=\"col-md-12 col-sm-12 col-xs-12 pt-cv-content-item pt-cv-1-col\" ><div class='pt-cv-ifield'><h4 class=\"pt-cv-title\"><a href=\"https:\/\/www.tvnovelas.com.br\/tvnews\/coracao-de-mae-atilla-confronta-hasan-e-exige-o-divorcio-de-lale\/\" class=\"_self\" target=\"_self\" >Cora\u00e7\u00e3o de M\u00e3e: Atilla confronta Hasan e exige o div\u00f3rcio de Lale<\/a><\/h4><\/div><\/div>\n<div class=\"col-md-12 col-sm-12 col-xs-12 pt-cv-content-item pt-cv-1-col\" ><div class='pt-cv-ifield'><h4 class=\"pt-cv-title\"><a href=\"https:\/\/www.tvnovelas.com.br\/tvnews\/guerra-das-rosas-gulfem-coloca-gulru-contra-a-parede\/\" class=\"_self\" target=\"_self\" >Guerra das Rosas: Gulfem coloca Gulru contra a parede<\/a><\/h4><\/div><\/div>\n<div class=\"col-md-12 col-sm-12 col-xs-12 pt-cv-content-item pt-cv-1-col\" ><div class='pt-cv-ifield'><h4 class=\"pt-cv-title\"><a href=\"https:\/\/www.tvnovelas.com.br\/tvnews\/coracao-de-mae-atilla-diz-a-lale-que-quer-o-divorcio\/\" class=\"_self\" target=\"_self\" >Cora\u00e7\u00e3o de M\u00e3e: Atilla diz a Lale que quer o div\u00f3rcio<\/a><\/h4><\/div><\/div>\n<div class=\"col-md-12 col-sm-12 col-xs-12 pt-cv-content-item pt-cv-1-col\" ><div class='pt-cv-ifield'><h4 class=\"pt-cv-title\"><a href=\"https:\/\/www.tvnovelas.com.br\/tvnews\/a-nobreza-do-amor-mirinho-garante-noivado-com-virginia-para-atrair-sogro-a-negocio\/\" class=\"_self\" target=\"_self\" >A Nobreza do Amor: Mirinho garante noivado com Virg\u00ednia para atrair sogro a neg\u00f3cio<\/a><\/h4><\/div><\/div>\n<div class=\"col-md-12 col-sm-12 col-xs-12 pt-cv-content-item pt-cv-1-col\" ><div class='pt-cv-ifield'><h4 class=\"pt-cv-title\"><a href=\"https:\/\/www.tvnovelas.com.br\/tvnews\/tres-gracas-joaquim-propoe-fuga-a-arminda-com-o-dinheiro-das-tres-gracas\/\" class=\"_self\" target=\"_self\" >Tr\u00eas Gra\u00e7as:  Joaquim prop\u00f5e fuga a Arminda com o dinheiro das Tr\u00eas Gra\u00e7as<\/a><\/h4><\/div><\/div><\/div><\/div><\/div><br \/>\n<a href=\"https:\/\/www.tvnovelas.com.br\/novelas\/\"><strong>Confira os resumos da semana de todas novelas<\/strong><\/a><\/p>\n<h3>Confira tamb\u00e9m<\/h3>\n<p><a href=\"https:\/\/www.tvnovelas.com.br\/filmes\/\" target=\"_blank\" rel=\"noopener noreferrer\"><strong>Programa\u00e7\u00e3o de filmes na TV aberta<\/strong><\/a><br \/>\n<a href=\"https:\/\/caetenews.com.br\/semana\/filmes-da-globo-na-sessao-da-tarde-desta-semana\/\" target=\"_blank\" rel=\"noopener\"><strong>Confira os filmes da semana na Sess\u00e3o da Tarde<\/strong><\/a><br \/>\n<a href=\"https:\/\/www.tvnovelas.com.br\/novelas\/\" target=\"_blank\" rel=\"noopener noreferrer\"><strong>Resumos de novelas<\/strong><\/a><\/p>\n","protected":false},"excerpt":{"rendered":"<p>Em Amor Perfeito, Anselmo (Paulo Betti) pode n\u00e3o ter voca\u00e7\u00e3o para pol\u00edtica, apesar de ser prefeito de S\u00e3o Jacinto. Mas, quando o assunto \u00e9 arma\u00e7\u00e3o, com certeza&#8230;<\/p>\n","protected":false},"author":1,"featured_media":55575,"comment_status":"closed","ping_status":"closed","sticky":false,"template":"","format":"standard","meta":{"_uf_show_specific_survey":0,"_uf_disable_surveys":false,"_jetpack_memberships_contains_paid_content":false,"footnotes":"","_wp_rev_ctl_limit":""},"categories":[375],"tags":[376,5],"class_list":["post-55574","post","type-post","status-publish","format-standard","has-post-thumbnail","hentry","category-amor-perfeito","tag-amor-perfeito","tag-globo","wpcat-375-id"],"aioseo_notices":[],"jetpack_featured_media_url":"https:\/\/i0.wp.com\/www.tvnovelas.com.br\/tvnews\/wp-content\/uploads\/2023\/09\/37954.jpg?fit=728%2C410&ssl=1","jetpack_shortlink":"https:\/\/wp.me\/pdP2BO-esm","jetpack_sharing_enabled":true,"_links":{"self":[{"href":"https:\/\/www.tvnovelas.com.br\/tvnews\/wp-json\/wp\/v2\/posts\/55574","targetHints":{"allow":["GET"]}}],"collection":[{"href":"https:\/\/www.tvnovelas.com.br\/tvnews\/wp-json\/wp\/v2\/posts"}],"about":[{"href":"https:\/\/www.tvnovelas.com.br\/tvnews\/wp-json\/wp\/v2\/types\/post"}],"author":[{"embeddable":true,"href":"https:\/\/www.tvnovelas.com.br\/tvnews\/wp-json\/wp\/v2\/users\/1"}],"replies":[{"embeddable":true,"href":"https:\/\/www.tvnovelas.com.br\/tvnews\/wp-json\/wp\/v2\/comments?post=55574"}],"version-history":[{"count":1,"href":"https:\/\/www.tvnovelas.com.br\/tvnews\/wp-json\/wp\/v2\/posts\/55574\/revisions"}],"predecessor-version":[{"id":55577,"href":"https:\/\/www.tvnovelas.com.br\/tvnews\/wp-json\/wp\/v2\/posts\/55574\/revisions\/55577"}],"wp:featuredmedia":[{"embeddable":true,"href":"https:\/\/www.tvnovelas.com.br\/tvnews\/wp-json\/wp\/v2\/media\/55575"}],"wp:attachment":[{"href":"https:\/\/www.tvnovelas.com.br\/tvnews\/wp-json\/wp\/v2\/media?parent=55574"}],"wp:term":[{"taxonomy":"category","embeddable":true,"href":"https:\/\/www.tvnovelas.com.br\/tvnews\/wp-json\/wp\/v2\/categories?post=55574"},{"taxonomy":"post_tag","embeddable":true,"href":"https:\/\/www.tvnovelas.com.br\/tvnews\/wp-json\/wp\/v2\/tags?post=55574"}],"curies":[{"name":"wp","href":"https:\/\/api.w.org\/{rel}","templated":true}]}}