{"id":55733,"date":"2023-09-09T09:04:06","date_gmt":"2023-09-09T12:04:06","guid":{"rendered":"https:\/\/www.tvnovelas.com.br\/tvnews\/?p=55733"},"modified":"2023-09-09T09:04:06","modified_gmt":"2023-09-09T12:04:06","slug":"amor-perfeito-o-governador-nomeia-candida-prefeita-de-sao-jacinto","status":"publish","type":"post","link":"https:\/\/www.tvnovelas.com.br\/tvnews\/amor-perfeito-o-governador-nomeia-candida-prefeita-de-sao-jacinto\/","title":{"rendered":"Amor Perfeito: O governador nomeia C\u00e2ndida prefeita de S\u00e3o Jacinto"},"content":{"rendered":"<p><em>Em Amor Perfeito: O governador nomeia&#8230;<\/em><br \/>\n<img data-recalc-dims=\"1\" decoding=\"async\" class=\"alignnone wp-image-55734 size-full\" title=\"(Foto: Globo\/Amor Perfeito)\" src=\"https:\/\/i0.wp.com\/www.tvnovelas.com.br\/tvnews\/wp-content\/uploads\/2023\/09\/37975.jpg?resize=728%2C410&#038;ssl=1\" alt=\"Foto em Amor Perfeito: O governador nomeia...\" width=\"728\" height=\"410\" srcset=\"https:\/\/i0.wp.com\/www.tvnovelas.com.br\/tvnews\/wp-content\/uploads\/2023\/09\/37975.jpg?w=728&amp;ssl=1 728w, https:\/\/i0.wp.com\/www.tvnovelas.com.br\/tvnews\/wp-content\/uploads\/2023\/09\/37975.jpg?resize=678%2C381&amp;ssl=1 678w\" sizes=\"(max-width: 728px) 100vw, 728px\" \/><\/p>\n<p>Em Amor Perfeito, a situa\u00e7\u00e3o de C\u00e2ndida (Zez\u00e9 Polessa) passou as fronteiras de \u00c1guas de S\u00e3o Jacinto. A hist\u00f3ria da primeira-dama que foi presa a mando do pr\u00f3prio marido por querer ocupar o lugar dele na prefeitura se espalhou por toda Minas Gerais. E o fato que todas as mulheres da cidade est\u00e3o h\u00e1 dias na porta da delegacia fazendo protesto em defesa dela s\u00f3 aumentou as apostas. Mas agora um desfecho ir\u00e1 aparecer no horizonte.<\/p>\n<p>A coisa chegou em um n\u00edvel que o governador do estado, Benedito Valadares (Alexandre Britto), ir\u00e1 a S\u00e3o Jacinto resolver a situa\u00e7\u00e3o pessoalmente. No momento que ele chega \u00e0 delegacia, as defensoras de C\u00e2ndida logo come\u00e7ar\u00e3o a temer o pior.<\/p>\n<p>\u201cO governador do Estado! \u00c9 ele, minha gente, \u00e9 o Benedito Valadares!\u201d, anunciar\u00e1 Wanda (Juliana Alves) ao v\u00ea-lo descendo do carro.<\/p>\n<p>\u201cCoisa boa n\u00e3o deve ser. Um homem linha dura como ele, que reza pela cartilha da lei e da ordem\u201d, acrescentar\u00e1 Darlene (Carol Castro).<\/p>\n<p>O primeiro a receber a autoridade ser\u00e1 o delegado Albuquerque (Beto Militani), um dos principais capachos de Anselmo (Paulo Betti). Mas diferente da marra que imp\u00f4s sobre C\u00e2ndida, ele vai estar bem mais manso.<\/p>\n<p>\u201cSenhor governador! Que honra receber a visita de vossa excel\u00eancia aqui na nossa\u201d, dir\u00e1 ele, que logo ser\u00e1 cortado pela objetividade de Valadares.<\/p>\n<p>\u201cN\u00e3o vim visitar o senhor, delegado, e sim a senhora C\u00e2ndida Evaristo. Me leve at\u00e9 ela!\u201d<\/p>\n<p>Dito e feito. Albuquerque chega a gaguejar de t\u00e3o direto que \u00e9 o governador, mas acata imediatamente o pedido dele. Enquanto isso, Anselmo e Gaspar (Thiago Lacerda) tamb\u00e9m v\u00e3o chegar \u00e0 delegacia para presenciar o momento e ser\u00e3o recebidos por uma vaia das protestantes.<\/p>\n<p>\u201cA que ponto chegamos! Essas malucas perderam de vez o decoro e o senso de autoridade!\u201d, reclamar\u00e1 o prefeito Anselmo.<\/p>\n<p>\u201cComo \u00e9 que pode a m\u00e3e, bobinha do jeito que \u00e9, ter virado assim a cabe\u00e7a dessa gente toda?\u201d, vai dizer Gaspar, esquecendo que todas as conquistas dele como secret\u00e1rio de Turismo partiram de empreitadas de C\u00e2ndida.<\/p>\n<p>Ao saber que a primeira-dama de S\u00e3o Jacinto j\u00e1 est\u00e1 conversando com o governador, Anselmo vibrar\u00e1 de felicidade, certo de que a \u201cli\u00e7\u00e3o\u201d ir\u00e1 ensinar algo a C\u00e2ndida.<\/p>\n<p>\u201c\u00d3timo! Eu sabia! Agora a Candinha vai ver o que \u00e9 bom pra tosse!\u201d<\/p>\n<p>Mas a conversa entre os dois ir\u00e1 tomar um rumo diferente do esperado. Logo de cara, C\u00e2ndida deixar\u00e1 claro que criar confus\u00e3o nunca foi o intuito dela e que suas inten\u00e7\u00f5es sempre foram propor os melhores projetos poss\u00edveis \u00e0 cidade.<\/p>\n<p>\u201cEu tinha, quer dizer, eu tenho a inten\u00e7\u00e3o de ser nomeada prefeita pelo senhor. E eu lhe garanto que tenho todas as qualidades pra isso\u201d, dir\u00e1 ela, que logo ser\u00e1 interrompida.<\/p>\n<p>\u201cE de onde foi que a senhora tirou essa ideia, de ser prefeita de S\u00e3o Jacinto?\u201d.<\/p>\n<p>\u201cA pol\u00edtica sempre correu nas minhas veias, uai! O senhor sabe. Como filha do senador Carneiro, a vida p\u00fablica t\u00e1 no meu sangue! E olhe: eu sempre tive muitas ideias sobre gest\u00e3o, mas tive que me contentar &#8211; assim como muitas mulheres &#8211; ao papel de dona de casa e me realizar atrav\u00e9s do meu marido\u201d, lembrar\u00e1 ela.<\/p>\n<p>Valadares dir\u00e1 que, apesar de acreditar nas boas inten\u00e7\u00f5es de C\u00e2ndida, o problema est\u00e1 no \u201ccaos\u201d que ela causou entre as mulheres da cidade. O governador ir\u00e1 alegar que ela \u201cextrapolou\u201d o papel como primeira-dama.<\/p>\n<p>\u201cCom todo respeito, governador, eu n\u00e3o concordo que as mulheres est\u00e3o perturbando a ordem. Esse \u00e9 um movimento pac\u00edfico e espont\u00e2neo [&#8230;] Quem t\u00e1 a\u00ed na frente da delegacia s\u00e3o m\u00e3es de fam\u00edlia e trabalhadoras [&#8230;] Acha certo uma mulher ser presa s\u00f3 por lutar pra ter a sua voz ouvida?\u201d<\/p>\n<p><strong>Entrega de abaixo-assinado<\/strong><br \/>\nEm seguida, C\u00e2ndida ir\u00e1 entregar a ele um documento com os planos de gest\u00e3o dela para cidade e um abaixo-assinado com mais de 2 mil assinaturas apoiando sua candidatura.<\/p>\n<p>Logo em seguida, ele voltar\u00e1 \u00e0 sala do delegado e, ap\u00f3s ignorar uma bajula\u00e7\u00e3o, dir\u00e1 que j\u00e1 resolveu a situa\u00e7\u00e3o e que ir\u00e1 ao protesto dar conta sobre sua decis\u00e3o \u00e0s mulheres presentes.<\/p>\n<p>\u201cT\u00e1 vendo, filho? Aprende. Isso \u00e9 que \u00e9 ter as manhas da pol\u00edtica!\u201d, dir\u00e1 Anselmo a Gaspar, crente que o desfecho ir\u00e1 favorec\u00ea-los. \u201cBora assistir de camarote o governador mandar essa cambada de mulher de volta pro tanque!\u201d<\/p>\n<p>\u201cCidad\u00e3os de S\u00e3o Jacinto: eu gostaria de ter vindo a essa cidade a passeio, mas o motivo \u00e9 outro: o atual prefeito, o senhor Anselmo Evaristo, manifestou o desejo de se afastar da vida p\u00fablica e j\u00e1 tem at\u00e9 um sucessor para dar continuidade ao seu trabalho \u2014 seu primog\u00eanito, Gaspar Evaristo\u201d, come\u00e7ar\u00e1 Valadares, enquanto pai e filho est\u00e3o atr\u00e1s, seguros de si.<\/p>\n<p>\u201cAcabo de conversar com a primeira-dama e ouvi atentamente os motivos dessa pretens\u00e3o dela \u2014 t\u00e3o audaciosa como inaudita \u2014, de se tornar prefeita de S\u00e3o Jacinto! Assim, depois de tomar conhecimento de tudo o que ela pretende, e para dar fim a essa convuls\u00e3o que tomou conta da cidade, decidi que, a partir desta data, a prefeitura de \u00c1guas de S\u00e3o Jacinto passa a ser comandada pela esposa do atual prefeito, a senhora C\u00e2ndida Evaristo!\u201d, anunciar\u00e1 o governador.<br \/>\n<!--FIM DO POST--><br \/>\n<a href=\"https:\/\/www.tvnovelas.com.br\/novelas\/resumos-de-amor-perfeito\/\" target=\"_blank\" rel=\"noopener\">Confira os resumos da semana de &#8216;Amor Perfeito<\/a><br \/>\n<strong style=\"font-size: 120%;\">\u00daltimas not\u00edcias de Amor Perfeito:<\/strong><br \/>\n<div class=\"pt-cv-wrapper\"><div class=\"pt-cv-view pt-cv-grid pt-cv-colsys\" id=\"pt-cv-view-04db883axk\"><div data-id=\"pt-cv-page-1\" class=\"pt-cv-page\" data-cvc=\"1\"><div class=\"col-md-12 col-sm-12 col-xs-12 pt-cv-content-item pt-cv-1-col\" ><div class='pt-cv-ifield'><h4 class=\"pt-cv-title\"><a href=\"https:\/\/www.tvnovelas.com.br\/tvnews\/amor-perfeito-mare-e-orlando-se-casam\/\" class=\"_self\" target=\"_self\" >Amor Perfeito: Mar\u00ea e Orlando se casam<\/a><\/h4><\/div><\/div>\n<div class=\"col-md-12 col-sm-12 col-xs-12 pt-cv-content-item pt-cv-1-col\" ><div class='pt-cv-ifield'><h4 class=\"pt-cv-title\"><a href=\"https:\/\/www.tvnovelas.com.br\/tvnews\/amor-perfeito-gilda-emocionada-abraca-marcelino\/\" class=\"_self\" target=\"_self\" >Amor Perfeito: Gilda emocionada abra\u00e7a Marcelino<\/a><\/h4><\/div><\/div>\n<div class=\"col-md-12 col-sm-12 col-xs-12 pt-cv-content-item pt-cv-1-col\" ><div class='pt-cv-ifield'><h4 class=\"pt-cv-title\"><a href=\"https:\/\/www.tvnovelas.com.br\/tvnews\/amor-perfeito-orlando-descobre-que-lucilia-foi-assassinada-a-mando-de-gilda\/\" class=\"_self\" target=\"_self\" >Amor Perfeito: Orlando descobre que Luc\u00edlia foi assassinada a mando de Gilda<\/a><\/h4><\/div><\/div>\n<div class=\"col-md-12 col-sm-12 col-xs-12 pt-cv-content-item pt-cv-1-col\" ><div class='pt-cv-ifield'><h4 class=\"pt-cv-title\"><a href=\"https:\/\/www.tvnovelas.com.br\/tvnews\/amor-perfeito-gilda-e-descoberta-como-mandante-de-assassinato\/\" class=\"_self\" target=\"_self\" >Amor Perfeito: Gilda \u00e9 descoberta como mandante de assassinato<\/a><\/h4><\/div><\/div>\n<div class=\"col-md-12 col-sm-12 col-xs-12 pt-cv-content-item pt-cv-1-col\" ><div class='pt-cv-ifield'><h4 class=\"pt-cv-title\"><a href=\"https:\/\/www.tvnovelas.com.br\/tvnews\/amor-perfeito-gilda-foge-da-cadeia-com-ajuda-de-gaspar\/\" class=\"_self\" target=\"_self\" >Amor Perfeito: Gilda foge da cadeia com ajuda de Gaspar<\/a><\/h4><\/div><\/div>\n<div class=\"col-md-12 col-sm-12 col-xs-12 pt-cv-content-item pt-cv-1-col\" ><div class='pt-cv-ifield'><h4 class=\"pt-cv-title\"><a href=\"https:\/\/www.tvnovelas.com.br\/tvnews\/amor-perfeito-darlene-e-joao-se-casam\/\" class=\"_self\" target=\"_self\" >Amor Perfeito: Darlene e Jo\u00e3o se casam<\/a><\/h4><\/div><\/div><\/div><\/div><\/div><br \/>\n<strong style=\"font-size: 120%;\">\u00daltimas not\u00edcias deste site:<\/strong><br \/>\n<div class=\"pt-cv-wrapper\"><div class=\"pt-cv-view pt-cv-grid pt-cv-colsys\" id=\"pt-cv-view-90991035b3\"><div data-id=\"pt-cv-page-1\" class=\"pt-cv-page\" data-cvc=\"1\"><div class=\"col-md-12 col-sm-12 col-xs-12 pt-cv-content-item pt-cv-1-col\" ><div class='pt-cv-ifield'><h4 class=\"pt-cv-title\"><a href=\"https:\/\/www.tvnovelas.com.br\/tvnews\/em-coracao-de-mae-nos-proximos-capitulos-04-a-08-5\/\" class=\"_self\" target=\"_self\" >Em Cora\u00e7\u00e3o de M\u00e3e nos pr\u00f3ximos cap\u00edtulos (04 a 08\/5)<\/a><\/h4><\/div><\/div>\n<div class=\"col-md-12 col-sm-12 col-xs-12 pt-cv-content-item pt-cv-1-col\" ><div class='pt-cv-ifield'><h4 class=\"pt-cv-title\"><a href=\"https:\/\/www.tvnovelas.com.br\/tvnews\/coracao-de-mae-hasan-e-filiz-em-piquenique-romantico\/\" class=\"_self\" target=\"_self\" >Cora\u00e7\u00e3o de M\u00e3e: Hasan e Filiz em piquenique rom\u00e2ntico<\/a><\/h4><\/div><\/div>\n<div class=\"col-md-12 col-sm-12 col-xs-12 pt-cv-content-item pt-cv-1-col\" ><div class='pt-cv-ifield'><h4 class=\"pt-cv-title\"><a href=\"https:\/\/www.tvnovelas.com.br\/tvnews\/guerra-das-rosas-cihan-vibra-com-desistencia-de-gulru-de-casar-com-mert\/\" class=\"_self\" target=\"_self\" >Guerra das Rosas: Cihan vibra com desist\u00eancia de Gulru de casar com Mert<\/a><\/h4><\/div><\/div>\n<div class=\"col-md-12 col-sm-12 col-xs-12 pt-cv-content-item pt-cv-1-col\" ><div class='pt-cv-ifield'><h4 class=\"pt-cv-title\"><a href=\"https:\/\/www.tvnovelas.com.br\/tvnews\/coracao-de-mae-irmak-denuncia-adnan\/\" class=\"_self\" target=\"_self\" >Cora\u00e7\u00e3o de M\u00e3e: Irmak denuncia Adnan<\/a><\/h4><\/div><\/div>\n<div class=\"col-md-12 col-sm-12 col-xs-12 pt-cv-content-item pt-cv-1-col\" ><div class='pt-cv-ifield'><h4 class=\"pt-cv-title\"><a href=\"https:\/\/www.tvnovelas.com.br\/tvnews\/a-nobreza-do-amor-mirinho-e-obrigado-a-resgatar-tonho\/\" class=\"_self\" target=\"_self\" >A Nobreza do Amor: Mirinho \u00e9 obrigado a resgatar Tonho<\/a><\/h4><\/div><\/div>\n<div class=\"col-md-12 col-sm-12 col-xs-12 pt-cv-content-item pt-cv-1-col\" ><div class='pt-cv-ifield'><h4 class=\"pt-cv-title\"><a href=\"https:\/\/www.tvnovelas.com.br\/tvnews\/tres-gracas-paulinho-e-afastado-da-policia-por-causa-de-gerluce\/\" class=\"_self\" target=\"_self\" >Tr\u00eas Gra\u00e7as: Paulinho \u00e9 afastado da pol\u00edcia por causa de Gerluce<\/a><\/h4><\/div><\/div>\n<div class=\"col-md-12 col-sm-12 col-xs-12 pt-cv-content-item pt-cv-1-col\" ><div class='pt-cv-ifield'><h4 class=\"pt-cv-title\"><a href=\"https:\/\/www.tvnovelas.com.br\/tvnews\/coracao-de-mae-irmak-inicia-jogo-arriscado-contra-adnan\/\" class=\"_self\" target=\"_self\" >Cora\u00e7\u00e3o de M\u00e3e: Irmak inicia jogo arriscado contra Adnan<\/a><\/h4><\/div><\/div>\n<div class=\"col-md-12 col-sm-12 col-xs-12 pt-cv-content-item pt-cv-1-col\" ><div class='pt-cv-ifield'><h4 class=\"pt-cv-title\"><a href=\"https:\/\/www.tvnovelas.com.br\/tvnews\/guerra-das-rosas-omer-chama-gulru-vestida-de-noiva-para-fugir\/\" class=\"_self\" target=\"_self\" >Guerra das Rosas: Omer chama Gulru vestida de noiva para fugir<\/a><\/h4><\/div><\/div>\n<div class=\"col-md-12 col-sm-12 col-xs-12 pt-cv-content-item pt-cv-1-col\" ><div class='pt-cv-ifield'><h4 class=\"pt-cv-title\"><a href=\"https:\/\/www.tvnovelas.com.br\/tvnews\/coracao-de-mae-reha-sai-para-jantar-com-selvi\/\" class=\"_self\" target=\"_self\" >Cora\u00e7\u00e3o de M\u00e3e: Reha sai para jantar com Selvi<\/a><\/h4><\/div><\/div>\n<div class=\"col-md-12 col-sm-12 col-xs-12 pt-cv-content-item pt-cv-1-col\" ><div class='pt-cv-ifield'><h4 class=\"pt-cv-title\"><a href=\"https:\/\/www.tvnovelas.com.br\/tvnews\/coracao-acelerado-zila-se-preocupa-com-sua-situacao-apos-separacao\/\" class=\"_self\" target=\"_self\" >Cora\u00e7\u00e3o Acelerado: Zil\u00e1 se preocupa com sua situa\u00e7\u00e3o ap\u00f3s separa\u00e7\u00e3o<\/a><\/h4><\/div><\/div><\/div><\/div><\/div><br \/>\n<a href=\"https:\/\/www.tvnovelas.com.br\/novelas\/\"><strong>Confira os resumos da semana de todas novelas<\/strong><\/a><\/p>\n<h3>Confira tamb\u00e9m<\/h3>\n<p><a href=\"https:\/\/www.tvnovelas.com.br\/filmes\/\" target=\"_blank\" rel=\"noopener noreferrer\"><strong>Programa\u00e7\u00e3o de filmes na TV aberta<\/strong><\/a><br \/>\n<a href=\"https:\/\/caetenews.com.br\/semana\/filmes-da-globo-na-sessao-da-tarde-desta-semana\/\" target=\"_blank\" rel=\"noopener\"><strong>Confira os filmes da semana na Sess\u00e3o da Tarde<\/strong><\/a><br \/>\n<a href=\"https:\/\/www.tvnovelas.com.br\/novelas\/\" target=\"_blank\" rel=\"noopener noreferrer\"><strong>Resumos de novelas<\/strong><\/a><\/p>\n","protected":false},"excerpt":{"rendered":"<p>Em Amor Perfeito, a situa\u00e7\u00e3o de C\u00e2ndida (Zez\u00e9 Polessa) passou as fronteiras de \u00c1guas de S\u00e3o Jacinto. A hist\u00f3ria da primeira-dama que foi presa a mando&#8230;<\/p>\n","protected":false},"author":1,"featured_media":55734,"comment_status":"closed","ping_status":"closed","sticky":false,"template":"","format":"standard","meta":{"_uf_show_specific_survey":0,"_uf_disable_surveys":false,"_jetpack_memberships_contains_paid_content":false,"footnotes":"","_wp_rev_ctl_limit":""},"categories":[375],"tags":[376,5,64],"class_list":["post-55733","post","type-post","status-publish","format-standard","has-post-thumbnail","hentry","category-amor-perfeito","tag-amor-perfeito","tag-globo","tag-novelas","wpcat-375-id"],"aioseo_notices":[],"jetpack_featured_media_url":"https:\/\/i0.wp.com\/www.tvnovelas.com.br\/tvnews\/wp-content\/uploads\/2023\/09\/37975.jpg?fit=728%2C410&ssl=1","jetpack_shortlink":"https:\/\/wp.me\/pdP2BO-euV","jetpack_sharing_enabled":true,"_links":{"self":[{"href":"https:\/\/www.tvnovelas.com.br\/tvnews\/wp-json\/wp\/v2\/posts\/55733","targetHints":{"allow":["GET"]}}],"collection":[{"href":"https:\/\/www.tvnovelas.com.br\/tvnews\/wp-json\/wp\/v2\/posts"}],"about":[{"href":"https:\/\/www.tvnovelas.com.br\/tvnews\/wp-json\/wp\/v2\/types\/post"}],"author":[{"embeddable":true,"href":"https:\/\/www.tvnovelas.com.br\/tvnews\/wp-json\/wp\/v2\/users\/1"}],"replies":[{"embeddable":true,"href":"https:\/\/www.tvnovelas.com.br\/tvnews\/wp-json\/wp\/v2\/comments?post=55733"}],"version-history":[{"count":1,"href":"https:\/\/www.tvnovelas.com.br\/tvnews\/wp-json\/wp\/v2\/posts\/55733\/revisions"}],"predecessor-version":[{"id":55735,"href":"https:\/\/www.tvnovelas.com.br\/tvnews\/wp-json\/wp\/v2\/posts\/55733\/revisions\/55735"}],"wp:featuredmedia":[{"embeddable":true,"href":"https:\/\/www.tvnovelas.com.br\/tvnews\/wp-json\/wp\/v2\/media\/55734"}],"wp:attachment":[{"href":"https:\/\/www.tvnovelas.com.br\/tvnews\/wp-json\/wp\/v2\/media?parent=55733"}],"wp:term":[{"taxonomy":"category","embeddable":true,"href":"https:\/\/www.tvnovelas.com.br\/tvnews\/wp-json\/wp\/v2\/categories?post=55733"},{"taxonomy":"post_tag","embeddable":true,"href":"https:\/\/www.tvnovelas.com.br\/tvnews\/wp-json\/wp\/v2\/tags?post=55733"}],"curies":[{"name":"wp","href":"https:\/\/api.w.org\/{rel}","templated":true}]}}