{"id":55937,"date":"2023-09-13T10:13:55","date_gmt":"2023-09-13T13:13:55","guid":{"rendered":"https:\/\/www.tvnovelas.com.br\/tvnews\/?p=55937"},"modified":"2023-09-13T10:13:55","modified_gmt":"2023-09-13T13:13:55","slug":"todas-as-flores-vanessa-surta-ao-ver-beijo-entre-maira-e-rafael","status":"publish","type":"post","link":"https:\/\/www.tvnovelas.com.br\/tvnews\/todas-as-flores-vanessa-surta-ao-ver-beijo-entre-maira-e-rafael\/","title":{"rendered":"Todas as Flores: Vanessa surta ao ver beijo entre Ma\u00edra e Rafael"},"content":{"rendered":"<p><em>Em Todas as Flores: Vanessa surta ao ver beijo&#8230;.<\/em><br \/>\n<img data-recalc-dims=\"1\" decoding=\"async\" class=\"alignnone wp-image-55938 size-full\" title=\"(Foto: TV Globo\/Todas as Flores)\" src=\"https:\/\/i0.wp.com\/www.tvnovelas.com.br\/tvnews\/wp-content\/uploads\/2023\/09\/38024.jpg?resize=728%2C410&#038;ssl=1\" alt=\"Foto em Todas as Flores: Vanessa surta ao ver beijo...\" width=\"728\" height=\"410\" srcset=\"https:\/\/i0.wp.com\/www.tvnovelas.com.br\/tvnews\/wp-content\/uploads\/2023\/09\/38024.jpg?w=728&amp;ssl=1 728w, https:\/\/i0.wp.com\/www.tvnovelas.com.br\/tvnews\/wp-content\/uploads\/2023\/09\/38024.jpg?resize=678%2C381&amp;ssl=1 678w\" sizes=\"(max-width: 728px) 100vw, 728px\" \/><\/p>\n<p>Em Todas as Flores, pelo visto nem a gravidez nem a mentira do retorno do c\u00e2ncer da Vanessa (Let\u00edcia Colin) far\u00e1 com que Rafael (Humberto Carr\u00e3o) desista de ficar com Ma\u00edra (Sophie Charlotte). A vil\u00e3 vai surtar ao ver um beijo apaixonado do casal.<\/p>\n<p>O beijo apaixonado entre os dois vai acontecer ap\u00f3s a perfumista receber uma mensagem de Rafael para encontr\u00e1-lo no terra\u00e7o da Rhodes. Ma\u00edra vai ao encontro do empres\u00e1rio, mas \u00e9 perseguida por Vanessa.<\/p>\n<p>Ao chegar no andar, Rafael agradece pela amada ter ido encontr\u00e1-lo. &#8220;Ma\u00edra, que bom que voc\u00ea respondeu o meu recado&#8221;, diz ele. Mas Ma\u00edra reclama do pedido do herdeiro da Rhodes para que ela fosse at\u00e9 ele, porque havia combinado de manter uma dist\u00e2ncia de um m\u00eas dele para entender toda a situa\u00e7\u00e3o entre os dois.<\/p>\n<p>&#8220;A gente tinha combinado de dar um tempo, n\u00e9&#8221;, enfatiza a perfumista. &#8220;Sim, mas eu preciso conversar com voc\u00ea. Vem comigo. Muito dif\u00edcil ficar longe de voc\u00ea&#8221;, rebate o empres\u00e1rio.<\/p>\n<p>&#8220;A gente tinha combinado de dar um tempo, mas isso foi antes de saber que a Vanessa est\u00e1 gr\u00e1vida. Quer dizer eu n\u00e3o sabia, n\u00e9. Voc\u00ea j\u00e1 sabia? Por isso voc\u00ea estava nervoso&#8221;, destaca Ma\u00edra.<\/p>\n<p>Rafael tenta se explicar e afirma que tinha acabado de descobrir sobre a gravidez de Vanessa. No entanto, Ma\u00edra n\u00e3o entende as alega\u00e7\u00f5es do herdeiro da Rhodes e diz que a hist\u00f3ria deles n\u00e3o faz sentido.<\/p>\n<p>&#8220;Ent\u00e3o, Rafael est\u00e1 tudo errado! Uma hist\u00f3ria que come\u00e7a assim n\u00e3o tem como dar certo. Voc\u00ea vai ser pai do filho da minha irm\u00e3. Voc\u00ea tinha que estar do lado dela agora. Isso me transforma em qu\u00ea? Numa pessoa que vai ficar com o pai do filho da irm\u00e3, que est\u00e1 doente, que est\u00e1 sofrendo por voc\u00ea e queria estar com voc\u00ea. Est\u00e1 tudo errado, Rafael&#8221;, lamenta a perfumista.<\/p>\n<p>O empres\u00e1rio diz n\u00e3o entender a sugest\u00e3o da perfumista para que ele volte para os bra\u00e7os da estilista da Rhodes, ainda que ela esteja esperando um filho que ele acredita ser dele.<\/p>\n<p>&#8220;Est\u00e1 tudo errado. Essas circunst\u00e2ncias est\u00e3o erradas, mas o nosso amor, n\u00e3o. O que eu vou fazer? Vou ficar com a Vanessa por compaix\u00e3o? Vai ser bom para mim ficar com ela por compaix\u00e3o? Ela tamb\u00e9m?&#8221;, indaga Rafael. &#8220;Voc\u00ea estava no ombro da Vanessa at\u00e9 agora por compaix\u00e3o&#8221;, analisa Ma\u00edra.<\/p>\n<p>Sem conseguir fazer com que Ma\u00edra entenda que n\u00e3o h\u00e1 chances dele voltar para Vanessa, Rafael declara que se apaixonou pela perfumista e que n\u00e3o vai abrir m\u00e3o do seu amor por ela.<\/p>\n<p>&#8220;Meu amor, eu n\u00e3o amava a sua irm\u00e3. Eu j\u00e1 te disse. N\u00e3o sabia nem o que era amar. Eu aprendi o que era amar com voc\u00ea. Eu quero ficar do seu lado&#8221;, afirma ele.<\/p>\n<p>Ma\u00edra parece n\u00e3o querer ouvir as raz\u00f5es do amado e diz que o melhor agora seria voltar para Piren\u00f3polis, em Goi\u00e1s, cidade que ela morou a vida toda ao lado do pai, Rivaldo (Chico Diaz), at\u00e9 ser asfixiado por Zo\u00e9 (Regina Cas\u00e9) e morrer. Rafael rebate o desejo dela e declara: \u201cQuero ficar com voc\u00ea\u201d.<\/p>\n<p>O empres\u00e1rio se aproxima, e a perfumista n\u00e3o resiste e acaba cedendo aos encantos de Rafael. Os dois se beijam apaixonadamente, mas s\u00e3o flagrados por Vanessa. Ela n\u00e3o aguenta o momento \u00edntimo entre os dois e acaba surtando de forma silenciosa, com direito at\u00e9 dedo na boca.<br \/>\n<strong style=\"font-size: 120%;\">\u00daltimas not\u00edcias deste canal:<\/strong><br \/>\n<div class=\"pt-cv-wrapper\"><div class=\"pt-cv-view pt-cv-grid pt-cv-colsys\" id=\"pt-cv-view-90991035b3\"><div data-id=\"pt-cv-page-1\" class=\"pt-cv-page\" data-cvc=\"1\"><div class=\"col-md-12 col-sm-12 col-xs-12 pt-cv-content-item pt-cv-1-col\" ><div class='pt-cv-ifield'><h4 class=\"pt-cv-title\"><a href=\"https:\/\/www.tvnovelas.com.br\/tvnews\/em-coracao-de-mae-nos-proximos-capitulos-04-a-08-5\/\" class=\"_self\" target=\"_self\" >Em Cora\u00e7\u00e3o de M\u00e3e nos pr\u00f3ximos cap\u00edtulos (04 a 08\/5)<\/a><\/h4><\/div><\/div>\n<div class=\"col-md-12 col-sm-12 col-xs-12 pt-cv-content-item pt-cv-1-col\" ><div class='pt-cv-ifield'><h4 class=\"pt-cv-title\"><a href=\"https:\/\/www.tvnovelas.com.br\/tvnews\/coracao-de-mae-hasan-e-filiz-em-piquenique-romantico\/\" class=\"_self\" target=\"_self\" >Cora\u00e7\u00e3o de M\u00e3e: Hasan e Filiz em piquenique rom\u00e2ntico<\/a><\/h4><\/div><\/div>\n<div class=\"col-md-12 col-sm-12 col-xs-12 pt-cv-content-item pt-cv-1-col\" ><div class='pt-cv-ifield'><h4 class=\"pt-cv-title\"><a href=\"https:\/\/www.tvnovelas.com.br\/tvnews\/guerra-das-rosas-cihan-vibra-com-desistencia-de-gulru-de-casar-com-mert\/\" class=\"_self\" target=\"_self\" >Guerra das Rosas: Cihan vibra com desist\u00eancia de Gulru de casar com Mert<\/a><\/h4><\/div><\/div>\n<div class=\"col-md-12 col-sm-12 col-xs-12 pt-cv-content-item pt-cv-1-col\" ><div class='pt-cv-ifield'><h4 class=\"pt-cv-title\"><a href=\"https:\/\/www.tvnovelas.com.br\/tvnews\/coracao-de-mae-irmak-denuncia-adnan\/\" class=\"_self\" target=\"_self\" >Cora\u00e7\u00e3o de M\u00e3e: Irmak denuncia Adnan<\/a><\/h4><\/div><\/div>\n<div class=\"col-md-12 col-sm-12 col-xs-12 pt-cv-content-item pt-cv-1-col\" ><div class='pt-cv-ifield'><h4 class=\"pt-cv-title\"><a href=\"https:\/\/www.tvnovelas.com.br\/tvnews\/a-nobreza-do-amor-mirinho-e-obrigado-a-resgatar-tonho\/\" class=\"_self\" target=\"_self\" >A Nobreza do Amor: Mirinho \u00e9 obrigado a resgatar Tonho<\/a><\/h4><\/div><\/div>\n<div class=\"col-md-12 col-sm-12 col-xs-12 pt-cv-content-item pt-cv-1-col\" ><div class='pt-cv-ifield'><h4 class=\"pt-cv-title\"><a href=\"https:\/\/www.tvnovelas.com.br\/tvnews\/tres-gracas-paulinho-e-afastado-da-policia-por-causa-de-gerluce\/\" class=\"_self\" target=\"_self\" >Tr\u00eas Gra\u00e7as: Paulinho \u00e9 afastado da pol\u00edcia por causa de Gerluce<\/a><\/h4><\/div><\/div>\n<div class=\"col-md-12 col-sm-12 col-xs-12 pt-cv-content-item pt-cv-1-col\" ><div class='pt-cv-ifield'><h4 class=\"pt-cv-title\"><a href=\"https:\/\/www.tvnovelas.com.br\/tvnews\/coracao-de-mae-irmak-inicia-jogo-arriscado-contra-adnan\/\" class=\"_self\" target=\"_self\" >Cora\u00e7\u00e3o de M\u00e3e: Irmak inicia jogo arriscado contra Adnan<\/a><\/h4><\/div><\/div>\n<div class=\"col-md-12 col-sm-12 col-xs-12 pt-cv-content-item pt-cv-1-col\" ><div class='pt-cv-ifield'><h4 class=\"pt-cv-title\"><a href=\"https:\/\/www.tvnovelas.com.br\/tvnews\/guerra-das-rosas-omer-chama-gulru-vestida-de-noiva-para-fugir\/\" class=\"_self\" target=\"_self\" >Guerra das Rosas: Omer chama Gulru vestida de noiva para fugir<\/a><\/h4><\/div><\/div>\n<div class=\"col-md-12 col-sm-12 col-xs-12 pt-cv-content-item pt-cv-1-col\" ><div class='pt-cv-ifield'><h4 class=\"pt-cv-title\"><a href=\"https:\/\/www.tvnovelas.com.br\/tvnews\/coracao-de-mae-reha-sai-para-jantar-com-selvi\/\" class=\"_self\" target=\"_self\" >Cora\u00e7\u00e3o de M\u00e3e: Reha sai para jantar com Selvi<\/a><\/h4><\/div><\/div>\n<div class=\"col-md-12 col-sm-12 col-xs-12 pt-cv-content-item pt-cv-1-col\" ><div class='pt-cv-ifield'><h4 class=\"pt-cv-title\"><a href=\"https:\/\/www.tvnovelas.com.br\/tvnews\/coracao-acelerado-zila-se-preocupa-com-sua-situacao-apos-separacao\/\" class=\"_self\" target=\"_self\" >Cora\u00e7\u00e3o Acelerado: Zil\u00e1 se preocupa com sua situa\u00e7\u00e3o ap\u00f3s separa\u00e7\u00e3o<\/a><\/h4><\/div><\/div><\/div><\/div><\/div><br \/>\n<a href=\"https:\/\/www.tvnovelas.com.br\/novelas\/\"><strong>Confira os resumos da semana de todas novelas<\/strong><\/a><br \/>\n<a href=\"http:\/\/tvnovelas.com.br\/filmes\" target=\"_blank\" rel=\"noopener\">Veja tamb\u00e9m: Todas as telas: filmes e s\u00e9ries nos streamings<\/a><\/p>\n<h3>Confira tamb\u00e9m<\/h3>\n<p><a href=\"https:\/\/www.tvnovelas.com.br\/filmes\/\" target=\"_blank\" rel=\"noo 2 pener noreferrer noopener\"><strong>Programa\u00e7\u00e3o de filmes na TV aberta<\/strong><\/a><br \/>\n<a href=\"https:\/\/tvnovelas.com.br\/filmes\/filmes-e-series-ineditos-em-estreia-na-semana-na-netflix\/\" target=\"_blank\" rel=\"noopener noreferrer\"><strong>Estreias da semana na Netflix<\/strong><\/a><br \/>\n<a href=\"https:\/\/caetenews.com.br\/semana\/filmes-da-globo-na-sessao-da-tarde-desta-semana\/\" target=\"_blank\" rel=\"noopener\"><strong>Confira os filmes da semana na Sess\u00e3o da Tarde<\/strong><\/a><br \/>\n<a href=\"\/\/tvnovelas.com.br\/filmes\/filmes-em-estreia-nos-cinemas\/\" target=\"_blank\" rel=\"noopener noreferrer\"><strong>Estreias e novidades no Cinema<\/strong><\/a><br \/>\n<a href=\"https:\/\/www.tvnovelas.com.br\/novelas\/\" target=\"_blank\" rel=\"noopener noreferrer\"><strong>Resumos de novelas<\/strong><\/a><\/p>\n","protected":false},"excerpt":{"rendered":"<p>Em Todas as Flores, pelo visto nem a gravidez nem a mentira do retorno do c\u00e2ncer da Vanessa (Let\u00edcia Colin) far\u00e1 com que Rafael (Humberto Carr\u00e3o) desista de ficar com Ma\u00edra&#8230;.<\/p>\n","protected":false},"author":1,"featured_media":55938,"comment_status":"closed","ping_status":"closed","sticky":false,"template":"","format":"standard","meta":{"_uf_show_specific_survey":0,"_uf_disable_surveys":false,"_jetpack_memberships_contains_paid_content":false,"footnotes":"","_wp_rev_ctl_limit":""},"categories":[236],"tags":[5,64,380],"class_list":["post-55937","post","type-post","status-publish","format-standard","has-post-thumbnail","hentry","category-globo","tag-globo","tag-novelas","tag-todas-as-flores","wpcat-236-id"],"aioseo_notices":[],"jetpack_featured_media_url":"https:\/\/i0.wp.com\/www.tvnovelas.com.br\/tvnews\/wp-content\/uploads\/2023\/09\/38024.jpg?fit=728%2C410&ssl=1","jetpack_shortlink":"https:\/\/wp.me\/pdP2BO-eyd","jetpack_sharing_enabled":true,"_links":{"self":[{"href":"https:\/\/www.tvnovelas.com.br\/tvnews\/wp-json\/wp\/v2\/posts\/55937","targetHints":{"allow":["GET"]}}],"collection":[{"href":"https:\/\/www.tvnovelas.com.br\/tvnews\/wp-json\/wp\/v2\/posts"}],"about":[{"href":"https:\/\/www.tvnovelas.com.br\/tvnews\/wp-json\/wp\/v2\/types\/post"}],"author":[{"embeddable":true,"href":"https:\/\/www.tvnovelas.com.br\/tvnews\/wp-json\/wp\/v2\/users\/1"}],"replies":[{"embeddable":true,"href":"https:\/\/www.tvnovelas.com.br\/tvnews\/wp-json\/wp\/v2\/comments?post=55937"}],"version-history":[{"count":1,"href":"https:\/\/www.tvnovelas.com.br\/tvnews\/wp-json\/wp\/v2\/posts\/55937\/revisions"}],"predecessor-version":[{"id":55939,"href":"https:\/\/www.tvnovelas.com.br\/tvnews\/wp-json\/wp\/v2\/posts\/55937\/revisions\/55939"}],"wp:featuredmedia":[{"embeddable":true,"href":"https:\/\/www.tvnovelas.com.br\/tvnews\/wp-json\/wp\/v2\/media\/55938"}],"wp:attachment":[{"href":"https:\/\/www.tvnovelas.com.br\/tvnews\/wp-json\/wp\/v2\/media?parent=55937"}],"wp:term":[{"taxonomy":"category","embeddable":true,"href":"https:\/\/www.tvnovelas.com.br\/tvnews\/wp-json\/wp\/v2\/categories?post=55937"},{"taxonomy":"post_tag","embeddable":true,"href":"https:\/\/www.tvnovelas.com.br\/tvnews\/wp-json\/wp\/v2\/tags?post=55937"}],"curies":[{"name":"wp","href":"https:\/\/api.w.org\/{rel}","templated":true}]}}