{"id":55972,"date":"2023-09-14T07:49:14","date_gmt":"2023-09-14T10:49:14","guid":{"rendered":"https:\/\/www.tvnovelas.com.br\/tvnews\/?p=55972"},"modified":"2023-09-14T07:49:14","modified_gmt":"2023-09-14T10:49:14","slug":"amor-perfeito-wanda-descobre-caso-do-passado-entre-silvio-e-gilda","status":"publish","type":"post","link":"https:\/\/www.tvnovelas.com.br\/tvnews\/amor-perfeito-wanda-descobre-caso-do-passado-entre-silvio-e-gilda\/","title":{"rendered":"Amor Perfeito: Wanda descobre caso do passado entre S\u00edlvio e Gilda"},"content":{"rendered":"<p><em>Em Amor Perfeito: Wanda descobre caso&#8230;<\/em><br \/>\n<img data-recalc-dims=\"1\" decoding=\"async\" class=\"alignnone wp-image-55973 size-full\" title=\"(Foto: Globo\/Amor Perfeito)\" src=\"https:\/\/i0.wp.com\/www.tvnovelas.com.br\/tvnews\/wp-content\/uploads\/2023\/09\/38033.jpg?resize=728%2C410&#038;ssl=1\" alt=\"Foto em Amor Perfeito: Wanda descobre caso...\" width=\"728\" height=\"410\" srcset=\"https:\/\/i0.wp.com\/www.tvnovelas.com.br\/tvnews\/wp-content\/uploads\/2023\/09\/38033.jpg?w=728&amp;ssl=1 728w, https:\/\/i0.wp.com\/www.tvnovelas.com.br\/tvnews\/wp-content\/uploads\/2023\/09\/38033.jpg?resize=678%2C381&amp;ssl=1 678w\" sizes=\"(max-width: 728px) 100vw, 728px\" \/><\/p>\n<p>Em Amor Perfeito, S\u00edlvio (Bukassa Kabengele) tem um longo passado com Gilda (Mariana Ximenes), que envolve n\u00e3o s\u00f3 um caso que os dois tiveram em S\u00e3o Paulo, como um filho que morreu logo ap\u00f3s ao parto e impossibilitou a vil\u00e3 de engravidar novamente. Al\u00e9m disso, foi o promotor que trouxe a ruiva para S\u00e3o Jacinto e manteve com a rela\u00e7\u00e3o mesmo depois que ela se casou com Leonel (Paulo Gorgulho). E, com o passar dos anos, ainda prestou diversos servi\u00e7os sujos para ajud\u00e1-la. Mas o que ele n\u00e3o imagina \u00e9 que a filha dele, Laura (Gabz), conhece uma parte dessa hist\u00f3ria.<\/p>\n<p>Na \u00faltima vez que a jovem esteve na cidade, se lembrou de uma ocasi\u00e3o quando, ainda pequena, flagrou o pai aos beijos com Gilda. Logo depois, encontrou um di\u00e1rio antigo, com o relato deste momento. Ent\u00e3o, se comprometeu a testemunhar a favor de Mar\u00ea (Camila Queiroz), para provar que o promotor e a ruiva s\u00e3o aliados de longa data.<\/p>\n<p>A not\u00edcia n\u00e3o cair\u00e1 nada bem a S\u00edlvio, que chegar\u00e1 em casa num rompante, descontando a raiva na esposa, Wanda (Juliana Alves).<\/p>\n<p>\u201cAconteceu que eu recebi a lista de depoentes no julgamento da Maria Elisa e a Laura est\u00e1 arrolada como testemunha de defesa! Voc\u00ea sabia disso?\u201d, ir\u00e1 disparar o vil\u00e3o.<\/p>\n<p>\u201cN\u00e3o, n\u00e3o sabia de nada! Ela s\u00f3 disse que voltaria logo pra S\u00e3o Jacinto, n\u00e3o disse o motivo. Eu achei que seria uma visita\u201d, responder\u00e1 ela.<\/p>\n<p>\u201cAquela perdida vem pra depor a favor de uma assassina, num julgamento em que eu sou o Promotor! Isso n\u00e3o tem o menor cabimento! (&#8230;) Ela s\u00f3 est\u00e1 fazendo isso pra me afrontar, me envergonhar e me constranger, isso sim! Essa menina \u00e9 um estorvo na minha vida! Maldito dia em que ela nasceu!\u201d, esbravejar\u00e1 o promotor.<\/p>\n<p>Wanda sair\u00e1 em defesa da filha e vai repreender o marido pela forma que se referiu \u00e0 menina; em seguida, ele ir\u00e1 pegar uns documentos numa gaveta que mant\u00e9m trancada e, tamanha a raiva, sair\u00e1 sem perceber que a deixou aberta. Neste momento, ela ir\u00e1 perceber o colar de Mar\u00ea na gaveta do marido e se lembrar\u00e1 que a joia pertencia \u00e0 m\u00e3e da amiga e que ela guardava com carinho especial.<\/p>\n<p><strong>Satisfa\u00e7\u00f5es<\/strong><br \/>\nIntrigada com o porqu\u00ea de o cord\u00e3o estar na posse de S\u00edlvio, ela ir\u00e1 cham\u00e1-lo \u00e0 loja dela para tirar satisfa\u00e7\u00f5es. Acontece que, ap\u00f3s roubar a joia de Mar\u00ea, Gilda deixou com o promotor como garantia que ela iria devolver uma grana alta que ele a emprestou.<\/p>\n<p>Encurralado com a pergunta da esposa, S\u00edlvio vai se enrolar para se explicar.<\/p>\n<p>\u201cOra, eu&#8230; comprei a pedido da Gilda. Ela est\u00e1 passando por uma dificuldade financeira. \u00c9 s\u00f3 uma garantia, enquanto ela n\u00e3o me paga\u201d, dir\u00e1 ele.<\/p>\n<p>\u201c\u00c9 incr\u00edvel o que voc\u00ea \u00e9 capaz de fazer pela Gilda. At\u00e9 quando voc\u00ea vai carregar essa culpa, S\u00edlvio? Pra agradar a Gilda, voc\u00ea comprou um colar que foi roubado da casa da Ver\u00f4nica?\u201d, vai disparar ela.<\/p>\n<p>S\u00edlvio vai fingir surpresa, mas ela logo ligar\u00e1 as pontas e se tocar\u00e1 de tudo. Ent\u00e3o, vai decidir devolver a joia a Mar\u00ea, pois, al\u00e9m de todo valor sentimental, foi o mesmo colar que a protagonista penhorou para dar dinheiro a Wanda para reconstruir a loja, ap\u00f3s um ataque orquestrado por Gilda e&#8230; S\u00edlvio!<\/p>\n<p>Mas o promotor n\u00e3o vai reagir nada bem \u00e0 decis\u00e3o da esposa e partir\u00e1 para cima dela com agressividade.<\/p>\n<p>\u201cMe d\u00e1 esse colar, Wanda!\u201d, ir\u00e1 gritar ele, tentando tirar a joia da m\u00e3o de Wanda.<\/p>\n<p>Neste momento, Laura chegar\u00e1 \u00e0 loja e vai se assustar ao ver o pai prensando a m\u00e3e. No susto, S\u00edlvio conseguir\u00e1 tirar o colar da m\u00e3o da esposa, enquanto ela, por sua vez, vai chorando para os bra\u00e7os da filha, em choque pela situa\u00e7\u00e3o que acabou de enfrentar.<\/p>\n<p>Abalada, Wanda e Laura v\u00e3o sair de casa para ficar no Grande Hotel. L\u00e1, ela ser\u00e1 consolada por Mar\u00ea e vai contar sobre o destino da joia que pertencia \u00e0 m\u00e3e dela. Mar\u00ea tamb\u00e9m logo se tocar\u00e1 que o roubo foi a mando de Gilda.<\/p>\n<p>Wanda ainda vai revelar \u00e0 protagonista sobre o passado de S\u00edlvio com a vil\u00e3.<\/p>\n<p>\u201cEle n\u00e3o consegue se livrar da culpa de ter abandonado a Gilda. (&#8230;) Muito tempo atr\u00e1s, o Silvio tinha \u2014 teve, sei l\u00e1 \u2014 um envolvimento com a Gilda. Quando ela vivia em S\u00e3o Paulo. E ela engravidou&#8230; e ele n\u00e3o quis saber\u201d, contar\u00e1 Wanda. \u201cE foi ele quem trouxe a Gilda para S\u00e3o Jacinto\u201d.<\/p>\n<p>\u201cEnt\u00e3o, o Promotor e a Gilda&#8230; Um dia a Gilda me disse que tinha perdido um filho, do mesmo jeito que eu! Ent\u00e3o era verdade. E o Promotor era o pai dessa crian\u00e7a!\u201d, ir\u00e1 deduzir Mar\u00ea. \u201cEu sabia que algu\u00e9m tinha trazido a Gilda pra c\u00e1, mas n\u00e3o imaginava que fosse o Promotor!\u201d<br \/>\n<!--FIM DO POST--><br \/>\n<a href=\"https:\/\/www.tvnovelas.com.br\/novelas\/resumos-de-amor-perfeito\/\" target=\"_blank\" rel=\"noopener\">Confira os resumos da semana de &#8216;Amor Perfeito<\/a><br \/>\n<strong style=\"font-size: 120%;\">\u00daltimas not\u00edcias de Amor Perfeito:<\/strong><br \/>\n<div class=\"pt-cv-wrapper\"><div class=\"pt-cv-view pt-cv-grid pt-cv-colsys\" id=\"pt-cv-view-04db883axk\"><div data-id=\"pt-cv-page-1\" class=\"pt-cv-page\" data-cvc=\"1\"><div class=\"col-md-12 col-sm-12 col-xs-12 pt-cv-content-item pt-cv-1-col\" ><div class='pt-cv-ifield'><h4 class=\"pt-cv-title\"><a href=\"https:\/\/www.tvnovelas.com.br\/tvnews\/amor-perfeito-mare-e-orlando-se-casam\/\" class=\"_self\" target=\"_self\" >Amor Perfeito: Mar\u00ea e Orlando se casam<\/a><\/h4><\/div><\/div>\n<div class=\"col-md-12 col-sm-12 col-xs-12 pt-cv-content-item pt-cv-1-col\" ><div class='pt-cv-ifield'><h4 class=\"pt-cv-title\"><a href=\"https:\/\/www.tvnovelas.com.br\/tvnews\/amor-perfeito-gilda-emocionada-abraca-marcelino\/\" class=\"_self\" target=\"_self\" >Amor Perfeito: Gilda emocionada abra\u00e7a Marcelino<\/a><\/h4><\/div><\/div>\n<div class=\"col-md-12 col-sm-12 col-xs-12 pt-cv-content-item pt-cv-1-col\" ><div class='pt-cv-ifield'><h4 class=\"pt-cv-title\"><a href=\"https:\/\/www.tvnovelas.com.br\/tvnews\/amor-perfeito-orlando-descobre-que-lucilia-foi-assassinada-a-mando-de-gilda\/\" class=\"_self\" target=\"_self\" >Amor Perfeito: Orlando descobre que Luc\u00edlia foi assassinada a mando de Gilda<\/a><\/h4><\/div><\/div>\n<div class=\"col-md-12 col-sm-12 col-xs-12 pt-cv-content-item pt-cv-1-col\" ><div class='pt-cv-ifield'><h4 class=\"pt-cv-title\"><a href=\"https:\/\/www.tvnovelas.com.br\/tvnews\/amor-perfeito-gilda-e-descoberta-como-mandante-de-assassinato\/\" class=\"_self\" target=\"_self\" >Amor Perfeito: Gilda \u00e9 descoberta como mandante de assassinato<\/a><\/h4><\/div><\/div>\n<div class=\"col-md-12 col-sm-12 col-xs-12 pt-cv-content-item pt-cv-1-col\" ><div class='pt-cv-ifield'><h4 class=\"pt-cv-title\"><a href=\"https:\/\/www.tvnovelas.com.br\/tvnews\/amor-perfeito-gilda-foge-da-cadeia-com-ajuda-de-gaspar\/\" class=\"_self\" target=\"_self\" >Amor Perfeito: Gilda foge da cadeia com ajuda de Gaspar<\/a><\/h4><\/div><\/div>\n<div class=\"col-md-12 col-sm-12 col-xs-12 pt-cv-content-item pt-cv-1-col\" ><div class='pt-cv-ifield'><h4 class=\"pt-cv-title\"><a href=\"https:\/\/www.tvnovelas.com.br\/tvnews\/amor-perfeito-darlene-e-joao-se-casam\/\" class=\"_self\" target=\"_self\" >Amor Perfeito: Darlene e Jo\u00e3o se casam<\/a><\/h4><\/div><\/div><\/div><\/div><\/div><br \/>\n<strong style=\"font-size: 120%;\">\u00daltimas not\u00edcias deste site:<\/strong><br \/>\n<div class=\"pt-cv-wrapper\"><div class=\"pt-cv-view pt-cv-grid pt-cv-colsys\" id=\"pt-cv-view-90991035b3\"><div data-id=\"pt-cv-page-1\" class=\"pt-cv-page\" data-cvc=\"1\"><div class=\"col-md-12 col-sm-12 col-xs-12 pt-cv-content-item pt-cv-1-col\" ><div class='pt-cv-ifield'><h4 class=\"pt-cv-title\"><a href=\"https:\/\/www.tvnovelas.com.br\/tvnews\/guerra-das-rosas-omer-chama-gulru-vestida-de-noiva-para-fugir\/\" class=\"_self\" target=\"_self\" >Guerra das Rosas: Omer chama Gulru vestida de noiva para fugir<\/a><\/h4><\/div><\/div>\n<div class=\"col-md-12 col-sm-12 col-xs-12 pt-cv-content-item pt-cv-1-col\" ><div class='pt-cv-ifield'><h4 class=\"pt-cv-title\"><a href=\"https:\/\/www.tvnovelas.com.br\/tvnews\/coracao-de-mae-reha-sai-para-jantar-com-selvi\/\" class=\"_self\" target=\"_self\" >Cora\u00e7\u00e3o de M\u00e3e: Reha sai para jantar com Selvi<\/a><\/h4><\/div><\/div>\n<div class=\"col-md-12 col-sm-12 col-xs-12 pt-cv-content-item pt-cv-1-col\" ><div class='pt-cv-ifield'><h4 class=\"pt-cv-title\"><a href=\"https:\/\/www.tvnovelas.com.br\/tvnews\/coracao-acelerado-zila-se-preocupa-com-sua-situacao-apos-separacao\/\" class=\"_self\" target=\"_self\" >Cora\u00e7\u00e3o Acelerado: Zil\u00e1 se preocupa com sua situa\u00e7\u00e3o ap\u00f3s separa\u00e7\u00e3o<\/a><\/h4><\/div><\/div>\n<div class=\"col-md-12 col-sm-12 col-xs-12 pt-cv-content-item pt-cv-1-col\" ><div class='pt-cv-ifield'><h4 class=\"pt-cv-title\"><a href=\"https:\/\/www.tvnovelas.com.br\/tvnews\/a-nobreza-do-amor-tonho-nao-se-curva-diante-de-mirinho\/\" class=\"_self\" target=\"_self\" >A Nobreza do Amor: Tonho n\u00e3o se curva diante de Mirinho<\/a><\/h4><\/div><\/div>\n<div class=\"col-md-12 col-sm-12 col-xs-12 pt-cv-content-item pt-cv-1-col\" ><div class='pt-cv-ifield'><h4 class=\"pt-cv-title\"><a href=\"https:\/\/www.tvnovelas.com.br\/tvnews\/tres-gracas-arminda-surta-ao-confirmar-que-ferette-e-pai-de-raul\/\" class=\"_self\" target=\"_self\" >Tr\u00eas Gra\u00e7as:  Arminda surta ao confirmar que Ferette \u00e9 pai de Raul<\/a><\/h4><\/div><\/div>\n<div class=\"col-md-12 col-sm-12 col-xs-12 pt-cv-content-item pt-cv-1-col\" ><div class='pt-cv-ifield'><h4 class=\"pt-cv-title\"><a href=\"https:\/\/www.tvnovelas.com.br\/tvnews\/coracao-de-mae-atilla-confronta-hasan-e-exige-o-divorcio-de-lale\/\" class=\"_self\" target=\"_self\" >Cora\u00e7\u00e3o de M\u00e3e: Atilla confronta Hasan e exige o div\u00f3rcio de Lale<\/a><\/h4><\/div><\/div>\n<div class=\"col-md-12 col-sm-12 col-xs-12 pt-cv-content-item pt-cv-1-col\" ><div class='pt-cv-ifield'><h4 class=\"pt-cv-title\"><a href=\"https:\/\/www.tvnovelas.com.br\/tvnews\/guerra-das-rosas-gulfem-coloca-gulru-contra-a-parede\/\" class=\"_self\" target=\"_self\" >Guerra das Rosas: Gulfem coloca Gulru contra a parede<\/a><\/h4><\/div><\/div>\n<div class=\"col-md-12 col-sm-12 col-xs-12 pt-cv-content-item pt-cv-1-col\" ><div class='pt-cv-ifield'><h4 class=\"pt-cv-title\"><a href=\"https:\/\/www.tvnovelas.com.br\/tvnews\/coracao-de-mae-atilla-diz-a-lale-que-quer-o-divorcio\/\" class=\"_self\" target=\"_self\" >Cora\u00e7\u00e3o de M\u00e3e: Atilla diz a Lale que quer o div\u00f3rcio<\/a><\/h4><\/div><\/div>\n<div class=\"col-md-12 col-sm-12 col-xs-12 pt-cv-content-item pt-cv-1-col\" ><div class='pt-cv-ifield'><h4 class=\"pt-cv-title\"><a href=\"https:\/\/www.tvnovelas.com.br\/tvnews\/a-nobreza-do-amor-mirinho-garante-noivado-com-virginia-para-atrair-sogro-a-negocio\/\" class=\"_self\" target=\"_self\" >A Nobreza do Amor: Mirinho garante noivado com Virg\u00ednia para atrair sogro a neg\u00f3cio<\/a><\/h4><\/div><\/div>\n<div class=\"col-md-12 col-sm-12 col-xs-12 pt-cv-content-item pt-cv-1-col\" ><div class='pt-cv-ifield'><h4 class=\"pt-cv-title\"><a href=\"https:\/\/www.tvnovelas.com.br\/tvnews\/tres-gracas-joaquim-propoe-fuga-a-arminda-com-o-dinheiro-das-tres-gracas\/\" class=\"_self\" target=\"_self\" >Tr\u00eas Gra\u00e7as:  Joaquim prop\u00f5e fuga a Arminda com o dinheiro das Tr\u00eas Gra\u00e7as<\/a><\/h4><\/div><\/div><\/div><\/div><\/div><br \/>\n<a href=\"https:\/\/www.tvnovelas.com.br\/novelas\/\"><strong>Confira os resumos da semana de todas novelas<\/strong><\/a><\/p>\n<h3>Confira tamb\u00e9m<\/h3>\n<p><a href=\"https:\/\/www.tvnovelas.com.br\/filmes\/\" target=\"_blank\" rel=\"noopener noreferrer\"><strong>Programa\u00e7\u00e3o de filmes na TV aberta<\/strong><\/a><br \/>\n<a href=\"https:\/\/caetenews.com.br\/semana\/filmes-da-globo-na-sessao-da-tarde-desta-semana\/\" target=\"_blank\" rel=\"noopener\"><strong>Confira os filmes da semana na Sess\u00e3o da Tarde<\/strong><\/a><br \/>\n<a href=\"https:\/\/www.tvnovelas.com.br\/novelas\/\" target=\"_blank\" rel=\"noopener noreferrer\"><strong>Resumos de novelas<\/strong><\/a><\/p>\n","protected":false},"excerpt":{"rendered":"<p>Em Amor Perfeito, S\u00edlvio (Bukassa Kabengele) tem um longo passado com Gilda (Mariana Ximenes), que envolve n\u00e3o s\u00f3 um caso que os dois tiveram em S\u00e3o Paulo&#8230;<\/p>\n","protected":false},"author":1,"featured_media":55973,"comment_status":"closed","ping_status":"closed","sticky":false,"template":"","format":"standard","meta":{"_uf_show_specific_survey":0,"_uf_disable_surveys":false,"_jetpack_memberships_contains_paid_content":false,"footnotes":"","_wp_rev_ctl_limit":""},"categories":[375],"tags":[376,5],"class_list":["post-55972","post","type-post","status-publish","format-standard","has-post-thumbnail","hentry","category-amor-perfeito","tag-amor-perfeito","tag-globo","wpcat-375-id"],"aioseo_notices":[],"jetpack_featured_media_url":"https:\/\/i0.wp.com\/www.tvnovelas.com.br\/tvnews\/wp-content\/uploads\/2023\/09\/38033.jpg?fit=728%2C410&ssl=1","jetpack_shortlink":"https:\/\/wp.me\/pdP2BO-eyM","jetpack_sharing_enabled":true,"_links":{"self":[{"href":"https:\/\/www.tvnovelas.com.br\/tvnews\/wp-json\/wp\/v2\/posts\/55972","targetHints":{"allow":["GET"]}}],"collection":[{"href":"https:\/\/www.tvnovelas.com.br\/tvnews\/wp-json\/wp\/v2\/posts"}],"about":[{"href":"https:\/\/www.tvnovelas.com.br\/tvnews\/wp-json\/wp\/v2\/types\/post"}],"author":[{"embeddable":true,"href":"https:\/\/www.tvnovelas.com.br\/tvnews\/wp-json\/wp\/v2\/users\/1"}],"replies":[{"embeddable":true,"href":"https:\/\/www.tvnovelas.com.br\/tvnews\/wp-json\/wp\/v2\/comments?post=55972"}],"version-history":[{"count":1,"href":"https:\/\/www.tvnovelas.com.br\/tvnews\/wp-json\/wp\/v2\/posts\/55972\/revisions"}],"predecessor-version":[{"id":55974,"href":"https:\/\/www.tvnovelas.com.br\/tvnews\/wp-json\/wp\/v2\/posts\/55972\/revisions\/55974"}],"wp:featuredmedia":[{"embeddable":true,"href":"https:\/\/www.tvnovelas.com.br\/tvnews\/wp-json\/wp\/v2\/media\/55973"}],"wp:attachment":[{"href":"https:\/\/www.tvnovelas.com.br\/tvnews\/wp-json\/wp\/v2\/media?parent=55972"}],"wp:term":[{"taxonomy":"category","embeddable":true,"href":"https:\/\/www.tvnovelas.com.br\/tvnews\/wp-json\/wp\/v2\/categories?post=55972"},{"taxonomy":"post_tag","embeddable":true,"href":"https:\/\/www.tvnovelas.com.br\/tvnews\/wp-json\/wp\/v2\/tags?post=55972"}],"curies":[{"name":"wp","href":"https:\/\/api.w.org\/{rel}","templated":true}]}}