{"id":56069,"date":"2023-09-16T15:30:06","date_gmt":"2023-09-16T18:30:06","guid":{"rendered":"https:\/\/www.tvnovelas.com.br\/tvnews\/?p=56069"},"modified":"2023-09-16T14:28:44","modified_gmt":"2023-09-16T17:28:44","slug":"o-que-chega-em-fuzue-na-semana-18-a-23-de-setembro","status":"publish","type":"post","link":"https:\/\/www.tvnovelas.com.br\/tvnews\/o-que-chega-em-fuzue-na-semana-18-a-23-de-setembro\/","title":{"rendered":"O que chega em Fuzu\u00ea na semana 18 a 23 de setembro"},"content":{"rendered":"<p><em>Resumos de Fuzu\u00ea na semana 18 a 23 de setembro<\/em><br \/>\n<img data-recalc-dims=\"1\" decoding=\"async\" class=\"alignnone wp-image-56070 size-full\" title=\"(Foto: Reprodu\u00e7\u00e3o\/TV Globo\/Fuzu\u00ea)\" src=\"https:\/\/i0.wp.com\/www.tvnovelas.com.br\/tvnews\/wp-content\/uploads\/2023\/09\/38057b.jpg?resize=728%2C410&#038;ssl=1\" alt=\"Foto em Resumos de Fuzu\u00ea na semana 18 a 23\" width=\"728\" height=\"410\" srcset=\"https:\/\/i0.wp.com\/www.tvnovelas.com.br\/tvnews\/wp-content\/uploads\/2023\/09\/38057b.jpg?w=728&amp;ssl=1 728w, https:\/\/i0.wp.com\/www.tvnovelas.com.br\/tvnews\/wp-content\/uploads\/2023\/09\/38057b.jpg?resize=678%2C381&amp;ssl=1 678w\" sizes=\"(max-width: 728px) 100vw, 728px\" \/><\/p>\n<blockquote><p>Miguel chega ao hospital para saber de Ol\u00edvia e estranha ao ver Luna; Preciosa agradece Fiel pela falsifica\u00e7\u00e3o do exame de Ol\u00edvia e Miguel; Pascoal denuncia Merreca; flagra Cec\u00edlia e Pascoal conspirando contra a Fuzu\u00ea; Maria Navalha decide voltar para casa&#8230;<\/p><\/blockquote>\n<p><strong>Resumo de segunda-feira, 18 de setembro<\/strong><br \/>\nLuna estranha a visita de Bebel. Ol\u00edvia n\u00e3o deixa Preciosa ligar para Miguel. Ot\u00e1vio Augusto avisa a Nero da presen\u00e7a da pol\u00edcia na Fuzu\u00ea. Cl\u00e1udio v\u00ea Fiel com uma maleta e decide segui-lo. Heitor tenta conter o nervosismo diante de Barreto. Michel Tel\u00f3 entra no carro de Jefinho. Preciosa manda Rui informar a Miguel sobre o acidente de Ol\u00edvia. Rui ouve Ol\u00edvia contar para Preciosa que Miguel sobre o pai de seu filho. Fernanda est\u00e1 prestes a dar \u00e0 luz e Luna a leva para o hospital. Domingos alerta Lampi\u00e3o de que Gl\u00e1ucia quer impedir a reabertura do Beco de Gamb\u00e1. Nero procura Heitor. Miguel chega ao hospital para saber de Ol\u00edvia e estranha ao ver Luna.<\/p>\n<p><strong>Resumo de ter\u00e7a-feira, 19 de setembro<\/strong><br \/>\nPreciosa reclama da presen\u00e7a de Luna e leva Miguel at\u00e9 Ol\u00edvia. Cl\u00e1udio tenta convencer Luna a revelar o esconderijo de Cata Ouro. Jefinho convida Michel Tel\u00f3 para ir ao Beco do Gamb\u00e1. Ol\u00edvia desiste de contar a verdade para Miguel. Luna e Miguel se encontram. Preciosa garante a Ol\u00edvia que falsificar\u00e1 o exame de DNA. Luna conduz Cl\u00e1udio ao esconderijo de Cata Ouro. Nero manda iniciarem o concurso para a Rainha da Fuzu\u00ea. Pascoal alerta Heitor sobre Cec\u00edlia. O assessor do deputado encontra Cata Ouro. Preciosa agradece Fiel pela falsifica\u00e7\u00e3o do exame de Ol\u00edvia e Miguel. Luna se surpreende ao chegar ao esconderijo de Cata Ouro.<br \/>\n<img data-recalc-dims=\"1\" decoding=\"async\" class=\"alignnone wp-image-56071 size-full\" title=\"(Foto: Reprodu\u00e7\u00e3o\/TV Globo\/Fuzu\u00ea)\" src=\"https:\/\/i0.wp.com\/www.tvnovelas.com.br\/tvnews\/wp-content\/uploads\/2023\/09\/38057.jpg?resize=728%2C410&#038;ssl=1\" alt=\"Foto em Resumos de Fuzu\u00ea na semana 18 a 23\" width=\"728\" height=\"410\" srcset=\"https:\/\/i0.wp.com\/www.tvnovelas.com.br\/tvnews\/wp-content\/uploads\/2023\/09\/38057.jpg?w=728&amp;ssl=1 728w, https:\/\/i0.wp.com\/www.tvnovelas.com.br\/tvnews\/wp-content\/uploads\/2023\/09\/38057.jpg?resize=678%2C381&amp;ssl=1 678w\" sizes=\"(max-width: 728px) 100vw, 728px\" \/><\/p>\n<p><strong>Resumo de quarta-feira, 20 de setembro<\/strong><br \/>\nLuna e Cl\u00e1udio tentam decifrar a imagem que encontram desenhada na parede. Pascoal amea\u00e7a Cata Ouro. Heitor se intimida com a f\u00faria de Preciosa. Cl\u00e1udio fala para Luna n\u00e3o desistir de Miguel. Rui revela a Ol\u00edvia que sabe sobre a falsifica\u00e7\u00e3o do exame de DNA. Preciosa pensa em acabar com Luna. Heitor tenta falar com Pascoal. Cata Ouro leva Luna e Jefinho ao local onde atirou teve embate com Pascoal, que se esconde. Rejane se preocupa com a dublagem de Kirida. Ol\u00edvia pressiona Miguel a ficar com ela. Miguel garante a Nero que punir\u00e1 as pessoas que est\u00e3o atacando a Fuzu\u00ea. Jefinho se coloca na frente de Luna, e recebe um tiro em seu lugarquando ela \u00e9 atacada.<\/p>\n<p><strong>Resumo de quinta-feira, 21 de setembro<\/strong><br \/>\nLuna leva Jefinho para o hospital. Cl\u00e1udio tenta falar com Miguel sobre suas descobertas. Barreto pro\u00edbe Luna de tentar fazer o trabalho da pol\u00edcia. Pascoal \u00e9 levado para a delegacia. Preciosa vai \u00e0 casa de Nero. Jefinho afirma que far\u00e1 seu show no Beco do Gamb\u00e1. Miguel conta para Luna que confirmou a paternidade do filho que Ol\u00edvia est\u00e1 esperando. Preciosa vasculha a casa de Nero e encontra fotos antigas da Fuzu\u00ea. Jefinho conta para Luna que Gl\u00e1ucia esteve com Pascoal. Cec\u00edlia mente para Barreto para ajudar Pascoal. Soraya se inscreve no concurso para Rainha da Fuzu\u00ea. Cl\u00e1udio revela a Miguel que o tesouro da Dama de Ouro est\u00e1 escondido na Fuzu\u00ea. Preciosa se surpreende ao ver seu pai numa das fotos de Nero. Luna flagra Cec\u00edlia e Pascoal conspirando contra a Fuzu\u00ea.<br \/>\n<img data-recalc-dims=\"1\" decoding=\"async\" class=\"alignnone wp-image-56072 size-full\" title=\"(Foto: Reprodu\u00e7\u00e3o\/TV Globo\/Fuzu\u00ea)\" src=\"https:\/\/i0.wp.com\/www.tvnovelas.com.br\/tvnews\/wp-content\/uploads\/2023\/09\/38057a.jpg?resize=728%2C410&#038;ssl=1\" alt=\"Foto em Resumos de Fuzu\u00ea na semana 18 a 23\" width=\"728\" height=\"410\" srcset=\"https:\/\/i0.wp.com\/www.tvnovelas.com.br\/tvnews\/wp-content\/uploads\/2023\/09\/38057a.jpg?w=728&amp;ssl=1 728w, https:\/\/i0.wp.com\/www.tvnovelas.com.br\/tvnews\/wp-content\/uploads\/2023\/09\/38057a.jpg?resize=678%2C381&amp;ssl=1 678w\" sizes=\"(max-width: 728px) 100vw, 728px\" \/><\/p>\n<p><strong>Resumo de sexta-feira, 22 de setembro<\/strong><br \/>\nPascoal se ofende com Luna e Cec\u00edlia se surpreende. Cl\u00e1udio acredita que os antigos donos da Fuzu\u00ea protegiam o tesouro. Gl\u00e1ucia garante que o Beco do Gamb\u00e1 n\u00e3o reabrir\u00e1. Luna conta para Barreto sobre o tesouro e Pascoal a ironiza. Bebel brinca com Bernardo. Luna se recusa a falar com Cec\u00edlia. Barreto coloca Merreca para confrontar Pascoal. Francisco se incomoda com a proximidade de Rui e Soraya. Rejane aparece na Fuzu\u00ea e Al\u00edcia se enfurece. Nero fala de Jaci para Cl\u00e1udio e Miguel. Luna conta para Miguel sobre Pascoal. Pascoal denuncia Merreca, que fica furioso. Preciosa afirma que se vingar\u00e1 de Luna. Pascoal se surpreende com Cec\u00edlia. Luna rasga uma notifica\u00e7\u00e3o que pro\u00edbe a reabertura do Beco do Gamb\u00e1.<\/p>\n<p><strong>Resumo de s\u00e1bado, 23 de setembro<\/strong><br \/>\nLampi\u00e3o e Bart\u00f4 se preocupam com a atitude de Luna. Pascoal se intimida com Cec\u00edlia. Ol\u00edvia \u00e9 hostil com Concei\u00e7\u00e3o. Bebel pensa em trabalhar com Em\u00edlia. Preciosa questiona a m\u00e3e sobre a foto de C\u00e9sar e Nero. Miguel flagra Rejane com seu pai. Francisco se encanta com Soraya. Ca\u00edto tem um mau pressentimento com o show do Beco e comenta com Bart\u00f4. Preciosa se recusa a ir ao show no Beco do Gamb\u00e1. O mensageiro do hotel v\u00ea Luna entrar no quarto de Miguel e avisa a Ol\u00edvia. Luna conversa com Miguel sobre sua ida \u00e0 delegacia. Cl\u00e1udio incentiva Al\u00edcia a ir ao show de Rejane. Jefinho recebe um telefonema da TV Globo. Cec\u00edlia procura Luna. Fiel entrega ao mensageiro um dispositivo de escuta para colocar no quarto de Miguel. Miguel e Luna pensam num plano contra os inimigos da Fuzu\u00ea. Maria Navalha decide voltar para casa.<br \/>\n<!--END POST--><br \/>\n<a href=\"https:\/\/www.tvnovelas.com.br\/novelas\/resumos-de-fuzue-2\/\" target=\"_blank\" rel=\"noopener\">Confira os resumosde &#8216;Fuzu\u00ea&#8217; da semana 25 a 30 de setembro<\/a><br \/>\n<strong style=\"font-size: 120%;\">\u00daltimas not\u00edcias de Fuzu\u00ea:<\/strong><br \/>\n<div class=\"pt-cv-wrapper\"><div class=\"pt-cv-view pt-cv-grid pt-cv-colsys\" id=\"pt-cv-view-f2001fcqsk\"><div data-id=\"pt-cv-page-1\" class=\"pt-cv-page\" data-cvc=\"1\"><div class=\"col-md-12 col-sm-12 col-xs-12 pt-cv-content-item pt-cv-1-col\" ><div class='pt-cv-ifield'><h4 class=\"pt-cv-title\"><a href=\"https:\/\/www.tvnovelas.com.br\/tvnews\/fuzue-cesar-e-preciosa-planejam-novo-roubo-do-tesouro-da-dama-de-ouro\/\" class=\"_blank\" target=\"_blank\" >Fuzu\u00ea: C\u00e9sar e Preciosa planejam novo roubo do tesouro da Dama de Ouro<\/a><\/h4><\/div><\/div>\n<div class=\"col-md-12 col-sm-12 col-xs-12 pt-cv-content-item pt-cv-1-col\" ><div class='pt-cv-ifield'><h4 class=\"pt-cv-title\"><a href=\"https:\/\/www.tvnovelas.com.br\/tvnews\/fuzue-julgado-merreca-pega-6-anos-no-art-121\/\" class=\"_blank\" target=\"_blank\" >Fuzu\u00ea: julgado, Merreca pega 6 anos no art. 121<\/a><\/h4><\/div><\/div>\n<div class=\"col-md-12 col-sm-12 col-xs-12 pt-cv-content-item pt-cv-1-col\" ><div class='pt-cv-ifield'><h4 class=\"pt-cv-title\"><a href=\"https:\/\/www.tvnovelas.com.br\/tvnews\/fuzue-luna-compra-a-conde-de-montebello-e-planeja-torna-la-filial-da-fuzue\/\" class=\"_blank\" target=\"_blank\" >Fuzu\u00ea: Luna compra a Conde de Montebello e planeja torn\u00e1-la filial da Fuzu\u00ea<\/a><\/h4><\/div><\/div>\n<div class=\"col-md-12 col-sm-12 col-xs-12 pt-cv-content-item pt-cv-1-col\" ><div class='pt-cv-ifield'><h4 class=\"pt-cv-title\"><a href=\"https:\/\/www.tvnovelas.com.br\/tvnews\/fuzue-heitor-manda-preciosa-escolher-entre-ele-e-cesar-montebello\/\" class=\"_blank\" target=\"_blank\" >Fuzu\u00ea: Heitor manda Preciosa escolher entre ele e C\u00e9sar Montebello<\/a><\/h4><\/div><\/div>\n<div class=\"col-md-12 col-sm-12 col-xs-12 pt-cv-content-item pt-cv-1-col\" ><div class='pt-cv-ifield'><h4 class=\"pt-cv-title\"><a href=\"https:\/\/www.tvnovelas.com.br\/tvnews\/fuzue-luna-compra-o-apartamento-de-bebel\/\" class=\"_blank\" target=\"_blank\" >Fuzu\u00ea: Luna compra o apartamento de Bebel<\/a><\/h4><\/div><\/div>\n<div class=\"col-md-12 col-sm-12 col-xs-12 pt-cv-content-item pt-cv-1-col\" ><div class='pt-cv-ifield'><h4 class=\"pt-cv-title\"><a href=\"https:\/\/www.tvnovelas.com.br\/tvnews\/fuzue-cesar-arma-e-nero-e-acusado-de-sonegar-impostos\/\" class=\"_blank\" target=\"_blank\" >Fuzu\u00ea: C\u00e9sar arma, e Nero \u00e9 acusado de sonegar impostos<\/a><\/h4><\/div><\/div><\/div><\/div><\/div><br \/>\n<strong style=\"font-size: 120%;\">\u00daltimas not\u00edcias deste site:<\/strong><br \/>\n<div class=\"pt-cv-wrapper\"><div class=\"pt-cv-view pt-cv-grid pt-cv-colsys\" id=\"pt-cv-view-90991035b3\"><div data-id=\"pt-cv-page-1\" class=\"pt-cv-page\" data-cvc=\"1\"><div class=\"col-md-12 col-sm-12 col-xs-12 pt-cv-content-item pt-cv-1-col\" ><div class='pt-cv-ifield'><h4 class=\"pt-cv-title\"><a href=\"https:\/\/www.tvnovelas.com.br\/tvnews\/em-a-nobreza-do-amor-na-semana-04-a-09-de-maio\/\" class=\"_self\" target=\"_self\" >Em A Nobreza do Amor na semana 04 a 09 de maio<\/a><\/h4><\/div><\/div>\n<div class=\"col-md-12 col-sm-12 col-xs-12 pt-cv-content-item pt-cv-1-col\" ><div class='pt-cv-ifield'><h4 class=\"pt-cv-title\"><a href=\"https:\/\/www.tvnovelas.com.br\/tvnews\/o-que-acontece-em-tres-gracas-na-semana-04-a-09-de-maio\/\" class=\"_self\" target=\"_self\" >O que acontece em Tr\u00eas Gra\u00e7as na semana 04 a 09 de maio<\/a><\/h4><\/div><\/div>\n<div class=\"col-md-12 col-sm-12 col-xs-12 pt-cv-content-item pt-cv-1-col\" ><div class='pt-cv-ifield'><h4 class=\"pt-cv-title\"><a href=\"https:\/\/www.tvnovelas.com.br\/tvnews\/coracao-de-mae-reha-entra-em-panico-com-a-prisao-de-adnan\/\" class=\"_self\" target=\"_self\" >Cora\u00e7\u00e3o de M\u00e3e: Reha entra em p\u00e2nico com a pris\u00e3o de Adnan<\/a><\/h4><\/div><\/div>\n<div class=\"col-md-12 col-sm-12 col-xs-12 pt-cv-content-item pt-cv-1-col\" ><div class='pt-cv-ifield'><h4 class=\"pt-cv-title\"><a href=\"https:\/\/www.tvnovelas.com.br\/tvnews\/guerra-das-rosas-mert-sequestra-gulru\/\" class=\"_self\" target=\"_self\" >Guerra das Rosas: Mert sequestra Gulru<\/a><\/h4><\/div><\/div>\n<div class=\"col-md-12 col-sm-12 col-xs-12 pt-cv-content-item pt-cv-1-col\" ><div class='pt-cv-ifield'><h4 class=\"pt-cv-title\"><a href=\"https:\/\/www.tvnovelas.com.br\/tvnews\/a-nobreza-do-amor-resistencia-sequestra-noivo-de-kenia-e-o-despacha-de-batanga\/\" class=\"_self\" target=\"_self\" >A Nobreza do Amor: Resist\u00eancia sequestra noivo de K\u00eania e o despacha de Batanga<\/a><\/h4><\/div><\/div>\n<div class=\"col-md-12 col-sm-12 col-xs-12 pt-cv-content-item pt-cv-1-col\" ><div class='pt-cv-ifield'><h4 class=\"pt-cv-title\"><a href=\"https:\/\/www.tvnovelas.com.br\/tvnews\/tres-gracas-joelly-e-gerluce-descobrem-que-filha-de-lena-e-a-bebe-roubada\/\" class=\"_self\" target=\"_self\" >Tr\u00eas Gra\u00e7as: Jo\u00e9lly e Gerluce descobrem que filha de Lena \u00e9 a beb\u00ea roubada<\/a><\/h4><\/div><\/div>\n<div class=\"col-md-12 col-sm-12 col-xs-12 pt-cv-content-item pt-cv-1-col\" ><div class='pt-cv-ifield'><h4 class=\"pt-cv-title\"><a href=\"https:\/\/www.tvnovelas.com.br\/tvnews\/em-coracao-de-mae-nos-proximos-capitulos-04-a-08-5\/\" class=\"_self\" target=\"_self\" >Em Cora\u00e7\u00e3o de M\u00e3e nos pr\u00f3ximos cap\u00edtulos (04 a 08\/5)<\/a><\/h4><\/div><\/div>\n<div class=\"col-md-12 col-sm-12 col-xs-12 pt-cv-content-item pt-cv-1-col\" ><div class='pt-cv-ifield'><h4 class=\"pt-cv-title\"><a href=\"https:\/\/www.tvnovelas.com.br\/tvnews\/coracao-de-mae-hasan-e-filiz-em-piquenique-romantico\/\" class=\"_self\" target=\"_self\" >Cora\u00e7\u00e3o de M\u00e3e: Hasan e Filiz em piquenique rom\u00e2ntico<\/a><\/h4><\/div><\/div>\n<div class=\"col-md-12 col-sm-12 col-xs-12 pt-cv-content-item pt-cv-1-col\" ><div class='pt-cv-ifield'><h4 class=\"pt-cv-title\"><a href=\"https:\/\/www.tvnovelas.com.br\/tvnews\/guerra-das-rosas-cihan-vibra-com-desistencia-de-gulru-de-casar-com-mert\/\" class=\"_self\" target=\"_self\" >Guerra das Rosas: Cihan vibra com desist\u00eancia de Gulru de casar com Mert<\/a><\/h4><\/div><\/div>\n<div class=\"col-md-12 col-sm-12 col-xs-12 pt-cv-content-item pt-cv-1-col\" ><div class='pt-cv-ifield'><h4 class=\"pt-cv-title\"><a href=\"https:\/\/www.tvnovelas.com.br\/tvnews\/coracao-de-mae-irmak-denuncia-adnan\/\" class=\"_self\" target=\"_self\" >Cora\u00e7\u00e3o de M\u00e3e: Irmak denuncia Adnan<\/a><\/h4><\/div><\/div><\/div><\/div><\/div><br \/>\n<a href=\"https:\/\/www.tvnovelas.com.br\/novelas\/\"><strong>Confira os resumos da semana de todas novelas<\/strong><\/a><\/p>\n<h3>Confira tamb\u00e9m<\/h3>\n<p><a href=\"https:\/\/www.tvnovelas.com.br\/filmes\/\" target=\"_blank\" rel=\"noopener noreferrer\"><strong>Programa\u00e7\u00e3o de filmes na TV aberta<\/strong><\/a><br \/>\n<a href=\"https:\/\/caetenews.com.br\/semana\/filmes-da-globo-na-sessao-da-tarde-desta-semana\/\" target=\"_blank\" rel=\"noopener\"><strong>Confira os filmes da semana na Sess\u00e3o da Tarde<\/strong><\/a><br \/>\n<a href=\"https:\/\/www.tvnovelas.com.br\/novelas\/\" target=\"_blank\" rel=\"noopener noreferrer\"><strong>Resumos de novelas<\/strong><\/a><\/p>\n","protected":false},"excerpt":{"rendered":"<p>Em Fuzu\u00ea na semana 18 a 23 de setembro, Miguel chega ao hospital para saber de Ol\u00edvia e estranha ao ver Luna; \ud835\udc0f\ud835\udc2b\ud835\udc1e\ud835\udc1c\ud835\udc22\ud835\udc28\ud835\udc2c\ud835\udc1a \ud835\udc1a\ud835\udc20\ud835\udc2b\ud835\udc1a\ud835\udc1d\ud835\udc1e\ud835\udc1c\ud835\udc1e \ud835\udc05\ud835\udc22\ud835\udc1e\ud835\udc25 \ud835\udc29\ud835\udc1e\ud835\udc25\ud835\udc1a \ud835\udc1f\ud835\udc1a\ud835\udc25\ud835\udc2c\ud835\udc22\ud835\udc1f\ud835\udc22\ud835\udc1c\ud835\udc1a\u00e7\u00e3\ud835\udc28 \ud835\udc1d\ud835\udc28 \ud835\udc1e\ud835\udc31\ud835\udc1a\ud835\udc26\ud835\udc1e \ud835\udc1d\ud835\udc1e \ud835\udc0e\ud835\udc25\u00ed\ud835\udc2f\ud835\udc22\ud835\udc1a \ud835\udc1e \ud835\udc0c\ud835\udc22\ud835\udc20\ud835\udc2e\ud835\udc1e\ud835\udc25; Pascoal denuncia Merreca; flagra Cec\u00edlia e Pascoal conspirando contra a Fuzu\u00ea; \ud835\udc0c\ud835\udc1a\ud835\udc2b\ud835\udc22\ud835\udc1a \ud835\udc0d\ud835\udc1a\ud835\udc2f\ud835\udc1a\ud835\udc25\ud835\udc21\ud835\udc1a \ud835\udc1d\ud835\udc1e\ud835\udc1c\ud835\udc22\ud835\udc1d\ud835\udc1e \ud835\udc2f\ud835\udc28\ud835\udc25\ud835\udc2d\ud835\udc1a\ud835\udc2b \ud835\udc29\ud835\udc1a\ud835\udc2b\ud835\udc1a \ud835\udc1c\ud835\udc1a\ud835\udc2c\ud835\udc1a&#8230;<\/p>\n","protected":false},"author":1,"featured_media":56071,"comment_status":"closed","ping_status":"closed","sticky":false,"template":"","format":"standard","meta":{"_uf_show_specific_survey":0,"_uf_disable_surveys":false,"_jetpack_memberships_contains_paid_content":false,"footnotes":"","_wp_rev_ctl_limit":""},"categories":[396],"tags":[5,64],"class_list":["post-56069","post","type-post","status-publish","format-standard","has-post-thumbnail","hentry","category-fuzue","tag-globo","tag-novelas","wpcat-396-id"],"aioseo_notices":[],"jetpack_featured_media_url":"https:\/\/i0.wp.com\/www.tvnovelas.com.br\/tvnews\/wp-content\/uploads\/2023\/09\/38057.jpg?fit=728%2C410&ssl=1","jetpack_shortlink":"https:\/\/wp.me\/pdP2BO-eAl","jetpack_sharing_enabled":true,"_links":{"self":[{"href":"https:\/\/www.tvnovelas.com.br\/tvnews\/wp-json\/wp\/v2\/posts\/56069","targetHints":{"allow":["GET"]}}],"collection":[{"href":"https:\/\/www.tvnovelas.com.br\/tvnews\/wp-json\/wp\/v2\/posts"}],"about":[{"href":"https:\/\/www.tvnovelas.com.br\/tvnews\/wp-json\/wp\/v2\/types\/post"}],"author":[{"embeddable":true,"href":"https:\/\/www.tvnovelas.com.br\/tvnews\/wp-json\/wp\/v2\/users\/1"}],"replies":[{"embeddable":true,"href":"https:\/\/www.tvnovelas.com.br\/tvnews\/wp-json\/wp\/v2\/comments?post=56069"}],"version-history":[{"count":1,"href":"https:\/\/www.tvnovelas.com.br\/tvnews\/wp-json\/wp\/v2\/posts\/56069\/revisions"}],"predecessor-version":[{"id":56073,"href":"https:\/\/www.tvnovelas.com.br\/tvnews\/wp-json\/wp\/v2\/posts\/56069\/revisions\/56073"}],"wp:featuredmedia":[{"embeddable":true,"href":"https:\/\/www.tvnovelas.com.br\/tvnews\/wp-json\/wp\/v2\/media\/56071"}],"wp:attachment":[{"href":"https:\/\/www.tvnovelas.com.br\/tvnews\/wp-json\/wp\/v2\/media?parent=56069"}],"wp:term":[{"taxonomy":"category","embeddable":true,"href":"https:\/\/www.tvnovelas.com.br\/tvnews\/wp-json\/wp\/v2\/categories?post=56069"},{"taxonomy":"post_tag","embeddable":true,"href":"https:\/\/www.tvnovelas.com.br\/tvnews\/wp-json\/wp\/v2\/tags?post=56069"}],"curies":[{"name":"wp","href":"https:\/\/api.w.org\/{rel}","templated":true}]}}