{"id":56074,"date":"2023-09-16T15:30:12","date_gmt":"2023-09-16T18:30:12","guid":{"rendered":"https:\/\/www.tvnovelas.com.br\/tvnews\/?p=56074"},"modified":"2023-09-16T14:53:59","modified_gmt":"2023-09-16T17:53:59","slug":"o-que-acontece-em-terra-e-paixao-na-semana-18-a-23-de-setembro","status":"publish","type":"post","link":"https:\/\/www.tvnovelas.com.br\/tvnews\/o-que-acontece-em-terra-e-paixao-na-semana-18-a-23-de-setembro\/","title":{"rendered":"O que acontece em Terra e Paix\u00e3o na semana 18 a 23 de setembro"},"content":{"rendered":"<p><em>Resumos de Terra e Paix\u00e3o na semana 18 a 23 de setembro<\/em><br \/>\n<img data-recalc-dims=\"1\" decoding=\"async\" class=\"alignnone wp-image-56075 size-full\" title=\"(Foto: Reprodu\u00e7\u00e3o\/TV Globo\/Terra e Paix\u00e3o)\" src=\"https:\/\/i0.wp.com\/www.tvnovelas.com.br\/tvnews\/wp-content\/uploads\/2023\/09\/38058b.jpg?resize=728%2C410&#038;ssl=1\" alt=\"Foto em Resumos de Terra e Paix\u00e3o na semana 18 a 23\" width=\"728\" height=\"410\" srcset=\"https:\/\/i0.wp.com\/www.tvnovelas.com.br\/tvnews\/wp-content\/uploads\/2023\/09\/38058b.jpg?w=728&amp;ssl=1 728w, https:\/\/i0.wp.com\/www.tvnovelas.com.br\/tvnews\/wp-content\/uploads\/2023\/09\/38058b.jpg?resize=678%2C381&amp;ssl=1 678w\" sizes=\"(max-width: 728px) 100vw, 728px\" \/><\/p>\n<blockquote><p>Lucinda flagra Marino visitando o beb\u00ea de Gra\u00e7a; Jonatas perdoa Agatha; Flor deixa claro a Ademir que n\u00e3o mudar\u00e1 seu jeito de ser; Petra manuseia uma arma e atira na dire\u00e7\u00e3o de Rodolfo; Ramiro salva Agatha de ser atropelada por Irene&#8230;<\/p><\/blockquote>\n<p><strong>Resumo de segunda-feira, 18 de setembro<\/strong><br \/>\nMarino amea\u00e7a dar voz de pris\u00e3o a Ant\u00f4nio. Jonatas agradece Agatha por ter salvado sua vida. Marino promete a Ant\u00f4nio que encontrar\u00e1 a pessoa respons\u00e1vel pela morte de Daniel. H\u00e9lio revela a Petra que est\u00e1 gostando dela. Anely troca de lugar com Nice na noite de amor com Tadeu, sem que o marido de Gladys perceba. Serj\u00e3o discute com Andrade. Aline confronta Vin\u00edcius sobre a proposta de sociedade na explora\u00e7\u00e3o de suas terras.<\/p>\n<p><strong>Resumo de ter\u00e7a-feira, 19 de setembro<\/strong><br \/>\nVin\u00edcius avisa a Irene que Aline n\u00e3o aceitou a proposta. Gladys d\u00e1 conselhos a Andrade. Tadeu conta a Enzo sobre a noite que teve com Anely, sem saber que era com Nice. Miguel incentiva Aline a fechar sociedade com Vin\u00edcius. Dalva foge do Hospital. Ant\u00f4nio convida Franco para jantar em sua casa. Anely conta a Luigi sobre o acordo que fez com Nice. Lucinda flagra Marino visitando o beb\u00ea de Gra\u00e7a e estranha. Rodrigo comunica a Caio e a Aline que n\u00e3o encontrou nenhuma restri\u00e7\u00e3o ao nome ou ao CPF de Vin\u00edcius. Caio aconselha Aline a aceitar a sociedade com Vin\u00edcius.<br \/>\n<img data-recalc-dims=\"1\" decoding=\"async\" class=\"alignnone wp-image-56076 size-full\" title=\"(Foto: Reprodu\u00e7\u00e3o\/TV Globo\/Terra e Paix\u00e3o)\" src=\"https:\/\/i0.wp.com\/www.tvnovelas.com.br\/tvnews\/wp-content\/uploads\/2023\/09\/38058a.jpg?resize=728%2C410&#038;ssl=1\" alt=\"Foto em Resumos de Terra e Paix\u00e3o na semana 18 a 23\" width=\"728\" height=\"410\" srcset=\"https:\/\/i0.wp.com\/www.tvnovelas.com.br\/tvnews\/wp-content\/uploads\/2023\/09\/38058a.jpg?w=728&amp;ssl=1 728w, https:\/\/i0.wp.com\/www.tvnovelas.com.br\/tvnews\/wp-content\/uploads\/2023\/09\/38058a.jpg?resize=678%2C381&amp;ssl=1 678w\" sizes=\"(max-width: 728px) 100vw, 728px\" \/><\/p>\n<p><strong>Resumo de quarta-feira, 20 de setembro<\/strong><br \/>\nAline promete a Caio que pensar\u00e1 sobre a sociedade com Vin\u00edcius. Agatha promete a Jonatas que devolver\u00e1 o dinheiro que Gentil lhe deu. Jonatas perdoa Agatha. Jonatas conta a Caio e Agatha que Dalva morreu. Irene n\u00e3o gosta de ver H\u00e9lio com Petra. Irene disfar\u00e7a quando Luigi pergunta sobre a trag\u00e9dia que Petra teria cometido no passado. Agatha estranha ao ver Petra e H\u00e9lio juntos. Agatha convence Aline a aceitar a sociedade com Vin\u00edcius. Franco apresenta Yandara ao seu pai. Jurec\u00ea prev\u00ea que Yandara corre perigo.<\/p>\n<p><strong>Resumo de quinta-feira, 21 de setembro<\/strong><br \/>\nJurec\u00ea pede ajuda a Caio para tirar Yandara da casa de Ant\u00f4nio. Jurec\u00ea deixa Yandara envergonhada ao entrar na casa de Ant\u00f4nio avisando que foi buscar a neta porque algo de ruim vai acontecer l\u00e1. Flor deixa claro a Ademir que n\u00e3o mudar\u00e1 seu jeito de ser s\u00f3 porque casou com ele. Tadeu teme que a previs\u00e3o de Jurec\u00ea aconte\u00e7a. Petra acha que Rodolfo, pai de Franco, \u00e9 o homem que abusou dela no passado. Petra manuseia uma arma de Ant\u00f4nio e atira na dire\u00e7\u00e3o de Rodolfo. Caio acorda assustado dizendo que sonhou com um tiro.<br \/>\n<img data-recalc-dims=\"1\" decoding=\"async\" class=\"alignnone wp-image-56077 size-full\" title=\"(Foto: Reprodu\u00e7\u00e3o\/TV Globo\/Terra e Paix\u00e3o)\" src=\"https:\/\/i0.wp.com\/www.tvnovelas.com.br\/tvnews\/wp-content\/uploads\/2023\/09\/38058.jpg?resize=728%2C410&#038;ssl=1\" alt=\"Foto em Resumos de Terra e Paix\u00e3o na semana 18 a 23\" width=\"728\" height=\"410\" srcset=\"https:\/\/i0.wp.com\/www.tvnovelas.com.br\/tvnews\/wp-content\/uploads\/2023\/09\/38058.jpg?w=728&amp;ssl=1 728w, https:\/\/i0.wp.com\/www.tvnovelas.com.br\/tvnews\/wp-content\/uploads\/2023\/09\/38058.jpg?resize=678%2C381&amp;ssl=1 678w\" sizes=\"(max-width: 728px) 100vw, 728px\" \/><\/p>\n<p><strong>Resumo de sexta-feira, 22 de setembro<\/strong><br \/>\nAngelina diz a Caio que Petra estava inst\u00e1vel e acabou atirando sem querer no p\u00e9 de H\u00e9lio. Marino diz a Lucinda que ele n\u00e3o merece o amor da gerente da cooperativa, por conta dos erros que cometeu. Ademir pede a Agatha para cuidar de Rosa enquanto ele vai atr\u00e1s da Flor. H\u00e9lio sustenta a hist\u00f3ria de Ant\u00f4nio e conta a Marino que o tiro foi um acidente, e que a arma disparou sem querer, por ele mesmo. Petra pede desculpas a H\u00e9lio. Aline aceita ser s\u00f3cia de Vin\u00edcius.<\/p>\n<p><strong>Resumo de s\u00e1bado, 23 de setembro<\/strong><br \/>\nCaio deixa claro para Vin\u00edcius que ler\u00e1 a proposta da sociedade antes de Aline assinar. Marino diz a Gra\u00e7a que pensa em deixar Nova Primavera. H\u00e9lio aconselha Luigi a cuidar melhor de Petra. Vin\u00edcius avisa a Irene que Aline aceitou a sociedade. Ant\u00f4nio revela a Agatha que a ama e que n\u00e3o pode deix\u00e1-la ir embora da cidade. Jonatas demonstra a Aline que desconfia de Vin\u00edcius. Franco avisa a Yandara que Jurec\u00ea fez bem em tir\u00e1-la da casa de Ant\u00f4nio. Yandara comunica a Franco que resolveu se casar com Rud\u00e1. Luigi avisa a Anely que eles n\u00e3o podem mais se ver. Irene flagra Agatha saindo do carro de Ant\u00f4nio. Ramiro salva Agatha de ser atropelada por Irene.<br \/>\n<!--END POST--><br \/>\n<a href=\"https:\/\/www.tvnovelas.com.br\/novelas\/resumos-de-terra-e-paixao-2\/\">Confira os resumosde &#8216;Terra e Paix\u00e3o&#8217; da semana 25 a 30 de setembro<\/a><br \/>\n<strong style=\"font-size: 120%;\">\u00daltimas not\u00edcias de Terra e Paix\u00e3o:<br \/>\n<div class=\"pt-cv-wrapper\"><div class=\"pt-cv-view pt-cv-grid pt-cv-colsys\" id=\"pt-cv-view-9bbc6490w2\"><div data-id=\"pt-cv-page-1\" class=\"pt-cv-page\" data-cvc=\"1\"><div class=\"col-md-12 col-sm-6 col-xs-12 pt-cv-content-item pt-cv-1-col\" ><div class='pt-cv-ifield'><h4 class=\"pt-cv-title\"><a href=\"https:\/\/www.tvnovelas.com.br\/tvnews\/terra-e-paixao-vinicius-choca-aline-com-relatorio-sobre-diamantes-em-suas-terras\/\" class=\"_blank\" target=\"_blank\" >Terra e Paix\u00e3o: Vin\u00edcius choca Aline com relat\u00f3rio sobre diamantes em suas terras<\/a><\/h4><\/div><\/div>\n<div class=\"col-md-12 col-sm-6 col-xs-12 pt-cv-content-item pt-cv-1-col\" ><div class='pt-cv-ifield'><h4 class=\"pt-cv-title\"><a href=\"https:\/\/www.tvnovelas.com.br\/tvnews\/terra-e-paixao-fuga-de-antonio-tem-mortes-e-disfarce\/\" class=\"_blank\" target=\"_blank\" >Terra e Paix\u00e3o: Fuga de Ant\u00f4nio tem mortes e disfarce<\/a><\/h4><\/div><\/div>\n<div class=\"col-md-12 col-sm-6 col-xs-12 pt-cv-content-item pt-cv-1-col\" ><div class='pt-cv-ifield'><h4 class=\"pt-cv-title\"><a href=\"https:\/\/www.tvnovelas.com.br\/tvnews\/terra-e-paixao-antonio-invade-casamento-para-matar-aline-no-altar\/\" class=\"_blank\" target=\"_blank\" >Terra e Paix\u00e3o: Ant\u00f4nio invade casamento para matar Aline no altar<\/a><\/h4><\/div><\/div>\n<div class=\"col-md-12 col-sm-6 col-xs-12 pt-cv-content-item pt-cv-1-col\" ><div class='pt-cv-ifield'><h4 class=\"pt-cv-title\"><a href=\"https:\/\/www.tvnovelas.com.br\/tvnews\/terra-e-paixao-graca-se-junta-a-policia-para-salvar-danielzinho\/\" class=\"_blank\" target=\"_blank\" >Terra e Paix\u00e3o: Gra\u00e7a se junta \u00e0 Pol\u00edcia para salvar Danielzinho<\/a><\/h4><\/div><\/div>\n<div class=\"col-md-12 col-sm-6 col-xs-12 pt-cv-content-item pt-cv-1-col\" ><div class='pt-cv-ifield'><h4 class=\"pt-cv-title\"><a href=\"https:\/\/www.tvnovelas.com.br\/tvnews\/terra-e-paixao-marino-da-voz-de-prisao-a-irene\/\" class=\"_blank\" target=\"_blank\" >Terra e Paix\u00e3o: Marino d\u00e1 voz de pris\u00e3o a Irene<\/a><\/h4><\/div><\/div>\n<div class=\"col-md-12 col-sm-6 col-xs-12 pt-cv-content-item pt-cv-1-col\" ><div class='pt-cv-ifield'><h4 class=\"pt-cv-title\"><a href=\"https:\/\/www.tvnovelas.com.br\/tvnews\/terra-e-paixao-irene-sequestra-danielzinho-e-foge-com-vinicius\/\" class=\"_blank\" target=\"_blank\" >Terra e Paix\u00e3o: Irene sequestra Danielzinho e foge com Vin\u00edcius<\/a><\/h4><\/div><\/div><\/div><\/div><\/div><br \/>\n<strong style=\"font-size: 120%;\">\u00daltimas not\u00edcias deste canal:<\/strong><br \/>\n<div class=\"pt-cv-wrapper\"><div class=\"pt-cv-view pt-cv-grid pt-cv-colsys\" id=\"pt-cv-view-90991035b3\"><div data-id=\"pt-cv-page-1\" class=\"pt-cv-page\" data-cvc=\"1\"><div class=\"col-md-12 col-sm-12 col-xs-12 pt-cv-content-item pt-cv-1-col\" ><div class='pt-cv-ifield'><h4 class=\"pt-cv-title\"><a href=\"https:\/\/www.tvnovelas.com.br\/tvnews\/em-a-nobreza-do-amor-na-semana-04-a-09-de-maio\/\" class=\"_self\" target=\"_self\" >Em A Nobreza do Amor na semana 04 a 09 de maio<\/a><\/h4><\/div><\/div>\n<div class=\"col-md-12 col-sm-12 col-xs-12 pt-cv-content-item pt-cv-1-col\" ><div class='pt-cv-ifield'><h4 class=\"pt-cv-title\"><a href=\"https:\/\/www.tvnovelas.com.br\/tvnews\/o-que-acontece-em-tres-gracas-na-semana-04-a-09-de-maio\/\" class=\"_self\" target=\"_self\" >O que acontece em Tr\u00eas Gra\u00e7as na semana 04 a 09 de maio<\/a><\/h4><\/div><\/div>\n<div class=\"col-md-12 col-sm-12 col-xs-12 pt-cv-content-item pt-cv-1-col\" ><div class='pt-cv-ifield'><h4 class=\"pt-cv-title\"><a href=\"https:\/\/www.tvnovelas.com.br\/tvnews\/coracao-de-mae-reha-entra-em-panico-com-a-prisao-de-adnan\/\" class=\"_self\" target=\"_self\" >Cora\u00e7\u00e3o de M\u00e3e: Reha entra em p\u00e2nico com a pris\u00e3o de Adnan<\/a><\/h4><\/div><\/div>\n<div class=\"col-md-12 col-sm-12 col-xs-12 pt-cv-content-item pt-cv-1-col\" ><div class='pt-cv-ifield'><h4 class=\"pt-cv-title\"><a href=\"https:\/\/www.tvnovelas.com.br\/tvnews\/guerra-das-rosas-mert-sequestra-gulru\/\" class=\"_self\" target=\"_self\" >Guerra das Rosas: Mert sequestra Gulru<\/a><\/h4><\/div><\/div>\n<div class=\"col-md-12 col-sm-12 col-xs-12 pt-cv-content-item pt-cv-1-col\" ><div class='pt-cv-ifield'><h4 class=\"pt-cv-title\"><a href=\"https:\/\/www.tvnovelas.com.br\/tvnews\/a-nobreza-do-amor-resistencia-sequestra-noivo-de-kenia-e-o-despacha-de-batanga\/\" class=\"_self\" target=\"_self\" >A Nobreza do Amor: Resist\u00eancia sequestra noivo de K\u00eania e o despacha de Batanga<\/a><\/h4><\/div><\/div>\n<div class=\"col-md-12 col-sm-12 col-xs-12 pt-cv-content-item pt-cv-1-col\" ><div class='pt-cv-ifield'><h4 class=\"pt-cv-title\"><a href=\"https:\/\/www.tvnovelas.com.br\/tvnews\/tres-gracas-joelly-e-gerluce-descobrem-que-filha-de-lena-e-a-bebe-roubada\/\" class=\"_self\" target=\"_self\" >Tr\u00eas Gra\u00e7as: Jo\u00e9lly e Gerluce descobrem que filha de Lena \u00e9 a beb\u00ea roubada<\/a><\/h4><\/div><\/div>\n<div class=\"col-md-12 col-sm-12 col-xs-12 pt-cv-content-item pt-cv-1-col\" ><div class='pt-cv-ifield'><h4 class=\"pt-cv-title\"><a href=\"https:\/\/www.tvnovelas.com.br\/tvnews\/em-coracao-de-mae-nos-proximos-capitulos-04-a-08-5\/\" class=\"_self\" target=\"_self\" >Em Cora\u00e7\u00e3o de M\u00e3e nos pr\u00f3ximos cap\u00edtulos (04 a 08\/5)<\/a><\/h4><\/div><\/div>\n<div class=\"col-md-12 col-sm-12 col-xs-12 pt-cv-content-item pt-cv-1-col\" ><div class='pt-cv-ifield'><h4 class=\"pt-cv-title\"><a href=\"https:\/\/www.tvnovelas.com.br\/tvnews\/coracao-de-mae-hasan-e-filiz-em-piquenique-romantico\/\" class=\"_self\" target=\"_self\" >Cora\u00e7\u00e3o de M\u00e3e: Hasan e Filiz em piquenique rom\u00e2ntico<\/a><\/h4><\/div><\/div>\n<div class=\"col-md-12 col-sm-12 col-xs-12 pt-cv-content-item pt-cv-1-col\" ><div class='pt-cv-ifield'><h4 class=\"pt-cv-title\"><a href=\"https:\/\/www.tvnovelas.com.br\/tvnews\/guerra-das-rosas-cihan-vibra-com-desistencia-de-gulru-de-casar-com-mert\/\" class=\"_self\" target=\"_self\" >Guerra das Rosas: Cihan vibra com desist\u00eancia de Gulru de casar com Mert<\/a><\/h4><\/div><\/div>\n<div class=\"col-md-12 col-sm-12 col-xs-12 pt-cv-content-item pt-cv-1-col\" ><div class='pt-cv-ifield'><h4 class=\"pt-cv-title\"><a href=\"https:\/\/www.tvnovelas.com.br\/tvnews\/coracao-de-mae-irmak-denuncia-adnan\/\" class=\"_self\" target=\"_self\" >Cora\u00e7\u00e3o de M\u00e3e: Irmak denuncia Adnan<\/a><\/h4><\/div><\/div><\/div><\/div><\/div><br \/>\n<a href=\"https:\/\/www.tvnovelas.com.br\/novelas\/\"><strong>Confira os resumos da semana de todas novelas<\/strong><\/a><\/strong><\/p>\n<h3>Confira tamb\u00e9m<\/h3>\n<p><a href=\"https:\/\/www.tvnovelas.com.br\/filmes\/\" target=\"_blank\" rel=\"noopener noreferrer\"><strong>Programa\u00e7\u00e3o de filmes na TV aberta<\/strong><\/a><br \/>\n<a href=\"https:\/\/caetenews.com.br\/semana\/filmes-da-globo-na-sessao-da-tarde-desta-semana\/\" target=\"_blank\" rel=\"noopener\"><strong>Confira os filmes da semana na Sess\u00e3o da Tarde<\/strong><\/a><br \/>\n<a href=\"https:\/\/www.tvnovelas.com.br\/novelas\/\" target=\"_blank\" rel=\"noopener noreferrer\"><strong>Resumos de novelas<\/strong><\/a><\/p>\n","protected":false},"excerpt":{"rendered":"<p>Em Terra e Paix\u00e3o na semana 18 a 23 de setembro, \ud835\udc0b\ud835\udc2e\ud835\udc1c\ud835\udc22\ud835\udc27\ud835\udc1d\ud835\udc1a \ud835\udc1f\ud835\udc25\ud835\udc1a\ud835\udc20\ud835\udc2b\ud835\udc1a \ud835\udc0c\ud835\udc1a\ud835\udc2b\ud835\udc22\ud835\udc27\ud835\udc28 \ud835\udc2f\ud835\udc22\ud835\udc2c\ud835\udc22\ud835\udc2d\ud835\udc1a\ud835\udc27\ud835\udc1d\ud835\udc28 \ud835\udc28 \ud835\udc1b\ud835\udc1e\ud835\udc1b\u00ea \ud835\udc1d\ud835\udc1e \ud835\udc06\ud835\udc2b\ud835\udc1a\u00e7\ud835\udc1a; Jonatas perdoa Agatha; Flor deixa claro a Ademir que n\u00e3o mudar\u00e1 seu jeito de ser; Petra manuseia uma arma e atira na dire\u00e7\u00e3o de Rodolfo; \ud835\udc11\ud835\udc1a\ud835\udc26\ud835\udc22\ud835\udc2b\ud835\udc28 \ud835\udc2c\ud835\udc1a\ud835\udc25\ud835\udc2f\ud835\udc1a \ud835\udc00\ud835\udc20\ud835\udc1a\ud835\udc2d\ud835\udc21\ud835\udc1a \ud835\udc1d\ud835\udc1e \ud835\udc2c\ud835\udc1e\ud835\udc2b \ud835\udc1a\ud835\udc2d\ud835\udc2b\ud835\udc28\ud835\udc29\ud835\udc1e\ud835\udc25\ud835\udc1a\ud835\udc1d\ud835\udc1a \ud835\udc29\ud835\udc28\ud835\udc2b \ud835\udc08\ud835\udc2b\ud835\udc1e\ud835\udc27\ud835\udc1e&#8230;<\/p>\n","protected":false},"author":1,"featured_media":56075,"comment_status":"closed","ping_status":"closed","sticky":false,"template":"","format":"standard","meta":{"_uf_show_specific_survey":0,"_uf_disable_surveys":false,"_jetpack_memberships_contains_paid_content":false,"footnotes":"","_wp_rev_ctl_limit":""},"categories":[382],"tags":[5,64,383],"class_list":["post-56074","post","type-post","status-publish","format-standard","has-post-thumbnail","hentry","category-terra-e-paixao","tag-globo","tag-novelas","tag-terra-e-paixao","wpcat-382-id"],"aioseo_notices":[],"jetpack_featured_media_url":"https:\/\/i0.wp.com\/www.tvnovelas.com.br\/tvnews\/wp-content\/uploads\/2023\/09\/38058b.jpg?fit=728%2C410&ssl=1","jetpack_shortlink":"https:\/\/wp.me\/pdP2BO-eAq","jetpack_sharing_enabled":true,"_links":{"self":[{"href":"https:\/\/www.tvnovelas.com.br\/tvnews\/wp-json\/wp\/v2\/posts\/56074","targetHints":{"allow":["GET"]}}],"collection":[{"href":"https:\/\/www.tvnovelas.com.br\/tvnews\/wp-json\/wp\/v2\/posts"}],"about":[{"href":"https:\/\/www.tvnovelas.com.br\/tvnews\/wp-json\/wp\/v2\/types\/post"}],"author":[{"embeddable":true,"href":"https:\/\/www.tvnovelas.com.br\/tvnews\/wp-json\/wp\/v2\/users\/1"}],"replies":[{"embeddable":true,"href":"https:\/\/www.tvnovelas.com.br\/tvnews\/wp-json\/wp\/v2\/comments?post=56074"}],"version-history":[{"count":1,"href":"https:\/\/www.tvnovelas.com.br\/tvnews\/wp-json\/wp\/v2\/posts\/56074\/revisions"}],"predecessor-version":[{"id":56078,"href":"https:\/\/www.tvnovelas.com.br\/tvnews\/wp-json\/wp\/v2\/posts\/56074\/revisions\/56078"}],"wp:featuredmedia":[{"embeddable":true,"href":"https:\/\/www.tvnovelas.com.br\/tvnews\/wp-json\/wp\/v2\/media\/56075"}],"wp:attachment":[{"href":"https:\/\/www.tvnovelas.com.br\/tvnews\/wp-json\/wp\/v2\/media?parent=56074"}],"wp:term":[{"taxonomy":"category","embeddable":true,"href":"https:\/\/www.tvnovelas.com.br\/tvnews\/wp-json\/wp\/v2\/categories?post=56074"},{"taxonomy":"post_tag","embeddable":true,"href":"https:\/\/www.tvnovelas.com.br\/tvnews\/wp-json\/wp\/v2\/tags?post=56074"}],"curies":[{"name":"wp","href":"https:\/\/api.w.org\/{rel}","templated":true}]}}