{"id":56105,"date":"2023-09-17T12:24:00","date_gmt":"2023-09-17T15:24:00","guid":{"rendered":"https:\/\/www.tvnovelas.com.br\/tvnews\/?p=56105"},"modified":"2023-09-17T12:24:00","modified_gmt":"2023-09-17T15:24:00","slug":"todas-as-flores-guiomar-descobre-farsa-de-vanessa","status":"publish","type":"post","link":"https:\/\/www.tvnovelas.com.br\/tvnews\/todas-as-flores-guiomar-descobre-farsa-de-vanessa\/","title":{"rendered":"Todas as Flores: Guiomar descobre farsa de Vanessa"},"content":{"rendered":"<p><em>Em Todas as Flores: Guiomar descobre farsa<\/em><br \/>\n<img data-recalc-dims=\"1\" decoding=\"async\" class=\"alignnone wp-image-56106 size-full\" title=\"(Foto: Reprodu\u00e7\u00e3o\/TV Globo\/Todas as Flores)\" src=\"https:\/\/i0.wp.com\/www.tvnovelas.com.br\/tvnews\/wp-content\/uploads\/2023\/09\/38065.jpg?resize=728%2C410&#038;ssl=1\" alt=\"Foto em Todas as Flores: Guiomar descobre farsa...\" width=\"728\" height=\"410\" srcset=\"https:\/\/i0.wp.com\/www.tvnovelas.com.br\/tvnews\/wp-content\/uploads\/2023\/09\/38065.jpg?w=728&amp;ssl=1 728w, https:\/\/i0.wp.com\/www.tvnovelas.com.br\/tvnews\/wp-content\/uploads\/2023\/09\/38065.jpg?resize=678%2C381&amp;ssl=1 678w\" sizes=\"(max-width: 728px) 100vw, 728px\" \/><\/p>\n<p>Em Todas as Flores, desconfiada de Vanessa (Let\u00edcia Colin), Guiomar (Ana Beatriz Nogueira) quer investigar se o c\u00e2ncer da estilista realmente voltou. Para isso, a presidente da Rhodes vai atr\u00e1s do m\u00e9dico da filha de Zo\u00e9 (Regina Cas\u00e9) para ficar por dentro do estado de sa\u00fade da ex-namorada do seu filho, Rafael (Humberto Carr\u00e3o). Chegando l\u00e1, ela vai descobrir o grande segredo da jovem.<\/p>\n<p>No consult\u00f3rio, Guiomar se encontra com o m\u00e9dico, conhecido da sua fam\u00edlia. &#8220;Dona Guiomar Martinez, que honra! Raulzito, como vai? H\u00e1 tempos n\u00e3o tenho not\u00edcias dele&#8221;, diz o m\u00e9dico. &#8220;Voc\u00ea conhece o Raulzito?&#8221;, questiona a m\u00e3e de Rafael.<\/p>\n<p>&#8220;Estudamos juntos. Ele me ajudou muito, inclusive na \u00e9poca da faculdade. A minha d\u00edvida de gratid\u00e3o com ele, ali\u00e1s com a sua fam\u00edlia, nunca vai ter fim&#8221;, afirma o m\u00e9dico. &#8220;Bom, eu fico feliz em saber disso&#8221;, conta Guiomar.<\/p>\n<p>Em seguida, o m\u00e9dico pergunta o que traz a empres\u00e1ria no consult\u00f3rio de um m\u00e9dico oncologista. &#8220;E a senhora? O que a traz aqui?&#8221;, questiona ele. &#8220;Bom, na verdade, eu vim falar sobre a namorada do meu filho, Vanessa da Cruz&#8221;, explica a empres\u00e1ria.<\/p>\n<p>O m\u00e9dico, que deu a not\u00edcia para Vanessa sobre ela estar esperando um filho, parabeniza a empres\u00e1ria pela chegada de um neto. &#8220;Antes de tudo, parab\u00e9ns pelo futuro neto&#8221;, diz o profissional. &#8220;Obrigada! Eu agrade\u00e7o, mas eu vim justamente at\u00e9 aqui para saber se realmente esse tratamento pode ser interrompido para ter esse filho&#8221;, afirma Guiomar.<\/p>\n<p>Intrigado com a pergunta da presidente da Rhodes, ele questiona o que ela est\u00e1 falando. &#8220;Que tratamento?&#8221;, pergunta. &#8220;U\u00e9? Que tratamento? A quimioterapia&#8221;, destaca a m\u00e3e de Rafael. Em seguida, ele esclarece que a estilista est\u00e1 bem de sa\u00fade ap\u00f3s o transplante de medula \u00f3ssea.<\/p>\n<p>&#8220;Mas a Vanessa ficou curada depois do transplante. Ela n\u00e3o est\u00e1 fazendo tratamento nenhum&#8221;, diz ele.<\/p>\n<p>Guiomar acaba descobrindo pelo m\u00e9dico a farsa da filha de Zo\u00e9. &#8220;Quer dizer ent\u00e3o que a doen\u00e7a da Vanessa n\u00e3o voltou depois do transplante?&#8221;, questiona ela. &#8220;Claro que n\u00e3o. Por que a senhora pergunta isso? A Vanessa falou algo nesse sentido?&#8221;, pergunta o m\u00e9dico, que fica curioso por saber se Vanessa teria mentido sobre a volta da doen\u00e7a.<\/p>\n<p>Para tentar abafar a mentira que a levou at\u00e9 o consult\u00f3rio, a presidente da Rhodes desconversa e afirma que s\u00f3 anda preocupada com a estilista. &#8220;N\u00e3o, s\u00f3 quis me certificar, porque a Vanessa guarda tudo para si. Sei como seria complicado para ela uma gesta\u00e7\u00e3o no meio de um tratamento como esse. Achando que ela pudesse estar escondendo alguma coisa. Paranoia minha&#8221;, diz ela.<br \/>\n<strong style=\"font-size: 120%;\">\u00daltimas not\u00edcias deste canal:<\/strong><br \/>\n<div class=\"pt-cv-wrapper\"><div class=\"pt-cv-view pt-cv-grid pt-cv-colsys\" id=\"pt-cv-view-90991035b3\"><div data-id=\"pt-cv-page-1\" class=\"pt-cv-page\" data-cvc=\"1\"><div class=\"col-md-12 col-sm-12 col-xs-12 pt-cv-content-item pt-cv-1-col\" ><div class='pt-cv-ifield'><h4 class=\"pt-cv-title\"><a href=\"https:\/\/www.tvnovelas.com.br\/tvnews\/em-coracao-de-mae-nos-proximos-capitulos-04-a-08-5\/\" class=\"_self\" target=\"_self\" >Em Cora\u00e7\u00e3o de M\u00e3e nos pr\u00f3ximos cap\u00edtulos (04 a 08\/5)<\/a><\/h4><\/div><\/div>\n<div class=\"col-md-12 col-sm-12 col-xs-12 pt-cv-content-item pt-cv-1-col\" ><div class='pt-cv-ifield'><h4 class=\"pt-cv-title\"><a href=\"https:\/\/www.tvnovelas.com.br\/tvnews\/coracao-de-mae-hasan-e-filiz-em-piquenique-romantico\/\" class=\"_self\" target=\"_self\" >Cora\u00e7\u00e3o de M\u00e3e: Hasan e Filiz em piquenique rom\u00e2ntico<\/a><\/h4><\/div><\/div>\n<div class=\"col-md-12 col-sm-12 col-xs-12 pt-cv-content-item pt-cv-1-col\" ><div class='pt-cv-ifield'><h4 class=\"pt-cv-title\"><a href=\"https:\/\/www.tvnovelas.com.br\/tvnews\/guerra-das-rosas-cihan-vibra-com-desistencia-de-gulru-de-casar-com-mert\/\" class=\"_self\" target=\"_self\" >Guerra das Rosas: Cihan vibra com desist\u00eancia de Gulru de casar com Mert<\/a><\/h4><\/div><\/div>\n<div class=\"col-md-12 col-sm-12 col-xs-12 pt-cv-content-item pt-cv-1-col\" ><div class='pt-cv-ifield'><h4 class=\"pt-cv-title\"><a href=\"https:\/\/www.tvnovelas.com.br\/tvnews\/coracao-de-mae-irmak-denuncia-adnan\/\" class=\"_self\" target=\"_self\" >Cora\u00e7\u00e3o de M\u00e3e: Irmak denuncia Adnan<\/a><\/h4><\/div><\/div>\n<div class=\"col-md-12 col-sm-12 col-xs-12 pt-cv-content-item pt-cv-1-col\" ><div class='pt-cv-ifield'><h4 class=\"pt-cv-title\"><a href=\"https:\/\/www.tvnovelas.com.br\/tvnews\/a-nobreza-do-amor-mirinho-e-obrigado-a-resgatar-tonho\/\" class=\"_self\" target=\"_self\" >A Nobreza do Amor: Mirinho \u00e9 obrigado a resgatar Tonho<\/a><\/h4><\/div><\/div>\n<div class=\"col-md-12 col-sm-12 col-xs-12 pt-cv-content-item pt-cv-1-col\" ><div class='pt-cv-ifield'><h4 class=\"pt-cv-title\"><a href=\"https:\/\/www.tvnovelas.com.br\/tvnews\/tres-gracas-paulinho-e-afastado-da-policia-por-causa-de-gerluce\/\" class=\"_self\" target=\"_self\" >Tr\u00eas Gra\u00e7as: Paulinho \u00e9 afastado da pol\u00edcia por causa de Gerluce<\/a><\/h4><\/div><\/div>\n<div class=\"col-md-12 col-sm-12 col-xs-12 pt-cv-content-item pt-cv-1-col\" ><div class='pt-cv-ifield'><h4 class=\"pt-cv-title\"><a href=\"https:\/\/www.tvnovelas.com.br\/tvnews\/coracao-de-mae-irmak-inicia-jogo-arriscado-contra-adnan\/\" class=\"_self\" target=\"_self\" >Cora\u00e7\u00e3o de M\u00e3e: Irmak inicia jogo arriscado contra Adnan<\/a><\/h4><\/div><\/div>\n<div class=\"col-md-12 col-sm-12 col-xs-12 pt-cv-content-item pt-cv-1-col\" ><div class='pt-cv-ifield'><h4 class=\"pt-cv-title\"><a href=\"https:\/\/www.tvnovelas.com.br\/tvnews\/guerra-das-rosas-omer-chama-gulru-vestida-de-noiva-para-fugir\/\" class=\"_self\" target=\"_self\" >Guerra das Rosas: Omer chama Gulru vestida de noiva para fugir<\/a><\/h4><\/div><\/div>\n<div class=\"col-md-12 col-sm-12 col-xs-12 pt-cv-content-item pt-cv-1-col\" ><div class='pt-cv-ifield'><h4 class=\"pt-cv-title\"><a href=\"https:\/\/www.tvnovelas.com.br\/tvnews\/coracao-de-mae-reha-sai-para-jantar-com-selvi\/\" class=\"_self\" target=\"_self\" >Cora\u00e7\u00e3o de M\u00e3e: Reha sai para jantar com Selvi<\/a><\/h4><\/div><\/div>\n<div class=\"col-md-12 col-sm-12 col-xs-12 pt-cv-content-item pt-cv-1-col\" ><div class='pt-cv-ifield'><h4 class=\"pt-cv-title\"><a href=\"https:\/\/www.tvnovelas.com.br\/tvnews\/coracao-acelerado-zila-se-preocupa-com-sua-situacao-apos-separacao\/\" class=\"_self\" target=\"_self\" >Cora\u00e7\u00e3o Acelerado: Zil\u00e1 se preocupa com sua situa\u00e7\u00e3o ap\u00f3s separa\u00e7\u00e3o<\/a><\/h4><\/div><\/div><\/div><\/div><\/div><br \/>\n<a href=\"https:\/\/www.tvnovelas.com.br\/novelas\/\"><strong>Confira os resumos da semana de todas novelas<\/strong><\/a><br \/>\n<a href=\"http:\/\/tvnovelas.com.br\/filmes\" target=\"_blank\" rel=\"noopener\">Veja tamb\u00e9m: Todas as telas: filmes e s\u00e9ries nos streamings<\/a><\/p>\n<h3>Confira tamb\u00e9m<\/h3>\n<p><a href=\"https:\/\/www.tvnovelas.com.br\/filmes\/\" target=\"_blank\" rel=\"noo 2 pener noreferrer noopener\"><strong>Programa\u00e7\u00e3o de filmes na TV aberta<\/strong><\/a><br \/>\n<a href=\"https:\/\/tvnovelas.com.br\/filmes\/filmes-e-series-ineditos-em-estreia-na-semana-na-netflix\/\" target=\"_blank\" rel=\"noopener noreferrer\"><strong>Estreias da semana na Netflix<\/strong><\/a><br \/>\n<a href=\"https:\/\/caetenews.com.br\/semana\/filmes-da-globo-na-sessao-da-tarde-desta-semana\/\" target=\"_blank\" rel=\"noopener\"><strong>Confira os filmes da semana na Sess\u00e3o da Tarde<\/strong><\/a><br \/>\n<a href=\"\/\/tvnovelas.com.br\/filmes\/filmes-em-estreia-nos-cinemas\/\" target=\"_blank\" rel=\"noopener noreferrer\"><strong>Estreias e novidades no Cinema<\/strong><\/a><br \/>\n<a href=\"https:\/\/www.tvnovelas.com.br\/novelas\/\" target=\"_blank\" rel=\"noopener noreferrer\"><strong>Resumos de novelas<\/strong><\/a><\/p>\n","protected":false},"excerpt":{"rendered":"<p>Em Todas as Flores, desconfiada de Vanessa (Let\u00edcia Colin), Guiomar (Ana Beatriz Nogueira) quer investigar se o c\u00e2ncer da estilista realmente voltou. Para isso, a presidente da Rhodes<\/p>\n","protected":false},"author":1,"featured_media":56106,"comment_status":"closed","ping_status":"closed","sticky":false,"template":"","format":"standard","meta":{"_uf_show_specific_survey":0,"_uf_disable_surveys":false,"_jetpack_memberships_contains_paid_content":false,"footnotes":"","_wp_rev_ctl_limit":""},"categories":[236],"tags":[5,64,380],"class_list":["post-56105","post","type-post","status-publish","format-standard","has-post-thumbnail","hentry","category-globo","tag-globo","tag-novelas","tag-todas-as-flores","wpcat-236-id"],"aioseo_notices":[],"jetpack_featured_media_url":"https:\/\/i0.wp.com\/www.tvnovelas.com.br\/tvnews\/wp-content\/uploads\/2023\/09\/38065.jpg?fit=728%2C410&ssl=1","jetpack_shortlink":"https:\/\/wp.me\/pdP2BO-eAV","jetpack_sharing_enabled":true,"_links":{"self":[{"href":"https:\/\/www.tvnovelas.com.br\/tvnews\/wp-json\/wp\/v2\/posts\/56105","targetHints":{"allow":["GET"]}}],"collection":[{"href":"https:\/\/www.tvnovelas.com.br\/tvnews\/wp-json\/wp\/v2\/posts"}],"about":[{"href":"https:\/\/www.tvnovelas.com.br\/tvnews\/wp-json\/wp\/v2\/types\/post"}],"author":[{"embeddable":true,"href":"https:\/\/www.tvnovelas.com.br\/tvnews\/wp-json\/wp\/v2\/users\/1"}],"replies":[{"embeddable":true,"href":"https:\/\/www.tvnovelas.com.br\/tvnews\/wp-json\/wp\/v2\/comments?post=56105"}],"version-history":[{"count":1,"href":"https:\/\/www.tvnovelas.com.br\/tvnews\/wp-json\/wp\/v2\/posts\/56105\/revisions"}],"predecessor-version":[{"id":56107,"href":"https:\/\/www.tvnovelas.com.br\/tvnews\/wp-json\/wp\/v2\/posts\/56105\/revisions\/56107"}],"wp:featuredmedia":[{"embeddable":true,"href":"https:\/\/www.tvnovelas.com.br\/tvnews\/wp-json\/wp\/v2\/media\/56106"}],"wp:attachment":[{"href":"https:\/\/www.tvnovelas.com.br\/tvnews\/wp-json\/wp\/v2\/media?parent=56105"}],"wp:term":[{"taxonomy":"category","embeddable":true,"href":"https:\/\/www.tvnovelas.com.br\/tvnews\/wp-json\/wp\/v2\/categories?post=56105"},{"taxonomy":"post_tag","embeddable":true,"href":"https:\/\/www.tvnovelas.com.br\/tvnews\/wp-json\/wp\/v2\/tags?post=56105"}],"curies":[{"name":"wp","href":"https:\/\/api.w.org\/{rel}","templated":true}]}}