{"id":56160,"date":"2023-09-19T08:20:53","date_gmt":"2023-09-19T11:20:53","guid":{"rendered":"https:\/\/www.tvnovelas.com.br\/tvnews\/?p=56160"},"modified":"2023-09-19T08:20:53","modified_gmt":"2023-09-19T11:20:53","slug":"amor-perfeito-mare-e-orlando-descobrem-que-sao-pais-de-marcelino","status":"publish","type":"post","link":"https:\/\/www.tvnovelas.com.br\/tvnews\/amor-perfeito-mare-e-orlando-descobrem-que-sao-pais-de-marcelino\/","title":{"rendered":"Amor Perfeito: Mar\u00ea e Orlando descobrem que s\u00e3o pais de Marcelino"},"content":{"rendered":"<p><em>Amor Perfeito: Mar\u00ea e Orlando descobrem&#8230;<\/em><br \/>\n<img data-recalc-dims=\"1\" decoding=\"async\" class=\"alignnone wp-image-56161 size-full\" title=\"(Foto: Globo\/Amor Perfeito)\" src=\"https:\/\/i0.wp.com\/www.tvnovelas.com.br\/tvnews\/wp-content\/uploads\/2023\/09\/38079.jpg?resize=728%2C410&#038;ssl=1\" alt=\"Foto em Amor Perfeito: Mar\u00ea e Orlando descobrem...\" width=\"728\" height=\"410\" srcset=\"https:\/\/i0.wp.com\/www.tvnovelas.com.br\/tvnews\/wp-content\/uploads\/2023\/09\/38079.jpg?w=728&amp;ssl=1 728w, https:\/\/i0.wp.com\/www.tvnovelas.com.br\/tvnews\/wp-content\/uploads\/2023\/09\/38079.jpg?resize=678%2C381&amp;ssl=1 678w\" sizes=\"(max-width: 728px) 100vw, 728px\" \/><\/p>\n<p>Em Amor Perfeito, S\u00f4nia (B\u00e1rbara Sut) revelou um segredo que ir\u00e1 mudar o percurso da vida de Mar\u00ea (Camila Queiroz) e Orlando (Diogo Almeida). A funcion\u00e1ria do Grande Hotel tirou um peso na consci\u00eancia e contou que, na verdade, a ossada que o casal enterrou acreditando ser do beb\u00ea perdido deles \u00e9, na verdade, do filho dela. A informa\u00e7\u00e3o levar\u00e1 os protagonistas ao maior segredo da novela: os dois s\u00e3o pais de Marcelino (Levi Asaf).<\/p>\n<p>Muito emocionada ao relembrar seu maior trauma, S\u00f4nia explicar\u00e1 toda a hist\u00f3ria, desde o caso que teve com Ademar (Gustavo Arthidoro) ao momento em que engravidou e ele n\u00e3o quis assumir a crian\u00e7a, por ser casado com Ione (Carol Brada) e depender do neg\u00f3cio dela.<\/p>\n<p>\u201cEnt\u00e3o fui ter o meu filho longe daqui, e j\u00e1 estava voltando pra S\u00e3o Jacinto, com ele nos bra\u00e7os, quando o meu menino parou de respirar\u201d, vai lembrar ela, em l\u00e1grimas. Eu tive que enterrar o meu anjinho no caminho, numa cova rasa. (&#8230;) Aquela ossada era do meu menino.\u201d<\/p>\n<p>Orlando, ent\u00e3o, vai questionar o porqu\u00ea de a medalhinha que Mar\u00ea deu ao filho deles aparece com o beb\u00ea de S\u00f4nia; a jovem dir\u00e1 que Justino (Jo\u00e3o Fernandes) encontrou o objeto no ch\u00e3o e colocou na crian\u00e7a.<\/p>\n<p>\u201cA medalhinha deve ter ca\u00eddo do pesco\u00e7o do \u00c2ngelo quando a Nadir estava trazendo ele pra S\u00e3o Jacinto. Minha Nossa Senhora! O nosso filho pode estar vivo, Orlando!\u201d, concluir\u00e1 Mar\u00ea.<\/p>\n<p>\u201cS\u00f4nia, o que voc\u00ea fez foi muito grave. O meu filho pode estar vivo e voc\u00ea me deixou acreditar esse tempo todo que ele estava morto, s\u00f3 pra que ningu\u00e9m soubesse da sua hist\u00f3ria com o Ademar?\u201d, dir\u00e1 a protagonista.<\/p>\n<p>\u201cMe perdoa, Mar\u00ea. Eu tinha muita vergonha&#8230;\u201d, vai pedir a jovem.<\/p>\n<p>A not\u00edcia ir\u00e1 cair nos dois em um misto de felicidade e ang\u00fastia, j\u00e1 que, apesar de terem a chance de encontrar o filho novamente, sabem que v\u00e3o sofrer durante a busca. At\u00e9 que um sinal divino indicar\u00e1 a Mar\u00ea que Marcelino \u00e9 quem eles procuram, mas os padres v\u00e3o lembrar a hist\u00f3ria que conhecem do menino, na qual ele foi deixado na porta da Irmandade por Rosa Formosa (Iasmin Patach\u00f3), uma trapezista.<\/p>\n<p>Ent\u00e3o, o casal protagonista ir\u00e1 atr\u00e1s da mo\u00e7a, no Sul do Brasil, para ter certeza de tudo. Ao ser abordada pelos dois, a trapezista demonstrar\u00e1 um incomodo ao ser perguntada novamente sobre isso, afinal, um capacho de Gilda (Mariana Ximenes) j\u00e1 tinha ido l\u00e1, se informar sobre isso.<\/p>\n<p>\u201cMas ser\u00e1 poss\u00edvel? De novo essa hist\u00f3ria?! Eu j\u00e1 disse pro advogado daquela mulher, a tal Gilda, que eu n\u00e3o deixei menino nenhum em Irmandade nenhuma!\u201d<\/p>\n<p>\u201cO advogado da Gilda procurou voc\u00ea?\u201d, ir\u00e1 perguntar Mar\u00ea perplexa.<\/p>\n<p>\u201cProcurou, sim (&#8230;) Eu tinha pedido, sim, pros padres tomarem conta da minha crian\u00e7a que ia nascer, porque eu tava sem coragem. Mas a\u00ed, quando a minha menina nasceu, eu n\u00e3o consegui me apartar dela!\u201d, contar\u00e1 Rosa.<\/p>\n<p>\u201cMenina? Voc\u00ea teve uma menina?\u201d, vai perguntar Mar\u00ea, ligando os pontos.<\/p>\n<p>A informa\u00e7\u00e3o dar\u00e1 certeza aos dois que Marcelino, que sempre tiveram como filho, \u00e9, de fato, por quem sempre procuraram. De volta a S\u00e3o Jacinto, ir\u00e3o direto \u00e0 Irmandade para contar o menino sobre a novidade.<\/p>\n<p>&#8220;E o filho de voc\u00eas&#8230; voc\u00eas n\u00e3o encontraram?&#8221;, questionar\u00e1 ele, assim que ver os dois.<\/p>\n<p>&#8220;Encontramos, sim, j\u00e1 tem um tempo&#8221;, responder\u00e1 Orlando.<\/p>\n<p>&#8220;O nosso filho \u00e9 voc\u00ea, Marcelino!&#8221;, ir\u00e1 revelar Mar\u00ea.<\/p>\n<p>&#8220;Eu? Como assim?&#8221;, questionar\u00e1 ele, incr\u00e9dulo.<br \/>\n<!--FIM DO POST--><br \/>\n<a href=\"https:\/\/www.tvnovelas.com.br\/novelas\/resumos-de-amor-perfeito\/\" target=\"_blank\" rel=\"noopener\">Confira os resumos da semana de &#8216;Amor Perfeito<\/a><br \/>\n<strong style=\"font-size: 120%;\">\u00daltimas not\u00edcias de Amor Perfeito:<\/strong><br \/>\n<div class=\"pt-cv-wrapper\"><div class=\"pt-cv-view pt-cv-grid pt-cv-colsys\" id=\"pt-cv-view-04db883axk\"><div data-id=\"pt-cv-page-1\" class=\"pt-cv-page\" data-cvc=\"1\"><div class=\"col-md-12 col-sm-12 col-xs-12 pt-cv-content-item pt-cv-1-col\" ><div class='pt-cv-ifield'><h4 class=\"pt-cv-title\"><a href=\"https:\/\/www.tvnovelas.com.br\/tvnews\/amor-perfeito-mare-e-orlando-se-casam\/\" class=\"_self\" target=\"_self\" >Amor Perfeito: Mar\u00ea e Orlando se casam<\/a><\/h4><\/div><\/div>\n<div class=\"col-md-12 col-sm-12 col-xs-12 pt-cv-content-item pt-cv-1-col\" ><div class='pt-cv-ifield'><h4 class=\"pt-cv-title\"><a href=\"https:\/\/www.tvnovelas.com.br\/tvnews\/amor-perfeito-gilda-emocionada-abraca-marcelino\/\" class=\"_self\" target=\"_self\" >Amor Perfeito: Gilda emocionada abra\u00e7a Marcelino<\/a><\/h4><\/div><\/div>\n<div class=\"col-md-12 col-sm-12 col-xs-12 pt-cv-content-item pt-cv-1-col\" ><div class='pt-cv-ifield'><h4 class=\"pt-cv-title\"><a href=\"https:\/\/www.tvnovelas.com.br\/tvnews\/amor-perfeito-orlando-descobre-que-lucilia-foi-assassinada-a-mando-de-gilda\/\" class=\"_self\" target=\"_self\" >Amor Perfeito: Orlando descobre que Luc\u00edlia foi assassinada a mando de Gilda<\/a><\/h4><\/div><\/div>\n<div class=\"col-md-12 col-sm-12 col-xs-12 pt-cv-content-item pt-cv-1-col\" ><div class='pt-cv-ifield'><h4 class=\"pt-cv-title\"><a href=\"https:\/\/www.tvnovelas.com.br\/tvnews\/amor-perfeito-gilda-e-descoberta-como-mandante-de-assassinato\/\" class=\"_self\" target=\"_self\" >Amor Perfeito: Gilda \u00e9 descoberta como mandante de assassinato<\/a><\/h4><\/div><\/div>\n<div class=\"col-md-12 col-sm-12 col-xs-12 pt-cv-content-item pt-cv-1-col\" ><div class='pt-cv-ifield'><h4 class=\"pt-cv-title\"><a href=\"https:\/\/www.tvnovelas.com.br\/tvnews\/amor-perfeito-gilda-foge-da-cadeia-com-ajuda-de-gaspar\/\" class=\"_self\" target=\"_self\" >Amor Perfeito: Gilda foge da cadeia com ajuda de Gaspar<\/a><\/h4><\/div><\/div>\n<div class=\"col-md-12 col-sm-12 col-xs-12 pt-cv-content-item pt-cv-1-col\" ><div class='pt-cv-ifield'><h4 class=\"pt-cv-title\"><a href=\"https:\/\/www.tvnovelas.com.br\/tvnews\/amor-perfeito-darlene-e-joao-se-casam\/\" class=\"_self\" target=\"_self\" >Amor Perfeito: Darlene e Jo\u00e3o se casam<\/a><\/h4><\/div><\/div><\/div><\/div><\/div><br \/>\n<strong style=\"font-size: 120%;\">\u00daltimas not\u00edcias deste site:<\/strong><br \/>\n<div class=\"pt-cv-wrapper\"><div class=\"pt-cv-view pt-cv-grid pt-cv-colsys\" id=\"pt-cv-view-90991035b3\"><div data-id=\"pt-cv-page-1\" class=\"pt-cv-page\" data-cvc=\"1\"><div class=\"col-md-12 col-sm-12 col-xs-12 pt-cv-content-item pt-cv-1-col\" ><div class='pt-cv-ifield'><h4 class=\"pt-cv-title\"><a href=\"https:\/\/www.tvnovelas.com.br\/tvnews\/em-a-nobreza-do-amor-na-semana-04-a-09-de-maio\/\" class=\"_self\" target=\"_self\" >Em A Nobreza do Amor na semana 04 a 09 de maio<\/a><\/h4><\/div><\/div>\n<div class=\"col-md-12 col-sm-12 col-xs-12 pt-cv-content-item pt-cv-1-col\" ><div class='pt-cv-ifield'><h4 class=\"pt-cv-title\"><a href=\"https:\/\/www.tvnovelas.com.br\/tvnews\/o-que-acontece-em-tres-gracas-na-semana-04-a-09-de-maio\/\" class=\"_self\" target=\"_self\" >O que acontece em Tr\u00eas Gra\u00e7as na semana 04 a 09 de maio<\/a><\/h4><\/div><\/div>\n<div class=\"col-md-12 col-sm-12 col-xs-12 pt-cv-content-item pt-cv-1-col\" ><div class='pt-cv-ifield'><h4 class=\"pt-cv-title\"><a href=\"https:\/\/www.tvnovelas.com.br\/tvnews\/coracao-de-mae-reha-entra-em-panico-com-a-prisao-de-adnan\/\" class=\"_self\" target=\"_self\" >Cora\u00e7\u00e3o de M\u00e3e: Reha entra em p\u00e2nico com a pris\u00e3o de Adnan<\/a><\/h4><\/div><\/div>\n<div class=\"col-md-12 col-sm-12 col-xs-12 pt-cv-content-item pt-cv-1-col\" ><div class='pt-cv-ifield'><h4 class=\"pt-cv-title\"><a href=\"https:\/\/www.tvnovelas.com.br\/tvnews\/guerra-das-rosas-mert-sequestra-gulru\/\" class=\"_self\" target=\"_self\" >Guerra das Rosas: Mert sequestra Gulru<\/a><\/h4><\/div><\/div>\n<div class=\"col-md-12 col-sm-12 col-xs-12 pt-cv-content-item pt-cv-1-col\" ><div class='pt-cv-ifield'><h4 class=\"pt-cv-title\"><a href=\"https:\/\/www.tvnovelas.com.br\/tvnews\/a-nobreza-do-amor-resistencia-sequestra-noivo-de-kenia-e-o-despacha-de-batanga\/\" class=\"_self\" target=\"_self\" >A Nobreza do Amor: Resist\u00eancia sequestra noivo de K\u00eania e o despacha de Batanga<\/a><\/h4><\/div><\/div>\n<div class=\"col-md-12 col-sm-12 col-xs-12 pt-cv-content-item pt-cv-1-col\" ><div class='pt-cv-ifield'><h4 class=\"pt-cv-title\"><a href=\"https:\/\/www.tvnovelas.com.br\/tvnews\/tres-gracas-joelly-e-gerluce-descobrem-que-filha-de-lena-e-a-bebe-roubada\/\" class=\"_self\" target=\"_self\" >Tr\u00eas Gra\u00e7as: Jo\u00e9lly e Gerluce descobrem que filha de Lena \u00e9 a beb\u00ea roubada<\/a><\/h4><\/div><\/div>\n<div class=\"col-md-12 col-sm-12 col-xs-12 pt-cv-content-item pt-cv-1-col\" ><div class='pt-cv-ifield'><h4 class=\"pt-cv-title\"><a href=\"https:\/\/www.tvnovelas.com.br\/tvnews\/em-coracao-de-mae-nos-proximos-capitulos-04-a-08-5\/\" class=\"_self\" target=\"_self\" >Em Cora\u00e7\u00e3o de M\u00e3e nos pr\u00f3ximos cap\u00edtulos (04 a 08\/5)<\/a><\/h4><\/div><\/div>\n<div class=\"col-md-12 col-sm-12 col-xs-12 pt-cv-content-item pt-cv-1-col\" ><div class='pt-cv-ifield'><h4 class=\"pt-cv-title\"><a href=\"https:\/\/www.tvnovelas.com.br\/tvnews\/coracao-de-mae-hasan-e-filiz-em-piquenique-romantico\/\" class=\"_self\" target=\"_self\" >Cora\u00e7\u00e3o de M\u00e3e: Hasan e Filiz em piquenique rom\u00e2ntico<\/a><\/h4><\/div><\/div>\n<div class=\"col-md-12 col-sm-12 col-xs-12 pt-cv-content-item pt-cv-1-col\" ><div class='pt-cv-ifield'><h4 class=\"pt-cv-title\"><a href=\"https:\/\/www.tvnovelas.com.br\/tvnews\/guerra-das-rosas-cihan-vibra-com-desistencia-de-gulru-de-casar-com-mert\/\" class=\"_self\" target=\"_self\" >Guerra das Rosas: Cihan vibra com desist\u00eancia de Gulru de casar com Mert<\/a><\/h4><\/div><\/div>\n<div class=\"col-md-12 col-sm-12 col-xs-12 pt-cv-content-item pt-cv-1-col\" ><div class='pt-cv-ifield'><h4 class=\"pt-cv-title\"><a href=\"https:\/\/www.tvnovelas.com.br\/tvnews\/coracao-de-mae-irmak-denuncia-adnan\/\" class=\"_self\" target=\"_self\" >Cora\u00e7\u00e3o de M\u00e3e: Irmak denuncia Adnan<\/a><\/h4><\/div><\/div><\/div><\/div><\/div><br \/>\n<a href=\"https:\/\/www.tvnovelas.com.br\/novelas\/\"><strong>Confira os resumos da semana de todas novelas<\/strong><\/a><\/p>\n<h3>Confira tamb\u00e9m<\/h3>\n<p><a href=\"https:\/\/www.tvnovelas.com.br\/filmes\/\" target=\"_blank\" rel=\"noopener noreferrer\"><strong>Programa\u00e7\u00e3o de filmes na TV aberta<\/strong><\/a><br \/>\n<a href=\"https:\/\/caetenews.com.br\/semana\/filmes-da-globo-na-sessao-da-tarde-desta-semana\/\" target=\"_blank\" rel=\"noopener\"><strong>Confira os filmes da semana na Sess\u00e3o da Tarde<\/strong><\/a><br \/>\n<a href=\"https:\/\/www.tvnovelas.com.br\/novelas\/\" target=\"_blank\" rel=\"noopener noreferrer\"><strong>Resumos de novelas<\/strong><\/a><\/p>\n","protected":false},"excerpt":{"rendered":"<p>Em Amor Perfeito, S\u00f4nia (B\u00e1rbara Sut) revelou um segredo que ir\u00e1 mudar o percurso da vida de Mar\u00ea (Camila Queiroz) e Orlando (Diogo Almeida). A funcion\u00e1ria&#8230;<\/p>\n","protected":false},"author":1,"featured_media":56161,"comment_status":"closed","ping_status":"closed","sticky":false,"template":"","format":"standard","meta":{"_uf_show_specific_survey":0,"_uf_disable_surveys":false,"_jetpack_memberships_contains_paid_content":false,"footnotes":"","_wp_rev_ctl_limit":""},"categories":[375],"tags":[376,5,64],"class_list":["post-56160","post","type-post","status-publish","format-standard","has-post-thumbnail","hentry","category-amor-perfeito","tag-amor-perfeito","tag-globo","tag-novelas","wpcat-375-id"],"aioseo_notices":[],"jetpack_featured_media_url":"https:\/\/i0.wp.com\/www.tvnovelas.com.br\/tvnews\/wp-content\/uploads\/2023\/09\/38079.jpg?fit=728%2C410&ssl=1","jetpack_shortlink":"https:\/\/wp.me\/pdP2BO-eBO","jetpack_sharing_enabled":true,"_links":{"self":[{"href":"https:\/\/www.tvnovelas.com.br\/tvnews\/wp-json\/wp\/v2\/posts\/56160","targetHints":{"allow":["GET"]}}],"collection":[{"href":"https:\/\/www.tvnovelas.com.br\/tvnews\/wp-json\/wp\/v2\/posts"}],"about":[{"href":"https:\/\/www.tvnovelas.com.br\/tvnews\/wp-json\/wp\/v2\/types\/post"}],"author":[{"embeddable":true,"href":"https:\/\/www.tvnovelas.com.br\/tvnews\/wp-json\/wp\/v2\/users\/1"}],"replies":[{"embeddable":true,"href":"https:\/\/www.tvnovelas.com.br\/tvnews\/wp-json\/wp\/v2\/comments?post=56160"}],"version-history":[{"count":1,"href":"https:\/\/www.tvnovelas.com.br\/tvnews\/wp-json\/wp\/v2\/posts\/56160\/revisions"}],"predecessor-version":[{"id":56162,"href":"https:\/\/www.tvnovelas.com.br\/tvnews\/wp-json\/wp\/v2\/posts\/56160\/revisions\/56162"}],"wp:featuredmedia":[{"embeddable":true,"href":"https:\/\/www.tvnovelas.com.br\/tvnews\/wp-json\/wp\/v2\/media\/56161"}],"wp:attachment":[{"href":"https:\/\/www.tvnovelas.com.br\/tvnews\/wp-json\/wp\/v2\/media?parent=56160"}],"wp:term":[{"taxonomy":"category","embeddable":true,"href":"https:\/\/www.tvnovelas.com.br\/tvnews\/wp-json\/wp\/v2\/categories?post=56160"},{"taxonomy":"post_tag","embeddable":true,"href":"https:\/\/www.tvnovelas.com.br\/tvnews\/wp-json\/wp\/v2\/tags?post=56160"}],"curies":[{"name":"wp","href":"https:\/\/api.w.org\/{rel}","templated":true}]}}