{"id":56332,"date":"2023-09-21T08:23:38","date_gmt":"2023-09-21T11:23:38","guid":{"rendered":"https:\/\/www.tvnovelas.com.br\/tvnews\/?p=56332"},"modified":"2023-09-21T08:23:38","modified_gmt":"2023-09-21T11:23:38","slug":"todas-as-flores-maira-transa-com-rafael-apos-aceitar-pedido-de-casamento","status":"publish","type":"post","link":"https:\/\/www.tvnovelas.com.br\/tvnews\/todas-as-flores-maira-transa-com-rafael-apos-aceitar-pedido-de-casamento\/","title":{"rendered":"Todas as Flores: Ma\u00edra transa com Rafael ap\u00f3s aceitar pedido de casamento"},"content":{"rendered":"<p><em>Em Todas as Flores: Ma\u00edra transa com Rafael&#8230;<\/em><br \/>\n<img data-recalc-dims=\"1\" decoding=\"async\" class=\"alignnone wp-image-56333 size-full\" title=\"(Foto: TV Globo\/Todas as Flores)\" src=\"https:\/\/i0.wp.com\/www.tvnovelas.com.br\/tvnews\/wp-content\/uploads\/2023\/09\/38113.jpg?resize=728%2C410&#038;ssl=1\" alt=\"Foto em Todas as Flores: Ma\u00edra transa com Rafael....\" width=\"728\" height=\"410\" srcset=\"https:\/\/i0.wp.com\/www.tvnovelas.com.br\/tvnews\/wp-content\/uploads\/2023\/09\/38113.jpg?w=728&amp;ssl=1 728w, https:\/\/i0.wp.com\/www.tvnovelas.com.br\/tvnews\/wp-content\/uploads\/2023\/09\/38113.jpg?resize=678%2C381&amp;ssl=1 678w\" sizes=\"(max-width: 728px) 100vw, 728px\" \/><\/p>\n<p>Todas as Flores, apesar de pouco tempo, a rela\u00e7\u00e3o de Ma\u00edra (Sophie Charlotte) e Rafael (Humberto Carr\u00e3o) j\u00e1 passou por muitos altos e baixos. Desta vez, o empres\u00e1rio sofre um golpe ao descobrir que a perfumista fugiu. No entanto, o presidente da Rhodes n\u00e3o aceita f\u00e1cil e vai atr\u00e1s da mocinha. O empres\u00e1rio a encontra e acaba fazendo uma proposta de casamento. Ap\u00f3s aceitar o pedido, a perfumista transa com a paix\u00e3o da sua vida. Vem com a gente para ver tudo o que vai rolar!<\/p>\n<p>Decidida a deixar o Rio de Janeiro e voltar para Piren\u00f3polis, em Goi\u00e1s, para se afastar de Rafael, Ma\u00edra avisa para Zo\u00e9 (Regina Cas\u00e9) sobre o retorno para a cidade em que morou desde crian\u00e7a. Por\u00e9m, a informa\u00e7\u00e3o que era secreta acaba chegando aos ouvidos do presidente da Rhodes. E ele n\u00e3o vai ficar parado. O mocinho vai atr\u00e1s da amada para fazer com que ela mude de ideia e permane\u00e7a na cidade carioca.<\/p>\n<p>O empres\u00e1rio, ent\u00e3o, segue o \u00f4nibus que leva a perfumista at\u00e9 Piren\u00f3polis. Em um ato de desespero, Rafael buzina incessantemente e grita para que o motorista pare o coletivo. Nesse instante, Ma\u00edra se assusta com o barulho que escuta vindo de fora. &#8220;O que est\u00e1 acontecendo?&#8221;, pergunta ela. &#8220;\u00c9 um maluco que continua buzinando bem aqui do lado do carro&#8221;, diz uma senhora, que continua e questiona: &#8220;Voc\u00ea conhece ele? Ele \u00e9 bem maluco&#8221;.<\/p>\n<p>Ap\u00f3s se dar conta que a voz \u00e9 de Rafael, a perfumista vira para o motorista e faz um pedido. &#8220;Para o \u00f4nibus, mo\u00e7o&#8221;, grita ela.<\/p>\n<p>O motorista para o \u00f4nibus em um acostamento, enquanto o empres\u00e1rio j\u00e1 aguarda por l\u00e1. &#8220;Preciso falar com uma pessoa aqui dentro&#8221;, afirma. Ele entra e vai at\u00e9 a mocinha. Assustada, Ma\u00edra pede que Rafael a libere. &#8220;Rafael, me deixa ir embora&#8221;, pede a jovem.<\/p>\n<p>&#8220;Meu amor! Por que voc\u00ea est\u00e1 fazendo isso? Estava tudo bem entre a gente ontem&#8221;, diz Rafael.<\/p>\n<p>Ela justifica que n\u00e3o h\u00e1 outro jeito, por isso precisa ir embora do Rio de Janeiro e pede, mais uma vez, para deix\u00e1-la ir. &#8220;Voc\u00ea vai embora e vai acontecer o qu\u00ea? Voc\u00ea vai ser feliz sozinha l\u00e1? Eu vou ser feliz aqui sem voc\u00ea como se voc\u00ea nunca tivesse acontecido na minha vida? Eu te amo, meu amor. Eu sou louco por voc\u00ea. Eu quero ficar com voc\u00ea. Fica comigo&#8221;, implora o empres\u00e1rio.<\/p>\n<p>A perfumista n\u00e3o resiste e se rende ao amado. Os dois acabam se beijando dentro do \u00f4nibus, sob os aplausos dos passageiros. Por\u00e9m, o momento carinhoso n\u00e3o \u00e9 o bastante, pois Ma\u00edra reclama da inten\u00e7\u00e3o do empres\u00e1rio. &#8220;Rafael, n\u00e3o complica as coisas&#8221;, diz ela. Sem dar ouvidos ao que ela diz, Rafael afirma: &#8220;Pego sua mala. Vamos juntos&#8221;.<\/p>\n<p>De novo, ela implora que Rafael a deixe ir embora. &#8220;Me deixa seguir a minha vida&#8221;, declara ela. Nesse momento, o presidente da Rhodes faz um pedido que pode mudar a vida dos dois. &#8220;Casa comigo. Eu estou falando s\u00e9rio&#8221;, diz ele.<\/p>\n<p>Ma\u00edra parece n\u00e3o acreditar, mas, depois se recomp\u00f5e, e destaca que o casal vai precisar lidar com muita coisa no caminho. &#8220;A gente vai ter que ser muito forte para enfrentar isso tudo&#8221;, pondera a perfumista. &#8220;A gente \u00e9 forte. Casa?&#8221;, pede Rafael. &#8220;Caso&#8221;, diz Ma\u00edra.<\/p>\n<p>Os dois se beijam de forma carinhosa e recebem aplausos, mais uma vez, dos passageiros. Rafael pede desculpas e desce com Ma\u00edra do \u00f4nibus. &#8220;Eu te amo muito&#8221;, afirma o presidente da Rhodes.<\/p>\n<p>O empres\u00e1rio leva a perfumista para uma pousada e, l\u00e1, os dois aproveitam o momento \u00edntimo. Ma\u00edra e Rafael transam e trocam car\u00edcias apaixonadamente.<br \/>\n<a href=\"https:\/\/www.tvnovelas.com.br\/novelas\/resumos-de-todas-as-flores-da-semana-18-a-22-de-setembro\/\" target=\"_blank\" rel=\"noopener\">Resumos dos cap\u00edtulos da semana de Todas as Flores<\/a><br \/>\n<strong style=\"font-size: 120%;\">\u00daltimas not\u00edcias deste canal:<\/strong><br \/>\n<div class=\"pt-cv-wrapper\"><div class=\"pt-cv-view pt-cv-grid pt-cv-colsys\" id=\"pt-cv-view-90991035b3\"><div data-id=\"pt-cv-page-1\" class=\"pt-cv-page\" data-cvc=\"1\"><div class=\"col-md-12 col-sm-12 col-xs-12 pt-cv-content-item pt-cv-1-col\" ><div class='pt-cv-ifield'><h4 class=\"pt-cv-title\"><a href=\"https:\/\/www.tvnovelas.com.br\/tvnews\/em-a-nobreza-do-amor-na-semana-04-a-09-de-maio\/\" class=\"_self\" target=\"_self\" >Em A Nobreza do Amor na semana 04 a 09 de maio<\/a><\/h4><\/div><\/div>\n<div class=\"col-md-12 col-sm-12 col-xs-12 pt-cv-content-item pt-cv-1-col\" ><div class='pt-cv-ifield'><h4 class=\"pt-cv-title\"><a href=\"https:\/\/www.tvnovelas.com.br\/tvnews\/o-que-acontece-em-tres-gracas-na-semana-04-a-09-de-maio\/\" class=\"_self\" target=\"_self\" >O que acontece em Tr\u00eas Gra\u00e7as na semana 04 a 09 de maio<\/a><\/h4><\/div><\/div>\n<div class=\"col-md-12 col-sm-12 col-xs-12 pt-cv-content-item pt-cv-1-col\" ><div class='pt-cv-ifield'><h4 class=\"pt-cv-title\"><a href=\"https:\/\/www.tvnovelas.com.br\/tvnews\/coracao-de-mae-reha-entra-em-panico-com-a-prisao-de-adnan\/\" class=\"_self\" target=\"_self\" >Cora\u00e7\u00e3o de M\u00e3e: Reha entra em p\u00e2nico com a pris\u00e3o de Adnan<\/a><\/h4><\/div><\/div>\n<div class=\"col-md-12 col-sm-12 col-xs-12 pt-cv-content-item pt-cv-1-col\" ><div class='pt-cv-ifield'><h4 class=\"pt-cv-title\"><a href=\"https:\/\/www.tvnovelas.com.br\/tvnews\/guerra-das-rosas-mert-sequestra-gulru\/\" class=\"_self\" target=\"_self\" >Guerra das Rosas: Mert sequestra Gulru<\/a><\/h4><\/div><\/div>\n<div class=\"col-md-12 col-sm-12 col-xs-12 pt-cv-content-item pt-cv-1-col\" ><div class='pt-cv-ifield'><h4 class=\"pt-cv-title\"><a href=\"https:\/\/www.tvnovelas.com.br\/tvnews\/a-nobreza-do-amor-resistencia-sequestra-noivo-de-kenia-e-o-despacha-de-batanga\/\" class=\"_self\" target=\"_self\" >A Nobreza do Amor: Resist\u00eancia sequestra noivo de K\u00eania e o despacha de Batanga<\/a><\/h4><\/div><\/div>\n<div class=\"col-md-12 col-sm-12 col-xs-12 pt-cv-content-item pt-cv-1-col\" ><div class='pt-cv-ifield'><h4 class=\"pt-cv-title\"><a href=\"https:\/\/www.tvnovelas.com.br\/tvnews\/tres-gracas-joelly-e-gerluce-descobrem-que-filha-de-lena-e-a-bebe-roubada\/\" class=\"_self\" target=\"_self\" >Tr\u00eas Gra\u00e7as: Jo\u00e9lly e Gerluce descobrem que filha de Lena \u00e9 a beb\u00ea roubada<\/a><\/h4><\/div><\/div>\n<div class=\"col-md-12 col-sm-12 col-xs-12 pt-cv-content-item pt-cv-1-col\" ><div class='pt-cv-ifield'><h4 class=\"pt-cv-title\"><a href=\"https:\/\/www.tvnovelas.com.br\/tvnews\/em-coracao-de-mae-nos-proximos-capitulos-04-a-08-5\/\" class=\"_self\" target=\"_self\" >Em Cora\u00e7\u00e3o de M\u00e3e nos pr\u00f3ximos cap\u00edtulos (04 a 08\/5)<\/a><\/h4><\/div><\/div>\n<div class=\"col-md-12 col-sm-12 col-xs-12 pt-cv-content-item pt-cv-1-col\" ><div class='pt-cv-ifield'><h4 class=\"pt-cv-title\"><a href=\"https:\/\/www.tvnovelas.com.br\/tvnews\/coracao-de-mae-hasan-e-filiz-em-piquenique-romantico\/\" class=\"_self\" target=\"_self\" >Cora\u00e7\u00e3o de M\u00e3e: Hasan e Filiz em piquenique rom\u00e2ntico<\/a><\/h4><\/div><\/div>\n<div class=\"col-md-12 col-sm-12 col-xs-12 pt-cv-content-item pt-cv-1-col\" ><div class='pt-cv-ifield'><h4 class=\"pt-cv-title\"><a href=\"https:\/\/www.tvnovelas.com.br\/tvnews\/guerra-das-rosas-cihan-vibra-com-desistencia-de-gulru-de-casar-com-mert\/\" class=\"_self\" target=\"_self\" >Guerra das Rosas: Cihan vibra com desist\u00eancia de Gulru de casar com Mert<\/a><\/h4><\/div><\/div>\n<div class=\"col-md-12 col-sm-12 col-xs-12 pt-cv-content-item pt-cv-1-col\" ><div class='pt-cv-ifield'><h4 class=\"pt-cv-title\"><a href=\"https:\/\/www.tvnovelas.com.br\/tvnews\/coracao-de-mae-irmak-denuncia-adnan\/\" class=\"_self\" target=\"_self\" >Cora\u00e7\u00e3o de M\u00e3e: Irmak denuncia Adnan<\/a><\/h4><\/div><\/div><\/div><\/div><\/div><br \/>\n<a href=\"https:\/\/www.tvnovelas.com.br\/novelas\/\"><strong>Confira os resumos da semana de todas novelas<\/strong><\/a><br \/>\n<a href=\"http:\/\/tvnovelas.com.br\/filmes\" target=\"_blank\" rel=\"noopener\">Veja tamb\u00e9m: Todas as telas: filmes e s\u00e9ries nos streamings<\/a><\/p>\n<h3>Confira tamb\u00e9m<\/h3>\n<p><a href=\"https:\/\/www.tvnovelas.com.br\/filmes\/\" target=\"_blank\" rel=\"noo 2 pener noreferrer noopener\"><strong>Programa\u00e7\u00e3o de filmes na TV aberta<\/strong><\/a><br \/>\n<a href=\"https:\/\/tvnovelas.com.br\/filmes\/filmes-e-series-ineditos-em-estreia-na-semana-na-netflix\/\" target=\"_blank\" rel=\"noopener noreferrer\"><strong>Estreias da semana na Netflix<\/strong><\/a><br \/>\n<a href=\"https:\/\/caetenews.com.br\/semana\/filmes-da-globo-na-sessao-da-tarde-desta-semana\/\" target=\"_blank\" rel=\"noopener\"><strong>Confira os filmes da semana na Sess\u00e3o da Tarde<\/strong><\/a><br \/>\n<a href=\"\/\/tvnovelas.com.br\/filmes\/filmes-em-estreia-nos-cinemas\/\" target=\"_blank\" rel=\"noopener noreferrer\"><strong>Estreias e novidades no Cinema<\/strong><\/a><br \/>\n<a href=\"https:\/\/www.tvnovelas.com.br\/novelas\/\" target=\"_blank\" rel=\"noopener noreferrer\"><strong>Resumos de novelas<\/strong><\/a><\/p>\n","protected":false},"excerpt":{"rendered":"<p>Todas as Flores, apesar de pouco tempo, a rela\u00e7\u00e3o de Ma\u00edra (Sophie Charlotte) e Rafael (Humberto Carr\u00e3o) j\u00e1 passou por muitos altos e baixos. Desta vez, o empres\u00e1rio&#8230;<\/p>\n","protected":false},"author":1,"featured_media":56333,"comment_status":"closed","ping_status":"closed","sticky":false,"template":"","format":"standard","meta":{"_uf_show_specific_survey":0,"_uf_disable_surveys":false,"_jetpack_memberships_contains_paid_content":false,"footnotes":"","_wp_rev_ctl_limit":""},"categories":[236],"tags":[5,380],"class_list":["post-56332","post","type-post","status-publish","format-standard","has-post-thumbnail","hentry","category-globo","tag-globo","tag-todas-as-flores","wpcat-236-id"],"aioseo_notices":[],"jetpack_featured_media_url":"https:\/\/i0.wp.com\/www.tvnovelas.com.br\/tvnews\/wp-content\/uploads\/2023\/09\/38113.jpg?fit=728%2C410&ssl=1","jetpack_shortlink":"https:\/\/wp.me\/pdP2BO-eEA","jetpack_sharing_enabled":true,"_links":{"self":[{"href":"https:\/\/www.tvnovelas.com.br\/tvnews\/wp-json\/wp\/v2\/posts\/56332","targetHints":{"allow":["GET"]}}],"collection":[{"href":"https:\/\/www.tvnovelas.com.br\/tvnews\/wp-json\/wp\/v2\/posts"}],"about":[{"href":"https:\/\/www.tvnovelas.com.br\/tvnews\/wp-json\/wp\/v2\/types\/post"}],"author":[{"embeddable":true,"href":"https:\/\/www.tvnovelas.com.br\/tvnews\/wp-json\/wp\/v2\/users\/1"}],"replies":[{"embeddable":true,"href":"https:\/\/www.tvnovelas.com.br\/tvnews\/wp-json\/wp\/v2\/comments?post=56332"}],"version-history":[{"count":1,"href":"https:\/\/www.tvnovelas.com.br\/tvnews\/wp-json\/wp\/v2\/posts\/56332\/revisions"}],"predecessor-version":[{"id":56334,"href":"https:\/\/www.tvnovelas.com.br\/tvnews\/wp-json\/wp\/v2\/posts\/56332\/revisions\/56334"}],"wp:featuredmedia":[{"embeddable":true,"href":"https:\/\/www.tvnovelas.com.br\/tvnews\/wp-json\/wp\/v2\/media\/56333"}],"wp:attachment":[{"href":"https:\/\/www.tvnovelas.com.br\/tvnews\/wp-json\/wp\/v2\/media?parent=56332"}],"wp:term":[{"taxonomy":"category","embeddable":true,"href":"https:\/\/www.tvnovelas.com.br\/tvnews\/wp-json\/wp\/v2\/categories?post=56332"},{"taxonomy":"post_tag","embeddable":true,"href":"https:\/\/www.tvnovelas.com.br\/tvnews\/wp-json\/wp\/v2\/tags?post=56332"}],"curies":[{"name":"wp","href":"https:\/\/api.w.org\/{rel}","templated":true}]}}