{"id":56436,"date":"2023-09-23T14:00:24","date_gmt":"2023-09-23T17:00:24","guid":{"rendered":"https:\/\/www.tvnovelas.com.br\/tvnews\/?p=56436"},"modified":"2023-09-23T11:39:37","modified_gmt":"2023-09-23T14:39:37","slug":"56436-2","status":"publish","type":"post","link":"https:\/\/www.tvnovelas.com.br\/tvnews\/56436-2\/","title":{"rendered":"O que rola em Terra e Paix\u00e3o na semana 25 a 30 de setembro"},"content":{"rendered":"<p><strong>Resumos Terra e Paix\u00e3o na semana 25 a 30 de setembro<\/strong><br \/>\n<img data-recalc-dims=\"1\" decoding=\"async\" src=\"https:\/\/i0.wp.com\/www.tvnovelas.com.br\/tvnews\/wp-content\/uploads\/2023\/09\/38138.jpg?resize=728%2C410&#038;ssl=1\" alt=\"Foto em Resumos Terra e Paix\u00e3o na semana 25 a 30\" width=\"728\" height=\"410\" class=\"alignnone size-full wp-image-56439\" srcset=\"https:\/\/i0.wp.com\/www.tvnovelas.com.br\/tvnews\/wp-content\/uploads\/2023\/09\/38138.jpg?w=728&amp;ssl=1 728w, https:\/\/i0.wp.com\/www.tvnovelas.com.br\/tvnews\/wp-content\/uploads\/2023\/09\/38138.jpg?resize=678%2C381&amp;ssl=1 678w\" sizes=\"(max-width: 728px) 100vw, 728px\" \/><\/p>\n<blockquote><p>Petra decide ir at\u00e9 o Paj\u00e9 para tentar a cura; Aline assina o contrato de sociedade com Vin\u00edcius; Caio oficializa o pedido de casamento com Aline; Nice \u00e9 encontra morta em seu carro; Marino conclui que Irene \u00e9 respons\u00e1vel pelo assassinato de Nice&#8230;<\/p><\/blockquote>\n<p>Jussara deixa claro para Aline que n\u00e3o acredita em Vin\u00edcius. Yandara n\u00e3o cede \u00e0 insist\u00eancia de Franco para n\u00e3o terminarem o namoro. Ramiro conta a Ant\u00f4nio que Irene atirou o carro em dire\u00e7\u00e3o a Agatha com a inten\u00e7\u00e3o de atentar contra sua vida. Ant\u00f4nio amea\u00e7a denunciar Irene \u00e0 pol\u00edcia. Andrade diz a Silv\u00e9rio que Serj\u00e3o continua implicando com ele. Mara demite Andrade. Irene tenta convencer Ant\u00f4nio de que Agatha quer destru\u00ed-lo. Petra decide ir at\u00e9 o Paj\u00e9 para tentar a cura. Caio identifica Sidney nas imagens de v\u00eddeo do hospital. Irene garante a Vin\u00edcius que ir\u00e1 tirar tudo de Aline.<\/p>\n<p><strong>Resumo de ter\u00e7a-feira, 26 de setembro<\/strong><br \/>\nAnt\u00f4nio se encontra com Agatha. Angelina e Gra\u00e7a levam Danielzinho para o hospital. Gladys se emociona com o depoimento de Andrade. Vin\u00edcius apressa Aline para assinar o contrato da sociedade. Ramiro avisa a Sidney que a pol\u00edcia est\u00e1 atr\u00e1s do capanga. Sidney \u00e9 preso. Andrade se comove com a ajuda que Gladys tem lhe dado. Lucinda pede a Marino que n\u00e3o v\u00e1 embora de Nova Primavera. Nice pede a Anely que chame uma ambul\u00e2ncia para Tadeu, que passou mal. Aline assina o contrato de sociedade com Vin\u00edcius.<br \/>\n<img data-recalc-dims=\"1\" decoding=\"async\" src=\"https:\/\/i0.wp.com\/www.tvnovelas.com.br\/tvnews\/wp-content\/uploads\/2023\/09\/38139.jpg?resize=728%2C410&#038;ssl=1\" alt=\"Foto em Resumos Terra e Paix\u00e3o na semana 25 a 30\" width=\"728\" height=\"410\" class=\"alignnone size-full wp-image-56440\" srcset=\"https:\/\/i0.wp.com\/www.tvnovelas.com.br\/tvnews\/wp-content\/uploads\/2023\/09\/38139.jpg?w=728&amp;ssl=1 728w, https:\/\/i0.wp.com\/www.tvnovelas.com.br\/tvnews\/wp-content\/uploads\/2023\/09\/38139.jpg?resize=678%2C381&amp;ssl=1 678w\" sizes=\"(max-width: 728px) 100vw, 728px\" \/><\/p>\n<p><strong>Resumo de quarta-feira, 27 de setembro<\/strong><br \/>\nTadeu descobre que foi enganado por Anely e diz que est\u00e1 apaixonado por Nice. Lucinda sofre com a possibilidade de Marino ser transferido. Petra e Luigi confessam a paix\u00e3o que sentem por H\u00e9lio e Anely, respectivamente, e resolvem se separar. Mara e Menah enfrentam Elias. Luigi conta a Anely que ir\u00e1 se separar de Petra. Petra diz a H\u00e9lio que est\u00e1 livre para ficar com o engenheiro. Greg\u00f3rio amea\u00e7a Nice, querendo dinheiro da ex-aliada. Caio reage quando Irene lhe avisa que ele e Aline enfrentar\u00e3o tempos dif\u00edceis.<\/p>\n<p><strong>Resumo de quinta-feira, 28 de setembro<\/strong><br \/>\nNice combina com Greg\u00f3rio de conseguir dinheiro para fugirem juntos. Irene e Ant\u00f4nio reagem quando Gra\u00e7a conta que Marino prendeu o homem que matou Ernesto e Dalva. Irene amea\u00e7a internar Petra, se a filha se separar. Ant\u00f4nio repreende Marino por ter libertado Sidney. Lucinda e Andrade assinam o div\u00f3rcio. Gra\u00e7a pergunta se Gladys est\u00e1 gostando de Andrade. Nice exige dinheiro de Tadeu, para n\u00e3o contar que tem um caso com ele. Irene \u00e9 amea\u00e7ada por Nice. Caio oficializa o pedido de casamento com Aline. Ramiro e Kelvin encontram Nice sem vida em seu carro.<br \/>\n<img data-recalc-dims=\"1\" decoding=\"async\" src=\"https:\/\/i0.wp.com\/www.tvnovelas.com.br\/tvnews\/wp-content\/uploads\/2023\/09\/38138a.jpg?resize=728%2C410&#038;ssl=1\" alt=\"Foto em Resumos Terra e Paix\u00e3o na semana 25 a 30\" width=\"728\" height=\"410\" class=\"alignnone size-full wp-image-56441\" srcset=\"https:\/\/i0.wp.com\/www.tvnovelas.com.br\/tvnews\/wp-content\/uploads\/2023\/09\/38138a.jpg?w=728&amp;ssl=1 728w, https:\/\/i0.wp.com\/www.tvnovelas.com.br\/tvnews\/wp-content\/uploads\/2023\/09\/38138a.jpg?resize=678%2C381&amp;ssl=1 678w\" sizes=\"(max-width: 728px) 100vw, 728px\" \/><\/p>\n<p><strong>Resumo de sexta-feira, 29 de setembro<\/strong><br \/>\nGreg\u00f3rio foge ao saber da morte de Nice. Enzo diz a Anely que Tadeu matou Nice. Luigi prop\u00f5e a Petra que ambos finjam para Irene que ainda est\u00e3o casados. Anely comenta com Luigi sobre seu receio de Lucinda descobrir sua vida secreta. Angelina conta a Ant\u00f4nio que Nice amea\u00e7ou Irene. Vin\u00edcius avisa a Irene que j\u00e1 mandou a documenta\u00e7\u00e3o ao despachante para passar a propriedade da Aline para o nome dela. Ant\u00f4nio questiona Irene sobre a autoria do assassinato de Nice. Marino comunica que a pessoa com quem Nice estava saindo \u00e9 a principal suspeita de sua morte.<\/p>\n<p><strong>Resumo de s\u00e1bado, 30 de setembro<\/strong><br \/>\nMarino descobre que Anely fez um dep\u00f3sito alto na conta de Nice. Tadeu se sente aliviado ao saber que Nice n\u00e3o vai mais chantage\u00e1-lo. Irene amea\u00e7a Angelina. Anely conta a Marino como se envolveu com Nice e Tadeu, e pede ao delegado para n\u00e3o contar a Lucinda. Marino acredita em Tadeu quando ele conta que estava sendo amea\u00e7ado por Nice. Gladys e Mara descobrem pelas c\u00e2meras da transportadora que Andrade apanhou de Serj\u00e3o. Gladys avisa a Andrade que ele foi readmitido. Angelina diz a Agatha que est\u00e1 com medo de Irene. Marino conclui que Irene \u00e9 respons\u00e1vel pelo assassinato de Nice e pelo atentado contra Agatha.<br \/>\n<!--END POST--><br \/>\n<a href=\"https:\/\/www.tvnovelas.com.br\/novelas\/resumos-de-terra-e-paixao-2\/\">Confira os resumos de &#8216;Terra e Paix\u00e3o&#8217; da semana 02 a 07 de outubro<\/a><br \/>\n<strong style=\"font-size: 120%;\">\u00daltimas not\u00edcias de Terra e Paix\u00e3o:<br \/>\n<div class=\"pt-cv-wrapper\"><div class=\"pt-cv-view pt-cv-grid pt-cv-colsys\" id=\"pt-cv-view-9bbc6490w2\"><div data-id=\"pt-cv-page-1\" class=\"pt-cv-page\" data-cvc=\"1\"><div class=\"col-md-12 col-sm-6 col-xs-12 pt-cv-content-item pt-cv-1-col\" ><div class='pt-cv-ifield'><h4 class=\"pt-cv-title\"><a href=\"https:\/\/www.tvnovelas.com.br\/tvnews\/terra-e-paixao-vinicius-choca-aline-com-relatorio-sobre-diamantes-em-suas-terras\/\" class=\"_blank\" target=\"_blank\" >Terra e Paix\u00e3o: Vin\u00edcius choca Aline com relat\u00f3rio sobre diamantes em suas terras<\/a><\/h4><\/div><\/div>\n<div class=\"col-md-12 col-sm-6 col-xs-12 pt-cv-content-item pt-cv-1-col\" ><div class='pt-cv-ifield'><h4 class=\"pt-cv-title\"><a href=\"https:\/\/www.tvnovelas.com.br\/tvnews\/terra-e-paixao-fuga-de-antonio-tem-mortes-e-disfarce\/\" class=\"_blank\" target=\"_blank\" >Terra e Paix\u00e3o: Fuga de Ant\u00f4nio tem mortes e disfarce<\/a><\/h4><\/div><\/div>\n<div class=\"col-md-12 col-sm-6 col-xs-12 pt-cv-content-item pt-cv-1-col\" ><div class='pt-cv-ifield'><h4 class=\"pt-cv-title\"><a href=\"https:\/\/www.tvnovelas.com.br\/tvnews\/terra-e-paixao-antonio-invade-casamento-para-matar-aline-no-altar\/\" class=\"_blank\" target=\"_blank\" >Terra e Paix\u00e3o: Ant\u00f4nio invade casamento para matar Aline no altar<\/a><\/h4><\/div><\/div>\n<div class=\"col-md-12 col-sm-6 col-xs-12 pt-cv-content-item pt-cv-1-col\" ><div class='pt-cv-ifield'><h4 class=\"pt-cv-title\"><a href=\"https:\/\/www.tvnovelas.com.br\/tvnews\/terra-e-paixao-graca-se-junta-a-policia-para-salvar-danielzinho\/\" class=\"_blank\" target=\"_blank\" >Terra e Paix\u00e3o: Gra\u00e7a se junta \u00e0 Pol\u00edcia para salvar Danielzinho<\/a><\/h4><\/div><\/div>\n<div class=\"col-md-12 col-sm-6 col-xs-12 pt-cv-content-item pt-cv-1-col\" ><div class='pt-cv-ifield'><h4 class=\"pt-cv-title\"><a href=\"https:\/\/www.tvnovelas.com.br\/tvnews\/terra-e-paixao-marino-da-voz-de-prisao-a-irene\/\" class=\"_blank\" target=\"_blank\" >Terra e Paix\u00e3o: Marino d\u00e1 voz de pris\u00e3o a Irene<\/a><\/h4><\/div><\/div>\n<div class=\"col-md-12 col-sm-6 col-xs-12 pt-cv-content-item pt-cv-1-col\" ><div class='pt-cv-ifield'><h4 class=\"pt-cv-title\"><a href=\"https:\/\/www.tvnovelas.com.br\/tvnews\/terra-e-paixao-irene-sequestra-danielzinho-e-foge-com-vinicius\/\" class=\"_blank\" target=\"_blank\" >Terra e Paix\u00e3o: Irene sequestra Danielzinho e foge com Vin\u00edcius<\/a><\/h4><\/div><\/div><\/div><\/div><\/div><br \/>\n<strong style=\"font-size: 120%;\">\u00daltimas not\u00edcias deste canal:<\/strong><br \/>\n<div class=\"pt-cv-wrapper\"><div class=\"pt-cv-view pt-cv-grid pt-cv-colsys\" id=\"pt-cv-view-90991035b3\"><div data-id=\"pt-cv-page-1\" class=\"pt-cv-page\" data-cvc=\"1\"><div class=\"col-md-12 col-sm-12 col-xs-12 pt-cv-content-item pt-cv-1-col\" ><div class='pt-cv-ifield'><h4 class=\"pt-cv-title\"><a href=\"https:\/\/www.tvnovelas.com.br\/tvnews\/guerra-das-rosas-cihan-vibra-com-desistencia-de-gulru-de-casar-com-mert\/\" class=\"_self\" target=\"_self\" >Guerra das Rosas: Cihan vibra com desist\u00eancia de Gulru de casar com Mert<\/a><\/h4><\/div><\/div>\n<div class=\"col-md-12 col-sm-12 col-xs-12 pt-cv-content-item pt-cv-1-col\" ><div class='pt-cv-ifield'><h4 class=\"pt-cv-title\"><a href=\"https:\/\/www.tvnovelas.com.br\/tvnews\/coracao-de-mae-irmak-denuncia-adnan\/\" class=\"_self\" target=\"_self\" >Cora\u00e7\u00e3o de M\u00e3e: Irmak denuncia Adnan<\/a><\/h4><\/div><\/div>\n<div class=\"col-md-12 col-sm-12 col-xs-12 pt-cv-content-item pt-cv-1-col\" ><div class='pt-cv-ifield'><h4 class=\"pt-cv-title\"><a href=\"https:\/\/www.tvnovelas.com.br\/tvnews\/a-nobreza-do-amor-mirinho-e-obrigado-a-resgatar-tonho\/\" class=\"_self\" target=\"_self\" >A Nobreza do Amor: Mirinho \u00e9 obrigado a resgatar Tonho<\/a><\/h4><\/div><\/div>\n<div class=\"col-md-12 col-sm-12 col-xs-12 pt-cv-content-item pt-cv-1-col\" ><div class='pt-cv-ifield'><h4 class=\"pt-cv-title\"><a href=\"https:\/\/www.tvnovelas.com.br\/tvnews\/tres-gracas-paulinho-e-afastado-da-policia-por-causa-de-gerluce\/\" class=\"_self\" target=\"_self\" >Tr\u00eas Gra\u00e7as: Paulinho \u00e9 afastado da pol\u00edcia por causa de Gerluce<\/a><\/h4><\/div><\/div>\n<div class=\"col-md-12 col-sm-12 col-xs-12 pt-cv-content-item pt-cv-1-col\" ><div class='pt-cv-ifield'><h4 class=\"pt-cv-title\"><a href=\"https:\/\/www.tvnovelas.com.br\/tvnews\/coracao-de-mae-irmak-inicia-jogo-arriscado-contra-adnan\/\" class=\"_self\" target=\"_self\" >Cora\u00e7\u00e3o de M\u00e3e: Irmak inicia jogo arriscado contra Adnan<\/a><\/h4><\/div><\/div>\n<div class=\"col-md-12 col-sm-12 col-xs-12 pt-cv-content-item pt-cv-1-col\" ><div class='pt-cv-ifield'><h4 class=\"pt-cv-title\"><a href=\"https:\/\/www.tvnovelas.com.br\/tvnews\/guerra-das-rosas-omer-chama-gulru-vestida-de-noiva-para-fugir\/\" class=\"_self\" target=\"_self\" >Guerra das Rosas: Omer chama Gulru vestida de noiva para fugir<\/a><\/h4><\/div><\/div>\n<div class=\"col-md-12 col-sm-12 col-xs-12 pt-cv-content-item pt-cv-1-col\" ><div class='pt-cv-ifield'><h4 class=\"pt-cv-title\"><a href=\"https:\/\/www.tvnovelas.com.br\/tvnews\/coracao-de-mae-reha-sai-para-jantar-com-selvi\/\" class=\"_self\" target=\"_self\" >Cora\u00e7\u00e3o de M\u00e3e: Reha sai para jantar com Selvi<\/a><\/h4><\/div><\/div>\n<div class=\"col-md-12 col-sm-12 col-xs-12 pt-cv-content-item pt-cv-1-col\" ><div class='pt-cv-ifield'><h4 class=\"pt-cv-title\"><a href=\"https:\/\/www.tvnovelas.com.br\/tvnews\/coracao-acelerado-zila-se-preocupa-com-sua-situacao-apos-separacao\/\" class=\"_self\" target=\"_self\" >Cora\u00e7\u00e3o Acelerado: Zil\u00e1 se preocupa com sua situa\u00e7\u00e3o ap\u00f3s separa\u00e7\u00e3o<\/a><\/h4><\/div><\/div>\n<div class=\"col-md-12 col-sm-12 col-xs-12 pt-cv-content-item pt-cv-1-col\" ><div class='pt-cv-ifield'><h4 class=\"pt-cv-title\"><a href=\"https:\/\/www.tvnovelas.com.br\/tvnews\/a-nobreza-do-amor-tonho-nao-se-curva-diante-de-mirinho\/\" class=\"_self\" target=\"_self\" >A Nobreza do Amor: Tonho n\u00e3o se curva diante de Mirinho<\/a><\/h4><\/div><\/div>\n<div class=\"col-md-12 col-sm-12 col-xs-12 pt-cv-content-item pt-cv-1-col\" ><div class='pt-cv-ifield'><h4 class=\"pt-cv-title\"><a href=\"https:\/\/www.tvnovelas.com.br\/tvnews\/tres-gracas-arminda-surta-ao-confirmar-que-ferette-e-pai-de-raul\/\" class=\"_self\" target=\"_self\" >Tr\u00eas Gra\u00e7as:  Arminda surta ao confirmar que Ferette \u00e9 pai de Raul<\/a><\/h4><\/div><\/div><\/div><\/div><\/div><br \/>\n<a href=\"https:\/\/www.tvnovelas.com.br\/novelas\/\"><strong>Confira os resumos da semana de todas novelas<\/strong><\/a><\/strong><\/p>\n<h3>Confira tamb\u00e9m<\/h3>\n<p><a href=\"https:\/\/www.tvnovelas.com.br\/filmes\/\" target=\"_blank\" rel=\"noopener noreferrer\"><strong>Programa\u00e7\u00e3o de filmes na TV aberta<\/strong><\/a><br \/>\n<a href=\"https:\/\/caetenews.com.br\/semana\/filmes-da-globo-na-sessao-da-tarde-desta-semana\/\" target=\"_blank\" rel=\"noopener\"><strong>Confira os filmes da semana na Sess\u00e3o da Tarde<\/strong><\/a><br \/>\n<a href=\"https:\/\/www.tvnovelas.com.br\/novelas\/\" target=\"_blank\" rel=\"noopener noreferrer\"><strong>Resumos de novelas<\/strong><\/a><\/p>\n","protected":false},"excerpt":{"rendered":"<p>Petra decide ir at\u00e9 o Paj\u00e9 para tentar a cura; \ud835\udc00\ud835\udc25\ud835\udc22\ud835\udc27\ud835\udc1e \ud835\udc1a\ud835\udc2c\ud835\udc2c\ud835\udc22\ud835\udc27\ud835\udc1a \ud835\udc28 \ud835\udc1c\ud835\udc28\ud835\udc27\ud835\udc2d\ud835\udc2b\ud835\udc1a\ud835\udc2d\ud835\udc28 \ud835\udc1d\ud835\udc1e \ud835\udc2c\ud835\udc28\ud835\udc1c\ud835\udc22\ud835\udc1e\ud835\udc1d\ud835\udc1a\ud835\udc1d\ud835\udc1e \ud835\udc1c\ud835\udc28\ud835\udc26 \ud835\udc15\ud835\udc22\ud835\udc27\u00ed\ud835\udc1c\ud835\udc22\ud835\udc2e\ud835\udc2c; Caio oficializa o pedido de casamento com Aline; \ud835\udc0d\ud835\udc22\ud835\udc1c\ud835\udc1e \u00e9 \ud835\udc1e\ud835\udc27\ud835\udc1c\ud835\udc28\ud835\udc27\ud835\udc2d\ud835\udc2b\ud835\udc1a \ud835\udc26\ud835\udc28\ud835\udc2b\ud835\udc2d\ud835\udc1a \ud835\udc1e\ud835\udc26 \ud835\udc2c\ud835\udc1e\ud835\udc2e \ud835\udc1c\ud835\udc1a\ud835\udc2b\ud835\udc2b\ud835\udc28; Marino conclui que Irene \u00e9 respons\u00e1vel pelo assassinato de Nice&#8230;<\/p>\n","protected":false},"author":1,"featured_media":56441,"comment_status":"closed","ping_status":"closed","sticky":false,"template":"","format":"standard","meta":{"_uf_show_specific_survey":0,"_uf_disable_surveys":false,"_jetpack_memberships_contains_paid_content":false,"footnotes":"","_wp_rev_ctl_limit":""},"categories":[382],"tags":[5,64,383],"class_list":["post-56436","post","type-post","status-publish","format-standard","has-post-thumbnail","hentry","category-terra-e-paixao","tag-globo","tag-novelas","tag-terra-e-paixao","wpcat-382-id"],"aioseo_notices":[],"jetpack_featured_media_url":"https:\/\/i0.wp.com\/www.tvnovelas.com.br\/tvnews\/wp-content\/uploads\/2023\/09\/38138a.jpg?fit=728%2C410&ssl=1","jetpack_shortlink":"https:\/\/wp.me\/pdP2BO-eGg","jetpack_sharing_enabled":true,"_links":{"self":[{"href":"https:\/\/www.tvnovelas.com.br\/tvnews\/wp-json\/wp\/v2\/posts\/56436","targetHints":{"allow":["GET"]}}],"collection":[{"href":"https:\/\/www.tvnovelas.com.br\/tvnews\/wp-json\/wp\/v2\/posts"}],"about":[{"href":"https:\/\/www.tvnovelas.com.br\/tvnews\/wp-json\/wp\/v2\/types\/post"}],"author":[{"embeddable":true,"href":"https:\/\/www.tvnovelas.com.br\/tvnews\/wp-json\/wp\/v2\/users\/1"}],"replies":[{"embeddable":true,"href":"https:\/\/www.tvnovelas.com.br\/tvnews\/wp-json\/wp\/v2\/comments?post=56436"}],"version-history":[{"count":3,"href":"https:\/\/www.tvnovelas.com.br\/tvnews\/wp-json\/wp\/v2\/posts\/56436\/revisions"}],"predecessor-version":[{"id":56442,"href":"https:\/\/www.tvnovelas.com.br\/tvnews\/wp-json\/wp\/v2\/posts\/56436\/revisions\/56442"}],"wp:featuredmedia":[{"embeddable":true,"href":"https:\/\/www.tvnovelas.com.br\/tvnews\/wp-json\/wp\/v2\/media\/56441"}],"wp:attachment":[{"href":"https:\/\/www.tvnovelas.com.br\/tvnews\/wp-json\/wp\/v2\/media?parent=56436"}],"wp:term":[{"taxonomy":"category","embeddable":true,"href":"https:\/\/www.tvnovelas.com.br\/tvnews\/wp-json\/wp\/v2\/categories?post=56436"},{"taxonomy":"post_tag","embeddable":true,"href":"https:\/\/www.tvnovelas.com.br\/tvnews\/wp-json\/wp\/v2\/tags?post=56436"}],"curies":[{"name":"wp","href":"https:\/\/api.w.org\/{rel}","templated":true}]}}