{"id":56572,"date":"2023-09-26T09:26:23","date_gmt":"2023-09-26T12:26:23","guid":{"rendered":"https:\/\/www.tvnovelas.com.br\/tvnews\/?p=56572"},"modified":"2023-09-26T09:26:23","modified_gmt":"2023-09-26T12:26:23","slug":"todas-as-flores-vanessa-ameaca-expor-zoe","status":"publish","type":"post","link":"https:\/\/www.tvnovelas.com.br\/tvnews\/todas-as-flores-vanessa-ameaca-expor-zoe\/","title":{"rendered":"Todas as Flores: Vanessa amea\u00e7a expor Zo\u00e9"},"content":{"rendered":"<p><em>Em Todas as Flores: Vanessa amea\u00e7a expor Zo\u00e9<\/em><br \/>\n<img data-recalc-dims=\"1\" decoding=\"async\" class=\"alignnone wp-image-56573 size-full\" title=\"(Foto: TV Globo\/Todas as Flores)\" src=\"https:\/\/i0.wp.com\/www.tvnovelas.com.br\/tvnews\/wp-content\/uploads\/2023\/09\/38170.jpg?resize=728%2C410&#038;ssl=1\" alt=\"Foto em Todas as Flores: Vanessa amea\u00e7a expor Zo\u00e9\" width=\"728\" height=\"410\" srcset=\"https:\/\/i0.wp.com\/www.tvnovelas.com.br\/tvnews\/wp-content\/uploads\/2023\/09\/38170.jpg?w=728&amp;ssl=1 728w, https:\/\/i0.wp.com\/www.tvnovelas.com.br\/tvnews\/wp-content\/uploads\/2023\/09\/38170.jpg?resize=678%2C381&amp;ssl=1 678w\" sizes=\"(max-width: 728px) 100vw, 728px\" \/><\/p>\n<p>Em Todas as Flores, o tempo vai fechar na rela\u00e7\u00e3o entre Vanessa (Let\u00edcia Colin) e Zo\u00e9 (Regina Cas\u00e9). A estilista amea\u00e7a a pr\u00f3pria m\u00e3e para conseguir se livrar de Ma\u00edra (Sophie Charlotte), depois de armar um plano contra a mocinha. Ela diz que vai denunciar a vil\u00e3 para a pol\u00edcia, caso Zo\u00e9 n\u00e3o leve a perfumista para a fazenda de tr\u00e1fico humano.<\/p>\n<p>Em uma casa de praia, Zo\u00e9 chega de surpresa e encontra as duas filhas. No entanto, Vanessa n\u00e3o gosta nenhum pouco da chegada da m\u00e3e. &#8220;O que aconteceu com voc\u00ea? Ficou com saudade da sua filhinha com defeito? O seu cora\u00e7\u00e3o doeu? Voc\u00ea est\u00e1 carente, Zo\u00e9? \u00c9 isso?&#8221;, dispara ela. &#8220;Eu j\u00e1 sei o que voc\u00ea quer. Voc\u00ea quer acabar com a vida da tua irm\u00e3&#8221;, diz a m\u00e3e.<\/p>\n<p>Irritada, a estilista exp\u00f5e que n\u00e3o foi bem assim, pois quem chegou e mudou toda a sua vida foi Ma\u00edra. &#8220;N\u00e3o, quem acabou com a minha vida foi ela. Ela que tirou de mim. Tirou de mim o noivo, tirou de mim o pai do meu filho&#8221;, diz ela. No entanto, Zo\u00e9 rebate e afirma que n\u00e3o foi como Vanessa falou. &#8220;Ela n\u00e3o fez isso, Vanessa. Voc\u00ea sabe que ela n\u00e3o fez isso, mas eu n\u00e3o vou ficar discutindo com voc\u00ea, n\u00e3o&#8221;, diz.<\/p>\n<p>Em seguida, Zo\u00e9 lembra que tudo isso vai acabar, porque Ma\u00edra decidiu voltar para Piren\u00f3polis, em Goi\u00e1s, na cidade que ela morava com o pai antes de ele morrer. &#8220;Acabou! Agora, gra\u00e7as a Deus ela vai viajar, vai embora para Piren\u00f3polis ficar bem longe de voc\u00ea, gra\u00e7as a Deus&#8221;, afirma a vil\u00e3.<\/p>\n<p>Por\u00e9m, Vanessa dispara para a m\u00e3e com uma novidade sobre a ida da sua irm\u00e3 para um outro lugar. &#8220;Ela vai viajar mesmo, mam\u00e3e, s\u00f3 que n\u00e3o \u00e9 para Piren\u00f3polis, n\u00e3o&#8221;, diz ela, que \u00e9 questionada em seguida pela m\u00e3e. &#8220;Como n\u00e3o?&#8221;.<\/p>\n<p>&#8220;Foi providencial essa sua visitinha aqui, porque assim ela pode sair direto daqui para aquela fazendinha, para onde voc\u00ea leva as pessoas que voc\u00ea escolhe&#8221;, diz Vanessa.<\/p>\n<p>&#8220;Como \u00e9 que \u00e9, Vanessa? Voc\u00ea acha que ia ter coragem de mandar a sua irm\u00e3 para aquela fazenda? Olha, eu te digo mais. Se voc\u00ea n\u00e3o assumir o que voc\u00ea fez, Vanessa, eu vou contar tudo para a Ma\u00edra, hein&#8221;, diz Zo\u00e9.<\/p>\n<p>Nesse momento, Vanessa amea\u00e7a expor todos os crimes da sua m\u00e3e, caso ela n\u00e3o mande a irm\u00e3 para a fazenda de tr\u00e1fico humano.<\/p>\n<p>&#8220;Faz isso. Conta, sim, e eu vou aproveitar tamb\u00e9m e entrego para as pessoas o que eu sei de voc\u00ea&#8221;, dispara a estilista.<\/p>\n<p>A vil\u00e3 rebate e diz que a filha n\u00e3o sabe nada sobre ela e seus neg\u00f3cios. &#8220;Galo e Chiquinho da Gamboa. Esses nomes te lembram alguma coisa? Eu vou falar tudo para o Rafael e para a Judite, m\u00e3e. Eu vou falar para eles que voc\u00ea tem a profiss\u00e3o de traficante de gente&#8221;, diz ela. &#8220;Voc\u00ea n\u00e3o seria capaz&#8221;, afirma Zo\u00e9.<\/p>\n<p>Em seguida, Vanessa faz novamente a amea\u00e7a para que a m\u00e3e n\u00e3o tenha os seus neg\u00f3cios ilegais expostos. &#8220;Eu sou capaz, sim. Voc\u00ea n\u00e3o acredita? Quer pagar para ver? Olha s\u00f3, a escolha \u00e9 a seguinte: ou voc\u00ea leva a sua filhinha cega para a fazenda dos escravos e fica quietinha ou ent\u00e3o eu te entrego para a pol\u00edcia. Voc\u00ea vai presa e eu acabo com a sua vida. E a\u00ed? Qual vai ser?&#8221;, questiona ela.<br \/>\n<a href=\"https:\/\/wp.me\/p8dmjy-9zr\" target=\"_blank\" rel=\"noopener\">Resumos dos cap\u00edtulos da semana de Todas as Flores<\/a><br \/>\n<strong style=\"font-size: 120%;\">\u00daltimas not\u00edcias de Todas as Flores:<\/strong><br \/>\n<div class=\"pt-cv-wrapper\"><div class=\"pt-cv-view pt-cv-grid pt-cv-colsys\" id=\"pt-cv-view-57ad3a3tms\"><div data-id=\"pt-cv-page-1\" class=\"pt-cv-page\" data-cvc=\"1\"><div class=\"col-md-12 col-sm-12 col-xs-12 pt-cv-content-item pt-cv-1-col\" ><div class='pt-cv-ifield'><h4 class=\"pt-cv-title\"><a href=\"https:\/\/www.tvnovelas.com.br\/tvnews\/todas-as-flores-no-fim-acerto-de-contas-entre-maira-vanessa-e-zoe\/\" class=\"_self\" target=\"_self\" >Todas as Flores: No fim, acerto de contas entre Ma\u00edra, Vanessa e Zo\u00e9<\/a><\/h4><\/div><\/div>\n<div class=\"col-md-12 col-sm-12 col-xs-12 pt-cv-content-item pt-cv-1-col\" ><div class='pt-cv-ifield'><h4 class=\"pt-cv-title\"><a href=\"https:\/\/www.tvnovelas.com.br\/tvnews\/todas-as-flores-pablo-trai-vanessa-e-prende-estilista-no-porao\/\" class=\"_self\" target=\"_self\" >Todas as Flores: Pablo trai Vanessa e prende estilista no por\u00e3o<\/a><\/h4><\/div><\/div>\n<div class=\"col-md-12 col-sm-12 col-xs-12 pt-cv-content-item pt-cv-1-col\" ><div class='pt-cv-ifield'><h4 class=\"pt-cv-title\"><a href=\"https:\/\/www.tvnovelas.com.br\/tvnews\/todas-as-flores-olavo-arma-para-eliminar-rafael\/\" class=\"_self\" target=\"_self\" >Todas as Flores: Olavo arma para eliminar Rafael<\/a><\/h4><\/div><\/div>\n<div class=\"col-md-12 col-sm-12 col-xs-12 pt-cv-content-item pt-cv-1-col\" ><div class='pt-cv-ifield'><h4 class=\"pt-cv-title\"><a href=\"https:\/\/www.tvnovelas.com.br\/tvnews\/todas-as-flores-vanessa-sequestra-e-prende-zoe-em-porao\/\" class=\"_self\" target=\"_self\" >Todas as Flores: Vanessa sequestra e prende Zo\u00e9 em por\u00e3o<\/a><\/h4><\/div><\/div>\n<div class=\"col-md-12 col-sm-12 col-xs-12 pt-cv-content-item pt-cv-1-col\" ><div class='pt-cv-ifield'><h4 class=\"pt-cv-title\"><a href=\"https:\/\/www.tvnovelas.com.br\/tvnews\/todas-as-flores-zoe-mata-humberto\/\" class=\"_self\" target=\"_self\" >Todas as Flores: Zo\u00e9 mata Humberto<\/a><\/h4><\/div><\/div>\n<div class=\"col-md-12 col-sm-12 col-xs-12 pt-cv-content-item pt-cv-1-col\" ><div class='pt-cv-ifield'><h4 class=\"pt-cv-title\"><a href=\"https:\/\/www.tvnovelas.com.br\/tvnews\/todas-as-flores-humberto-resgata-judite-de-sequestrada-por-zoe\/\" class=\"_self\" target=\"_self\" >Todas as Flores: Humberto resgata Judite de sequestrada por Zo\u00e9<\/a><\/h4><\/div><\/div><\/div><\/div><\/div><br \/>\n<strong style=\"font-size: 120%;\">\u00daltimas not\u00edcias deste canal:<\/strong><br \/>\n<div class=\"pt-cv-wrapper\"><div class=\"pt-cv-view pt-cv-grid pt-cv-colsys\" id=\"pt-cv-view-90991035b3\"><div data-id=\"pt-cv-page-1\" class=\"pt-cv-page\" data-cvc=\"1\"><div class=\"col-md-12 col-sm-12 col-xs-12 pt-cv-content-item pt-cv-1-col\" ><div class='pt-cv-ifield'><h4 class=\"pt-cv-title\"><a href=\"https:\/\/www.tvnovelas.com.br\/tvnews\/coracao-de-mae-atilla-confronta-hasan-e-exige-o-divorcio-de-lale\/\" class=\"_self\" target=\"_self\" >Cora\u00e7\u00e3o de M\u00e3e: Atilla confronta Hasan e exige o div\u00f3rcio de Lale<\/a><\/h4><\/div><\/div>\n<div class=\"col-md-12 col-sm-12 col-xs-12 pt-cv-content-item pt-cv-1-col\" ><div class='pt-cv-ifield'><h4 class=\"pt-cv-title\"><a href=\"https:\/\/www.tvnovelas.com.br\/tvnews\/guerra-das-rosas-gulfem-coloca-gulru-contra-a-parede\/\" class=\"_self\" target=\"_self\" >Guerra das Rosas: Gulfem coloca Gulru contra a parede<\/a><\/h4><\/div><\/div>\n<div class=\"col-md-12 col-sm-12 col-xs-12 pt-cv-content-item pt-cv-1-col\" ><div class='pt-cv-ifield'><h4 class=\"pt-cv-title\"><a href=\"https:\/\/www.tvnovelas.com.br\/tvnews\/coracao-de-mae-atilla-diz-a-lale-que-quer-o-divorcio\/\" class=\"_self\" target=\"_self\" >Cora\u00e7\u00e3o de M\u00e3e: Atilla diz a Lale que quer o div\u00f3rcio<\/a><\/h4><\/div><\/div>\n<div class=\"col-md-12 col-sm-12 col-xs-12 pt-cv-content-item pt-cv-1-col\" ><div class='pt-cv-ifield'><h4 class=\"pt-cv-title\"><a href=\"https:\/\/www.tvnovelas.com.br\/tvnews\/a-nobreza-do-amor-mirinho-garante-noivado-com-virginia-para-atrair-sogro-a-negocio\/\" class=\"_self\" target=\"_self\" >A Nobreza do Amor: Mirinho garante noivado com Virg\u00ednia para atrair sogro a neg\u00f3cio<\/a><\/h4><\/div><\/div>\n<div class=\"col-md-12 col-sm-12 col-xs-12 pt-cv-content-item pt-cv-1-col\" ><div class='pt-cv-ifield'><h4 class=\"pt-cv-title\"><a href=\"https:\/\/www.tvnovelas.com.br\/tvnews\/tres-gracas-joaquim-propoe-fuga-a-arminda-com-o-dinheiro-das-tres-gracas\/\" class=\"_self\" target=\"_self\" >Tr\u00eas Gra\u00e7as:  Joaquim prop\u00f5e fuga a Arminda com o dinheiro das Tr\u00eas Gra\u00e7as<\/a><\/h4><\/div><\/div>\n<div class=\"col-md-12 col-sm-12 col-xs-12 pt-cv-content-item pt-cv-1-col\" ><div class='pt-cv-ifield'><h4 class=\"pt-cv-title\"><a href=\"https:\/\/www.tvnovelas.com.br\/tvnews\/coracao-de-mae-atilla-decide-abrir-o-jogo-com-karsu\/\" class=\"_self\" target=\"_self\" >Cora\u00e7\u00e3o de M\u00e3e: Atilla decide abrir o jogo com Karsu<\/a><\/h4><\/div><\/div>\n<div class=\"col-md-12 col-sm-12 col-xs-12 pt-cv-content-item pt-cv-1-col\" ><div class='pt-cv-ifield'><h4 class=\"pt-cv-title\"><a href=\"https:\/\/www.tvnovelas.com.br\/tvnews\/coracao-de-mae-adnan-e-preso-apos-denuncia-de-irmak\/\" class=\"_self\" target=\"_self\" >Em Cora\u00e7\u00e3o de M\u00e3e: Adnan \u00e9 preso ap\u00f3s denuncia de Irmak<\/a><\/h4><\/div><\/div>\n<div class=\"col-md-12 col-sm-12 col-xs-12 pt-cv-content-item pt-cv-1-col\" ><div class='pt-cv-ifield'><h4 class=\"pt-cv-title\"><a href=\"https:\/\/www.tvnovelas.com.br\/tvnews\/coracao-de-mae-atilla-forca-karsu-a-ouvir-suas-explicacoes\/\" class=\"_self\" target=\"_self\" >Cora\u00e7\u00e3o de M\u00e3e: Atilla for\u00e7a Karsu a ouvir suas explica\u00e7\u00f5es<\/a><\/h4><\/div><\/div>\n<div class=\"col-md-12 col-sm-12 col-xs-12 pt-cv-content-item pt-cv-1-col\" ><div class='pt-cv-ifield'><h4 class=\"pt-cv-title\"><a href=\"https:\/\/www.tvnovelas.com.br\/tvnews\/coracao-acelerado-mulher-choca-janete-ao-se-apresentar-como-amante-do-palhares\/\" class=\"_self\" target=\"_self\" >Cora\u00e7\u00e3o Acelerado: Mulher choca Janete ao se apresentar como amante do Palhares<\/a><\/h4><\/div><\/div>\n<div class=\"col-md-12 col-sm-12 col-xs-12 pt-cv-content-item pt-cv-1-col\" ><div class='pt-cv-ifield'><h4 class=\"pt-cv-title\"><a href=\"https:\/\/www.tvnovelas.com.br\/tvnews\/a-nobreza-do-amor-jendal-dobra-a-recompensa-por-alika\/\" class=\"_self\" target=\"_self\" >A Nobreza do Amor: Jendal dobra a recompensa por Alika<\/a><\/h4><\/div><\/div><\/div><\/div><\/div><br \/>\n<a href=\"https:\/\/www.tvnovelas.com.br\/novelas\/\"><strong>Confira os resumos da semana de todas novelas<\/strong><\/a><br \/>\n<a href=\"http:\/\/tvnovelas.com.br\/filmes\" target=\"_blank\" rel=\"noopener\">Veja tamb\u00e9m: Todas as telas: filmes e s\u00e9ries nos streamings<\/a><\/p>\n<h3>Confira tamb\u00e9m<\/h3>\n<p><a href=\"https:\/\/www.tvnovelas.com.br\/filmes\/\" target=\"_blank\" rel=\"noo 2 pener noreferrer noopener\"><strong>Programa\u00e7\u00e3o de filmes na TV aberta<\/strong><\/a><br \/>\n<a href=\"https:\/\/tvnovelas.com.br\/filmes\/filmes-e-series-ineditos-em-estreia-na-semana-na-netflix\/\" target=\"_blank\" rel=\"noopener noreferrer\"><strong>Estreias da semana na Netflix<\/strong><\/a><br \/>\n<a href=\"https:\/\/caetenews.com.br\/semana\/filmes-da-globo-na-sessao-da-tarde-desta-semana\/\" target=\"_blank\" rel=\"noopener\"><strong>Confira os filmes da semana na Sess\u00e3o da Tarde<\/strong><\/a><br \/>\n<a href=\"\/\/tvnovelas.com.br\/filmes\/filmes-em-estreia-nos-cinemas\/\" target=\"_blank\" rel=\"noopener noreferrer\"><strong>Estreias e novidades no Cinema<\/strong><\/a><br \/>\n<a href=\"https:\/\/www.tvnovelas.com.br\/novelas\/\" target=\"_blank\" rel=\"noopener noreferrer\"><strong>Resumos de novelas<\/strong><\/a><\/p>\n","protected":false},"excerpt":{"rendered":"<p>Em Todas as Flores, o tempo vai fechar na rela\u00e7\u00e3o entre Vanessa (Let\u00edcia Colin) e Zo\u00e9 (Regina Cas\u00e9). A estilista amea\u00e7a a pr\u00f3pria m\u00e3e para conseguir se livrar de Ma\u00edra&#8230;<\/p>\n","protected":false},"author":1,"featured_media":56573,"comment_status":"closed","ping_status":"closed","sticky":false,"template":"","format":"standard","meta":{"_uf_show_specific_survey":0,"_uf_disable_surveys":false,"_jetpack_memberships_contains_paid_content":false,"footnotes":"","_wp_rev_ctl_limit":""},"categories":[236],"tags":[5,64,380],"class_list":["post-56572","post","type-post","status-publish","format-standard","has-post-thumbnail","hentry","category-globo","tag-globo","tag-novelas","tag-todas-as-flores","wpcat-236-id"],"aioseo_notices":[],"jetpack_featured_media_url":"https:\/\/i0.wp.com\/www.tvnovelas.com.br\/tvnews\/wp-content\/uploads\/2023\/09\/38170.jpg?fit=728%2C410&ssl=1","jetpack_shortlink":"https:\/\/wp.me\/pdP2BO-eIs","jetpack_sharing_enabled":true,"_links":{"self":[{"href":"https:\/\/www.tvnovelas.com.br\/tvnews\/wp-json\/wp\/v2\/posts\/56572","targetHints":{"allow":["GET"]}}],"collection":[{"href":"https:\/\/www.tvnovelas.com.br\/tvnews\/wp-json\/wp\/v2\/posts"}],"about":[{"href":"https:\/\/www.tvnovelas.com.br\/tvnews\/wp-json\/wp\/v2\/types\/post"}],"author":[{"embeddable":true,"href":"https:\/\/www.tvnovelas.com.br\/tvnews\/wp-json\/wp\/v2\/users\/1"}],"replies":[{"embeddable":true,"href":"https:\/\/www.tvnovelas.com.br\/tvnews\/wp-json\/wp\/v2\/comments?post=56572"}],"version-history":[{"count":1,"href":"https:\/\/www.tvnovelas.com.br\/tvnews\/wp-json\/wp\/v2\/posts\/56572\/revisions"}],"predecessor-version":[{"id":56574,"href":"https:\/\/www.tvnovelas.com.br\/tvnews\/wp-json\/wp\/v2\/posts\/56572\/revisions\/56574"}],"wp:featuredmedia":[{"embeddable":true,"href":"https:\/\/www.tvnovelas.com.br\/tvnews\/wp-json\/wp\/v2\/media\/56573"}],"wp:attachment":[{"href":"https:\/\/www.tvnovelas.com.br\/tvnews\/wp-json\/wp\/v2\/media?parent=56572"}],"wp:term":[{"taxonomy":"category","embeddable":true,"href":"https:\/\/www.tvnovelas.com.br\/tvnews\/wp-json\/wp\/v2\/categories?post=56572"},{"taxonomy":"post_tag","embeddable":true,"href":"https:\/\/www.tvnovelas.com.br\/tvnews\/wp-json\/wp\/v2\/tags?post=56572"}],"curies":[{"name":"wp","href":"https:\/\/api.w.org\/{rel}","templated":true}]}}