{"id":56742,"date":"2023-09-29T08:59:26","date_gmt":"2023-09-29T11:59:26","guid":{"rendered":"https:\/\/www.tvnovelas.com.br\/tvnews\/?p=56742"},"modified":"2023-09-29T08:59:26","modified_gmt":"2023-09-29T11:59:26","slug":"todas-as-flores-zoe-revela-segredo-de-maira-para-vanessa","status":"publish","type":"post","link":"https:\/\/www.tvnovelas.com.br\/tvnews\/todas-as-flores-zoe-revela-segredo-de-maira-para-vanessa\/","title":{"rendered":"Todas as Flores: Zo\u00e9 revela segredo de Ma\u00edra para Vanessa"},"content":{"rendered":"<p><em>Em Todas as Flores: Zo\u00e9 revela segredo<\/em><br \/>\n<img data-recalc-dims=\"1\" decoding=\"async\" class=\"alignnone wp-image-56743 size-full\" title=\"(Foto: TV Globo\/Todas as Flores)\" src=\"https:\/\/i0.wp.com\/www.tvnovelas.com.br\/tvnews\/wp-content\/uploads\/2023\/09\/38210.jpg?resize=728%2C410&#038;ssl=1\" alt=\"Foto em Todas as Flores: Zo\u00e9 revela segredo\" width=\"728\" height=\"410\" srcset=\"https:\/\/i0.wp.com\/www.tvnovelas.com.br\/tvnews\/wp-content\/uploads\/2023\/09\/38210.jpg?w=728&amp;ssl=1 728w, https:\/\/i0.wp.com\/www.tvnovelas.com.br\/tvnews\/wp-content\/uploads\/2023\/09\/38210.jpg?resize=678%2C381&amp;ssl=1 678w\" sizes=\"(max-width: 728px) 100vw, 728px\" \/><\/p>\n<p>Em Todas as Flores, Vanessa (Let\u00edcia Colin) acha que est\u00e1 com o jogo ganho. Primeiro, enganou a todos, fazendo com que pensem que o filho que acabou de ter \u00e9 de Rafael (Humberto Carr\u00e3o), quando, na verdade, \u00e9 de Pablo (Caio Castro). Depois, conseguiu se livrar da irm\u00e3, Ma\u00edra (Sophie Charlotte), ao fazer com que ela fosse enviada para uma fazenda de tr\u00e1fico humano.<\/p>\n<p>Vivendo na cobertura luxuosa do herdeiro da Rhodes no Leblon, ela recebe uma visita da m\u00e3e, Zo\u00e9 (Regina Cas\u00e9), que vai pedir dinheiro e dar uma not\u00edcia bomb\u00e1stica para a estilista. &#8220;Vanessa, enquanto a senhora est\u00e1 a\u00ed refestelada nesse sof\u00e1 como se fosse a rainha de sab\u00e1, eu estou no breu. Eu estou nas trevas. Eu estou no escuro l\u00e1 em casa. Voc\u00ea est\u00e1 ouvindo, sua ingrata?&#8221;, dispara a vil\u00e3.<\/p>\n<p>&#8220;Boa noite para voc\u00ea tamb\u00e9m, mam\u00e3ezinha querida! Vicente, amor, pode ir ao mercado fazer as compras? Suelen, leva o nenenzinho l\u00e1 para dentro. E, voc\u00ea, J\u00falia, apenas saia&#8221;, diz a estilista, que se vira e diz \u00e0 m\u00e3e. &#8220;Como voc\u00ea pode fazer isso? Que modos s\u00e3o esses? Aparecer sem avisar, mal interfonou e j\u00e1 vem subindo. Pelo amor de Deus, voc\u00ea me mata na frente dos meus funcion\u00e1rios&#8221;, afirma ela.<\/p>\n<p>Depois de escutar as reclama\u00e7\u00f5es da filha sobre a chegada de surpresa, a vil\u00e3 se queixa da sua situa\u00e7\u00e3o em seu apartamento. &#8220;Desculpa, sua alteza real. \u00c9 que houve um pequeno imprevisto, n\u00e9. Cortaram a luz da minha casa por falta de pagamento. Isso \u00e9 s\u00f3 para voc\u00ea ter no\u00e7\u00e3o do ponto que eu cheguei. Quer dizer do ponto que voc\u00ea me deixou chegar, Vanessa&#8221;, diz. &#8220;Sinto muito, mam\u00e3e, mas eu n\u00e3o tenho nada a ver com os seus neg\u00f3cios&#8221;, frisa Vanessa.<\/p>\n<p>Sem paci\u00eancia para a filha, Zo\u00e9 vai direto ao ponto sobre o motivo que a levou at\u00e9 o apartamento da filha. A vil\u00e3 vai atr\u00e1s da estilista para pedir dinheiro, e amea\u00e7a entregar Vanessa, caso ela n\u00e3o queira ajud\u00e1-la financeiramente.<\/p>\n<p>&#8220;Ou voc\u00ea p\u00f5e dinheiro na minha m\u00e3o agora ou eu vou acabar com essa palha\u00e7ada, hein. Eu vou falar para o Rafael que voc\u00ea n\u00e3o est\u00e1 doente coisa nenhuma. Eu vou falar para ele tudo que a gente fez com a Ma\u00edra. Que a gente n\u00e3o, o que voc\u00ea fez com a Ma\u00edra&#8221;, avisa ela.<\/p>\n<p>A estilista questiona a m\u00e3e como ela consegue ficar sem dinheiro fazendo parte de uma quadrilha de tr\u00e1fico de pessoas, al\u00e9m de receber uma quantia dada pela pr\u00f3pria Vanessa. &#8220;Explica para mim. Como voc\u00ea consegue ficar lisa mais uma vez? Me diz, porque isso \u00e9 uma arte, mam\u00e3e. As pessoas t\u00eam talento para isso, e voc\u00ea ganha dinheiro com as suas maracutaias e com a mesadinha que eu te dou&#8221;, diz a estilista. &#8220;O qu\u00ea? Aquela merreca?&#8221;, questiona Zo\u00e9. &#8220;Que que \u00e9? Voc\u00ea est\u00e1 devendo para agiota de novo? Fala para mim&#8221;, pergunta Vanessa.<\/p>\n<p>&#8220;N\u00e3o tenho que te dar satisfa\u00e7\u00e3o da minha vida&#8221;, dispara a vil\u00e3. &#8220;Mas \u00e9 sempre assim, Zo\u00e9. Seu dinheiro todo vai ou com macho ou vai em jogo ou vai em roupa. Dessa vez, mam\u00e3e, eu tenho certeza, sabe onde est\u00e1 a sua grana? Toda enterrada dentro do seu closet, que voc\u00ea fica comprando bolsa, sapato, bugiganga. N\u00e3o s\u00e3o nem coisas bonitas, que agora d\u00e1 para dizer que d\u00e1 para vender no second hand (segunda m\u00e3o). N\u00e3o d\u00e1, porque voc\u00ea \u00e9 cafona. Voc\u00ea \u00e9 muito idiota&#8221;, dispara Vanessa.<\/p>\n<p><strong>Revela\u00e7\u00e3o<\/strong><br \/>\nExausta de ouvir as ofensas da filha contra ela, Zo\u00e9 sobe o tom e faz amea\u00e7a para a estilista. &#8220;Chega! Chega de me insultar, chega de me ofender. Tudo tem limite, acabou. Ou voc\u00ea molha a minha m\u00e3o descendentemente ou&#8230;&#8221;, dispara ela.<\/p>\n<p>&#8220;Ou o qu\u00ea? Quer me entregar? Me entrega! Voc\u00ea vai ter coragem de entregar a m\u00e3e do seu pr\u00f3prio neto? Vai ter coragem de acabar com a minha vida? Voc\u00ea vai me botar na cadeia?&#8221;, questiona Vanessa.<\/p>\n<p>Sem aguentar aquela discuss\u00e3o com a filha, a vil\u00e3 diz que n\u00e3o est\u00e1 suportando a situa\u00e7\u00e3o que est\u00e1 vivendo e nem a ingratid\u00e3o da estilista. &#8220;N\u00e3o aguento mais! Eu n\u00e3o mere\u00e7o isso. \u00c9 muita coisa para mim, eu estou muito sozinha. Na minha casa est\u00e1 tudo escuro&#8221;, lamenta a vil\u00e3. &#8220;Vamos acalmar. Olha s\u00f3! Pensei em uma coisa boa. Eu vou te dar esse m\u00eas R$ 5 mil a mais, combinado? Para voc\u00ea voltar a ficar feliz&#8221;, indica Vanessa.<\/p>\n<p>Inicialmente, Zo\u00e9 n\u00e3o diz de cara o que est\u00e1 se passando pela sua cabe\u00e7a, apenas declara que Vanessa n\u00e3o entende o que est\u00e1 acontecendo. &#8220;Sabe de nada. Voc\u00ea n\u00e3o est\u00e1 entendendo nada do que est\u00e1 acontecendo. N\u00e3o \u00e9 nada disso do que eu estou falando&#8221;, diz ela.<\/p>\n<p>Sem saber do que se trata, a estilista acredita que a m\u00e3e se refere aos acordos da quadrilha do esquema ilegal de tr\u00e1fico. &#8220;Eu n\u00e3o quero entender nada mesmo, esses neg\u00f3cios, pelo amor de Deus. Me tire fora dessa&#8221;, diz ela. &#8220;Que neg\u00f3cios sujos? Eu estou falando da Ma\u00edra&#8221;, indica a vil\u00e3.<\/p>\n<p>Irritada ap\u00f3s a m\u00e3e tocar na conversa sobre Ma\u00edra, Vanessa fala para Zo\u00e9 deixar de lado a perfumista e tocar a sua vida.<\/p>\n<p>&#8220;Ma\u00edra, meu Deus do c\u00e9u, que obsess\u00e3o que as pessoas todas t\u00eam por Ma\u00edra. Esquece ela. Ela \u00e9 p\u00e1gina virada. Vamos olhar para a frente, m\u00e3e. Segue seu caminho&#8221;, diz ela.<\/p>\n<p>Depois de fazer rodeios sobre a informa\u00e7\u00e3o que guarda at\u00e9 ent\u00e3o para si, Zo\u00e9 decide contar para Vanessa. &#8220;A Ma\u00edra est\u00e1 gr\u00e1vida&#8221;, dispara ela. &#8220;O qu\u00ea?&#8221;, questiona a estilista. &#8220;\u00c9 isso! A Ma\u00edra est\u00e1 esperando um filho e o pai s\u00f3 pode ser o Rafael&#8221;, afirma a vil\u00e3.<br \/>\n<a href=\"https:\/\/wp.me\/p8dmjy-9zr\" target=\"_blank\" rel=\"noopener\">Resumos dos cap\u00edtulos da semana de Todas as Flores<\/a><br \/>\n<strong style=\"font-size: 120%;\">\u00daltimas not\u00edcias de Todas as Flores:<\/strong><br \/>\n<div class=\"pt-cv-wrapper\"><div class=\"pt-cv-view pt-cv-grid pt-cv-colsys\" id=\"pt-cv-view-57ad3a3tms\"><div data-id=\"pt-cv-page-1\" class=\"pt-cv-page\" data-cvc=\"1\"><div class=\"col-md-12 col-sm-12 col-xs-12 pt-cv-content-item pt-cv-1-col\" ><div class='pt-cv-ifield'><h4 class=\"pt-cv-title\"><a href=\"https:\/\/www.tvnovelas.com.br\/tvnews\/todas-as-flores-no-fim-acerto-de-contas-entre-maira-vanessa-e-zoe\/\" class=\"_self\" target=\"_self\" >Todas as Flores: No fim, acerto de contas entre Ma\u00edra, Vanessa e Zo\u00e9<\/a><\/h4><\/div><\/div>\n<div class=\"col-md-12 col-sm-12 col-xs-12 pt-cv-content-item pt-cv-1-col\" ><div class='pt-cv-ifield'><h4 class=\"pt-cv-title\"><a href=\"https:\/\/www.tvnovelas.com.br\/tvnews\/todas-as-flores-pablo-trai-vanessa-e-prende-estilista-no-porao\/\" class=\"_self\" target=\"_self\" >Todas as Flores: Pablo trai Vanessa e prende estilista no por\u00e3o<\/a><\/h4><\/div><\/div>\n<div class=\"col-md-12 col-sm-12 col-xs-12 pt-cv-content-item pt-cv-1-col\" ><div class='pt-cv-ifield'><h4 class=\"pt-cv-title\"><a href=\"https:\/\/www.tvnovelas.com.br\/tvnews\/todas-as-flores-olavo-arma-para-eliminar-rafael\/\" class=\"_self\" target=\"_self\" >Todas as Flores: Olavo arma para eliminar Rafael<\/a><\/h4><\/div><\/div>\n<div class=\"col-md-12 col-sm-12 col-xs-12 pt-cv-content-item pt-cv-1-col\" ><div class='pt-cv-ifield'><h4 class=\"pt-cv-title\"><a href=\"https:\/\/www.tvnovelas.com.br\/tvnews\/todas-as-flores-vanessa-sequestra-e-prende-zoe-em-porao\/\" class=\"_self\" target=\"_self\" >Todas as Flores: Vanessa sequestra e prende Zo\u00e9 em por\u00e3o<\/a><\/h4><\/div><\/div>\n<div class=\"col-md-12 col-sm-12 col-xs-12 pt-cv-content-item pt-cv-1-col\" ><div class='pt-cv-ifield'><h4 class=\"pt-cv-title\"><a href=\"https:\/\/www.tvnovelas.com.br\/tvnews\/todas-as-flores-zoe-mata-humberto\/\" class=\"_self\" target=\"_self\" >Todas as Flores: Zo\u00e9 mata Humberto<\/a><\/h4><\/div><\/div>\n<div class=\"col-md-12 col-sm-12 col-xs-12 pt-cv-content-item pt-cv-1-col\" ><div class='pt-cv-ifield'><h4 class=\"pt-cv-title\"><a href=\"https:\/\/www.tvnovelas.com.br\/tvnews\/todas-as-flores-humberto-resgata-judite-de-sequestrada-por-zoe\/\" class=\"_self\" target=\"_self\" >Todas as Flores: Humberto resgata Judite de sequestrada por Zo\u00e9<\/a><\/h4><\/div><\/div><\/div><\/div><\/div><br \/>\n<strong style=\"font-size: 120%;\">\u00daltimas not\u00edcias deste canal:<\/strong><br \/>\n<div class=\"pt-cv-wrapper\"><div class=\"pt-cv-view pt-cv-grid pt-cv-colsys\" id=\"pt-cv-view-90991035b3\"><div data-id=\"pt-cv-page-1\" class=\"pt-cv-page\" data-cvc=\"1\"><div class=\"col-md-12 col-sm-12 col-xs-12 pt-cv-content-item pt-cv-1-col\" ><div class='pt-cv-ifield'><h4 class=\"pt-cv-title\"><a href=\"https:\/\/www.tvnovelas.com.br\/tvnews\/a-nobreza-do-amor-mirinho-e-obrigado-a-resgatar-tonho\/\" class=\"_self\" target=\"_self\" >A Nobreza do Amor: Mirinho \u00e9 obrigado a resgatar Tonho<\/a><\/h4><\/div><\/div>\n<div class=\"col-md-12 col-sm-12 col-xs-12 pt-cv-content-item pt-cv-1-col\" ><div class='pt-cv-ifield'><h4 class=\"pt-cv-title\"><a href=\"https:\/\/www.tvnovelas.com.br\/tvnews\/tres-gracas-paulinho-e-afastado-da-policia-por-causa-de-gerluce\/\" class=\"_self\" target=\"_self\" >Tr\u00eas Gra\u00e7as: Paulinho \u00e9 afastado da pol\u00edcia por causa de Gerluce<\/a><\/h4><\/div><\/div>\n<div class=\"col-md-12 col-sm-12 col-xs-12 pt-cv-content-item pt-cv-1-col\" ><div class='pt-cv-ifield'><h4 class=\"pt-cv-title\"><a href=\"https:\/\/www.tvnovelas.com.br\/tvnews\/coracao-de-mae-irmak-inicia-jogo-arriscado-contra-adnan\/\" class=\"_self\" target=\"_self\" >Cora\u00e7\u00e3o de M\u00e3e: Irmak inicia jogo arriscado contra Adnan<\/a><\/h4><\/div><\/div>\n<div class=\"col-md-12 col-sm-12 col-xs-12 pt-cv-content-item pt-cv-1-col\" ><div class='pt-cv-ifield'><h4 class=\"pt-cv-title\"><a href=\"https:\/\/www.tvnovelas.com.br\/tvnews\/guerra-das-rosas-omer-chama-gulru-vestida-de-noiva-para-fugir\/\" class=\"_self\" target=\"_self\" >Guerra das Rosas: Omer chama Gulru vestida de noiva para fugir<\/a><\/h4><\/div><\/div>\n<div class=\"col-md-12 col-sm-12 col-xs-12 pt-cv-content-item pt-cv-1-col\" ><div class='pt-cv-ifield'><h4 class=\"pt-cv-title\"><a href=\"https:\/\/www.tvnovelas.com.br\/tvnews\/coracao-de-mae-reha-sai-para-jantar-com-selvi\/\" class=\"_self\" target=\"_self\" >Cora\u00e7\u00e3o de M\u00e3e: Reha sai para jantar com Selvi<\/a><\/h4><\/div><\/div>\n<div class=\"col-md-12 col-sm-12 col-xs-12 pt-cv-content-item pt-cv-1-col\" ><div class='pt-cv-ifield'><h4 class=\"pt-cv-title\"><a href=\"https:\/\/www.tvnovelas.com.br\/tvnews\/coracao-acelerado-zila-se-preocupa-com-sua-situacao-apos-separacao\/\" class=\"_self\" target=\"_self\" >Cora\u00e7\u00e3o Acelerado: Zil\u00e1 se preocupa com sua situa\u00e7\u00e3o ap\u00f3s separa\u00e7\u00e3o<\/a><\/h4><\/div><\/div>\n<div class=\"col-md-12 col-sm-12 col-xs-12 pt-cv-content-item pt-cv-1-col\" ><div class='pt-cv-ifield'><h4 class=\"pt-cv-title\"><a href=\"https:\/\/www.tvnovelas.com.br\/tvnews\/a-nobreza-do-amor-tonho-nao-se-curva-diante-de-mirinho\/\" class=\"_self\" target=\"_self\" >A Nobreza do Amor: Tonho n\u00e3o se curva diante de Mirinho<\/a><\/h4><\/div><\/div>\n<div class=\"col-md-12 col-sm-12 col-xs-12 pt-cv-content-item pt-cv-1-col\" ><div class='pt-cv-ifield'><h4 class=\"pt-cv-title\"><a href=\"https:\/\/www.tvnovelas.com.br\/tvnews\/tres-gracas-arminda-surta-ao-confirmar-que-ferette-e-pai-de-raul\/\" class=\"_self\" target=\"_self\" >Tr\u00eas Gra\u00e7as:  Arminda surta ao confirmar que Ferette \u00e9 pai de Raul<\/a><\/h4><\/div><\/div>\n<div class=\"col-md-12 col-sm-12 col-xs-12 pt-cv-content-item pt-cv-1-col\" ><div class='pt-cv-ifield'><h4 class=\"pt-cv-title\"><a href=\"https:\/\/www.tvnovelas.com.br\/tvnews\/coracao-de-mae-atilla-confronta-hasan-e-exige-o-divorcio-de-lale\/\" class=\"_self\" target=\"_self\" >Cora\u00e7\u00e3o de M\u00e3e: Atilla confronta Hasan e exige o div\u00f3rcio de Lale<\/a><\/h4><\/div><\/div>\n<div class=\"col-md-12 col-sm-12 col-xs-12 pt-cv-content-item pt-cv-1-col\" ><div class='pt-cv-ifield'><h4 class=\"pt-cv-title\"><a href=\"https:\/\/www.tvnovelas.com.br\/tvnews\/guerra-das-rosas-gulfem-coloca-gulru-contra-a-parede\/\" class=\"_self\" target=\"_self\" >Guerra das Rosas: Gulfem coloca Gulru contra a parede<\/a><\/h4><\/div><\/div><\/div><\/div><\/div><br \/>\n<a href=\"https:\/\/www.tvnovelas.com.br\/novelas\/\"><strong>Confira os resumos da semana de todas novelas<\/strong><\/a><br \/>\n<a href=\"http:\/\/tvnovelas.com.br\/filmes\" target=\"_blank\" rel=\"noopener\">Veja tamb\u00e9m: Todas as telas: filmes e s\u00e9ries nos streamings<\/a><\/p>\n<h3>Confira tamb\u00e9m<\/h3>\n<p><a href=\"https:\/\/www.tvnovelas.com.br\/filmes\/\" target=\"_blank\" rel=\"noo 2 pener noreferrer noopener\"><strong>Programa\u00e7\u00e3o de filmes na TV aberta<\/strong><\/a><br \/>\n<a href=\"https:\/\/tvnovelas.com.br\/filmes\/filmes-e-series-ineditos-em-estreia-na-semana-na-netflix\/\" target=\"_blank\" rel=\"noopener noreferrer\"><strong>Estreias da semana na Netflix<\/strong><\/a><br \/>\n<a href=\"https:\/\/caetenews.com.br\/semana\/filmes-da-globo-na-sessao-da-tarde-desta-semana\/\" target=\"_blank\" rel=\"noopener\"><strong>Confira os filmes da semana na Sess\u00e3o da Tarde<\/strong><\/a><br \/>\n<a href=\"\/\/tvnovelas.com.br\/filmes\/filmes-em-estreia-nos-cinemas\/\" target=\"_blank\" rel=\"noopener noreferrer\"><strong>Estreias e novidades no Cinema<\/strong><\/a><br \/>\n<a href=\"https:\/\/www.tvnovelas.com.br\/novelas\/\" target=\"_blank\" rel=\"noopener noreferrer\"><strong>Resumos de novelas<\/strong><\/a><\/p>\n","protected":false},"excerpt":{"rendered":"<p>Em Todas as Flores, Vanessa (Let\u00edcia Colin) acha que est\u00e1 com o jogo ganho. Primeiro, enganou a todos, fazendo com que pensem que o filho que acabou de ter \u00e9 de Rafael&#8230;<\/p>\n","protected":false},"author":1,"featured_media":56743,"comment_status":"closed","ping_status":"closed","sticky":false,"template":"","format":"standard","meta":{"_uf_show_specific_survey":0,"_uf_disable_surveys":false,"_jetpack_memberships_contains_paid_content":false,"footnotes":"","_wp_rev_ctl_limit":""},"categories":[236],"tags":[5,64,380],"class_list":["post-56742","post","type-post","status-publish","format-standard","has-post-thumbnail","hentry","category-globo","tag-globo","tag-novelas","tag-todas-as-flores","wpcat-236-id"],"aioseo_notices":[],"jetpack_featured_media_url":"https:\/\/i0.wp.com\/www.tvnovelas.com.br\/tvnews\/wp-content\/uploads\/2023\/09\/38210.jpg?fit=728%2C410&ssl=1","jetpack_shortlink":"https:\/\/wp.me\/pdP2BO-eLc","jetpack_sharing_enabled":true,"_links":{"self":[{"href":"https:\/\/www.tvnovelas.com.br\/tvnews\/wp-json\/wp\/v2\/posts\/56742","targetHints":{"allow":["GET"]}}],"collection":[{"href":"https:\/\/www.tvnovelas.com.br\/tvnews\/wp-json\/wp\/v2\/posts"}],"about":[{"href":"https:\/\/www.tvnovelas.com.br\/tvnews\/wp-json\/wp\/v2\/types\/post"}],"author":[{"embeddable":true,"href":"https:\/\/www.tvnovelas.com.br\/tvnews\/wp-json\/wp\/v2\/users\/1"}],"replies":[{"embeddable":true,"href":"https:\/\/www.tvnovelas.com.br\/tvnews\/wp-json\/wp\/v2\/comments?post=56742"}],"version-history":[{"count":1,"href":"https:\/\/www.tvnovelas.com.br\/tvnews\/wp-json\/wp\/v2\/posts\/56742\/revisions"}],"predecessor-version":[{"id":56744,"href":"https:\/\/www.tvnovelas.com.br\/tvnews\/wp-json\/wp\/v2\/posts\/56742\/revisions\/56744"}],"wp:featuredmedia":[{"embeddable":true,"href":"https:\/\/www.tvnovelas.com.br\/tvnews\/wp-json\/wp\/v2\/media\/56743"}],"wp:attachment":[{"href":"https:\/\/www.tvnovelas.com.br\/tvnews\/wp-json\/wp\/v2\/media?parent=56742"}],"wp:term":[{"taxonomy":"category","embeddable":true,"href":"https:\/\/www.tvnovelas.com.br\/tvnews\/wp-json\/wp\/v2\/categories?post=56742"},{"taxonomy":"post_tag","embeddable":true,"href":"https:\/\/www.tvnovelas.com.br\/tvnews\/wp-json\/wp\/v2\/tags?post=56742"}],"curies":[{"name":"wp","href":"https:\/\/api.w.org\/{rel}","templated":true}]}}