{"id":56954,"date":"2023-10-04T11:56:44","date_gmt":"2023-10-04T14:56:44","guid":{"rendered":"https:\/\/www.tvnovelas.com.br\/tvnews\/?p=56954"},"modified":"2023-10-04T11:56:44","modified_gmt":"2023-10-04T14:56:44","slug":"todas-as-flores-vanessa-humilha-humberto-e-ameaca-revelar-crime","status":"publish","type":"post","link":"https:\/\/www.tvnovelas.com.br\/tvnews\/todas-as-flores-vanessa-humilha-humberto-e-ameaca-revelar-crime\/","title":{"rendered":"Todas as Flores: Vanessa humilha Humberto e amea\u00e7a revelar crime"},"content":{"rendered":"<p><em>Em Todas as Flores: Vanessa humilha Humberto<\/em><br \/>\n<img data-recalc-dims=\"1\" decoding=\"async\" class=\"alignnone wp-image-56955 size-full\" title=\"(Foto: TV Globo\/Todas as Flores)\" src=\"https:\/\/i0.wp.com\/www.tvnovelas.com.br\/tvnews\/wp-content\/uploads\/2023\/10\/38256.jpg?resize=728%2C410&#038;ssl=1\" alt=\"Foto em Todas as Flores: Vanessa humilha Humberto...\" width=\"728\" height=\"410\" srcset=\"https:\/\/i0.wp.com\/www.tvnovelas.com.br\/tvnews\/wp-content\/uploads\/2023\/10\/38256.jpg?w=728&amp;ssl=1 728w, https:\/\/i0.wp.com\/www.tvnovelas.com.br\/tvnews\/wp-content\/uploads\/2023\/10\/38256.jpg?resize=678%2C381&amp;ssl=1 678w\" sizes=\"(max-width: 728px) 100vw, 728px\" \/><\/p>\n<p>Em Todas as Flores, novo alvo na mira de Vanessa (Let\u00edcia Colin). Irritada com a volta de Ma\u00edra (Sophie Charlotte) ao Rio de Janeiro e por acreditar que todos est\u00e3o contra ela, a estilista procura Humberto (Fabio Assun\u00e7\u00e3o) para entender o porqu\u00ea de ele ter apoiado o retorno da perfumista. Ela acaba se enfurecendo com ele e coloca o diretor de marketing da Rhodes contra a parede. A vil\u00e3 amea\u00e7a revelar crime do homem para o filho, Rafael (Humberto Carr\u00e3o).<\/p>\n<p>&#8220;Tio Humberto, quero falar com voc\u00ea. Posso entrar?&#8221;, diz ela, ao entrar na sala do diretor de marketing. &#8220;Oh Vanessa, como voc\u00ea t\u00e1? T\u00e1 bem, t\u00e1 bonita. Fico feliz em te ver bem assim de sa\u00fade. E vem c\u00e1, me conta do Nico. Preciso visitar ele, n\u00e9&#8221;, afirma Humberto.<\/p>\n<p>Sem rodeios, Vanessa vai direto ao ponto e pergunta o que Humberto est\u00e1 conspirando com a sua m\u00e3e, Zo\u00e9 (Regina Cas\u00e9), e o motivo de tirar a perfumista da fazenda de tr\u00e1fico humano. &#8220;Vamos cortar o papo furado, tio. Eu vim aqui saber o que voc\u00ea e minha m\u00e3e est\u00e3o tramando&#8221;, diz ela. &#8220;Do que \u00e9 que voc\u00ea est\u00e1 falando?&#8221;, questiona ele, intrigado. &#8220;Eu estou falando da ideia imbecil de voc\u00eas dois de tirarem aquela miser\u00e1vel da fazenda e trazer para c\u00e1&#8221;, dispara a estilista.<\/p>\n<p>&#8220;Voc\u00ea est\u00e1 falando da Ma\u00edra?&#8221;, pergunta ele. &#8220;Isso&#8221;, diz ela. &#8220;Que fazenda? Eu n\u00e3o sei nada disso. Eu n\u00e3o tenho nada a ver com os neg\u00f3cios da sua m\u00e3e. Ali\u00e1s, a gente n\u00e3o se fala&#8221;, afirma o diretor de marketing.<\/p>\n<p>O clima entre os dois esquenta e Humberto e Vanessa come\u00e7am a discutir. &#8220;Por que voc\u00ea est\u00e1 se fazendo de sonso para mim? Se eu sei muito bem que voc\u00eas dois s\u00e3o amiguinhos, s\u00e3o parceiros e Deus sabe mais o qu\u00ea?&#8221;, questiona ela. &#8220;Ah, Vanessa, pelo amor de Deus, para, para. Voc\u00ea me respeita!&#8221;, dispara o pai de Rafael.<\/p>\n<p>Ao ver que ultrapassou os limites, a estilista tenta reverter a situa\u00e7\u00e3o e pede desculpa por ter envolvido o diretor de marketing nas tramoias da sua m\u00e3e. &#8220;Desculpa, desculpa. Eu sei, sei, eu cruzei uma barreira errada. Vamos sentar, vamos conversar. Eu n\u00e3o vou deixar essa desgra\u00e7ada destruir minha vida. Nem ela, nem voc\u00ea e nem ningu\u00e9m&#8221;, diz ela. &#8220;Eu que n\u00e3o vou admitir que voc\u00ea fale assim comigo. Sai da minha sala, garota&#8221;, grita ele.<\/p>\n<p>Em uma tentativa de consertar a sua ousadia na conversa com Humberto, ela volta atr\u00e1s, diminui o tom e explica que precisa da ajuda do diretor de marketing no plano contra Ma\u00edra. A estilista quer a volta da irm\u00e3 para a fazenda de tr\u00e1fico humano.<\/p>\n<p>&#8220;Tio, por favor, eu preciso que voc\u00ea me ajude. Eu preciso que voc\u00ea conven\u00e7a a minha m\u00e3e a despachar de uma vez por todas essa cega dos infernos para a fazenda. Eu fiz das tripas cora\u00e7\u00e3o, eu penei, para conseguir tirar essa cega do circuito. Para qu\u00ea? Para minha m\u00e3e jogar tudo por \u00e1gua abaixo. Simplesmente porque ela quer fazer a falsa m\u00e3e amorosa, que resgata a filhinha deficiente&#8221;, diz a estilista.<\/p>\n<p>Chocado com as palavras de Vanessa, o diretor de marketing dispara que a estilista n\u00e3o \u00e9 a mulher ideal para o seu filho e que a gravidez n\u00e3o a mudou em nada. &#8220;Nossa, eu achei que a maternidade fosse transformar voc\u00ea, mas, muito pelo contr\u00e1rio, voc\u00ea piorou. Voc\u00ea n\u00e3o \u00e9 digna do meu filho. Quero mais que o Rafael encontre com a Ma\u00edra e fique com ela. Imagina, ele n\u00e3o merece uma pessoa de quinta como voc\u00ea&#8221;, declara ele.<\/p>\n<p><strong>Clima acirrado<\/strong><br \/>\nVanessa, que n\u00e3o \u00e9 de deixar barato e costuma mostrar a sua vilania, principalmente em discuss\u00f5es, revida e humilha o pai de Rafael. &#8220;Voc\u00ea est\u00e1 defendendo seu filhinho para qu\u00ea? Todos esses anos de investimento nessa fam\u00edlia, tio, e eles est\u00e3o pouco se lixando para voc\u00ea. Sabe o que eles falam que voc\u00ea \u00e9? Voc\u00ea \u00e9 um incapaz, um zero \u00e0 esquerda, um parasita. Voc\u00ea tem muito mais a ganhar ficando do meu lado&#8221;, declara ela.<\/p>\n<p>O diretor de marketing ouve tudo aquilo perplexo e a sua rea\u00e7\u00e3o \u00e9 afirmar que vai contar quem \u00e9 a verdadeira Vanessa para o seu filho. &#8220;Eu vou falar para o Rafael quem voc\u00ea \u00e9. Eu vou abrir os olhos dele&#8221;, diz.<\/p>\n<p>Nesse momento, Vanessa eleva o tom da discuss\u00e3o ao jogar na mesa informa\u00e7\u00f5es sobre o passado de Humberto. Ela indica que sabe tudo sobre um crime do diretor de marketing e amea\u00e7a revelar para o presidente da Rhodes.<\/p>\n<p>&#8220;N\u00e3o vai nada. Voc\u00ea vai tirar dinheiro dele com a minha ajuda. Voc\u00ea n\u00e3o pode nada contra mim, nada. Voc\u00ea tem rabo preso com a Zo\u00e9 e por coincid\u00eancia comigo tamb\u00e9m. Aquele assalto da Rhodes dez anos atr\u00e1s. Eu fico pensando a cara que o Rafael vai fazer quando descobrir que era voc\u00ea por tr\u00e1s disso&#8221;, afirma ela.<\/p>\n<p>&#8220;Voc\u00ea n\u00e3o tem provas!&#8221;, esbraveja ele. &#8220;Tenho sim! Quer pagar para ver?&#8221;, rebate a estilista. &#8220;Sai daqui sua ordin\u00e1ria. Voc\u00ea \u00e9 pior que a sua m\u00e3e&#8221;, grita ele.<\/p>\n<p>A estilista continua e afirma que o diretor de marketing devia pensar bem de que lado ele est\u00e1, pois ela vai conquistar tudo que ela deseja. &#8220;Sou mesmo, sou muito pior do que ela. Pensa bem de que lado voc\u00ea vai jogar, porque eu vou ganhar, com ou sem voc\u00ea&#8221;, declara ela. &#8220;Sai daqui!&#8221;, grita Humberto.<br \/>\n<a href=\"https:\/\/wp.me\/p8dmjy-9zr\" target=\"_blank\" rel=\"noopener\">Resumos dos cap\u00edtulos da semana de Todas as Flores<\/a><br \/>\n<strong style=\"font-size: 120%;\">\u00daltimas not\u00edcias de Todas as Flores:<\/strong><br \/>\n<div class=\"pt-cv-wrapper\"><div class=\"pt-cv-view pt-cv-grid pt-cv-colsys\" id=\"pt-cv-view-57ad3a3tms\"><div data-id=\"pt-cv-page-1\" class=\"pt-cv-page\" data-cvc=\"1\"><div class=\"col-md-12 col-sm-12 col-xs-12 pt-cv-content-item pt-cv-1-col\" ><div class='pt-cv-ifield'><h4 class=\"pt-cv-title\"><a href=\"https:\/\/www.tvnovelas.com.br\/tvnews\/todas-as-flores-no-fim-acerto-de-contas-entre-maira-vanessa-e-zoe\/\" class=\"_self\" target=\"_self\" >Todas as Flores: No fim, acerto de contas entre Ma\u00edra, Vanessa e Zo\u00e9<\/a><\/h4><\/div><\/div>\n<div class=\"col-md-12 col-sm-12 col-xs-12 pt-cv-content-item pt-cv-1-col\" ><div class='pt-cv-ifield'><h4 class=\"pt-cv-title\"><a href=\"https:\/\/www.tvnovelas.com.br\/tvnews\/todas-as-flores-pablo-trai-vanessa-e-prende-estilista-no-porao\/\" class=\"_self\" target=\"_self\" >Todas as Flores: Pablo trai Vanessa e prende estilista no por\u00e3o<\/a><\/h4><\/div><\/div>\n<div class=\"col-md-12 col-sm-12 col-xs-12 pt-cv-content-item pt-cv-1-col\" ><div class='pt-cv-ifield'><h4 class=\"pt-cv-title\"><a href=\"https:\/\/www.tvnovelas.com.br\/tvnews\/todas-as-flores-olavo-arma-para-eliminar-rafael\/\" class=\"_self\" target=\"_self\" >Todas as Flores: Olavo arma para eliminar Rafael<\/a><\/h4><\/div><\/div>\n<div class=\"col-md-12 col-sm-12 col-xs-12 pt-cv-content-item pt-cv-1-col\" ><div class='pt-cv-ifield'><h4 class=\"pt-cv-title\"><a href=\"https:\/\/www.tvnovelas.com.br\/tvnews\/todas-as-flores-vanessa-sequestra-e-prende-zoe-em-porao\/\" class=\"_self\" target=\"_self\" >Todas as Flores: Vanessa sequestra e prende Zo\u00e9 em por\u00e3o<\/a><\/h4><\/div><\/div>\n<div class=\"col-md-12 col-sm-12 col-xs-12 pt-cv-content-item pt-cv-1-col\" ><div class='pt-cv-ifield'><h4 class=\"pt-cv-title\"><a href=\"https:\/\/www.tvnovelas.com.br\/tvnews\/todas-as-flores-zoe-mata-humberto\/\" class=\"_self\" target=\"_self\" >Todas as Flores: Zo\u00e9 mata Humberto<\/a><\/h4><\/div><\/div>\n<div class=\"col-md-12 col-sm-12 col-xs-12 pt-cv-content-item pt-cv-1-col\" ><div class='pt-cv-ifield'><h4 class=\"pt-cv-title\"><a href=\"https:\/\/www.tvnovelas.com.br\/tvnews\/todas-as-flores-humberto-resgata-judite-de-sequestrada-por-zoe\/\" class=\"_self\" target=\"_self\" >Todas as Flores: Humberto resgata Judite de sequestrada por Zo\u00e9<\/a><\/h4><\/div><\/div><\/div><\/div><\/div><br \/>\n<strong style=\"font-size: 120%;\">\u00daltimas not\u00edcias deste canal:<\/strong><br \/>\n<div class=\"pt-cv-wrapper\"><div class=\"pt-cv-view pt-cv-grid pt-cv-colsys\" id=\"pt-cv-view-90991035b3\"><div data-id=\"pt-cv-page-1\" class=\"pt-cv-page\" data-cvc=\"1\"><div class=\"col-md-12 col-sm-12 col-xs-12 pt-cv-content-item pt-cv-1-col\" ><div class='pt-cv-ifield'><h4 class=\"pt-cv-title\"><a href=\"https:\/\/www.tvnovelas.com.br\/tvnews\/guerra-das-rosas-cihan-vibra-com-desistencia-de-gulru-de-casar-com-mert\/\" class=\"_self\" target=\"_self\" >Guerra das Rosas: Cihan vibra com desist\u00eancia de Gulru de casar com Mert<\/a><\/h4><\/div><\/div>\n<div class=\"col-md-12 col-sm-12 col-xs-12 pt-cv-content-item pt-cv-1-col\" ><div class='pt-cv-ifield'><h4 class=\"pt-cv-title\"><a href=\"https:\/\/www.tvnovelas.com.br\/tvnews\/coracao-de-mae-irmak-denuncia-adnan\/\" class=\"_self\" target=\"_self\" >Cora\u00e7\u00e3o de M\u00e3e: Irmak denuncia Adnan<\/a><\/h4><\/div><\/div>\n<div class=\"col-md-12 col-sm-12 col-xs-12 pt-cv-content-item pt-cv-1-col\" ><div class='pt-cv-ifield'><h4 class=\"pt-cv-title\"><a href=\"https:\/\/www.tvnovelas.com.br\/tvnews\/a-nobreza-do-amor-mirinho-e-obrigado-a-resgatar-tonho\/\" class=\"_self\" target=\"_self\" >A Nobreza do Amor: Mirinho \u00e9 obrigado a resgatar Tonho<\/a><\/h4><\/div><\/div>\n<div class=\"col-md-12 col-sm-12 col-xs-12 pt-cv-content-item pt-cv-1-col\" ><div class='pt-cv-ifield'><h4 class=\"pt-cv-title\"><a href=\"https:\/\/www.tvnovelas.com.br\/tvnews\/tres-gracas-paulinho-e-afastado-da-policia-por-causa-de-gerluce\/\" class=\"_self\" target=\"_self\" >Tr\u00eas Gra\u00e7as: Paulinho \u00e9 afastado da pol\u00edcia por causa de Gerluce<\/a><\/h4><\/div><\/div>\n<div class=\"col-md-12 col-sm-12 col-xs-12 pt-cv-content-item pt-cv-1-col\" ><div class='pt-cv-ifield'><h4 class=\"pt-cv-title\"><a href=\"https:\/\/www.tvnovelas.com.br\/tvnews\/coracao-de-mae-irmak-inicia-jogo-arriscado-contra-adnan\/\" class=\"_self\" target=\"_self\" >Cora\u00e7\u00e3o de M\u00e3e: Irmak inicia jogo arriscado contra Adnan<\/a><\/h4><\/div><\/div>\n<div class=\"col-md-12 col-sm-12 col-xs-12 pt-cv-content-item pt-cv-1-col\" ><div class='pt-cv-ifield'><h4 class=\"pt-cv-title\"><a href=\"https:\/\/www.tvnovelas.com.br\/tvnews\/guerra-das-rosas-omer-chama-gulru-vestida-de-noiva-para-fugir\/\" class=\"_self\" target=\"_self\" >Guerra das Rosas: Omer chama Gulru vestida de noiva para fugir<\/a><\/h4><\/div><\/div>\n<div class=\"col-md-12 col-sm-12 col-xs-12 pt-cv-content-item pt-cv-1-col\" ><div class='pt-cv-ifield'><h4 class=\"pt-cv-title\"><a href=\"https:\/\/www.tvnovelas.com.br\/tvnews\/coracao-de-mae-reha-sai-para-jantar-com-selvi\/\" class=\"_self\" target=\"_self\" >Cora\u00e7\u00e3o de M\u00e3e: Reha sai para jantar com Selvi<\/a><\/h4><\/div><\/div>\n<div class=\"col-md-12 col-sm-12 col-xs-12 pt-cv-content-item pt-cv-1-col\" ><div class='pt-cv-ifield'><h4 class=\"pt-cv-title\"><a href=\"https:\/\/www.tvnovelas.com.br\/tvnews\/coracao-acelerado-zila-se-preocupa-com-sua-situacao-apos-separacao\/\" class=\"_self\" target=\"_self\" >Cora\u00e7\u00e3o Acelerado: Zil\u00e1 se preocupa com sua situa\u00e7\u00e3o ap\u00f3s separa\u00e7\u00e3o<\/a><\/h4><\/div><\/div>\n<div class=\"col-md-12 col-sm-12 col-xs-12 pt-cv-content-item pt-cv-1-col\" ><div class='pt-cv-ifield'><h4 class=\"pt-cv-title\"><a href=\"https:\/\/www.tvnovelas.com.br\/tvnews\/a-nobreza-do-amor-tonho-nao-se-curva-diante-de-mirinho\/\" class=\"_self\" target=\"_self\" >A Nobreza do Amor: Tonho n\u00e3o se curva diante de Mirinho<\/a><\/h4><\/div><\/div>\n<div class=\"col-md-12 col-sm-12 col-xs-12 pt-cv-content-item pt-cv-1-col\" ><div class='pt-cv-ifield'><h4 class=\"pt-cv-title\"><a href=\"https:\/\/www.tvnovelas.com.br\/tvnews\/tres-gracas-arminda-surta-ao-confirmar-que-ferette-e-pai-de-raul\/\" class=\"_self\" target=\"_self\" >Tr\u00eas Gra\u00e7as:  Arminda surta ao confirmar que Ferette \u00e9 pai de Raul<\/a><\/h4><\/div><\/div><\/div><\/div><\/div><br \/>\n<a href=\"https:\/\/www.tvnovelas.com.br\/novelas\/\"><strong>Confira os resumos da semana de todas novelas<\/strong><\/a><br \/>\n<a href=\"http:\/\/tvnovelas.com.br\/filmes\" target=\"_blank\" rel=\"noopener\">Veja tamb\u00e9m: Todas as telas: filmes e s\u00e9ries nos streamings<\/a><\/p>\n<h3>Confira tamb\u00e9m<\/h3>\n<p><a href=\"https:\/\/www.tvnovelas.com.br\/filmes\/\" target=\"_blank\" rel=\"noo 2 pener noreferrer noopener\"><strong>Programa\u00e7\u00e3o de filmes na TV aberta<\/strong><\/a><br \/>\n<a href=\"https:\/\/tvnovelas.com.br\/filmes\/filmes-e-series-ineditos-em-estreia-na-semana-na-netflix\/\" target=\"_blank\" rel=\"noopener noreferrer\"><strong>Estreias da semana na Netflix<\/strong><\/a><br \/>\n<a href=\"https:\/\/caetenews.com.br\/semana\/filmes-da-globo-na-sessao-da-tarde-desta-semana\/\" target=\"_blank\" rel=\"noopener\"><strong>Confira os filmes da semana na Sess\u00e3o da Tarde<\/strong><\/a><br \/>\n<a href=\"\/\/tvnovelas.com.br\/filmes\/filmes-em-estreia-nos-cinemas\/\" target=\"_blank\" rel=\"noopener noreferrer\"><strong>Estreias e novidades no Cinema<\/strong><\/a><br \/>\n<a href=\"https:\/\/www.tvnovelas.com.br\/novelas\/\" target=\"_blank\" rel=\"noopener noreferrer\"><strong>Resumos de novelas<\/strong><\/a><\/p>\n","protected":false},"excerpt":{"rendered":"<p>Em Todas as Flores, novo alvo na mira de Vanessa (Let\u00edcia Colin). Irritada com a volta de Ma\u00edra (Sophie Charlotte) ao Rio de Janeiro e por acreditar que todos&#8230;<\/p>\n","protected":false},"author":1,"featured_media":56955,"comment_status":"closed","ping_status":"closed","sticky":false,"template":"","format":"standard","meta":{"_uf_show_specific_survey":0,"_uf_disable_surveys":false,"_jetpack_memberships_contains_paid_content":false,"footnotes":"","_wp_rev_ctl_limit":""},"categories":[236,353],"tags":[5,64,380],"class_list":["post-56954","post","type-post","status-publish","format-standard","has-post-thumbnail","hentry","category-globo","category-resumos-de-novelas","tag-globo","tag-novelas","tag-todas-as-flores","wpcat-236-id","wpcat-353-id"],"aioseo_notices":[],"jetpack_featured_media_url":"https:\/\/i0.wp.com\/www.tvnovelas.com.br\/tvnews\/wp-content\/uploads\/2023\/10\/38256.jpg?fit=728%2C410&ssl=1","jetpack_shortlink":"https:\/\/wp.me\/pdP2BO-eOC","jetpack_sharing_enabled":true,"_links":{"self":[{"href":"https:\/\/www.tvnovelas.com.br\/tvnews\/wp-json\/wp\/v2\/posts\/56954","targetHints":{"allow":["GET"]}}],"collection":[{"href":"https:\/\/www.tvnovelas.com.br\/tvnews\/wp-json\/wp\/v2\/posts"}],"about":[{"href":"https:\/\/www.tvnovelas.com.br\/tvnews\/wp-json\/wp\/v2\/types\/post"}],"author":[{"embeddable":true,"href":"https:\/\/www.tvnovelas.com.br\/tvnews\/wp-json\/wp\/v2\/users\/1"}],"replies":[{"embeddable":true,"href":"https:\/\/www.tvnovelas.com.br\/tvnews\/wp-json\/wp\/v2\/comments?post=56954"}],"version-history":[{"count":2,"href":"https:\/\/www.tvnovelas.com.br\/tvnews\/wp-json\/wp\/v2\/posts\/56954\/revisions"}],"predecessor-version":[{"id":56957,"href":"https:\/\/www.tvnovelas.com.br\/tvnews\/wp-json\/wp\/v2\/posts\/56954\/revisions\/56957"}],"wp:featuredmedia":[{"embeddable":true,"href":"https:\/\/www.tvnovelas.com.br\/tvnews\/wp-json\/wp\/v2\/media\/56955"}],"wp:attachment":[{"href":"https:\/\/www.tvnovelas.com.br\/tvnews\/wp-json\/wp\/v2\/media?parent=56954"}],"wp:term":[{"taxonomy":"category","embeddable":true,"href":"https:\/\/www.tvnovelas.com.br\/tvnews\/wp-json\/wp\/v2\/categories?post=56954"},{"taxonomy":"post_tag","embeddable":true,"href":"https:\/\/www.tvnovelas.com.br\/tvnews\/wp-json\/wp\/v2\/tags?post=56954"}],"curies":[{"name":"wp","href":"https:\/\/api.w.org\/{rel}","templated":true}]}}