{"id":57079,"date":"2023-10-06T08:36:10","date_gmt":"2023-10-06T11:36:10","guid":{"rendered":"https:\/\/www.tvnovelas.com.br\/tvnews\/?p=57079"},"modified":"2023-10-06T08:36:10","modified_gmt":"2023-10-06T11:36:10","slug":"todas-as-flores-maira-e-resgatada-por-judite-e-pablo","status":"publish","type":"post","link":"https:\/\/www.tvnovelas.com.br\/tvnews\/todas-as-flores-maira-e-resgatada-por-judite-e-pablo\/","title":{"rendered":"Todas as Flores: Ma\u00edra \u00e9 resgatada por Judite e Pablo"},"content":{"rendered":"<p><em>Em Todas as Flores: Ma\u00edra \u00e9 resgatada&#8230;<\/em><br \/>\n<img data-recalc-dims=\"1\" decoding=\"async\" class=\"alignnone wp-image-57080 size-full\" title=\"(Foto: TV Globo\/Todas as Flores)\" src=\"https:\/\/i0.wp.com\/www.tvnovelas.com.br\/tvnews\/wp-content\/uploads\/2023\/10\/38287.jpg?resize=728%2C410&#038;ssl=1\" alt=\"Foto em Todas as Flores: Ma\u00edra \u00e9 resgatada....\" width=\"728\" height=\"410\" srcset=\"https:\/\/i0.wp.com\/www.tvnovelas.com.br\/tvnews\/wp-content\/uploads\/2023\/10\/38287.jpg?w=728&amp;ssl=1 728w, https:\/\/i0.wp.com\/www.tvnovelas.com.br\/tvnews\/wp-content\/uploads\/2023\/10\/38287.jpg?resize=678%2C381&amp;ssl=1 678w\" sizes=\"(max-width: 728px) 100vw, 728px\" \/><\/p>\n<p>Em Todas as Flores, Judite (Mariana Nunes) pode n\u00e3o ter asas ou uma varinha, mas \u00e9 uma verdadeira fada-madrinha \u00e0 afilhada, Ma\u00edra (Sophie Charlotte). Depois de pressionar Humberto (Fabio Assun\u00e7\u00e3o), a costureira consegue descobrir o paradeiro da perfumista e, na companhia, de Pablo (Caio Castro) vai at\u00e9 o local para buscar a jovem e o beb\u00ea rec\u00e9m-nascido dela.<\/p>\n<p>Disposta a encontrar a afilhada desde que ela foi retirada da fazenda de tr\u00e1fico humano por Zo\u00e9 (Regina Cas\u00e9), Judite conversa com o diretor de marketing da Rhodes, c\u00famplice da vil\u00e3, para conseguir rastrear a mo\u00e7a. Impaciente, a costureira fica \u00e0 espera de informa\u00e7\u00f5es da afilhada.<\/p>\n<p>&#8220;Qual \u00e9, m\u00e3e. Est\u00e1 tard\u00e3o. Vamos dormir&#8221;, diz Pablo. &#8220;A gente tem que tentar descobrir onde \u00e9 que est\u00e1 Ma\u00edra. Tentar salvar ela e esse beb\u00ea&#8221;, afirma a costureira. &#8220;Po, m\u00e3e. Esse neg\u00f3cio do beb\u00ea a\u00ed \u00e9 s\u00f3 uma conversa. \u00c9 s\u00f3 uma suposi\u00e7\u00e3o. N\u00e3o se sabe&#8221;, indica o vendedor da Rhodes. Em seguida, Judite ressalta que o filho deveria estar mais aflito com o sumi\u00e7o da perfumista.<\/p>\n<p>&#8220;Pablo, se voc\u00ea gosta de verdade da Ma\u00edra, voc\u00ea devia estar mais preocupado com isso e n\u00e3o ficar fingindo que n\u00e3o est\u00e1 acontecendo nada&#8221;, diz ela.<\/p>\n<p>O vendedor da Rhodes, ent\u00e3o, questiona o que ele poderia fazer nesse caso. &#8220;Mas voc\u00ea quer que eu fa\u00e7a o qu\u00ea? O que a gente pode fazer?&#8221;, pergunta o rapaz. &#8220;Tentei arrancar alguma coisa do Humberto, mas ele n\u00e3o sabe de nada&#8221;, afirma ela. &#8220;Eu n\u00e3o gosto desse cara. Para de falar com ele, po&#8221;, pede Pablo.<\/p>\n<p>&#8220;Voc\u00ea quer que eu fique de bra\u00e7os cruzados sabendo que a Ma\u00edra acabou de ter um beb\u00ea e est\u00e1 l\u00e1 sozinha com aquela cobra?&#8221;, frisa a costureira.<\/p>\n<p>Pablo tenta acalmar a costureira, que est\u00e1 tensa sem respostas de Humberto sobre ter conseguido tirar alguma informa\u00e7\u00e3o de Zo\u00e9 a respeito da afilhada. &#8220;Calma, olha como voc\u00ea est\u00e1. J\u00e1 n\u00e3o falou com a Ma\u00edra? Ela j\u00e1 n\u00e3o falou que est\u00e1 tudo bem? S\u00f3 fica pensando no pior&#8221;, afirma. &#8220;Mas faz muito tempo isso. Esse sil\u00eancio n\u00e3o \u00e9 bom&#8221;, destaca a costureira.<\/p>\n<p>&#8220;Desencana um pouco tamb\u00e9m&#8221;, reflete ele. &#8220;Estou com pressentimento de estar acontecendo alguma coisa errada. Aqui Humberto. Diz que a Ma\u00edra est\u00e1 na obra social. Vamos atr\u00e1s dela&#8221;, declara Judite.<\/p>\n<p>Os dois v\u00e3o at\u00e9 a obra social de Zo\u00e9, no Centro do Rio de Janeiro, para resgatar Ma\u00edra e o beb\u00ea. Enquanto Judite procura pela afilhada, Pablo puxa assunto com Garcia (Adriana Seiffert) para despistar a secret\u00e1ria do local. &#8220;O que voc\u00ea quer aqui, rapaz? J\u00e1 encerrou por hoje&#8221;, diz ela. &#8220;Primeiramente, boa noite. Eu vou embora assim, mas antes queria saber qual \u00e9 da parada a\u00ed, essa funda\u00e7\u00e3o, de ajuda aos necessitados&#8221;, afirma o vendedor da Rhodes.<\/p>\n<p>Desconfiada de que o rapaz pode ter alguma liga\u00e7\u00e3o com a investiga\u00e7\u00e3o sobre a obra social, Garcia desconversa e diz que n\u00e3o tem mais trabalho com a funda\u00e7\u00e3o. &#8220;A gente nem opera mais para a funda\u00e7\u00e3o. Anda, vai embora, se manda&#8221;, afirma ela.<\/p>\n<p>&#8220;J\u00e1 vi que voc\u00ea n\u00e3o vai me ajudar. O neg\u00f3cio vai engrossar para o seu lado mesmo. O engra\u00e7ado que recebi uma den\u00fancia que isso aqui era ponto de droga, man\u00e9&#8221;, diz Pablo.<\/p>\n<p>&#8220;Den\u00fancia de quem? Voc\u00ea \u00e9 pol\u00edcia por acaso?&#8221;, pergunta ela. &#8220;Pera a\u00ed, abaixa a bola&#8221;, afirma o vendedor da Rhodes. &#8220;Cad\u00ea o distintivo?&#8221;, questiona Garcia. &#8220;Ei, pera a\u00ed. Aqui eu fa\u00e7o a pergunta e tu responde&#8221;, declara o rapaz.<\/p>\n<p>Enquanto Pablo engata a conversa com Garcia, a costureira anda pelos corredores da obra social para encontrar Ma\u00edra. A perfumista escuta a voz da madrinha e responde. &#8220;Madrinha, eu estou aqui&#8221;, diz ela. Judite tenta abrir a porta, mas percebe que est\u00e1 trancada. &#8220;Est\u00e1 trancada. Pera a\u00ed, eu vou tentar achar a chave&#8221;, afirma a m\u00e3e do rapaz. &#8220;Por favor, me tira daqui&#8221;, pede a jovem.<\/p>\n<p>Judite vai at\u00e9 um quadro de chaves e pega todas para ver qual \u00e9 a que abre a porta do quarto onde Ma\u00edra est\u00e1. Ela consegue e abrir e se depara com a afilhada segurando um beb\u00ea.<br \/>\n<a href=\"https:\/\/wp.me\/p8dmjy-9zr\" target=\"_blank\" rel=\"noopener\">Resumos dos cap\u00edtulos da semana de Todas as Flores<\/a><br \/>\n<strong style=\"font-size: 120%;\">\u00daltimas not\u00edcias de Todas as Flores:<\/strong><br \/>\n<div class=\"pt-cv-wrapper\"><div class=\"pt-cv-view pt-cv-grid pt-cv-colsys\" id=\"pt-cv-view-57ad3a3tms\"><div data-id=\"pt-cv-page-1\" class=\"pt-cv-page\" data-cvc=\"1\"><div class=\"col-md-12 col-sm-12 col-xs-12 pt-cv-content-item pt-cv-1-col\" ><div class='pt-cv-ifield'><h4 class=\"pt-cv-title\"><a href=\"https:\/\/www.tvnovelas.com.br\/tvnews\/todas-as-flores-no-fim-acerto-de-contas-entre-maira-vanessa-e-zoe\/\" class=\"_self\" target=\"_self\" >Todas as Flores: No fim, acerto de contas entre Ma\u00edra, Vanessa e Zo\u00e9<\/a><\/h4><\/div><\/div>\n<div class=\"col-md-12 col-sm-12 col-xs-12 pt-cv-content-item pt-cv-1-col\" ><div class='pt-cv-ifield'><h4 class=\"pt-cv-title\"><a href=\"https:\/\/www.tvnovelas.com.br\/tvnews\/todas-as-flores-pablo-trai-vanessa-e-prende-estilista-no-porao\/\" class=\"_self\" target=\"_self\" >Todas as Flores: Pablo trai Vanessa e prende estilista no por\u00e3o<\/a><\/h4><\/div><\/div>\n<div class=\"col-md-12 col-sm-12 col-xs-12 pt-cv-content-item pt-cv-1-col\" ><div class='pt-cv-ifield'><h4 class=\"pt-cv-title\"><a href=\"https:\/\/www.tvnovelas.com.br\/tvnews\/todas-as-flores-olavo-arma-para-eliminar-rafael\/\" class=\"_self\" target=\"_self\" >Todas as Flores: Olavo arma para eliminar Rafael<\/a><\/h4><\/div><\/div>\n<div class=\"col-md-12 col-sm-12 col-xs-12 pt-cv-content-item pt-cv-1-col\" ><div class='pt-cv-ifield'><h4 class=\"pt-cv-title\"><a href=\"https:\/\/www.tvnovelas.com.br\/tvnews\/todas-as-flores-vanessa-sequestra-e-prende-zoe-em-porao\/\" class=\"_self\" target=\"_self\" >Todas as Flores: Vanessa sequestra e prende Zo\u00e9 em por\u00e3o<\/a><\/h4><\/div><\/div>\n<div class=\"col-md-12 col-sm-12 col-xs-12 pt-cv-content-item pt-cv-1-col\" ><div class='pt-cv-ifield'><h4 class=\"pt-cv-title\"><a href=\"https:\/\/www.tvnovelas.com.br\/tvnews\/todas-as-flores-zoe-mata-humberto\/\" class=\"_self\" target=\"_self\" >Todas as Flores: Zo\u00e9 mata Humberto<\/a><\/h4><\/div><\/div>\n<div class=\"col-md-12 col-sm-12 col-xs-12 pt-cv-content-item pt-cv-1-col\" ><div class='pt-cv-ifield'><h4 class=\"pt-cv-title\"><a href=\"https:\/\/www.tvnovelas.com.br\/tvnews\/todas-as-flores-humberto-resgata-judite-de-sequestrada-por-zoe\/\" class=\"_self\" target=\"_self\" >Todas as Flores: Humberto resgata Judite de sequestrada por Zo\u00e9<\/a><\/h4><\/div><\/div><\/div><\/div><\/div><br \/>\n<strong style=\"font-size: 120%;\">\u00daltimas not\u00edcias deste canal:<\/strong><br \/>\n<div class=\"pt-cv-wrapper\"><div class=\"pt-cv-view pt-cv-grid pt-cv-colsys\" id=\"pt-cv-view-90991035b3\"><div data-id=\"pt-cv-page-1\" class=\"pt-cv-page\" data-cvc=\"1\"><div class=\"col-md-12 col-sm-12 col-xs-12 pt-cv-content-item pt-cv-1-col\" ><div class='pt-cv-ifield'><h4 class=\"pt-cv-title\"><a href=\"https:\/\/www.tvnovelas.com.br\/tvnews\/coracao-de-mae-atilla-confronta-hasan-e-exige-o-divorcio-de-lale\/\" class=\"_self\" target=\"_self\" >Cora\u00e7\u00e3o de M\u00e3e: Atilla confronta Hasan e exige o div\u00f3rcio de Lale<\/a><\/h4><\/div><\/div>\n<div class=\"col-md-12 col-sm-12 col-xs-12 pt-cv-content-item pt-cv-1-col\" ><div class='pt-cv-ifield'><h4 class=\"pt-cv-title\"><a href=\"https:\/\/www.tvnovelas.com.br\/tvnews\/guerra-das-rosas-gulfem-coloca-gulru-contra-a-parede\/\" class=\"_self\" target=\"_self\" >Guerra das Rosas: Gulfem coloca Gulru contra a parede<\/a><\/h4><\/div><\/div>\n<div class=\"col-md-12 col-sm-12 col-xs-12 pt-cv-content-item pt-cv-1-col\" ><div class='pt-cv-ifield'><h4 class=\"pt-cv-title\"><a href=\"https:\/\/www.tvnovelas.com.br\/tvnews\/coracao-de-mae-atilla-diz-a-lale-que-quer-o-divorcio\/\" class=\"_self\" target=\"_self\" >Cora\u00e7\u00e3o de M\u00e3e: Atilla diz a Lale que quer o div\u00f3rcio<\/a><\/h4><\/div><\/div>\n<div class=\"col-md-12 col-sm-12 col-xs-12 pt-cv-content-item pt-cv-1-col\" ><div class='pt-cv-ifield'><h4 class=\"pt-cv-title\"><a href=\"https:\/\/www.tvnovelas.com.br\/tvnews\/a-nobreza-do-amor-mirinho-garante-noivado-com-virginia-para-atrair-sogro-a-negocio\/\" class=\"_self\" target=\"_self\" >A Nobreza do Amor: Mirinho garante noivado com Virg\u00ednia para atrair sogro a neg\u00f3cio<\/a><\/h4><\/div><\/div>\n<div class=\"col-md-12 col-sm-12 col-xs-12 pt-cv-content-item pt-cv-1-col\" ><div class='pt-cv-ifield'><h4 class=\"pt-cv-title\"><a href=\"https:\/\/www.tvnovelas.com.br\/tvnews\/tres-gracas-joaquim-propoe-fuga-a-arminda-com-o-dinheiro-das-tres-gracas\/\" class=\"_self\" target=\"_self\" >Tr\u00eas Gra\u00e7as:  Joaquim prop\u00f5e fuga a Arminda com o dinheiro das Tr\u00eas Gra\u00e7as<\/a><\/h4><\/div><\/div>\n<div class=\"col-md-12 col-sm-12 col-xs-12 pt-cv-content-item pt-cv-1-col\" ><div class='pt-cv-ifield'><h4 class=\"pt-cv-title\"><a href=\"https:\/\/www.tvnovelas.com.br\/tvnews\/coracao-de-mae-atilla-decide-abrir-o-jogo-com-karsu\/\" class=\"_self\" target=\"_self\" >Cora\u00e7\u00e3o de M\u00e3e: Atilla decide abrir o jogo com Karsu<\/a><\/h4><\/div><\/div>\n<div class=\"col-md-12 col-sm-12 col-xs-12 pt-cv-content-item pt-cv-1-col\" ><div class='pt-cv-ifield'><h4 class=\"pt-cv-title\"><a href=\"https:\/\/www.tvnovelas.com.br\/tvnews\/coracao-de-mae-adnan-e-preso-apos-denuncia-de-irmak\/\" class=\"_self\" target=\"_self\" >Em Cora\u00e7\u00e3o de M\u00e3e: Adnan \u00e9 preso ap\u00f3s denuncia de Irmak<\/a><\/h4><\/div><\/div>\n<div class=\"col-md-12 col-sm-12 col-xs-12 pt-cv-content-item pt-cv-1-col\" ><div class='pt-cv-ifield'><h4 class=\"pt-cv-title\"><a href=\"https:\/\/www.tvnovelas.com.br\/tvnews\/coracao-de-mae-atilla-forca-karsu-a-ouvir-suas-explicacoes\/\" class=\"_self\" target=\"_self\" >Cora\u00e7\u00e3o de M\u00e3e: Atilla for\u00e7a Karsu a ouvir suas explica\u00e7\u00f5es<\/a><\/h4><\/div><\/div>\n<div class=\"col-md-12 col-sm-12 col-xs-12 pt-cv-content-item pt-cv-1-col\" ><div class='pt-cv-ifield'><h4 class=\"pt-cv-title\"><a href=\"https:\/\/www.tvnovelas.com.br\/tvnews\/coracao-acelerado-mulher-choca-janete-ao-se-apresentar-como-amante-do-palhares\/\" class=\"_self\" target=\"_self\" >Cora\u00e7\u00e3o Acelerado: Mulher choca Janete ao se apresentar como amante do Palhares<\/a><\/h4><\/div><\/div>\n<div class=\"col-md-12 col-sm-12 col-xs-12 pt-cv-content-item pt-cv-1-col\" ><div class='pt-cv-ifield'><h4 class=\"pt-cv-title\"><a href=\"https:\/\/www.tvnovelas.com.br\/tvnews\/a-nobreza-do-amor-jendal-dobra-a-recompensa-por-alika\/\" class=\"_self\" target=\"_self\" >A Nobreza do Amor: Jendal dobra a recompensa por Alika<\/a><\/h4><\/div><\/div><\/div><\/div><\/div><br \/>\n<a href=\"https:\/\/www.tvnovelas.com.br\/novelas\/\"><strong>Confira os resumos da semana de todas novelas<\/strong><\/a><br \/>\n<a href=\"http:\/\/tvnovelas.com.br\/filmes\" target=\"_blank\" rel=\"noopener\">Veja tamb\u00e9m: Todas as telas: filmes e s\u00e9ries nos streamings<\/a><\/p>\n<h3>Confira tamb\u00e9m<\/h3>\n<p><a href=\"https:\/\/www.tvnovelas.com.br\/filmes\/\" target=\"_blank\" rel=\"noo 2 pener noreferrer noopener\"><strong>Programa\u00e7\u00e3o de filmes na TV aberta<\/strong><\/a><br \/>\n<a href=\"https:\/\/tvnovelas.com.br\/filmes\/filmes-e-series-ineditos-em-estreia-na-semana-na-netflix\/\" target=\"_blank\" rel=\"noopener noreferrer\"><strong>Estreias da semana na Netflix<\/strong><\/a><br \/>\n<a href=\"https:\/\/caetenews.com.br\/semana\/filmes-da-globo-na-sessao-da-tarde-desta-semana\/\" target=\"_blank\" rel=\"noopener\"><strong>Confira os filmes da semana na Sess\u00e3o da Tarde<\/strong><\/a><br \/>\n<a href=\"\/\/tvnovelas.com.br\/filmes\/filmes-em-estreia-nos-cinemas\/\" target=\"_blank\" rel=\"noopener noreferrer\"><strong>Estreias e novidades no Cinema<\/strong><\/a><br \/>\n<a href=\"https:\/\/www.tvnovelas.com.br\/novelas\/\" target=\"_blank\" rel=\"noopener noreferrer\"><strong>Resumos de novelas<\/strong><\/a><\/p>\n","protected":false},"excerpt":{"rendered":"<p>Em Todas as Flores, Judite (Mariana Nunes) pode n\u00e3o ter asas ou uma varinha, mas \u00e9 uma verdadeira fada-madrinha \u00e0 afilhada, Ma\u00edra (Sophie Charlotte)&#8230;.<\/p>\n","protected":false},"author":1,"featured_media":57080,"comment_status":"closed","ping_status":"closed","sticky":false,"template":"","format":"standard","meta":{"_uf_show_specific_survey":0,"_uf_disable_surveys":false,"_jetpack_memberships_contains_paid_content":false,"footnotes":"","_wp_rev_ctl_limit":""},"categories":[236],"tags":[5,64,380],"class_list":["post-57079","post","type-post","status-publish","format-standard","has-post-thumbnail","hentry","category-globo","tag-globo","tag-novelas","tag-todas-as-flores","wpcat-236-id"],"aioseo_notices":[],"jetpack_featured_media_url":"https:\/\/i0.wp.com\/www.tvnovelas.com.br\/tvnews\/wp-content\/uploads\/2023\/10\/38287.jpg?fit=728%2C410&ssl=1","jetpack_shortlink":"https:\/\/wp.me\/pdP2BO-eQD","jetpack_sharing_enabled":true,"_links":{"self":[{"href":"https:\/\/www.tvnovelas.com.br\/tvnews\/wp-json\/wp\/v2\/posts\/57079","targetHints":{"allow":["GET"]}}],"collection":[{"href":"https:\/\/www.tvnovelas.com.br\/tvnews\/wp-json\/wp\/v2\/posts"}],"about":[{"href":"https:\/\/www.tvnovelas.com.br\/tvnews\/wp-json\/wp\/v2\/types\/post"}],"author":[{"embeddable":true,"href":"https:\/\/www.tvnovelas.com.br\/tvnews\/wp-json\/wp\/v2\/users\/1"}],"replies":[{"embeddable":true,"href":"https:\/\/www.tvnovelas.com.br\/tvnews\/wp-json\/wp\/v2\/comments?post=57079"}],"version-history":[{"count":1,"href":"https:\/\/www.tvnovelas.com.br\/tvnews\/wp-json\/wp\/v2\/posts\/57079\/revisions"}],"predecessor-version":[{"id":57081,"href":"https:\/\/www.tvnovelas.com.br\/tvnews\/wp-json\/wp\/v2\/posts\/57079\/revisions\/57081"}],"wp:featuredmedia":[{"embeddable":true,"href":"https:\/\/www.tvnovelas.com.br\/tvnews\/wp-json\/wp\/v2\/media\/57080"}],"wp:attachment":[{"href":"https:\/\/www.tvnovelas.com.br\/tvnews\/wp-json\/wp\/v2\/media?parent=57079"}],"wp:term":[{"taxonomy":"category","embeddable":true,"href":"https:\/\/www.tvnovelas.com.br\/tvnews\/wp-json\/wp\/v2\/categories?post=57079"},{"taxonomy":"post_tag","embeddable":true,"href":"https:\/\/www.tvnovelas.com.br\/tvnews\/wp-json\/wp\/v2\/tags?post=57079"}],"curies":[{"name":"wp","href":"https:\/\/api.w.org\/{rel}","templated":true}]}}