{"id":57088,"date":"2023-10-06T10:25:16","date_gmt":"2023-10-06T13:25:16","guid":{"rendered":"https:\/\/www.tvnovelas.com.br\/tvnews\/?p=57088"},"modified":"2023-10-06T10:25:16","modified_gmt":"2023-10-06T13:25:16","slug":"todas-as-flores-maira-ouve-conversa-sobre-a-vida-criminosa-de-zoe","status":"publish","type":"post","link":"https:\/\/www.tvnovelas.com.br\/tvnews\/todas-as-flores-maira-ouve-conversa-sobre-a-vida-criminosa-de-zoe\/","title":{"rendered":"Todas as Flores: Ma\u00edra ouve conversa sobre a vida criminosa de Zo\u00e9"},"content":{"rendered":"<p><em>Em Todas as Flores: Ma\u00edra ouve conversa&#8230;<\/em><br \/>\n<img data-recalc-dims=\"1\" decoding=\"async\" class=\"alignnone wp-image-57089 size-full\" title=\"(Foto: TV Globo\/Todas as Flores)\" src=\"https:\/\/i0.wp.com\/www.tvnovelas.com.br\/tvnews\/wp-content\/uploads\/2023\/10\/38289.jpg?resize=728%2C410&#038;ssl=1\" alt=\"Foto em Todas as Flores: Ma\u00edra ouve conversa...\" width=\"728\" height=\"410\" srcset=\"https:\/\/i0.wp.com\/www.tvnovelas.com.br\/tvnews\/wp-content\/uploads\/2023\/10\/38289.jpg?w=728&amp;ssl=1 728w, https:\/\/i0.wp.com\/www.tvnovelas.com.br\/tvnews\/wp-content\/uploads\/2023\/10\/38289.jpg?resize=678%2C381&amp;ssl=1 678w\" sizes=\"(max-width: 728px) 100vw, 728px\" \/><br \/>\nEm Todas as Flores, mesmo tendo sido resgatada por Zo\u00e9 (Regina Cas\u00e9) da fazenda de tr\u00e1fico humano, Ma\u00edra (Sophie Charlotte) n\u00e3o deixou de desconfiar que a m\u00e3e pode ter algum envolvimento n\u00e3o s\u00f3 com a ida dela para o local, mas, tamb\u00e9m, com a pr\u00f3pria organiza\u00e7\u00e3o criminosa. Agora, a jovem tem a confirma\u00e7\u00e3o.<\/p>\n<p>&#8220;Ainda est\u00e1 acordada filha?&#8221;, pergunta Zo\u00e9. &#8220;Com quem voc\u00ea estava conversando?&#8221;, questiona Ma\u00edra. &#8220;Quem eu? Com a Garcia&#8221;, diz a vil\u00e3. &#8220;Quem mais?&#8221;, pergunta ela, mais uma vez. &#8220;Um mendigo. Esse mendigo vem toda hora pedir alguma coisa&#8221;, explica a loira da fac\u00e7\u00e3o.<\/p>\n<p>Sem cair no papo da m\u00e3e, a perfumista conta que ouviu a conversa da vil\u00e3 com Galo (Jackson Antunes). &#8220;Como assim? N\u00e3o estou entendendo. Voc\u00ea ouviu o qu\u00ea? Estava ouvindo atr\u00e1s da porta?&#8221;, questiona Zo\u00e9.<\/p>\n<p>&#8220;Eu ouvi voc\u00eas falando sobre matar uma pessoa. Zo\u00e9, voc\u00ea \u00e9 uma assassina. Eu ouvi tudo. Como foi que ele disse? &#8216;Passar uma pessoa&#8217;. Matar. &#8220;, dispara Ma\u00edra.<\/p>\n<p>A vil\u00e3 fica tensa com as informa\u00e7\u00f5es que a filha ouviu escondida atr\u00e1s da porta. Ela tenta desconversar e afirma que Ma\u00edra entendeu errado. &#8220;N\u00e3o, que isso. Que loucura. Isso que d\u00e1. T\u00e1 vendo? Voc\u00ea fica tentando ouvir por tr\u00e1s da porta e voc\u00ea pega um peda\u00e7o de cada coisa. Voc\u00ea t\u00e1 falando coisas desconexas. Que matar? Aquele mendigo \u00e9 um velho conhecido meu. \u00c9 modo de dizer. \u00c9 como se fosse uma g\u00edria que a gente usa, passar \u00e9 deixar essa pessoa para l\u00e1&#8221;, explica ela.<\/p>\n<p>Ma\u00edra n\u00e3o acredita nas palavras da m\u00e3e e indica que ouviu o nome de Luis Felipe (C\u00e1ssio Gabus Mendes), promotor respons\u00e1vel por investigar a quadrilha de tr\u00e1fico humano. &#8220;Para de mentir. Eu ouvi voc\u00ea falar o nome do tio do Rafael que est\u00e1 investigando o esquema de tr\u00e1fico humano. Voc\u00ea falou para n\u00e3o mandar gente para a fazenda esse m\u00eas. Voc\u00ea trabalha com essa quadrilha. \u00c9 para isso que serve essa funda\u00e7\u00e3o, n\u00e9?&#8221;, pergunta ela.<\/p>\n<p>Ainda na tentativa de reverter tudo que a perfumista ouviu da conversa entre ela e Galo, Zo\u00e9 explica que eles bateram papo sobre muitos assuntos. &#8220;N\u00e3o, a gente acabou conversando muitos assuntos. Eu estava contando, perguntando o que aconteceu com voc\u00ea e a organiza\u00e7\u00e3o, tr\u00e1fico humano. \u00c9 por isso que tenha falado o nome do Luis Felipe&#8221;, diz a vil\u00e3. Ma\u00edra continua jogando as verdades na cara da m\u00e3e.<\/p>\n<p>&#8220;N\u00e3o \u00e9 a Vanessa que trabalha nessa quadrilha. \u00c9 voc\u00ea. Voc\u00eas mandam as pessoas para aquela fazenda&#8221;, dispara a perfumista.<\/p>\n<p>Em mais uma tentativa, Zo\u00e9 declara que n\u00e3o faz parte de nenhuma quadrilha e tenta apelar para a hist\u00f3ria que inventou de ter pago uma quantia para resgatar a perfumista da fazenda de tr\u00e1fico humano. &#8220;Eu n\u00e3o perten\u00e7o a quadrilha nenhuma. Eu n\u00e3o mando ningu\u00e9m para lugar nenhum. Que isso! Pelo amor de Deus, ser\u00e1 que voc\u00ea ainda n\u00e3o confia em mim? Depois de tudo o que aconteceu, depois de tudo que eu passei por voc\u00ea&#8221;, diz ela.<\/p>\n<p>&#8220;Eu sei o que eu ouvi, Zo\u00e9&#8221;, diz Ma\u00edra. &#8220;Sabe o que \u00e9 isso? Voc\u00ea est\u00e1 esgotada. Voc\u00ea acabou de parir. Foram muitos baques, muitos traumas&#8221;, afirma a vil\u00e3.<\/p>\n<p>Nesse momento, Ma\u00edra lembra que j\u00e1 tinha escutado a voz de Galo antes, quando ele deixou uma arma no apartamento da sua m\u00e3e, ap\u00f3s matar o chefe de seguran\u00e7a de Guiomar (Ana Beatriz Nogueira). &#8220;Aquela arma que eu descobri na sua casa. O homem que deixou a arma l\u00e1 \u00e9 o mesmo que estava aqui hoje. Eu reconheci a voz dele&#8221;, diz a perfumista.<\/p>\n<p>&#8220;Voc\u00ea est\u00e1 delirando. J\u00e1 achando coisas, misturando tudo. Eu acho que n\u00f3s duas estamos muito nervosas. Eu e voc\u00ea. Acho que ningu\u00e9m mais est\u00e1 dizendo coisa com coisa. Vamos esquecer isso tudo? Vamos descansar, vem deita, esquecer tudo isso, essa conversa e tudo o que aconteceu. \u00c9 muita coisa, filha. Voc\u00ea acabou de parir. Voc\u00ea est\u00e1 com a cabe\u00e7a toda confusa&#8221;, afirma Zo\u00e9.<br \/>\n<a href=\"https:\/\/wp.me\/p8dmjy-9zr\" target=\"_blank\" rel=\"noopener\">Resumos dos cap\u00edtulos da semana de Todas as Flores<\/a><br \/>\n<strong style=\"font-size: 120%;\">\u00daltimas not\u00edcias de Todas as Flores:<\/strong><br \/>\n<div class=\"pt-cv-wrapper\"><div class=\"pt-cv-view pt-cv-grid pt-cv-colsys\" id=\"pt-cv-view-57ad3a3tms\"><div data-id=\"pt-cv-page-1\" class=\"pt-cv-page\" data-cvc=\"1\"><div class=\"col-md-12 col-sm-12 col-xs-12 pt-cv-content-item pt-cv-1-col\" ><div class='pt-cv-ifield'><h4 class=\"pt-cv-title\"><a href=\"https:\/\/www.tvnovelas.com.br\/tvnews\/todas-as-flores-no-fim-acerto-de-contas-entre-maira-vanessa-e-zoe\/\" class=\"_self\" target=\"_self\" >Todas as Flores: No fim, acerto de contas entre Ma\u00edra, Vanessa e Zo\u00e9<\/a><\/h4><\/div><\/div>\n<div class=\"col-md-12 col-sm-12 col-xs-12 pt-cv-content-item pt-cv-1-col\" ><div class='pt-cv-ifield'><h4 class=\"pt-cv-title\"><a href=\"https:\/\/www.tvnovelas.com.br\/tvnews\/todas-as-flores-pablo-trai-vanessa-e-prende-estilista-no-porao\/\" class=\"_self\" target=\"_self\" >Todas as Flores: Pablo trai Vanessa e prende estilista no por\u00e3o<\/a><\/h4><\/div><\/div>\n<div class=\"col-md-12 col-sm-12 col-xs-12 pt-cv-content-item pt-cv-1-col\" ><div class='pt-cv-ifield'><h4 class=\"pt-cv-title\"><a href=\"https:\/\/www.tvnovelas.com.br\/tvnews\/todas-as-flores-olavo-arma-para-eliminar-rafael\/\" class=\"_self\" target=\"_self\" >Todas as Flores: Olavo arma para eliminar Rafael<\/a><\/h4><\/div><\/div>\n<div class=\"col-md-12 col-sm-12 col-xs-12 pt-cv-content-item pt-cv-1-col\" ><div class='pt-cv-ifield'><h4 class=\"pt-cv-title\"><a href=\"https:\/\/www.tvnovelas.com.br\/tvnews\/todas-as-flores-vanessa-sequestra-e-prende-zoe-em-porao\/\" class=\"_self\" target=\"_self\" >Todas as Flores: Vanessa sequestra e prende Zo\u00e9 em por\u00e3o<\/a><\/h4><\/div><\/div>\n<div class=\"col-md-12 col-sm-12 col-xs-12 pt-cv-content-item pt-cv-1-col\" ><div class='pt-cv-ifield'><h4 class=\"pt-cv-title\"><a href=\"https:\/\/www.tvnovelas.com.br\/tvnews\/todas-as-flores-zoe-mata-humberto\/\" class=\"_self\" target=\"_self\" >Todas as Flores: Zo\u00e9 mata Humberto<\/a><\/h4><\/div><\/div>\n<div class=\"col-md-12 col-sm-12 col-xs-12 pt-cv-content-item pt-cv-1-col\" ><div class='pt-cv-ifield'><h4 class=\"pt-cv-title\"><a href=\"https:\/\/www.tvnovelas.com.br\/tvnews\/todas-as-flores-humberto-resgata-judite-de-sequestrada-por-zoe\/\" class=\"_self\" target=\"_self\" >Todas as Flores: Humberto resgata Judite de sequestrada por Zo\u00e9<\/a><\/h4><\/div><\/div><\/div><\/div><\/div><br \/>\n<strong style=\"font-size: 120%;\">\u00daltimas not\u00edcias deste canal:<\/strong><br \/>\n<div class=\"pt-cv-wrapper\"><div class=\"pt-cv-view pt-cv-grid pt-cv-colsys\" id=\"pt-cv-view-90991035b3\"><div data-id=\"pt-cv-page-1\" class=\"pt-cv-page\" data-cvc=\"1\"><div class=\"col-md-12 col-sm-12 col-xs-12 pt-cv-content-item pt-cv-1-col\" ><div class='pt-cv-ifield'><h4 class=\"pt-cv-title\"><a href=\"https:\/\/www.tvnovelas.com.br\/tvnews\/coracao-de-mae-atilla-confronta-hasan-e-exige-o-divorcio-de-lale\/\" class=\"_self\" target=\"_self\" >Cora\u00e7\u00e3o de M\u00e3e: Atilla confronta Hasan e exige o div\u00f3rcio de Lale<\/a><\/h4><\/div><\/div>\n<div class=\"col-md-12 col-sm-12 col-xs-12 pt-cv-content-item pt-cv-1-col\" ><div class='pt-cv-ifield'><h4 class=\"pt-cv-title\"><a href=\"https:\/\/www.tvnovelas.com.br\/tvnews\/guerra-das-rosas-gulfem-coloca-gulru-contra-a-parede\/\" class=\"_self\" target=\"_self\" >Guerra das Rosas: Gulfem coloca Gulru contra a parede<\/a><\/h4><\/div><\/div>\n<div class=\"col-md-12 col-sm-12 col-xs-12 pt-cv-content-item pt-cv-1-col\" ><div class='pt-cv-ifield'><h4 class=\"pt-cv-title\"><a href=\"https:\/\/www.tvnovelas.com.br\/tvnews\/coracao-de-mae-atilla-diz-a-lale-que-quer-o-divorcio\/\" class=\"_self\" target=\"_self\" >Cora\u00e7\u00e3o de M\u00e3e: Atilla diz a Lale que quer o div\u00f3rcio<\/a><\/h4><\/div><\/div>\n<div class=\"col-md-12 col-sm-12 col-xs-12 pt-cv-content-item pt-cv-1-col\" ><div class='pt-cv-ifield'><h4 class=\"pt-cv-title\"><a href=\"https:\/\/www.tvnovelas.com.br\/tvnews\/a-nobreza-do-amor-mirinho-garante-noivado-com-virginia-para-atrair-sogro-a-negocio\/\" class=\"_self\" target=\"_self\" >A Nobreza do Amor: Mirinho garante noivado com Virg\u00ednia para atrair sogro a neg\u00f3cio<\/a><\/h4><\/div><\/div>\n<div class=\"col-md-12 col-sm-12 col-xs-12 pt-cv-content-item pt-cv-1-col\" ><div class='pt-cv-ifield'><h4 class=\"pt-cv-title\"><a href=\"https:\/\/www.tvnovelas.com.br\/tvnews\/tres-gracas-joaquim-propoe-fuga-a-arminda-com-o-dinheiro-das-tres-gracas\/\" class=\"_self\" target=\"_self\" >Tr\u00eas Gra\u00e7as:  Joaquim prop\u00f5e fuga a Arminda com o dinheiro das Tr\u00eas Gra\u00e7as<\/a><\/h4><\/div><\/div>\n<div class=\"col-md-12 col-sm-12 col-xs-12 pt-cv-content-item pt-cv-1-col\" ><div class='pt-cv-ifield'><h4 class=\"pt-cv-title\"><a href=\"https:\/\/www.tvnovelas.com.br\/tvnews\/coracao-de-mae-atilla-decide-abrir-o-jogo-com-karsu\/\" class=\"_self\" target=\"_self\" >Cora\u00e7\u00e3o de M\u00e3e: Atilla decide abrir o jogo com Karsu<\/a><\/h4><\/div><\/div>\n<div class=\"col-md-12 col-sm-12 col-xs-12 pt-cv-content-item pt-cv-1-col\" ><div class='pt-cv-ifield'><h4 class=\"pt-cv-title\"><a href=\"https:\/\/www.tvnovelas.com.br\/tvnews\/coracao-de-mae-adnan-e-preso-apos-denuncia-de-irmak\/\" class=\"_self\" target=\"_self\" >Em Cora\u00e7\u00e3o de M\u00e3e: Adnan \u00e9 preso ap\u00f3s denuncia de Irmak<\/a><\/h4><\/div><\/div>\n<div class=\"col-md-12 col-sm-12 col-xs-12 pt-cv-content-item pt-cv-1-col\" ><div class='pt-cv-ifield'><h4 class=\"pt-cv-title\"><a href=\"https:\/\/www.tvnovelas.com.br\/tvnews\/coracao-de-mae-atilla-forca-karsu-a-ouvir-suas-explicacoes\/\" class=\"_self\" target=\"_self\" >Cora\u00e7\u00e3o de M\u00e3e: Atilla for\u00e7a Karsu a ouvir suas explica\u00e7\u00f5es<\/a><\/h4><\/div><\/div>\n<div class=\"col-md-12 col-sm-12 col-xs-12 pt-cv-content-item pt-cv-1-col\" ><div class='pt-cv-ifield'><h4 class=\"pt-cv-title\"><a href=\"https:\/\/www.tvnovelas.com.br\/tvnews\/coracao-acelerado-mulher-choca-janete-ao-se-apresentar-como-amante-do-palhares\/\" class=\"_self\" target=\"_self\" >Cora\u00e7\u00e3o Acelerado: Mulher choca Janete ao se apresentar como amante do Palhares<\/a><\/h4><\/div><\/div>\n<div class=\"col-md-12 col-sm-12 col-xs-12 pt-cv-content-item pt-cv-1-col\" ><div class='pt-cv-ifield'><h4 class=\"pt-cv-title\"><a href=\"https:\/\/www.tvnovelas.com.br\/tvnews\/a-nobreza-do-amor-jendal-dobra-a-recompensa-por-alika\/\" class=\"_self\" target=\"_self\" >A Nobreza do Amor: Jendal dobra a recompensa por Alika<\/a><\/h4><\/div><\/div><\/div><\/div><\/div><br \/>\n<a href=\"https:\/\/www.tvnovelas.com.br\/novelas\/\"><strong>Confira os resumos da semana de todas novelas<\/strong><\/a><br \/>\n<a href=\"http:\/\/tvnovelas.com.br\/filmes\" target=\"_blank\" rel=\"noopener\">Veja tamb\u00e9m: Todas as telas: filmes e s\u00e9ries nos streamings<\/a><\/p>\n<h3>Confira tamb\u00e9m<\/h3>\n<p><a href=\"https:\/\/www.tvnovelas.com.br\/filmes\/\" target=\"_blank\" rel=\"noo 2 pener noreferrer noopener\"><strong>Programa\u00e7\u00e3o de filmes na TV aberta<\/strong><\/a><br \/>\n<a href=\"https:\/\/tvnovelas.com.br\/filmes\/filmes-e-series-ineditos-em-estreia-na-semana-na-netflix\/\" target=\"_blank\" rel=\"noopener noreferrer\"><strong>Estreias da semana na Netflix<\/strong><\/a><br \/>\n<a href=\"https:\/\/caetenews.com.br\/semana\/filmes-da-globo-na-sessao-da-tarde-desta-semana\/\" target=\"_blank\" rel=\"noopener\"><strong>Confira os filmes da semana na Sess\u00e3o da Tarde<\/strong><\/a><br \/>\n<a href=\"\/\/tvnovelas.com.br\/filmes\/filmes-em-estreia-nos-cinemas\/\" target=\"_blank\" rel=\"noopener noreferrer\"><strong>Estreias e novidades no Cinema<\/strong><\/a><br \/>\n<a href=\"https:\/\/www.tvnovelas.com.br\/novelas\/\" target=\"_blank\" rel=\"noopener noreferrer\"><strong>Resumos de novelas<\/strong><\/a><\/p>\n","protected":false},"excerpt":{"rendered":"<p>Em Todas as Flores, mesmo tendo sido resgatada por Zo\u00e9 (Regina Cas\u00e9) da fazenda de tr\u00e1fico humano, Ma\u00edra (Sophie Charlotte) n\u00e3o deixou de desconfiar que a m\u00e3e&#8230;<\/p>\n","protected":false},"author":1,"featured_media":57089,"comment_status":"closed","ping_status":"closed","sticky":false,"template":"","format":"standard","meta":{"_uf_show_specific_survey":0,"_uf_disable_surveys":false,"_jetpack_memberships_contains_paid_content":false,"footnotes":"","_wp_rev_ctl_limit":""},"categories":[236],"tags":[5,64,380],"class_list":["post-57088","post","type-post","status-publish","format-standard","has-post-thumbnail","hentry","category-globo","tag-globo","tag-novelas","tag-todas-as-flores","wpcat-236-id"],"aioseo_notices":[],"jetpack_featured_media_url":"https:\/\/i0.wp.com\/www.tvnovelas.com.br\/tvnews\/wp-content\/uploads\/2023\/10\/38289.jpg?fit=728%2C410&ssl=1","jetpack_shortlink":"https:\/\/wp.me\/pdP2BO-eQM","jetpack_sharing_enabled":true,"_links":{"self":[{"href":"https:\/\/www.tvnovelas.com.br\/tvnews\/wp-json\/wp\/v2\/posts\/57088","targetHints":{"allow":["GET"]}}],"collection":[{"href":"https:\/\/www.tvnovelas.com.br\/tvnews\/wp-json\/wp\/v2\/posts"}],"about":[{"href":"https:\/\/www.tvnovelas.com.br\/tvnews\/wp-json\/wp\/v2\/types\/post"}],"author":[{"embeddable":true,"href":"https:\/\/www.tvnovelas.com.br\/tvnews\/wp-json\/wp\/v2\/users\/1"}],"replies":[{"embeddable":true,"href":"https:\/\/www.tvnovelas.com.br\/tvnews\/wp-json\/wp\/v2\/comments?post=57088"}],"version-history":[{"count":1,"href":"https:\/\/www.tvnovelas.com.br\/tvnews\/wp-json\/wp\/v2\/posts\/57088\/revisions"}],"predecessor-version":[{"id":57090,"href":"https:\/\/www.tvnovelas.com.br\/tvnews\/wp-json\/wp\/v2\/posts\/57088\/revisions\/57090"}],"wp:featuredmedia":[{"embeddable":true,"href":"https:\/\/www.tvnovelas.com.br\/tvnews\/wp-json\/wp\/v2\/media\/57089"}],"wp:attachment":[{"href":"https:\/\/www.tvnovelas.com.br\/tvnews\/wp-json\/wp\/v2\/media?parent=57088"}],"wp:term":[{"taxonomy":"category","embeddable":true,"href":"https:\/\/www.tvnovelas.com.br\/tvnews\/wp-json\/wp\/v2\/categories?post=57088"},{"taxonomy":"post_tag","embeddable":true,"href":"https:\/\/www.tvnovelas.com.br\/tvnews\/wp-json\/wp\/v2\/tags?post=57088"}],"curies":[{"name":"wp","href":"https:\/\/api.w.org\/{rel}","templated":true}]}}