{"id":57206,"date":"2023-10-09T09:10:55","date_gmt":"2023-10-09T12:10:55","guid":{"rendered":"https:\/\/www.tvnovelas.com.br\/tvnews\/?p=57206"},"modified":"2023-10-09T09:10:55","modified_gmt":"2023-10-09T12:10:55","slug":"todas-as-flores-maira-discute-e-joga-verdades-na-cara-de-zoe","status":"publish","type":"post","link":"https:\/\/www.tvnovelas.com.br\/tvnews\/todas-as-flores-maira-discute-e-joga-verdades-na-cara-de-zoe\/","title":{"rendered":"Todas as Flores: Ma\u00edra discute e joga verdades na cara de Zo\u00e9"},"content":{"rendered":"<p><em>Em Todas as Flores: Ma\u00edra discute e joga&#8230;<\/em><br \/>\n<img data-recalc-dims=\"1\" decoding=\"async\" class=\"alignnone wp-image-57207 size-full\" title=\"(Foto: TV Globo\/Todas as Flores)\" src=\"https:\/\/i0.wp.com\/www.tvnovelas.com.br\/tvnews\/wp-content\/uploads\/2023\/10\/38316.jpg?resize=728%2C410&#038;ssl=1\" alt=\"Foto em Todas as Flores: Ma\u00edra discute e joga....\" width=\"728\" height=\"410\" srcset=\"https:\/\/i0.wp.com\/www.tvnovelas.com.br\/tvnews\/wp-content\/uploads\/2023\/10\/38316.jpg?w=728&amp;ssl=1 728w, https:\/\/i0.wp.com\/www.tvnovelas.com.br\/tvnews\/wp-content\/uploads\/2023\/10\/38316.jpg?resize=678%2C381&amp;ssl=1 678w\" sizes=\"(max-width: 728px) 100vw, 728px\" \/><br \/>\nEm Todas as Flores, depois de descobrir toda a verdade sobre a m\u00e3e, Ma\u00edra (Sophie Charlotte) vai colocar um cropped e reagir. A perfumista n\u00e3o deixa barato e joga verdades na cara de Zo\u00e9 (Regina Cas\u00e9). O clima vai esquentar entre m\u00e3e e filha, que ainda manda a vil\u00e3 embora da casa da madrinha.<\/p>\n<p>Ap\u00f3s descobrir que Ma\u00edra foi levada da casa da obra social por Judite (Mariana Nunes) e Pablo (Caio Castro), a vil\u00e3 vai at\u00e9 a casa deles na Gamboa para buscar a filha. &#8220;Abre essa porta, Judite. Ma\u00edra, minha filha&#8221;, diz Zo\u00e9. &#8220;Ma\u00edra, vai l\u00e1 para dentro com o Rivaldinho&#8221;, indica Judite. &#8220;Judite, eu n\u00e3o vou sair daqui. Eu sei que minha filha est\u00e1 a\u00ed dentro&#8221;, grita a vil\u00e3. &#8220;Eu te escondo. Vamos&#8221;, afirma o vendedor da Rhodes. Ma\u00edra, ent\u00e3o, sinaliza que quer conversar com a m\u00e3e e romper essa rela\u00e7\u00e3o de uma vez por todas.<\/p>\n<p>&#8220;N\u00e3o, eu quero acabar com essa hist\u00f3ria de uma vez por todas. Pode abrir a porta&#8221;, diz ela.<\/p>\n<p>A vil\u00e3 entra e v\u00ea a filha na sala da casa da grande rival. &#8220;Abre essa porta, vaca. Judite, o que voc\u00ea fez com a minha filha? Ma\u00edra, essa mulher te sequestrou&#8221;, diz ela. &#8220;Ningu\u00e9m me sequestrou&#8221;, explica Ma\u00edra. &#8220;Ela est\u00e1 aqui porque ela quer&#8221;, diz a costureira.<\/p>\n<p>&#8220;Filha, por que voc\u00ea fez isso com a sua m\u00e3e? Que susto voc\u00ea me deu. Quase me matou de preocupa\u00e7\u00e3o. Vamos embora para casa, vem com a sua m\u00e3e&#8221;, pede Zo\u00e9.<\/p>\n<p>Nesse momento, Ma\u00edra decide mostrar para a m\u00e3e que sabe toda a verdade sobre ela, como a responsabilidade pela morte do pai Rivaldo (Chico Diaz), e inicia uma s\u00e9rie de ataques contra Zo\u00e9.<\/p>\n<p>&#8220;Voc\u00ea pode ter me parido, mas voc\u00ea n\u00e3o \u00e9 e nem nunca vai ser minha m\u00e3e. Some daqui, me deixa em paz. Esquece que eu existo. Eu sei, Zo\u00e9. N\u00e3o foi coincid\u00eancia voc\u00ea ter aparecido na minha vida no dia que meu pai morreu. Voc\u00ea matou o meu pai&#8221;, diz a jovem.<\/p>\n<p>A loira da fac\u00e7\u00e3o de tr\u00e1fico humano fica assustada com a rea\u00e7\u00e3o da filha e nega que tenha sido culpada pela morte do pai da mo\u00e7a. &#8220;Como voc\u00ea pode dizer uma loucura dessa, Ma\u00edra? Pelo amor de Deus, filha, eu cheguei l\u00e1 e ele estava muito mal, ele estava passando mal. Ele teve um infarto&#8221;, diz ela.<\/p>\n<p>&#8220;Voc\u00ea matou meu pai antes que ele pudesse me contar a verdade sobre voc\u00ea, antes que ele pudesse dizer que voc\u00ea \u00e9 um monstro. Foi isso, voc\u00ea s\u00f3 veio atr\u00e1s de mim para que eu doasse a minha medula para a Vanessa, era s\u00f3 isso que te importava&#8221;, dispara Ma\u00edra.<\/p>\n<p>Sem acreditar na atitude da filha, Zo\u00e9 joga a culpa por aquele comportamento em Judite. &#8220;Filha, voc\u00ea est\u00e1 deturpando tudo. Est\u00e1 louca, pelo amor de Deus. \u00c9 essa mulher que est\u00e1 insuflando voc\u00ea contra mim&#8221;, diz a loira. &#8220;Ei, fala direito com a minha m\u00e3e, hein&#8221;, sinaliza Pablo. &#8220;Deixa ela, Pablo. Ma\u00edra sabe muito bem a m\u00e3e que tem&#8221;, afirma a costureira. &#8220;\u00c9 isso, filha. \u00c9 isso que ela faz. Ela fica fazendo a sua cabe\u00e7a contra mim&#8221;, diz a vil\u00e3.<\/p>\n<p>Ma\u00edra indica que ningu\u00e9m fez a sua cabe\u00e7a, porque, na verdade, ela sempre soube, mas n\u00e3o queria acreditar nas maldades da m\u00e3e. Zo\u00e9 se emociona e pede que a filha n\u00e3o fale assim, pois ela a ama. &#8220;Por favor, n\u00e3o fala assim com a sua m\u00e3e. Eu te amo, Ma\u00edra&#8221;, diz a vil\u00e3. &#8220;Voc\u00ea n\u00e3o ama ningu\u00e9m&#8221;, diz a perfumista.<\/p>\n<p>Visivelmente emocionada e tensa com a rispidez da filha, Zo\u00e9 tenta fazer a perfumista mudar de ideia e se declara para ela. No entanto, acaba sendo questionada por Ma\u00edra sobre o motivo de n\u00e3o ter sido amada quando nasceu. Para tentar reverter, a vil\u00e3 joga a culpa no pai da mo\u00e7a.<\/p>\n<p>&#8220;Eu errei de te abandonar naquele instante, mas depois eu tentei voltar atr\u00e1s, mas seu pai sumiu com voc\u00ea. Seu pai roubou voc\u00ea de mim&#8221;, diz a vil\u00e3.<\/p>\n<p>&#8220;Meu pai me protegeu de voc\u00ea, meu pai me salvou, porque ele sabia quem voc\u00ea era&#8221;, declara Ma\u00edra.<\/p>\n<p>Ainda abalada com toda aquela discuss\u00e3o, Zo\u00e9 tenta fazer Ma\u00edra perceber as palavras que jogou na cara da m\u00e3e. &#8220;N\u00e3o vem falar de amor de m\u00e3e depois de todos esses anos&#8221;, afirma a perfumista. &#8220;Todos esses anos eu te procurei. Todos esses anos eu fiquei te buscando, mas eu n\u00e3o conseguia te encontrar&#8221;, explica a loira. &#8220;Para de ser mentirosa, Zo\u00e9. Voc\u00ea n\u00e3o moveu uma palha&#8221;, frisa Judite.<\/p>\n<p>&#8220;Cala essa boca! Fica quieta, voc\u00ea n\u00e3o sabe nada da minha vida. Voc\u00ea n\u00e3o sabe o que eu passei. Voc\u00ea n\u00e3o sabe o que eu sofri. Ela n\u00e3o sabe do meu sofrimento&#8221;, diz a vil\u00e3.<\/p>\n<p>Irredut\u00edvel em seu posicionamento sobre a m\u00e3e, Ma\u00edra diz que n\u00e3o acredita mais na m\u00e3e e a expulsa da casa da madrinha na Gamboa.<\/p>\n<p>&#8220;Eu n\u00e3o acredito em nenhuma palavra que sai da sua boca. Voc\u00ea ainda n\u00e3o entendeu? Voc\u00ea n\u00e3o vai conseguir me convencer de mais nada, porque eu n\u00e3o acredito mais em voc\u00ea. Vai embora daqui!&#8221;, dispara ela.<br \/>\n<a href=\"https:\/\/wp.me\/p8dmjy-9zr\" target=\"_blank\" rel=\"noopener\">Resumos dos cap\u00edtulos da semana de Todas as Flores<\/a><br \/>\n<strong style=\"font-size: 120%;\">\u00daltimas not\u00edcias de Todas as Flores:<\/strong><br \/>\n<div class=\"pt-cv-wrapper\"><div class=\"pt-cv-view pt-cv-grid pt-cv-colsys\" id=\"pt-cv-view-57ad3a3tms\"><div data-id=\"pt-cv-page-1\" class=\"pt-cv-page\" data-cvc=\"1\"><div class=\"col-md-12 col-sm-12 col-xs-12 pt-cv-content-item pt-cv-1-col\" ><div class='pt-cv-ifield'><h4 class=\"pt-cv-title\"><a href=\"https:\/\/www.tvnovelas.com.br\/tvnews\/todas-as-flores-no-fim-acerto-de-contas-entre-maira-vanessa-e-zoe\/\" class=\"_self\" target=\"_self\" >Todas as Flores: No fim, acerto de contas entre Ma\u00edra, Vanessa e Zo\u00e9<\/a><\/h4><\/div><\/div>\n<div class=\"col-md-12 col-sm-12 col-xs-12 pt-cv-content-item pt-cv-1-col\" ><div class='pt-cv-ifield'><h4 class=\"pt-cv-title\"><a href=\"https:\/\/www.tvnovelas.com.br\/tvnews\/todas-as-flores-pablo-trai-vanessa-e-prende-estilista-no-porao\/\" class=\"_self\" target=\"_self\" >Todas as Flores: Pablo trai Vanessa e prende estilista no por\u00e3o<\/a><\/h4><\/div><\/div>\n<div class=\"col-md-12 col-sm-12 col-xs-12 pt-cv-content-item pt-cv-1-col\" ><div class='pt-cv-ifield'><h4 class=\"pt-cv-title\"><a href=\"https:\/\/www.tvnovelas.com.br\/tvnews\/todas-as-flores-olavo-arma-para-eliminar-rafael\/\" class=\"_self\" target=\"_self\" >Todas as Flores: Olavo arma para eliminar Rafael<\/a><\/h4><\/div><\/div>\n<div class=\"col-md-12 col-sm-12 col-xs-12 pt-cv-content-item pt-cv-1-col\" ><div class='pt-cv-ifield'><h4 class=\"pt-cv-title\"><a href=\"https:\/\/www.tvnovelas.com.br\/tvnews\/todas-as-flores-vanessa-sequestra-e-prende-zoe-em-porao\/\" class=\"_self\" target=\"_self\" >Todas as Flores: Vanessa sequestra e prende Zo\u00e9 em por\u00e3o<\/a><\/h4><\/div><\/div>\n<div class=\"col-md-12 col-sm-12 col-xs-12 pt-cv-content-item pt-cv-1-col\" ><div class='pt-cv-ifield'><h4 class=\"pt-cv-title\"><a href=\"https:\/\/www.tvnovelas.com.br\/tvnews\/todas-as-flores-zoe-mata-humberto\/\" class=\"_self\" target=\"_self\" >Todas as Flores: Zo\u00e9 mata Humberto<\/a><\/h4><\/div><\/div>\n<div class=\"col-md-12 col-sm-12 col-xs-12 pt-cv-content-item pt-cv-1-col\" ><div class='pt-cv-ifield'><h4 class=\"pt-cv-title\"><a href=\"https:\/\/www.tvnovelas.com.br\/tvnews\/todas-as-flores-humberto-resgata-judite-de-sequestrada-por-zoe\/\" class=\"_self\" target=\"_self\" >Todas as Flores: Humberto resgata Judite de sequestrada por Zo\u00e9<\/a><\/h4><\/div><\/div><\/div><\/div><\/div><br \/>\n<strong style=\"font-size: 120%;\">\u00daltimas not\u00edcias deste canal:<\/strong><br \/>\n<div class=\"pt-cv-wrapper\"><div class=\"pt-cv-view pt-cv-grid pt-cv-colsys\" id=\"pt-cv-view-90991035b3\"><div data-id=\"pt-cv-page-1\" class=\"pt-cv-page\" data-cvc=\"1\"><div class=\"col-md-12 col-sm-12 col-xs-12 pt-cv-content-item pt-cv-1-col\" ><div class='pt-cv-ifield'><h4 class=\"pt-cv-title\"><a href=\"https:\/\/www.tvnovelas.com.br\/tvnews\/coracao-de-mae-irmak-inicia-jogo-arriscado-contra-adnan\/\" class=\"_self\" target=\"_self\" >Cora\u00e7\u00e3o de M\u00e3e: Irmak inicia jogo arriscado contra Adnan<\/a><\/h4><\/div><\/div>\n<div class=\"col-md-12 col-sm-12 col-xs-12 pt-cv-content-item pt-cv-1-col\" ><div class='pt-cv-ifield'><h4 class=\"pt-cv-title\"><a href=\"https:\/\/www.tvnovelas.com.br\/tvnews\/guerra-das-rosas-omer-chama-gulru-vestida-de-noiva-para-fugir\/\" class=\"_self\" target=\"_self\" >Guerra das Rosas: Omer chama Gulru vestida de noiva para fugir<\/a><\/h4><\/div><\/div>\n<div class=\"col-md-12 col-sm-12 col-xs-12 pt-cv-content-item pt-cv-1-col\" ><div class='pt-cv-ifield'><h4 class=\"pt-cv-title\"><a href=\"https:\/\/www.tvnovelas.com.br\/tvnews\/coracao-de-mae-reha-sai-para-jantar-com-selvi\/\" class=\"_self\" target=\"_self\" >Cora\u00e7\u00e3o de M\u00e3e: Reha sai para jantar com Selvi<\/a><\/h4><\/div><\/div>\n<div class=\"col-md-12 col-sm-12 col-xs-12 pt-cv-content-item pt-cv-1-col\" ><div class='pt-cv-ifield'><h4 class=\"pt-cv-title\"><a href=\"https:\/\/www.tvnovelas.com.br\/tvnews\/coracao-acelerado-zila-se-preocupa-com-sua-situacao-apos-separacao\/\" class=\"_self\" target=\"_self\" >Cora\u00e7\u00e3o Acelerado: Zil\u00e1 se preocupa com sua situa\u00e7\u00e3o ap\u00f3s separa\u00e7\u00e3o<\/a><\/h4><\/div><\/div>\n<div class=\"col-md-12 col-sm-12 col-xs-12 pt-cv-content-item pt-cv-1-col\" ><div class='pt-cv-ifield'><h4 class=\"pt-cv-title\"><a href=\"https:\/\/www.tvnovelas.com.br\/tvnews\/a-nobreza-do-amor-tonho-nao-se-curva-diante-de-mirinho\/\" class=\"_self\" target=\"_self\" >A Nobreza do Amor: Tonho n\u00e3o se curva diante de Mirinho<\/a><\/h4><\/div><\/div>\n<div class=\"col-md-12 col-sm-12 col-xs-12 pt-cv-content-item pt-cv-1-col\" ><div class='pt-cv-ifield'><h4 class=\"pt-cv-title\"><a href=\"https:\/\/www.tvnovelas.com.br\/tvnews\/tres-gracas-arminda-surta-ao-confirmar-que-ferette-e-pai-de-raul\/\" class=\"_self\" target=\"_self\" >Tr\u00eas Gra\u00e7as:  Arminda surta ao confirmar que Ferette \u00e9 pai de Raul<\/a><\/h4><\/div><\/div>\n<div class=\"col-md-12 col-sm-12 col-xs-12 pt-cv-content-item pt-cv-1-col\" ><div class='pt-cv-ifield'><h4 class=\"pt-cv-title\"><a href=\"https:\/\/www.tvnovelas.com.br\/tvnews\/coracao-de-mae-atilla-confronta-hasan-e-exige-o-divorcio-de-lale\/\" class=\"_self\" target=\"_self\" >Cora\u00e7\u00e3o de M\u00e3e: Atilla confronta Hasan e exige o div\u00f3rcio de Lale<\/a><\/h4><\/div><\/div>\n<div class=\"col-md-12 col-sm-12 col-xs-12 pt-cv-content-item pt-cv-1-col\" ><div class='pt-cv-ifield'><h4 class=\"pt-cv-title\"><a href=\"https:\/\/www.tvnovelas.com.br\/tvnews\/guerra-das-rosas-gulfem-coloca-gulru-contra-a-parede\/\" class=\"_self\" target=\"_self\" >Guerra das Rosas: Gulfem coloca Gulru contra a parede<\/a><\/h4><\/div><\/div>\n<div class=\"col-md-12 col-sm-12 col-xs-12 pt-cv-content-item pt-cv-1-col\" ><div class='pt-cv-ifield'><h4 class=\"pt-cv-title\"><a href=\"https:\/\/www.tvnovelas.com.br\/tvnews\/coracao-de-mae-atilla-diz-a-lale-que-quer-o-divorcio\/\" class=\"_self\" target=\"_self\" >Cora\u00e7\u00e3o de M\u00e3e: Atilla diz a Lale que quer o div\u00f3rcio<\/a><\/h4><\/div><\/div>\n<div class=\"col-md-12 col-sm-12 col-xs-12 pt-cv-content-item pt-cv-1-col\" ><div class='pt-cv-ifield'><h4 class=\"pt-cv-title\"><a href=\"https:\/\/www.tvnovelas.com.br\/tvnews\/a-nobreza-do-amor-mirinho-garante-noivado-com-virginia-para-atrair-sogro-a-negocio\/\" class=\"_self\" target=\"_self\" >A Nobreza do Amor: Mirinho garante noivado com Virg\u00ednia para atrair sogro a neg\u00f3cio<\/a><\/h4><\/div><\/div><\/div><\/div><\/div><br \/>\n<a href=\"https:\/\/www.tvnovelas.com.br\/novelas\/\"><strong>Confira os resumos da semana de todas novelas<\/strong><\/a><br \/>\n<a href=\"http:\/\/tvnovelas.com.br\/filmes\" target=\"_blank\" rel=\"noopener\">Veja tamb\u00e9m: Todas as telas: filmes e s\u00e9ries nos streamings<\/a><\/p>\n<h3>Confira tamb\u00e9m<\/h3>\n<p><a href=\"https:\/\/www.tvnovelas.com.br\/filmes\/\" target=\"_blank\" rel=\"noo 2 pener noreferrer noopener\"><strong>Programa\u00e7\u00e3o de filmes na TV aberta<\/strong><\/a><br \/>\n<a href=\"https:\/\/tvnovelas.com.br\/filmes\/filmes-e-series-ineditos-em-estreia-na-semana-na-netflix\/\" target=\"_blank\" rel=\"noopener noreferrer\"><strong>Estreias da semana na Netflix<\/strong><\/a><br \/>\n<a href=\"https:\/\/caetenews.com.br\/semana\/filmes-da-globo-na-sessao-da-tarde-desta-semana\/\" target=\"_blank\" rel=\"noopener\"><strong>Confira os filmes da semana na Sess\u00e3o da Tarde<\/strong><\/a><br \/>\n<a href=\"\/\/tvnovelas.com.br\/filmes\/filmes-em-estreia-nos-cinemas\/\" target=\"_blank\" rel=\"noopener noreferrer\"><strong>Estreias e novidades no Cinema<\/strong><\/a><br \/>\n<a href=\"https:\/\/www.tvnovelas.com.br\/novelas\/\" target=\"_blank\" rel=\"noopener noreferrer\"><strong>Resumos de novelas<\/strong><\/a><\/p>\n","protected":false},"excerpt":{"rendered":"<p>Em Todas as Flores, depois de descobrir toda a verdade sobre a m\u00e3e, Ma\u00edra (Sophie Charlotte) vai colocar um cropped e reagir. A perfumista n\u00e3o deixa barato e joga verdades&#8230;<\/p>\n","protected":false},"author":1,"featured_media":0,"comment_status":"closed","ping_status":"closed","sticky":false,"template":"","format":"standard","meta":{"_uf_show_specific_survey":0,"_uf_disable_surveys":false,"_jetpack_memberships_contains_paid_content":false,"footnotes":"","_wp_rev_ctl_limit":""},"categories":[353],"tags":[],"class_list":["post-57206","post","type-post","status-publish","format-standard","hentry","category-resumos-de-novelas","wpcat-353-id"],"aioseo_notices":[],"jetpack_featured_media_url":"","jetpack_shortlink":"https:\/\/wp.me\/pdP2BO-eSG","jetpack_sharing_enabled":true,"_links":{"self":[{"href":"https:\/\/www.tvnovelas.com.br\/tvnews\/wp-json\/wp\/v2\/posts\/57206","targetHints":{"allow":["GET"]}}],"collection":[{"href":"https:\/\/www.tvnovelas.com.br\/tvnews\/wp-json\/wp\/v2\/posts"}],"about":[{"href":"https:\/\/www.tvnovelas.com.br\/tvnews\/wp-json\/wp\/v2\/types\/post"}],"author":[{"embeddable":true,"href":"https:\/\/www.tvnovelas.com.br\/tvnews\/wp-json\/wp\/v2\/users\/1"}],"replies":[{"embeddable":true,"href":"https:\/\/www.tvnovelas.com.br\/tvnews\/wp-json\/wp\/v2\/comments?post=57206"}],"version-history":[{"count":1,"href":"https:\/\/www.tvnovelas.com.br\/tvnews\/wp-json\/wp\/v2\/posts\/57206\/revisions"}],"predecessor-version":[{"id":57208,"href":"https:\/\/www.tvnovelas.com.br\/tvnews\/wp-json\/wp\/v2\/posts\/57206\/revisions\/57208"}],"wp:attachment":[{"href":"https:\/\/www.tvnovelas.com.br\/tvnews\/wp-json\/wp\/v2\/media?parent=57206"}],"wp:term":[{"taxonomy":"category","embeddable":true,"href":"https:\/\/www.tvnovelas.com.br\/tvnews\/wp-json\/wp\/v2\/categories?post=57206"},{"taxonomy":"post_tag","embeddable":true,"href":"https:\/\/www.tvnovelas.com.br\/tvnews\/wp-json\/wp\/v2\/tags?post=57206"}],"curies":[{"name":"wp","href":"https:\/\/api.w.org\/{rel}","templated":true}]}}