{"id":57364,"date":"2023-10-12T09:13:49","date_gmt":"2023-10-12T12:13:49","guid":{"rendered":"https:\/\/www.tvnovelas.com.br\/tvnews\/?p=57364"},"modified":"2023-10-12T09:13:49","modified_gmt":"2023-10-12T12:13:49","slug":"terra-e-paixao-atitude-de-lucinda-surpreende-graca","status":"publish","type":"post","link":"https:\/\/www.tvnovelas.com.br\/tvnews\/terra-e-paixao-atitude-de-lucinda-surpreende-graca\/","title":{"rendered":"Terra e Paix\u00e3o: Atitude de Lucinda surpreende Gra\u00e7a"},"content":{"rendered":"<p><em>Em Terra e Paix\u00e3o: Atitude de Lucinda&#8230;<\/em><br \/>\n<img data-recalc-dims=\"1\" decoding=\"async\" src=\"https:\/\/i0.wp.com\/www.tvnovelas.com.br\/tvnews\/wp-content\/uploads\/2023\/10\/38350.jpg?resize=728%2C411&#038;ssl=1\" alt=\"Foto em Terra e Paix\u00e3o: Atitude de Lucinda...\" width=\"728\" height=\"411\" class=\"alignnone size-full wp-image-57365\" \/><br \/>\n(Foto: TV Globo\/Terra e Paix\u00e3o)<br \/>\nEm Terra e Paix\u00e3o, Lucinda (D\u00e9bora Falabella) descobriu o segredo de Gra\u00e7a (Agatha Moreira) e Marino (Leandro Lima).<\/p>\n<p>A gerente da cooperativa procura a jovem para lhe comunicar que est\u00e1 ciente que Danielzinho n\u00e3o \u00e9 herdeiro dos La Selva.<\/p>\n<p>Escondida, Angelina (Inez Viana) ouve tudo atr\u00e1s da porta e fica chocada ao saber que o beb\u00ea \u00e9 filho do delegado.<\/p>\n<p>Lucinda vai surpreender Gra\u00e7a ao oferecer ajuda \u00e0 ex de Marino para lidar com a situa\u00e7\u00e3o.<\/p>\n<p>Primeiro, a dona da boutique fica em choque com o vazamento da paternidade de seu filho e faz um pedido para a irm\u00e3 de Anely (Tata Werneck):<\/p>\n<p>&#8220;Por favor, Lucinda, eu te pe\u00e7o, n\u00e3o conte pra ningu\u00e9m! Se voc\u00ea contar, vai acabar com a minha vida e com a do Danielzinho&#8221;, implora.<\/p>\n<p>&#8220;N\u00e3o tenho nada que ver com a sua vida e jamais revelaria um segredo seu. Eu s\u00f3 estou aqui, porque comecei um relacionamento com o Marino e a sua hist\u00f3ria acaba afetando a minha hist\u00f3ria tamb\u00e9m&#8221;, explica Lucinda.<\/p>\n<p>A namorada de Marino explica que precisou pressionar o delegado para arrancar a verdade e que n\u00e3o pretende confrontar Gra\u00e7a:<\/p>\n<p>&#8220;Tamb\u00e9m sou m\u00e3e e vim pra tocar o teu cora\u00e7\u00e3o \u2013 ou pelo menos tentar&#8221;.<\/p>\n<p>&#8220;Voc\u00ea acha certo o que voc\u00ea est\u00e1 fazendo com o seu filho. Voc\u00ea acha certo o Danielzinho acreditar que \u00e9 filho do Daniel e que o pai dele morreu? Eu n\u00e3o quero te julgar&#8221;.<\/p>\n<p>&#8220;Mas se um dia, ele souber que foi usado pra voc\u00ea conseguir entrar na fam\u00edlia La Selva, j\u00e1 imaginou o que ele vai sentir? O que ele vai pensar de voc\u00ea?&#8221;.<\/p>\n<p>Gra\u00e7a afirma que mudou de ideia ap\u00f3s o nascimento do herdeiro, mas assume que n\u00e3o sabe como desfazer o plano por medo dos La Selva.<\/p>\n<p>&#8220;O problema \u00e9 que a verdade sempre acaba aparecendo, Gra\u00e7a. Ser\u00e1 que n\u00e3o \u00e9 melhor voc\u00ea mesma desmanchar esse n\u00f3, antes que isso aconte\u00e7a?&#8221;, questiona Lucinda.<br \/>\n<!--END POST--><br \/>\n<a href=\"https:\/\/www.tvnovelas.com.br\/novelas\/resumos-de-terra-e-paixao\/\">Confira os resumos da semana de &#8216;Terra e Paix\u00e3o&#8217;<\/a><br \/>\n<strong style=\"font-size: 120%;\">\u00daltimas not\u00edcias de Terra e Paix\u00e3o:<\/strong><br \/>\n<div class=\"pt-cv-wrapper\"><div class=\"pt-cv-view pt-cv-grid pt-cv-colsys\" id=\"pt-cv-view-9bbc6490w2\"><div data-id=\"pt-cv-page-1\" class=\"pt-cv-page\" data-cvc=\"1\"><div class=\"col-md-12 col-sm-6 col-xs-12 pt-cv-content-item pt-cv-1-col\" ><div class='pt-cv-ifield'><h4 class=\"pt-cv-title\"><a href=\"https:\/\/www.tvnovelas.com.br\/tvnews\/terra-e-paixao-vinicius-choca-aline-com-relatorio-sobre-diamantes-em-suas-terras\/\" class=\"_blank\" target=\"_blank\" >Terra e Paix\u00e3o: Vin\u00edcius choca Aline com relat\u00f3rio sobre diamantes em suas terras<\/a><\/h4><\/div><\/div>\n<div class=\"col-md-12 col-sm-6 col-xs-12 pt-cv-content-item pt-cv-1-col\" ><div class='pt-cv-ifield'><h4 class=\"pt-cv-title\"><a href=\"https:\/\/www.tvnovelas.com.br\/tvnews\/terra-e-paixao-fuga-de-antonio-tem-mortes-e-disfarce\/\" class=\"_blank\" target=\"_blank\" >Terra e Paix\u00e3o: Fuga de Ant\u00f4nio tem mortes e disfarce<\/a><\/h4><\/div><\/div>\n<div class=\"col-md-12 col-sm-6 col-xs-12 pt-cv-content-item pt-cv-1-col\" ><div class='pt-cv-ifield'><h4 class=\"pt-cv-title\"><a href=\"https:\/\/www.tvnovelas.com.br\/tvnews\/terra-e-paixao-antonio-invade-casamento-para-matar-aline-no-altar\/\" class=\"_blank\" target=\"_blank\" >Terra e Paix\u00e3o: Ant\u00f4nio invade casamento para matar Aline no altar<\/a><\/h4><\/div><\/div>\n<div class=\"col-md-12 col-sm-6 col-xs-12 pt-cv-content-item pt-cv-1-col\" ><div class='pt-cv-ifield'><h4 class=\"pt-cv-title\"><a href=\"https:\/\/www.tvnovelas.com.br\/tvnews\/terra-e-paixao-graca-se-junta-a-policia-para-salvar-danielzinho\/\" class=\"_blank\" target=\"_blank\" >Terra e Paix\u00e3o: Gra\u00e7a se junta \u00e0 Pol\u00edcia para salvar Danielzinho<\/a><\/h4><\/div><\/div>\n<div class=\"col-md-12 col-sm-6 col-xs-12 pt-cv-content-item pt-cv-1-col\" ><div class='pt-cv-ifield'><h4 class=\"pt-cv-title\"><a href=\"https:\/\/www.tvnovelas.com.br\/tvnews\/terra-e-paixao-marino-da-voz-de-prisao-a-irene\/\" class=\"_blank\" target=\"_blank\" >Terra e Paix\u00e3o: Marino d\u00e1 voz de pris\u00e3o a Irene<\/a><\/h4><\/div><\/div>\n<div class=\"col-md-12 col-sm-6 col-xs-12 pt-cv-content-item pt-cv-1-col\" ><div class='pt-cv-ifield'><h4 class=\"pt-cv-title\"><a href=\"https:\/\/www.tvnovelas.com.br\/tvnews\/terra-e-paixao-irene-sequestra-danielzinho-e-foge-com-vinicius\/\" class=\"_blank\" target=\"_blank\" >Terra e Paix\u00e3o: Irene sequestra Danielzinho e foge com Vin\u00edcius<\/a><\/h4><\/div><\/div><\/div><\/div><\/div><br \/>\n<strong style=\"font-size: 120%;\">\u00daltimas not\u00edcias deste canal:<\/strong><br \/>\n<div class=\"pt-cv-wrapper\"><div class=\"pt-cv-view pt-cv-grid pt-cv-colsys\" id=\"pt-cv-view-90991035b3\"><div data-id=\"pt-cv-page-1\" class=\"pt-cv-page\" data-cvc=\"1\"><div class=\"col-md-12 col-sm-12 col-xs-12 pt-cv-content-item pt-cv-1-col\" ><div class='pt-cv-ifield'><h4 class=\"pt-cv-title\"><a href=\"https:\/\/www.tvnovelas.com.br\/tvnews\/coracao-de-mae-atilla-confronta-hasan-e-exige-o-divorcio-de-lale\/\" class=\"_self\" target=\"_self\" >Cora\u00e7\u00e3o de M\u00e3e: Atilla confronta Hasan e exige o div\u00f3rcio de Lale<\/a><\/h4><\/div><\/div>\n<div class=\"col-md-12 col-sm-12 col-xs-12 pt-cv-content-item pt-cv-1-col\" ><div class='pt-cv-ifield'><h4 class=\"pt-cv-title\"><a href=\"https:\/\/www.tvnovelas.com.br\/tvnews\/guerra-das-rosas-gulfem-coloca-gulru-contra-a-parede\/\" class=\"_self\" target=\"_self\" >Guerra das Rosas: Gulfem coloca Gulru contra a parede<\/a><\/h4><\/div><\/div>\n<div class=\"col-md-12 col-sm-12 col-xs-12 pt-cv-content-item pt-cv-1-col\" ><div class='pt-cv-ifield'><h4 class=\"pt-cv-title\"><a href=\"https:\/\/www.tvnovelas.com.br\/tvnews\/coracao-de-mae-atilla-diz-a-lale-que-quer-o-divorcio\/\" class=\"_self\" target=\"_self\" >Cora\u00e7\u00e3o de M\u00e3e: Atilla diz a Lale que quer o div\u00f3rcio<\/a><\/h4><\/div><\/div>\n<div class=\"col-md-12 col-sm-12 col-xs-12 pt-cv-content-item pt-cv-1-col\" ><div class='pt-cv-ifield'><h4 class=\"pt-cv-title\"><a href=\"https:\/\/www.tvnovelas.com.br\/tvnews\/a-nobreza-do-amor-mirinho-garante-noivado-com-virginia-para-atrair-sogro-a-negocio\/\" class=\"_self\" target=\"_self\" >A Nobreza do Amor: Mirinho garante noivado com Virg\u00ednia para atrair sogro a neg\u00f3cio<\/a><\/h4><\/div><\/div>\n<div class=\"col-md-12 col-sm-12 col-xs-12 pt-cv-content-item pt-cv-1-col\" ><div class='pt-cv-ifield'><h4 class=\"pt-cv-title\"><a href=\"https:\/\/www.tvnovelas.com.br\/tvnews\/tres-gracas-joaquim-propoe-fuga-a-arminda-com-o-dinheiro-das-tres-gracas\/\" class=\"_self\" target=\"_self\" >Tr\u00eas Gra\u00e7as:  Joaquim prop\u00f5e fuga a Arminda com o dinheiro das Tr\u00eas Gra\u00e7as<\/a><\/h4><\/div><\/div>\n<div class=\"col-md-12 col-sm-12 col-xs-12 pt-cv-content-item pt-cv-1-col\" ><div class='pt-cv-ifield'><h4 class=\"pt-cv-title\"><a href=\"https:\/\/www.tvnovelas.com.br\/tvnews\/coracao-de-mae-atilla-decide-abrir-o-jogo-com-karsu\/\" class=\"_self\" target=\"_self\" >Cora\u00e7\u00e3o de M\u00e3e: Atilla decide abrir o jogo com Karsu<\/a><\/h4><\/div><\/div>\n<div class=\"col-md-12 col-sm-12 col-xs-12 pt-cv-content-item pt-cv-1-col\" ><div class='pt-cv-ifield'><h4 class=\"pt-cv-title\"><a href=\"https:\/\/www.tvnovelas.com.br\/tvnews\/coracao-de-mae-adnan-e-preso-apos-denuncia-de-irmak\/\" class=\"_self\" target=\"_self\" >Em Cora\u00e7\u00e3o de M\u00e3e: Adnan \u00e9 preso ap\u00f3s denuncia de Irmak<\/a><\/h4><\/div><\/div>\n<div class=\"col-md-12 col-sm-12 col-xs-12 pt-cv-content-item pt-cv-1-col\" ><div class='pt-cv-ifield'><h4 class=\"pt-cv-title\"><a href=\"https:\/\/www.tvnovelas.com.br\/tvnews\/coracao-de-mae-atilla-forca-karsu-a-ouvir-suas-explicacoes\/\" class=\"_self\" target=\"_self\" >Cora\u00e7\u00e3o de M\u00e3e: Atilla for\u00e7a Karsu a ouvir suas explica\u00e7\u00f5es<\/a><\/h4><\/div><\/div>\n<div class=\"col-md-12 col-sm-12 col-xs-12 pt-cv-content-item pt-cv-1-col\" ><div class='pt-cv-ifield'><h4 class=\"pt-cv-title\"><a href=\"https:\/\/www.tvnovelas.com.br\/tvnews\/coracao-acelerado-mulher-choca-janete-ao-se-apresentar-como-amante-do-palhares\/\" class=\"_self\" target=\"_self\" >Cora\u00e7\u00e3o Acelerado: Mulher choca Janete ao se apresentar como amante do Palhares<\/a><\/h4><\/div><\/div>\n<div class=\"col-md-12 col-sm-12 col-xs-12 pt-cv-content-item pt-cv-1-col\" ><div class='pt-cv-ifield'><h4 class=\"pt-cv-title\"><a href=\"https:\/\/www.tvnovelas.com.br\/tvnews\/a-nobreza-do-amor-jendal-dobra-a-recompensa-por-alika\/\" class=\"_self\" target=\"_self\" >A Nobreza do Amor: Jendal dobra a recompensa por Alika<\/a><\/h4><\/div><\/div><\/div><\/div><\/div><br \/>\n<a href=\"https:\/\/www.tvnovelas.com.br\/novelas\/\"><strong>Confira os resumos da semana de todas novelas<\/strong><\/a><\/strong><\/p>\n<h3>Confira tamb\u00e9m<\/h3>\n<p><a href=\"https:\/\/www.tvnovelas.com.br\/filmes\/\" target=\"_blank\" rel=\"noopener noreferrer\"><strong>Programa\u00e7\u00e3o de filmes na TV aberta<\/strong><\/a><br \/>\n<a href=\"https:\/\/caetenews.com.br\/semana\/filmes-da-globo-na-sessao-da-tarde-desta-semana\/\" target=\"_blank\" rel=\"noopener\"><strong>Confira os filmes da semana na Sess\u00e3o da Tarde<\/strong><\/a><br \/>\n<a href=\"https:\/\/www.tvnovelas.com.br\/novelas\/\" target=\"_blank\" rel=\"noopener noreferrer\"><strong>Resumos de novelas<\/strong><\/a><\/p>\n","protected":false},"excerpt":{"rendered":"<p>Em Terra e Paix\u00e3o, Lucinda (D\u00e9bora Falabella) descobriu o segredo de Gra\u00e7a (Agatha Moreira) e Marino (Leandro Lima). A gerente da cooperativa procura a jovem&#8230;<\/p>\n","protected":false},"author":1,"featured_media":57365,"comment_status":"closed","ping_status":"closed","sticky":false,"template":"","format":"standard","meta":{"_uf_show_specific_survey":0,"_uf_disable_surveys":false,"_jetpack_memberships_contains_paid_content":false,"footnotes":"","_wp_rev_ctl_limit":""},"categories":[382],"tags":[],"class_list":["post-57364","post","type-post","status-publish","format-standard","has-post-thumbnail","hentry","category-terra-e-paixao","wpcat-382-id"],"aioseo_notices":[],"jetpack_featured_media_url":"https:\/\/i0.wp.com\/www.tvnovelas.com.br\/tvnews\/wp-content\/uploads\/2023\/10\/38350.jpg?fit=728%2C411&ssl=1","jetpack_shortlink":"https:\/\/wp.me\/pdP2BO-eVe","jetpack_sharing_enabled":true,"_links":{"self":[{"href":"https:\/\/www.tvnovelas.com.br\/tvnews\/wp-json\/wp\/v2\/posts\/57364","targetHints":{"allow":["GET"]}}],"collection":[{"href":"https:\/\/www.tvnovelas.com.br\/tvnews\/wp-json\/wp\/v2\/posts"}],"about":[{"href":"https:\/\/www.tvnovelas.com.br\/tvnews\/wp-json\/wp\/v2\/types\/post"}],"author":[{"embeddable":true,"href":"https:\/\/www.tvnovelas.com.br\/tvnews\/wp-json\/wp\/v2\/users\/1"}],"replies":[{"embeddable":true,"href":"https:\/\/www.tvnovelas.com.br\/tvnews\/wp-json\/wp\/v2\/comments?post=57364"}],"version-history":[{"count":1,"href":"https:\/\/www.tvnovelas.com.br\/tvnews\/wp-json\/wp\/v2\/posts\/57364\/revisions"}],"predecessor-version":[{"id":57366,"href":"https:\/\/www.tvnovelas.com.br\/tvnews\/wp-json\/wp\/v2\/posts\/57364\/revisions\/57366"}],"wp:featuredmedia":[{"embeddable":true,"href":"https:\/\/www.tvnovelas.com.br\/tvnews\/wp-json\/wp\/v2\/media\/57365"}],"wp:attachment":[{"href":"https:\/\/www.tvnovelas.com.br\/tvnews\/wp-json\/wp\/v2\/media?parent=57364"}],"wp:term":[{"taxonomy":"category","embeddable":true,"href":"https:\/\/www.tvnovelas.com.br\/tvnews\/wp-json\/wp\/v2\/categories?post=57364"},{"taxonomy":"post_tag","embeddable":true,"href":"https:\/\/www.tvnovelas.com.br\/tvnews\/wp-json\/wp\/v2\/tags?post=57364"}],"curies":[{"name":"wp","href":"https:\/\/api.w.org\/{rel}","templated":true}]}}