{"id":57518,"date":"2023-10-16T10:03:05","date_gmt":"2023-10-16T13:03:05","guid":{"rendered":"https:\/\/www.tvnovelas.com.br\/tvnews\/?p=57518"},"modified":"2023-10-16T10:03:05","modified_gmt":"2023-10-16T13:03:05","slug":"todas-as-flores-rafael-descobre-segredo-de-diego","status":"publish","type":"post","link":"https:\/\/www.tvnovelas.com.br\/tvnews\/todas-as-flores-rafael-descobre-segredo-de-diego\/","title":{"rendered":"Todas as Flores: Rafael descobre segredo de Diego"},"content":{"rendered":"<p><em>Em Todas as Flores: Rafael descobre&#8230;<\/em><br \/>\n<img data-recalc-dims=\"1\" decoding=\"async\" class=\"alignnone wp-image-57519 size-full\" title=\"(Foto: TV Globo\/Todas as Flores)\" src=\"https:\/\/i0.wp.com\/www.tvnovelas.com.br\/tvnews\/wp-content\/uploads\/2023\/10\/38389.jpg?resize=728%2C410&#038;ssl=1\" alt=\"Foto em Todas as Flores: Rafael descobre....\" width=\"728\" height=\"410\" srcset=\"https:\/\/i0.wp.com\/www.tvnovelas.com.br\/tvnews\/wp-content\/uploads\/2023\/10\/38389.jpg?w=728&amp;ssl=1 728w, https:\/\/i0.wp.com\/www.tvnovelas.com.br\/tvnews\/wp-content\/uploads\/2023\/10\/38389.jpg?resize=678%2C381&amp;ssl=1 678w\" sizes=\"(max-width: 728px) 100vw, 728px\" \/><br \/>\nEm Todas as Flores, Diego (Nicolas Prattes) finalmente entende no que est\u00e1 metido ao trabalhar para Samsa (\u00c2ngelo Ant\u00f4nio). Tudo isso acontece ap\u00f3s Rafael (Humberto Carr\u00e3o) descobrir o envolvimento do ex-gar\u00e7om na quadrilha de tr\u00e1fico humano e o coloca contra a parede.<\/p>\n<p>Ap\u00f3s conseguir secretamente documentos da pol\u00edcia a respeito da quadrilha de tr\u00e1fico humano, Rafael se d\u00e1 conta que Diego faz parte do esquema ilegal. Bastante irritado, ele vai at\u00e9 o ex-gar\u00e7om e encurrala ele na Rhodes. &#8220;Eu sei que voc\u00ea faz parte de uma quadrilha de tr\u00e1fico humano&#8221;, dispara o presidente da Rhodes.<\/p>\n<p>O ex-gar\u00e7om se apavora ao descobrir onde foi parar ap\u00f3s se associar com o homem dentro da cadeia. Enquanto isso, Rafael amea\u00e7a entregar Diego para a pol\u00edcia. &#8220;Presta aten\u00e7\u00e3o, meu irm\u00e3o. Voc\u00ea me fala tudo que voc\u00ea sabe ou voc\u00ea sai daqui preso&#8221;, diz ele.<\/p>\n<p>Desesperado, Diego n\u00e3o consegue entender o motivo pelo qual o presidente da Rhodes est\u00e1 culpando ele. &#8220;O que voc\u00ea t\u00e1 falando, irm\u00e3o? Tr\u00e1fico humano?&#8221;, questiona. &#8220;Samsa Mondego! Voc\u00ea n\u00e3o trabalha para ele?&#8221;, pergunta Rafael.<\/p>\n<p>&#8220;O neg\u00f3cio do Samsa \u00e9 tr\u00e1fico humano? Minha irm\u00e3 foi levada pelo tr\u00e1fico humano. Eu n\u00e3o sabia nada, n\u00e3o&#8221;, dispara o ex-gar\u00e7om.<\/p>\n<p>&#8220;Eu falei e vou repetir: come\u00e7a a falar tudo o que voc\u00ea sabe sen\u00e3o voc\u00ea vai para a cadeia e voc\u00ea n\u00e3o sai&#8221;, diz um Rafael impaciente. Em seguida, Diego come\u00e7a a se explicar e fala o motivo de ter se associado ao criminoso. &#8220;Tu pode fazer o que tu que quiser comigo, mas eu estou falando que eu n\u00e3o sabia de nada do neg\u00f3cio do Samsa. Eu tive que acabar assumindo um crime que eu n\u00e3o cometi. Minha vida saiu do controle. Eu estou te falando s\u00e9rio&#8221;, afirma o ex-gar\u00e7om. &#8220;Dif\u00edcil acreditar em voc\u00ea&#8221;, afirma o empres\u00e1rio.<\/p>\n<p>O ex-gar\u00e7om tenta se justificar mais uma vez e pede que o presidente da Rhodes o ou\u00e7a, para assim conseguir explicar como foi parar na casa de Samsa. &#8220;Eu estou falando a verdade. Eu sei que tu n\u00e3o tem nenhum motivo para acreditar em mim, mas tu me deixa contar pelo menos a minha hist\u00f3ria&#8221;, diz.<\/p>\n<p>Diego explica que a sua fam\u00edlia dependia exclusivamente dele para trabalhar, pois a sua m\u00e3e estava doente e n\u00e3o tinha condi\u00e7\u00e3o de sair de casa. &#8220;Eu era o \u00fanico que trabalhava, eu trabalhava de gar\u00e7om. Em um desses eventos que eu trabalhava, um playboy l\u00e1 cheio da grana estava b\u00eabado e me ofereceu para dirigir o carro para ele. O cara assumiu a porra do volante, teve um acidente e a mulher morreu&#8221;, conta ele.<\/p>\n<p>&#8220;A\u00ed ele conhecia um poderoso l\u00e1 que chegou me oferecendo dinheiro, me oferecendo advogado e falou que s\u00f3 ia ficar uns 3 ou 4 meses preso. S\u00f3 que chegou l\u00e1 o cara deu dinheiro para a minha m\u00e3e e roubou o dinheiro da minha m\u00e3e. Eu fiquei preso, n\u00e3o teve advogado, n\u00e3o teve porra nenhuma. Eu fiquei l\u00e1, os caras me tra\u00edram&#8221;, continua Diego.<\/p>\n<p>Ent\u00e3o, Rafael questiona se foi na cadeia que o jovem conheceu Samsa. Diego diz que sim e conta: &#8220;Ele chegou l\u00e1 aparecendo tamb\u00e9m outro salvador da p\u00e1tria. Estava me oferecendo advogado. O cara disse que ia me tirar da cadeia e me tirou mesmo. Agora, eu tenho uma d\u00edvida com ele&#8221;, afirma.<\/p>\n<p>Super tenso, o presidente da Rhodes questiona se o ex-gar\u00e7om entrou no esquema do chefe da quadrilha de tr\u00e1fico humano. Diego diz que n\u00e3o sabia de nada, apenas que se encarregava de levar e buscar uma mala. &#8220;Esquema, irm\u00e3o? N\u00e3o sabia do esquema. Eu levava as maleta e buscava a maleta. Perguntava o que tinha dentro, mas ningu\u00e9m me falava. Eu precisava desse dinheiro, porque eu n\u00e3o sei onde est\u00e1 minha fam\u00edlia. N\u00e3o sei nem se minha irm\u00e3 est\u00e1 viva&#8221;, explica ele.<\/p>\n<p>&#8220;Sabe o porqu\u00ea \u00e9 muito dif\u00edcil acreditar em voc\u00ea? Porque voc\u00ea quase foi preso com uma maleta cheia de d\u00f3lar para comprar um beb\u00ea&#8221;, dispara Rafael.<\/p>\n<p>Apavorado ap\u00f3s descobrir que poderia ter sido preso no dia que fugiu de dois policiais com a mala, o ex-gar\u00e7om reafirma que n\u00e3o sabia de nada da quadrilha. &#8220;Beb\u00ea, irm\u00e3o? N\u00e3o sabia. S\u00f3 tinha que pegar essa maleta e levar para a D\u00e9bora&#8221;, diz ele. Impaciente, Rafael afirma que \u00e9 dif\u00edcil engolir a hist\u00f3ria dele.<\/p>\n<p>Nesse momento, Diego pede um voto de confian\u00e7a de Rafael e explica que s\u00f3 quer salvar os seus irm\u00e3os.<\/p>\n<p>&#8220;Eu estou falando s\u00e9rio. S\u00f3 estava querendo salvar minha fam\u00edlia. Tu parece ser um cara que faria qualquer coisa pela tua fam\u00edlia, n\u00e9? Estava querendo salvar a minha. Deixa eu te provar que eu estou falando a verdade&#8221;, afirma o ex-gar\u00e7om.<\/p>\n<p>O presidente da Rhodes, ent\u00e3o, prop\u00f5e uma alian\u00e7a para n\u00e3o entregar Diego para a pol\u00edcia. Assim, os dois acabam formando uma alian\u00e7a. &#8220;S\u00f3 tem um jeito de eu n\u00e3o tirar voc\u00ea desse concurso e de n\u00e3o chamar a pol\u00edcia. Agora, voc\u00ea \u00e9 meu informante. Vai me contar tudo que voc\u00ea sabe da quadrilha do Samsa&#8221;, destaca o presidente da Rhodes. &#8220;Se eu fizer isso, os caras v\u00e3o me matar&#8221;, declara o ex-gar\u00e7om. &#8220;\u00c9 pegar ou largar, meu irm\u00e3o&#8221;, frisa Rafael. &#8220;Se eu fizer isso, tu vai me ajudar a achar minha fam\u00edlia? Tu tem dinheiro, tu \u00e9 um cara influente&#8221;, diz Diego.<\/p>\n<p>&#8220;Me prova que voc\u00ea est\u00e1 falando a verdade. Traz a informa\u00e7\u00e3o que eu preciso e eu te ajudo&#8221;, afirma o empres\u00e1rio. &#8220;S\u00f3 tem eu para procurar minha irm\u00e3. Se eu entrar, minha vida vai estar na tua m\u00e3o&#8221;, declara o jovem.<br \/>\n<a href=\"https:\/\/wp.me\/p8dmjy-9zr\" target=\"_blank\" rel=\"noopener\">Resumos dos cap\u00edtulos da semana de Todas as Flores<\/a><br \/>\n<strong style=\"font-size: 120%;\">\u00daltimas not\u00edcias de Todas as Flores:<\/strong><br \/>\n<div class=\"pt-cv-wrapper\"><div class=\"pt-cv-view pt-cv-grid pt-cv-colsys\" id=\"pt-cv-view-57ad3a3tms\"><div data-id=\"pt-cv-page-1\" class=\"pt-cv-page\" data-cvc=\"1\"><div class=\"col-md-12 col-sm-12 col-xs-12 pt-cv-content-item pt-cv-1-col\" ><div class='pt-cv-ifield'><h4 class=\"pt-cv-title\"><a href=\"https:\/\/www.tvnovelas.com.br\/tvnews\/todas-as-flores-no-fim-acerto-de-contas-entre-maira-vanessa-e-zoe\/\" class=\"_self\" target=\"_self\" >Todas as Flores: No fim, acerto de contas entre Ma\u00edra, Vanessa e Zo\u00e9<\/a><\/h4><\/div><\/div>\n<div class=\"col-md-12 col-sm-12 col-xs-12 pt-cv-content-item pt-cv-1-col\" ><div class='pt-cv-ifield'><h4 class=\"pt-cv-title\"><a href=\"https:\/\/www.tvnovelas.com.br\/tvnews\/todas-as-flores-pablo-trai-vanessa-e-prende-estilista-no-porao\/\" class=\"_self\" target=\"_self\" >Todas as Flores: Pablo trai Vanessa e prende estilista no por\u00e3o<\/a><\/h4><\/div><\/div>\n<div class=\"col-md-12 col-sm-12 col-xs-12 pt-cv-content-item pt-cv-1-col\" ><div class='pt-cv-ifield'><h4 class=\"pt-cv-title\"><a href=\"https:\/\/www.tvnovelas.com.br\/tvnews\/todas-as-flores-olavo-arma-para-eliminar-rafael\/\" class=\"_self\" target=\"_self\" >Todas as Flores: Olavo arma para eliminar Rafael<\/a><\/h4><\/div><\/div>\n<div class=\"col-md-12 col-sm-12 col-xs-12 pt-cv-content-item pt-cv-1-col\" ><div class='pt-cv-ifield'><h4 class=\"pt-cv-title\"><a href=\"https:\/\/www.tvnovelas.com.br\/tvnews\/todas-as-flores-vanessa-sequestra-e-prende-zoe-em-porao\/\" class=\"_self\" target=\"_self\" >Todas as Flores: Vanessa sequestra e prende Zo\u00e9 em por\u00e3o<\/a><\/h4><\/div><\/div>\n<div class=\"col-md-12 col-sm-12 col-xs-12 pt-cv-content-item pt-cv-1-col\" ><div class='pt-cv-ifield'><h4 class=\"pt-cv-title\"><a href=\"https:\/\/www.tvnovelas.com.br\/tvnews\/todas-as-flores-zoe-mata-humberto\/\" class=\"_self\" target=\"_self\" >Todas as Flores: Zo\u00e9 mata Humberto<\/a><\/h4><\/div><\/div>\n<div class=\"col-md-12 col-sm-12 col-xs-12 pt-cv-content-item pt-cv-1-col\" ><div class='pt-cv-ifield'><h4 class=\"pt-cv-title\"><a href=\"https:\/\/www.tvnovelas.com.br\/tvnews\/todas-as-flores-humberto-resgata-judite-de-sequestrada-por-zoe\/\" class=\"_self\" target=\"_self\" >Todas as Flores: Humberto resgata Judite de sequestrada por Zo\u00e9<\/a><\/h4><\/div><\/div><\/div><\/div><\/div><br \/>\n<strong style=\"font-size: 120%;\">\u00daltimas not\u00edcias deste canal:<\/strong><br \/>\n<div class=\"pt-cv-wrapper\"><div class=\"pt-cv-view pt-cv-grid pt-cv-colsys\" id=\"pt-cv-view-90991035b3\"><div data-id=\"pt-cv-page-1\" class=\"pt-cv-page\" data-cvc=\"1\"><div class=\"col-md-12 col-sm-12 col-xs-12 pt-cv-content-item pt-cv-1-col\" ><div class='pt-cv-ifield'><h4 class=\"pt-cv-title\"><a href=\"https:\/\/www.tvnovelas.com.br\/tvnews\/guerra-das-rosas-cihan-vibra-com-desistencia-de-gulru-de-casar-com-mert\/\" class=\"_self\" target=\"_self\" >Guerra das Rosas: Cihan vibra com desist\u00eancia de Gulru de casar com Mert<\/a><\/h4><\/div><\/div>\n<div class=\"col-md-12 col-sm-12 col-xs-12 pt-cv-content-item pt-cv-1-col\" ><div class='pt-cv-ifield'><h4 class=\"pt-cv-title\"><a href=\"https:\/\/www.tvnovelas.com.br\/tvnews\/coracao-de-mae-irmak-denuncia-adnan\/\" class=\"_self\" target=\"_self\" >Cora\u00e7\u00e3o de M\u00e3e: Irmak denuncia Adnan<\/a><\/h4><\/div><\/div>\n<div class=\"col-md-12 col-sm-12 col-xs-12 pt-cv-content-item pt-cv-1-col\" ><div class='pt-cv-ifield'><h4 class=\"pt-cv-title\"><a href=\"https:\/\/www.tvnovelas.com.br\/tvnews\/a-nobreza-do-amor-mirinho-e-obrigado-a-resgatar-tonho\/\" class=\"_self\" target=\"_self\" >A Nobreza do Amor: Mirinho \u00e9 obrigado a resgatar Tonho<\/a><\/h4><\/div><\/div>\n<div class=\"col-md-12 col-sm-12 col-xs-12 pt-cv-content-item pt-cv-1-col\" ><div class='pt-cv-ifield'><h4 class=\"pt-cv-title\"><a href=\"https:\/\/www.tvnovelas.com.br\/tvnews\/tres-gracas-paulinho-e-afastado-da-policia-por-causa-de-gerluce\/\" class=\"_self\" target=\"_self\" >Tr\u00eas Gra\u00e7as: Paulinho \u00e9 afastado da pol\u00edcia por causa de Gerluce<\/a><\/h4><\/div><\/div>\n<div class=\"col-md-12 col-sm-12 col-xs-12 pt-cv-content-item pt-cv-1-col\" ><div class='pt-cv-ifield'><h4 class=\"pt-cv-title\"><a href=\"https:\/\/www.tvnovelas.com.br\/tvnews\/coracao-de-mae-irmak-inicia-jogo-arriscado-contra-adnan\/\" class=\"_self\" target=\"_self\" >Cora\u00e7\u00e3o de M\u00e3e: Irmak inicia jogo arriscado contra Adnan<\/a><\/h4><\/div><\/div>\n<div class=\"col-md-12 col-sm-12 col-xs-12 pt-cv-content-item pt-cv-1-col\" ><div class='pt-cv-ifield'><h4 class=\"pt-cv-title\"><a href=\"https:\/\/www.tvnovelas.com.br\/tvnews\/guerra-das-rosas-omer-chama-gulru-vestida-de-noiva-para-fugir\/\" class=\"_self\" target=\"_self\" >Guerra das Rosas: Omer chama Gulru vestida de noiva para fugir<\/a><\/h4><\/div><\/div>\n<div class=\"col-md-12 col-sm-12 col-xs-12 pt-cv-content-item pt-cv-1-col\" ><div class='pt-cv-ifield'><h4 class=\"pt-cv-title\"><a href=\"https:\/\/www.tvnovelas.com.br\/tvnews\/coracao-de-mae-reha-sai-para-jantar-com-selvi\/\" class=\"_self\" target=\"_self\" >Cora\u00e7\u00e3o de M\u00e3e: Reha sai para jantar com Selvi<\/a><\/h4><\/div><\/div>\n<div class=\"col-md-12 col-sm-12 col-xs-12 pt-cv-content-item pt-cv-1-col\" ><div class='pt-cv-ifield'><h4 class=\"pt-cv-title\"><a href=\"https:\/\/www.tvnovelas.com.br\/tvnews\/coracao-acelerado-zila-se-preocupa-com-sua-situacao-apos-separacao\/\" class=\"_self\" target=\"_self\" >Cora\u00e7\u00e3o Acelerado: Zil\u00e1 se preocupa com sua situa\u00e7\u00e3o ap\u00f3s separa\u00e7\u00e3o<\/a><\/h4><\/div><\/div>\n<div class=\"col-md-12 col-sm-12 col-xs-12 pt-cv-content-item pt-cv-1-col\" ><div class='pt-cv-ifield'><h4 class=\"pt-cv-title\"><a href=\"https:\/\/www.tvnovelas.com.br\/tvnews\/a-nobreza-do-amor-tonho-nao-se-curva-diante-de-mirinho\/\" class=\"_self\" target=\"_self\" >A Nobreza do Amor: Tonho n\u00e3o se curva diante de Mirinho<\/a><\/h4><\/div><\/div>\n<div class=\"col-md-12 col-sm-12 col-xs-12 pt-cv-content-item pt-cv-1-col\" ><div class='pt-cv-ifield'><h4 class=\"pt-cv-title\"><a href=\"https:\/\/www.tvnovelas.com.br\/tvnews\/tres-gracas-arminda-surta-ao-confirmar-que-ferette-e-pai-de-raul\/\" class=\"_self\" target=\"_self\" >Tr\u00eas Gra\u00e7as:  Arminda surta ao confirmar que Ferette \u00e9 pai de Raul<\/a><\/h4><\/div><\/div><\/div><\/div><\/div><br \/>\n<a href=\"https:\/\/www.tvnovelas.com.br\/novelas\/\"><strong>Confira os resumos da semana de todas novelas<\/strong><\/a><br \/>\n<a href=\"http:\/\/tvnovelas.com.br\/filmes\" target=\"_blank\" rel=\"noopener\">Veja tamb\u00e9m: Todas as telas: filmes e s\u00e9ries nos streamings<\/a><\/p>\n<h3>Confira tamb\u00e9m<\/h3>\n<p><a href=\"https:\/\/www.tvnovelas.com.br\/filmes\/\" target=\"_blank\" rel=\"noo 2 pener noreferrer noopener\"><strong>Programa\u00e7\u00e3o de filmes na TV aberta<\/strong><\/a><br \/>\n<a href=\"https:\/\/tvnovelas.com.br\/filmes\/filmes-e-series-ineditos-em-estreia-na-semana-na-netflix\/\" target=\"_blank\" rel=\"noopener noreferrer\"><strong>Estreias da semana na Netflix<\/strong><\/a><br \/>\n<a href=\"https:\/\/caetenews.com.br\/semana\/filmes-da-globo-na-sessao-da-tarde-desta-semana\/\" target=\"_blank\" rel=\"noopener\"><strong>Confira os filmes da semana na Sess\u00e3o da Tarde<\/strong><\/a><br \/>\n<a href=\"\/\/tvnovelas.com.br\/filmes\/filmes-em-estreia-nos-cinemas\/\" target=\"_blank\" rel=\"noopener noreferrer\"><strong>Estreias e novidades no Cinema<\/strong><\/a><br \/>\n<a href=\"https:\/\/www.tvnovelas.com.br\/novelas\/\" target=\"_blank\" rel=\"noopener noreferrer\"><strong>Resumos de novelas<\/strong><\/a><\/p>\n","protected":false},"excerpt":{"rendered":"<p>Em Todas as Flores, Diego (Nicolas Prattes) finalmente entende no que est\u00e1 metido ao trabalhar para Samsa (\u00c2ngelo Ant\u00f4nio). Tudo isso acontece ap\u00f3s Rafael&#8230;<\/p>\n","protected":false},"author":1,"featured_media":57519,"comment_status":"closed","ping_status":"closed","sticky":false,"template":"","format":"standard","meta":{"_uf_show_specific_survey":0,"_uf_disable_surveys":false,"_jetpack_memberships_contains_paid_content":false,"footnotes":"","_wp_rev_ctl_limit":""},"categories":[236],"tags":[5,64,380],"class_list":["post-57518","post","type-post","status-publish","format-standard","has-post-thumbnail","hentry","category-globo","tag-globo","tag-novelas","tag-todas-as-flores","wpcat-236-id"],"aioseo_notices":[],"jetpack_featured_media_url":"https:\/\/i0.wp.com\/www.tvnovelas.com.br\/tvnews\/wp-content\/uploads\/2023\/10\/38389.jpg?fit=728%2C410&ssl=1","jetpack_shortlink":"https:\/\/wp.me\/pdP2BO-eXI","jetpack_sharing_enabled":true,"_links":{"self":[{"href":"https:\/\/www.tvnovelas.com.br\/tvnews\/wp-json\/wp\/v2\/posts\/57518","targetHints":{"allow":["GET"]}}],"collection":[{"href":"https:\/\/www.tvnovelas.com.br\/tvnews\/wp-json\/wp\/v2\/posts"}],"about":[{"href":"https:\/\/www.tvnovelas.com.br\/tvnews\/wp-json\/wp\/v2\/types\/post"}],"author":[{"embeddable":true,"href":"https:\/\/www.tvnovelas.com.br\/tvnews\/wp-json\/wp\/v2\/users\/1"}],"replies":[{"embeddable":true,"href":"https:\/\/www.tvnovelas.com.br\/tvnews\/wp-json\/wp\/v2\/comments?post=57518"}],"version-history":[{"count":1,"href":"https:\/\/www.tvnovelas.com.br\/tvnews\/wp-json\/wp\/v2\/posts\/57518\/revisions"}],"predecessor-version":[{"id":57520,"href":"https:\/\/www.tvnovelas.com.br\/tvnews\/wp-json\/wp\/v2\/posts\/57518\/revisions\/57520"}],"wp:featuredmedia":[{"embeddable":true,"href":"https:\/\/www.tvnovelas.com.br\/tvnews\/wp-json\/wp\/v2\/media\/57519"}],"wp:attachment":[{"href":"https:\/\/www.tvnovelas.com.br\/tvnews\/wp-json\/wp\/v2\/media?parent=57518"}],"wp:term":[{"taxonomy":"category","embeddable":true,"href":"https:\/\/www.tvnovelas.com.br\/tvnews\/wp-json\/wp\/v2\/categories?post=57518"},{"taxonomy":"post_tag","embeddable":true,"href":"https:\/\/www.tvnovelas.com.br\/tvnews\/wp-json\/wp\/v2\/tags?post=57518"}],"curies":[{"name":"wp","href":"https:\/\/api.w.org\/{rel}","templated":true}]}}